{"id":176860,"date":"2026-09-04T17:14:29","date_gmt":"2026-09-04T22:14:29","guid":{"rendered":"https:\/\/graziamagazine.com\/mx\/?post_type=articles&#038;p=176860"},"modified":"2026-09-04T17:20:04","modified_gmt":"2026-09-04T22:20:04","slug":"peliculas-imperdibles-festival-de-cine-de-venecia-2026","status":"publish","type":"articles","link":"https:\/\/graziamagazine.com\/mx\/articles\/peliculas-imperdibles-festival-de-cine-de-venecia-2026\/","title":{"rendered":"Las pel\u00edculas imperdibles en el Festival de Cine de Venecia 2026"},"content":{"rendered":"<p><span style=\"font-weight: 400\">El Festival Internacional de Cine de Venecia de este 2026 est\u00e1 ocurriendo ahora mismo, con grandes estrenos cinematogr\u00e1ficos, los mejores actrices y actores, y las personas m\u00e1s destacadas de la industria.<\/span><\/p>\n<p><span style=\"font-weight: 400\">Entre una nueva pel\u00edcula del director de Burning, Lee Chang-dong, adem\u00e1s de propuestas de Danny Boyle, Luca Guadagnino, Martin McDonagh y otros, estas son algunas de las pel\u00edculas imperdibles de este festival:<\/span><\/p>\n<h3><b>Mujer desconocida<\/b><\/h3>\n<p><span style=\"font-weight: 400\">Con ecos del cl\u00e1sico <\/span><i><span style=\"font-weight: 400\">Rebeca<\/span><\/i><span style=\"font-weight: 400\"> de Alfred Hitchcock, la directora danesa-egipcia May el-Toukhy construye un inquietante thriller situado justo despu\u00e9s de la Segunda Guerra Mundial. En una Dinamarca que intenta dejar atr\u00e1s las consecuencias de la colaboraci\u00f3n con los nazis, un viudo adinerado decide casarse con la ni\u00f1era de su hijo. Sin embargo, hay un detalle perturbador: ella deber\u00e1 utilizar en la boda el vestido que perteneci\u00f3 a la esposa fallecida. Conforme se acerca la ceremonia, los secretos del pasado comienzan a salir a la superficie.<\/span><\/p>\n<h3><b>Ink<\/b><\/h3>\n<p><span style=\"font-weight: 400\">Danny Boyle vuelve a mirar de frente a la sociedad brit\u00e1nica con una historia sobre poder, medios de comunicaci\u00f3n y pol\u00edtica. Adaptada por James Graham a partir de su propia obra de teatro, <\/span><i><span style=\"font-weight: 400\">Ink<\/span><\/i><span style=\"font-weight: 400\"> nos lleva hasta 1969, cuando Rupert Murdoch compra <\/span><i><span style=\"font-weight: 400\">The Sun<\/span><\/i><span style=\"font-weight: 400\"> y comienza a transformarlo en un fen\u00f3meno editorial de enorme alcance, marcado por el sensacionalismo, el sexismo y una postura pol\u00edtica conservadora. Guy Pearce interpreta al controvertido magnate australiano, mientras que Jack O\u2019Connell da vida al editor Larry Lamb, en una pel\u00edcula que explora tambi\u00e9n las tensiones de clase y los profundos cambios culturales que atravesaba Reino Unido.<\/span><\/p>\n<h3><b>En horario estelar<\/b><\/h3>\n<p><span style=\"font-weight: 400\">Despu\u00e9s de hacerse un nombre en el terreno documental, Lance Oppenheim debuta en la ficci\u00f3n con una historia inspirada en uno de los programas m\u00e1s controvertidos de la televisi\u00f3n estadounidense de los 2000. Robert Pattinson interpreta a Chris Hansen, conductor de <\/span><i><span style=\"font-weight: 400\">To Catch a Predator<\/span><\/i><span style=\"font-weight: 400\">, el reality que atra\u00eda a hombres que buscaban encuentros sexuales con menores de edad para despu\u00e9s confrontarlos frente a las c\u00e1maras. La pel\u00edcula va m\u00e1s all\u00e1 de recrear el fen\u00f3meno televisivo y cuestiona los l\u00edmites entre justicia, espect\u00e1culo y explotaci\u00f3n medi\u00e1tica.<\/span><\/p>\n<h3><b>B\u00fanker<\/b><\/h3>\n<p><span style=\"font-weight: 400\">Despu\u00e9s de construir una filmograf\u00eda marcada por personajes emocionalmente complejos, Florian Zeller regresa con un intenso drama protagonizado por Javier Bardem y Pen\u00e9lope Cruz. <\/span><i><span style=\"font-weight: 400\">B\u00fanker<\/span><\/i><span style=\"font-weight: 400\"> sigue a un reconocido arquitecto que acepta dise\u00f1ar un refugio de supervivencia para un inquietante oligarca, una decisi\u00f3n que provoca el rechazo y la preocupaci\u00f3n de su esposa. A partir de esta premisa, la pel\u00edcula se adentra en los dilemas morales que aparecen cuando el prestigio profesional, el dinero y la vida personal comienzan a entrar en conflicto.<\/span><\/p>\n<h3><b>La gu\u00eda del pervertido a las utop\u00edas<\/b><\/h3>\n<p><span style=\"font-weight: 400\">Slavoj \u017di\u017eek regresa a la pantalla de la mano de la documentalista Sophie Fiennes para cerrar la peculiar trilog\u00eda que comenz\u00f3 con sus an\u00e1lisis del cine y la ideolog\u00eda. Esta vez, el fil\u00f3sofo y cr\u00edtico cultural dirige su mirada hacia las utop\u00edas y utiliza pel\u00edculas, televisi\u00f3n, arte y cultura pop para analizar las ideas con las que imaginamos sociedades perfectas. Provocadora y deliberadamente irreverente, la cinta promete otra sesi\u00f3n de filosof\u00eda convertida en entretenimiento cinematogr\u00e1fico.<\/span><\/p>\n<h3><b>Father Joe<\/b><\/h3>\n<p><span style=\"font-weight: 400\">Al Pacino y Kiefer Sutherland se encuentran en un drama criminal ambientado en el mundo de la mafia neoyorquina y escrito por Luc Besson. Sutherland interpreta al Padre Joe, un sacerdote de personalidad fuerte dispuesto a enfrentarse directamente a los g\u00e1nsteres de la ciudad, entre ellos el personaje interpretado por Pacino. El choque entre religi\u00f3n, violencia, poder y crimen organizado coloca a dos veteranos de Hollywood frente a frente en una de las combinaciones actorales m\u00e1s llamativas del proyecto.<\/span><\/p>\n<p><iframe loading=\"lazy\" title=\"Father Joe Trailer 2026 | Kiefer Sutherland | Al Pacino | Father Joe Movie Trailer | Venice Film\" width=\"500\" height=\"281\" src=\"https:\/\/www.youtube.com\/embed\/tRMPzS8NNO8?feature=oembed\" frameborder=\"0\" allow=\"accelerometer; autoplay; clipboard-write; encrypted-media; gyroscope; picture-in-picture; web-share\" referrerpolicy=\"strict-origin-when-cross-origin\" allowfullscreen><\/iframe><\/p>\n<p>&nbsp;<\/p>\n<h3><b>Oasis: No mires atr\u00e1s con ira<\/b><\/h3>\n<p><span style=\"font-weight: 400\">El esperado regreso de Oasis tambi\u00e9n tendr\u00e1 su propia pel\u00edcula. Will Lovelace y Dylan Southern, quienes anteriormente llevaron a la pantalla la historia de Blur, documentan la multitudinaria gira de reuni\u00f3n de la banda brit\u00e1nica. El proyecto incluir\u00e1 im\u00e1genes detr\u00e1s de c\u00e1maras, ensayos, conciertos y una entrevista conjunta con Liam y Noel Gallagher. Con una estructura narrativa desarrollada por Steven Knight, el documental buscar\u00e1 mostrar qu\u00e9 sucede cuando dos hermanos marcados por d\u00e9cadas de rivalidad vuelven a compartir escenario y convierten su reconciliaci\u00f3n en uno de los acontecimientos musicales m\u00e1s comentados de los \u00faltimos a\u00f1os.<\/span><\/p>\n<h3><b>Amor Posible<\/b><\/h3>\n<p><span style=\"font-weight: 400\">Lee Chang-dong regresa al largometraje despu\u00e9s de <\/span><i><span style=\"font-weight: 400\">Burning<\/span><\/i><span style=\"font-weight: 400\">, estrenada en 2018. Producida por Netflix, <\/span><i><span style=\"font-weight: 400\">Amor Posible<\/span><\/i><span style=\"font-weight: 400\"> se concentra en dos parejas cuyas relaciones atraviesan momentos complicados y cuyos caminos terminan entrelaz\u00e1ndose de maneras inesperadas. Conocido por explorar las emociones y contradicciones humanas sin recurrir a respuestas sencillas, el cineasta surcoreano promete nuevamente un drama \u00edntimo sobre el amor, las decisiones y los v\u00ednculos que pueden cambiar el rumbo de una vida.<\/span><\/p>\n<p><img loading=\"lazy\" decoding=\"async\" class=\"alignnone size-full wp-image-176862\" src=\"https:\/\/graziamagazine.com\/mx\/wp-content\/uploads\/sites\/13\/2026\/09\/MV5BNjhkNjlhZTktOTkzMy00NTEwLTk3NzctZTllMjhjNTM0ZjA4XkEyXkFqcGc@._V1_FMjpg_UX1000_.jpg\" alt=\"\" width=\"1000\" height=\"1481\" srcset=\"https:\/\/graziamagazine.com\/mx\/wp-content\/uploads\/sites\/13\/2026\/09\/MV5BNjhkNjlhZTktOTkzMy00NTEwLTk3NzctZTllMjhjNTM0ZjA4XkEyXkFqcGc@._V1_FMjpg_UX1000_.jpg 1000w, https:\/\/graziamagazine.com\/mx\/wp-content\/uploads\/sites\/13\/2026\/09\/MV5BNjhkNjlhZTktOTkzMy00NTEwLTk3NzctZTllMjhjNTM0ZjA4XkEyXkFqcGc@._V1_FMjpg_UX1000_-304x450.jpg 304w, https:\/\/graziamagazine.com\/mx\/wp-content\/uploads\/sites\/13\/2026\/09\/MV5BNjhkNjlhZTktOTkzMy00NTEwLTk3NzctZTllMjhjNTM0ZjA4XkEyXkFqcGc@._V1_FMjpg_UX1000_-691x1024.jpg 691w, https:\/\/graziamagazine.com\/mx\/wp-content\/uploads\/sites\/13\/2026\/09\/MV5BNjhkNjlhZTktOTkzMy00NTEwLTk3NzctZTllMjhjNTM0ZjA4XkEyXkFqcGc@._V1_FMjpg_UX1000_-768x1137.jpg 768w, https:\/\/graziamagazine.com\/mx\/wp-content\/uploads\/sites\/13\/2026\/09\/MV5BNjhkNjlhZTktOTkzMy00NTEwLTk3NzctZTllMjhjNTM0ZjA4XkEyXkFqcGc@._V1_FMjpg_UX1000_-400x592.jpg 400w, https:\/\/graziamagazine.com\/mx\/wp-content\/uploads\/sites\/13\/2026\/09\/MV5BNjhkNjlhZTktOTkzMy00NTEwLTk3NzctZTllMjhjNTM0ZjA4XkEyXkFqcGc@._V1_FMjpg_UX1000_-145x215.jpg 145w\" sizes=\"(max-width: 1000px) 100vw, 1000px\" \/><\/p>\n<h3><b>Caballo Salvaje Nueve<\/b><\/h3>\n<p><span style=\"font-weight: 400\">Martin McDonagh vuelve con una combinaci\u00f3n de thriller pol\u00edtico y humor negro encabezada por John Malkovich y Sam Rockwell. La historia se desarrolla en Santiago de Chile en 1973, donde dos c\u00ednicos agentes de la CIA se encuentran en medio de las maniobras para derrocar al gobierno democr\u00e1ticamente elegido de Salvador Allende. Pero antes de completar su misi\u00f3n deciden tomarse un inesperado descanso en la Isla de Pascua. Lo que comienza como una escapada termina convirti\u00e9ndose en un viaje en el que secretos cada vez m\u00e1s inquietantes salen a la luz.<\/span><\/p>\n<p><img loading=\"lazy\" decoding=\"async\" class=\"alignnone size-full wp-image-176861\" src=\"https:\/\/graziamagazine.com\/mx\/wp-content\/uploads\/sites\/13\/2026\/09\/1080p-HD-Video-4_3.jpg\" alt=\"\" width=\"1920\" height=\"1080\" srcset=\"https:\/\/graziamagazine.com\/mx\/wp-content\/uploads\/sites\/13\/2026\/09\/1080p-HD-Video-4_3.jpg 1920w, https:\/\/graziamagazine.com\/mx\/wp-content\/uploads\/sites\/13\/2026\/09\/1080p-HD-Video-4_3-450x253.jpg 450w, https:\/\/graziamagazine.com\/mx\/wp-content\/uploads\/sites\/13\/2026\/09\/1080p-HD-Video-4_3-1024x576.jpg 1024w, https:\/\/graziamagazine.com\/mx\/wp-content\/uploads\/sites\/13\/2026\/09\/1080p-HD-Video-4_3-768x432.jpg 768w, https:\/\/graziamagazine.com\/mx\/wp-content\/uploads\/sites\/13\/2026\/09\/1080p-HD-Video-4_3-1536x864.jpg 1536w, https:\/\/graziamagazine.com\/mx\/wp-content\/uploads\/sites\/13\/2026\/09\/1080p-HD-Video-4_3-400x225.jpg 400w, https:\/\/graziamagazine.com\/mx\/wp-content\/uploads\/sites\/13\/2026\/09\/1080p-HD-Video-4_3-155x87.jpg 155w\" sizes=\"(max-width: 1920px) 100vw, 1920px\" \/><\/p>\n<h3><b>Alegr\u00eda de vivir\u2026<\/b><\/h3>\n<p><span style=\"font-weight: 400\">Luca Guadagnino dedica nada menos que siete horas a explorar la vida y obra de Bernardo Bertolucci. Dividido en dos partes, el documental funciona como una extensa carta de amor al influyente director italiano a trav\u00e9s de conversaciones con colaboradores, cineastas, cr\u00edticos y admiradores. Sin embargo, cualquier revisi\u00f3n contempor\u00e1nea de su legado tambi\u00e9n tendr\u00e1 que enfrentarse a uno de los episodios m\u00e1s controvertidos de su carrera: el trato que recibi\u00f3 Maria Schneider durante la filmaci\u00f3n de <\/span><i><span style=\"font-weight: 400\">El \u00faltimo tango en Par\u00eds<\/span><\/i><span style=\"font-weight: 400\">.<\/span><\/p>\n<p>&nbsp;<\/p>\n<h3><b>Scherzetto<\/b><\/h3>\n<p><span style=\"font-weight: 400\">Toni Servillo encabeza una historia aparentemente sencilla que promete convertirse en un duelo entre generaciones. El veterano actor italiano interpreta a un ilustrador retirado y de car\u00e1cter dif\u00edcil que debe cuidar durante 72 horas a su nieto de cuatro a\u00f1os mientras los padres del peque\u00f1o est\u00e1n fuera. La convivencia obligada transforma r\u00e1pidamente la din\u00e1mica entre ambos y da paso a una relaci\u00f3n tan tensa como reveladora, capaz de confrontar al protagonista con aspectos de s\u00ed mismo que preferir\u00eda ignorar.<\/span><\/p>\n<h3><b>Dau<\/b><\/h3>\n<p><span style=\"font-weight: 400\">Quince a\u00f1os despu\u00e9s de que comenzara uno de los experimentos cinematogr\u00e1ficos m\u00e1s ambiciosos y pol\u00e9micos de las \u00faltimas d\u00e9cadas, el director ruso Ilya Khrzhanovsky presenta una nueva entrega de <\/span><i><span style=\"font-weight: 400\">Dau<\/span><\/i><span style=\"font-weight: 400\">. Construida a partir de cientos de horas de improvisaci\u00f3n inmersiva filmadas en Ucrania, la pel\u00edcula contin\u00faa el retrato del cient\u00edfico sovi\u00e9tico Lev Landau y se adentra en su unidad de psicolog\u00eda experimental durante los a\u00f1os 60. En esta ocasi\u00f3n, la historia aborda el deseo, la angustia sexual y una pregunta mucho m\u00e1s profunda: \u00bfes posible experimentar el amor con libertad dentro de una sociedad totalitaria?<\/span><\/p>\n<p>&nbsp;<\/p>\n","protected":false},"author":11628,"featured_media":176863,"template":"","format":"standard","categories":[12832],"acf":[],"yoast_head":"<!-- This site is optimized with the Yoast SEO Premium plugin v18.5 (Yoast SEO v20.4) - https:\/\/yoast.com\/wordpress\/plugins\/seo\/ -->\n<title>Las pel\u00edculas imperdibles en el Festival de Cine de Venecia 2026<\/title>\n<meta name=\"description\" content=\"El Festival Internacional de Cine de Venecia de este 2026 est\u00e1 ocurriendo ahora mismo, con grandes estrenos cinematogr\u00e1ficos, los mejores actrices y\" \/>\n<meta name=\"robots\" content=\"index, follow, max-snippet:-1, max-image-preview:large, max-video-preview:-1\" \/>\n<link rel=\"canonical\" href=\"https:\/\/graziamagazine.com\/mx\/articles\/peliculas-imperdibles-festival-de-cine-de-venecia-2026\/\" \/>\n<meta property=\"og:locale\" content=\"es_MX\" \/>\n<meta property=\"og:type\" content=\"article\" \/>\n<meta property=\"og:title\" content=\"Las pel\u00edculas imperdibles en el Festival de Cine de Venecia 2026\" \/>\n<meta property=\"og:description\" content=\"El Festival Internacional de Cine de Venecia de este 2026 est\u00e1 ocurriendo ahora mismo, con grandes estrenos cinematogr\u00e1ficos, los mejores actrices y\" \/>\n<meta property=\"og:url\" content=\"https:\/\/graziamagazine.com\/mx\/articles\/peliculas-imperdibles-festival-de-cine-de-venecia-2026\/\" \/>\n<meta property=\"og:site_name\" content=\"Grazia M\u00e9xico y Latinoam\u00e9rica\" \/>\n<meta property=\"article:modified_time\" content=\"2026-09-04T22:20:04+00:00\" \/>\n<meta property=\"og:image\" content=\"https:\/\/graziamagazine.com\/mx\/wp-content\/uploads\/sites\/13\/2026\/09\/WHN-01116_v2-scaled.jpg\" \/>\n\t<meta property=\"og:image:width\" content=\"2560\" \/>\n\t<meta property=\"og:image:height\" content=\"1708\" \/>\n\t<meta property=\"og:image:type\" content=\"image\/jpeg\" \/>\n<meta name=\"twitter:card\" content=\"summary_large_image\" \/>\n<meta name=\"twitter:label1\" content=\"Est. reading time\" \/>\n\t<meta name=\"twitter:data1\" content=\"6 minutos\" \/>\n<script type=\"application\/ld+json\" class=\"yoast-schema-graph\">{\"@context\":\"https:\/\/schema.org\",\"@graph\":[{\"@type\":\"WebPage\",\"@id\":\"https:\/\/graziamagazine.com\/mx\/articles\/peliculas-imperdibles-festival-de-cine-de-venecia-2026\/\",\"url\":\"https:\/\/graziamagazine.com\/mx\/articles\/peliculas-imperdibles-festival-de-cine-de-venecia-2026\/\",\"name\":\"Las pel\u00edculas imperdibles en el Festival de Cine de Venecia 2026\",\"isPartOf\":{\"@id\":\"https:\/\/graziamagazine.com\/mx\/#website\"},\"datePublished\":\"2026-09-04T22:14:29+00:00\",\"dateModified\":\"2026-09-04T22:20:04+00:00\",\"description\":\"El Festival Internacional de Cine de Venecia de este 2026 est\u00e1 ocurriendo ahora mismo, con grandes estrenos cinematogr\u00e1ficos, los mejores actrices y\",\"breadcrumb\":{\"@id\":\"https:\/\/graziamagazine.com\/mx\/articles\/peliculas-imperdibles-festival-de-cine-de-venecia-2026\/#breadcrumb\"},\"inLanguage\":\"es-MX\",\"potentialAction\":[{\"@type\":\"ReadAction\",\"target\":[\"https:\/\/graziamagazine.com\/mx\/articles\/peliculas-imperdibles-festival-de-cine-de-venecia-2026\/\"]}]},{\"@type\":\"BreadcrumbList\",\"@id\":\"https:\/\/graziamagazine.com\/mx\/articles\/peliculas-imperdibles-festival-de-cine-de-venecia-2026\/#breadcrumb\",\"itemListElement\":[{\"@type\":\"ListItem\",\"position\":1,\"name\":\"Home\",\"item\":\"https:\/\/graziamagazine.com\/mx\/\"},{\"@type\":\"ListItem\",\"position\":2,\"name\":\"Las pel\u00edculas imperdibles en el Festival de Cine de Venecia 2026\"}]},{\"@type\":\"WebSite\",\"@id\":\"https:\/\/graziamagazine.com\/mx\/#website\",\"url\":\"https:\/\/graziamagazine.com\/mx\/\",\"name\":\"Grazia M\u00e9xico y Latinoam\u00e9rica\",\"description\":\"Grazia es moda, belleza y noticias  de actualidad \",\"potentialAction\":[{\"@type\":\"SearchAction\",\"target\":{\"@type\":\"EntryPoint\",\"urlTemplate\":\"https:\/\/graziamagazine.com\/mx\/?s={search_term_string}\"},\"query-input\":\"required name=search_term_string\"}],\"inLanguage\":\"es-MX\"}]}<\/script>\n<!-- \/ Yoast SEO Premium plugin. -->","yoast_head_json":{"title":"Las pel\u00edculas imperdibles en el Festival de Cine de Venecia 2026","description":"El Festival Internacional de Cine de Venecia de este 2026 est\u00e1 ocurriendo ahora mismo, con grandes estrenos cinematogr\u00e1ficos, los mejores actrices y","robots":{"index":"index","follow":"follow","max-snippet":"max-snippet:-1","max-image-preview":"max-image-preview:large","max-video-preview":"max-video-preview:-1"},"canonical":"https:\/\/graziamagazine.com\/mx\/articles\/peliculas-imperdibles-festival-de-cine-de-venecia-2026\/","og_locale":"es_MX","og_type":"article","og_title":"Las pel\u00edculas imperdibles en el Festival de Cine de Venecia 2026","og_description":"El Festival Internacional de Cine de Venecia de este 2026 est\u00e1 ocurriendo ahora mismo, con grandes estrenos cinematogr\u00e1ficos, los mejores actrices y","og_url":"https:\/\/graziamagazine.com\/mx\/articles\/peliculas-imperdibles-festival-de-cine-de-venecia-2026\/","og_site_name":"Grazia M\u00e9xico y Latinoam\u00e9rica","article_modified_time":"2026-09-04T22:20:04+00:00","og_image":[{"width":2560,"height":1708,"url":"https:\/\/graziamagazine.com\/mx\/wp-content\/uploads\/sites\/13\/2026\/09\/WHN-01116_v2-scaled.jpg","type":"image\/jpeg"}],"twitter_card":"summary_large_image","twitter_misc":{"Est. reading time":"6 minutos"},"schema":{"@context":"https:\/\/schema.org","@graph":[{"@type":"WebPage","@id":"https:\/\/graziamagazine.com\/mx\/articles\/peliculas-imperdibles-festival-de-cine-de-venecia-2026\/","url":"https:\/\/graziamagazine.com\/mx\/articles\/peliculas-imperdibles-festival-de-cine-de-venecia-2026\/","name":"Las pel\u00edculas imperdibles en el Festival de Cine de Venecia 2026","isPartOf":{"@id":"https:\/\/graziamagazine.com\/mx\/#website"},"datePublished":"2026-09-04T22:14:29+00:00","dateModified":"2026-09-04T22:20:04+00:00","description":"El Festival Internacional de Cine de Venecia de este 2026 est\u00e1 ocurriendo ahora mismo, con grandes estrenos cinematogr\u00e1ficos, los mejores actrices y","breadcrumb":{"@id":"https:\/\/graziamagazine.com\/mx\/articles\/peliculas-imperdibles-festival-de-cine-de-venecia-2026\/#breadcrumb"},"inLanguage":"es-MX","potentialAction":[{"@type":"ReadAction","target":["https:\/\/graziamagazine.com\/mx\/articles\/peliculas-imperdibles-festival-de-cine-de-venecia-2026\/"]}]},{"@type":"BreadcrumbList","@id":"https:\/\/graziamagazine.com\/mx\/articles\/peliculas-imperdibles-festival-de-cine-de-venecia-2026\/#breadcrumb","itemListElement":[{"@type":"ListItem","position":1,"name":"Home","item":"https:\/\/graziamagazine.com\/mx\/"},{"@type":"ListItem","position":2,"name":"Las pel\u00edculas imperdibles en el Festival de Cine de Venecia 2026"}]},{"@type":"WebSite","@id":"https:\/\/graziamagazine.com\/mx\/#website","url":"https:\/\/graziamagazine.com\/mx\/","name":"Grazia M\u00e9xico y Latinoam\u00e9rica","description":"Grazia es moda, belleza y noticias  de actualidad ","potentialAction":[{"@type":"SearchAction","target":{"@type":"EntryPoint","urlTemplate":"https:\/\/graziamagazine.com\/mx\/?s={search_term_string}"},"query-input":"required name=search_term_string"}],"inLanguage":"es-MX"}]}},"jetpack_sharing_enabled":true,"distributor_meta":false,"distributor_terms":false,"distributor_media":false,"distributor_original_site_name":"Grazia M\u00e9xico y Latinoam\u00e9rica","distributor_original_site_url":"https:\/\/graziamagazine.com\/mx","push-errors":false,"_links":{"self":[{"href":"https:\/\/graziamagazine.com\/mx\/wp-json\/wp\/v2\/articles\/176860"}],"collection":[{"href":"https:\/\/graziamagazine.com\/mx\/wp-json\/wp\/v2\/articles"}],"about":[{"href":"https:\/\/graziamagazine.com\/mx\/wp-json\/wp\/v2\/types\/articles"}],"author":[{"embeddable":true,"href":"https:\/\/graziamagazine.com\/mx\/wp-json\/wp\/v2\/users\/11628"}],"wp:featuredmedia":[{"embeddable":true,"href":"https:\/\/graziamagazine.com\/mx\/wp-json\/wp\/v2\/media\/176863"}],"wp:attachment":[{"href":"https:\/\/graziamagazine.com\/mx\/wp-json\/wp\/v2\/media?parent=176860"}],"wp:term":[{"taxonomy":"category","embeddable":true,"href":"https:\/\/graziamagazine.com\/mx\/wp-json\/wp\/v2\/categories?post=176860"}],"curies":[{"name":"wp","href":"https:\/\/api.w.org\/{rel}","templated":true}]}}