{"id":176851,"date":"2026-09-04T11:21:50","date_gmt":"2026-09-04T16:21:50","guid":{"rendered":"https:\/\/graziamagazine.com\/mx\/?post_type=articles&#038;p=176851"},"modified":"2026-09-04T11:29:58","modified_gmt":"2026-09-04T16:29:58","slug":"faldas-estampadas-otono-2026","status":"publish","type":"articles","link":"https:\/\/graziamagazine.com\/mx\/articles\/faldas-estampadas-otono-2026\/","title":{"rendered":"Las faldas estampadas ser\u00e1n protagonistas este oto\u00f1o"},"content":{"rendered":"<p class=\"isSelectedEnd\">El oto\u00f1o llega con una invitaci\u00f3n a volver a mirar el armario desde una perspectiva m\u00e1s expresiva. Despu\u00e9s de varias temporadas en las que los tonos neutros y las prendas minimalistas ocuparon buena parte de la conversaci\u00f3n, los estampados recuperan protagonismo y encuentran en las<a href=\"https:\/\/graziamagazine.com\/mx\/articles\/faldas-tendencia-otono-invierno-2026\/\"> faldas<\/a> uno de sus mejores escenarios.<\/p>\n<p class=\"isSelectedEnd\">Para oto\u00f1o-invierno 2026-2027, las pasarelas apuestan por una amplia variedad de siluetas, desde las faldas l\u00e1piz hasta las propuestas con volumen, asimetr\u00edas y transparencias. Dentro de esta diversidad, los prints funcionan como una herramienta especialmente sencilla para actualizar una prenda que puede convertirse en el punto focal del estilismo.<\/p>\n<p class=\"isSelectedEnd\">La clave est\u00e1 en elegir el estampado adecuado y dejar que haga el trabajo. Una falda con personalidad puede transformar una camisa blanca, un su\u00e9ter b\u00e1sico o una camiseta sencilla sin necesidad de a\u00f1adir demasiados elementos.<\/p>\n<h3>Los cuadros regresan con esp\u00edritu oto\u00f1al<\/h3>\n<figure id=\"attachment_176853\" aria-describedby=\"caption-attachment-176853\" style=\"width: 735px\" class=\"wp-caption alignnone\"><img loading=\"lazy\" decoding=\"async\" class=\"size-full wp-image-176853\" src=\"https:\/\/graziamagazine.com\/mx\/wp-content\/uploads\/sites\/13\/2026\/09\/unnamed-file.jpeg\" alt=\"Modelo desfilando con un c\u00e1rdigan naranja brillante de cuello tipo polo abotonado y una falda midi transparente con estampado de lunares y volantes, acompa\u00f1ada de calcetines oscuros y zapatos claros.\" width=\"735\" height=\"1103\" srcset=\"https:\/\/graziamagazine.com\/mx\/wp-content\/uploads\/sites\/13\/2026\/09\/unnamed-file.jpeg 735w, https:\/\/graziamagazine.com\/mx\/wp-content\/uploads\/sites\/13\/2026\/09\/unnamed-file-300x450.jpeg 300w, https:\/\/graziamagazine.com\/mx\/wp-content\/uploads\/sites\/13\/2026\/09\/unnamed-file-682x1024.jpeg 682w, https:\/\/graziamagazine.com\/mx\/wp-content\/uploads\/sites\/13\/2026\/09\/unnamed-file-400x600.jpeg 400w, https:\/\/graziamagazine.com\/mx\/wp-content\/uploads\/sites\/13\/2026\/09\/unnamed-file-143x215.jpeg 143w\" sizes=\"(max-width: 735px) 100vw, 735px\" \/><figcaption id=\"caption-attachment-176853\" class=\"wp-caption-text\">Los contrastes vibrantes y las transparencias con lunares definen una propuesta fresca y juvenil para la temporada. Foto: Pinterest.<\/figcaption><\/figure>\n<p class=\"isSelectedEnd\">Pocos estampados est\u00e1n tan ligados al cambio de estaci\u00f3n como los cuadros. Este oto\u00f1o regresan en versiones que recuperan referencias al tart\u00e1n, combinaciones de tonos oscuros y mezclas crom\u00e1ticas que hacen que la falda midi vuelva a sentirse especialmente relevante.<\/p>\n<p class=\"isSelectedEnd\">Las versiones midi son particularmente vers\u00e1tiles. Una falda de cuadros puede llevarse con un su\u00e9ter de punto y botas altas para reforzar su car\u00e1cter oto\u00f1al, o combinarse con una camisa blanca y mocasines para conseguir una interpretaci\u00f3n m\u00e1s preppy.<\/p>\n<p class=\"isSelectedEnd\">Tambi\u00e9n funciona jugar con las proporciones. Una falda midi de cuadros con una chaqueta corta marca la cintura y construye una silueta m\u00e1s definida, mientras que un abrigo oversized aporta una lectura m\u00e1s relajada.<\/p>\n<h3>El animal print abandona su lado m\u00e1s evidente<\/h3>\n<figure id=\"attachment_176856\" aria-describedby=\"caption-attachment-176856\" style=\"width: 735px\" class=\"wp-caption alignnone\"><img loading=\"lazy\" decoding=\"async\" class=\"size-full wp-image-176856\" src=\"https:\/\/graziamagazine.com\/mx\/wp-content\/uploads\/sites\/13\/2026\/09\/2-3.jpeg\" alt=\"Modelo desfilando de noche en una pasarela al aire libre, vistiendo una chaqueta estampada de botones con cuello redondo, una falda midi con estampado de leopardo y detalles de volantes azules en el bajo, un bolso cruzado y zapatos oscuros.\" width=\"735\" height=\"1106\" srcset=\"https:\/\/graziamagazine.com\/mx\/wp-content\/uploads\/sites\/13\/2026\/09\/2-3.jpeg 735w, https:\/\/graziamagazine.com\/mx\/wp-content\/uploads\/sites\/13\/2026\/09\/2-3-299x450.jpeg 299w, https:\/\/graziamagazine.com\/mx\/wp-content\/uploads\/sites\/13\/2026\/09\/2-3-681x1024.jpeg 681w, https:\/\/graziamagazine.com\/mx\/wp-content\/uploads\/sites\/13\/2026\/09\/2-3-400x602.jpeg 400w, https:\/\/graziamagazine.com\/mx\/wp-content\/uploads\/sites\/13\/2026\/09\/2-3-143x215.jpeg 143w\" sizes=\"(max-width: 735px) 100vw, 735px\" \/><figcaption id=\"caption-attachment-176856\" class=\"wp-caption-text\">La mezcla ecl\u00e9ctica de estampados audaces y texturas superpuestas marca la pauta para los estilismos m\u00e1s llamativos de la temporada. Foto: Pinterest.<\/figcaption><\/figure>\n<p class=\"isSelectedEnd\">El estampado animal contin\u00faa evolucionando y esta temporada aparece en versiones m\u00e1s sofisticadas. Leopardo, cebra y serpiente pueden convertirse en el detalle protagonista de una falda sin necesidad de construir alrededor de ella un look excesivamente llamativo.<\/p>\n<p class=\"isSelectedEnd\">Una de las claves est\u00e1 en combinarla con prendas lisas. Una falda midi de leopardo, por ejemplo, puede acompa\u00f1arse de un su\u00e9ter negro, una camisa blanca o un blazer en un tono neutro. El resultado mantiene el car\u00e1cter del estampado, pero adquiere una apariencia mucho m\u00e1s pulida.<\/p>\n<p class=\"isSelectedEnd\">Para quienes prefieren una est\u00e9tica m\u00e1s atrevida, combinar diferentes texturas puede resultar todav\u00eda m\u00e1s interesante. Cuero, punto, gamuza y denim crean contrastes que permiten que el animal print se sienta menos predecible.<\/p>\n<h3>Flores y motivos bohemios tambi\u00e9n son para oto\u00f1o<\/h3>\n<figure id=\"attachment_176854\" aria-describedby=\"caption-attachment-176854\" style=\"width: 659px\" class=\"wp-caption alignnone\"><img loading=\"lazy\" decoding=\"async\" class=\"size-full wp-image-176854\" src=\"https:\/\/graziamagazine.com\/mx\/wp-content\/uploads\/sites\/13\/2026\/09\/AW-26_7.jpeg\" alt=\"Modelo con un conjunto de chaqueta corta y falda larga a juego con estampado floral azul y verde, luciendo botas altas de piel con estampado de serpiente y aberturas frontales.\" width=\"659\" height=\"1200\" srcset=\"https:\/\/graziamagazine.com\/mx\/wp-content\/uploads\/sites\/13\/2026\/09\/AW-26_7.jpeg 659w, https:\/\/graziamagazine.com\/mx\/wp-content\/uploads\/sites\/13\/2026\/09\/AW-26_7-247x450.jpeg 247w, https:\/\/graziamagazine.com\/mx\/wp-content\/uploads\/sites\/13\/2026\/09\/AW-26_7-562x1024.jpeg 562w, https:\/\/graziamagazine.com\/mx\/wp-content\/uploads\/sites\/13\/2026\/09\/AW-26_7-400x728.jpeg 400w, https:\/\/graziamagazine.com\/mx\/wp-content\/uploads\/sites\/13\/2026\/09\/AW-26_7-118x215.jpeg 118w\" sizes=\"(max-width: 659px) 100vw, 659px\" \/><figcaption id=\"caption-attachment-176854\" class=\"wp-caption-text\">El arte de mezclar estampados florales con texturas animales crea looks de pasarela audaces y sofisticados. Foto: Pinterest.<\/figcaption><\/figure>\n<p class=\"isSelectedEnd\">Las flores tampoco desaparecen cuando termina el verano. Su interpretaci\u00f3n oto\u00f1al se vuelve m\u00e1s profunda y sofisticada, especialmente cuando aparece sobre faldas largas o midi de ca\u00edda fluida. Las propuestas de 2026 ya han demostrado que los motivos florales pueden convivir perfectamente con prendas de inspiraci\u00f3n masculina y piezas de cuero, creando un contraste entre romanticismo y actitud urbana.<\/p>\n<p class=\"isSelectedEnd\">Una falda floral puede llevarse con una chaqueta de piel marr\u00f3n, un su\u00e9ter amplio o incluso un blazer estructurado. El objetivo no es construir un look completamente bohemio, sino introducir peque\u00f1os c\u00f3digos de esa est\u00e9tica dentro de un estilismo contempor\u00e1neo.<\/p>\n<p class=\"isSelectedEnd\">Los estampados tambi\u00e9n permiten experimentar con el color. En lugar de reservar las flores para tonos pastel, esta temporada aparecen sobre fondos oscuros, mezclas de colores intensos y composiciones m\u00e1s gr\u00e1ficas.<\/p>\n","protected":false},"author":28953,"featured_media":176855,"template":"","format":"standard","categories":[4],"acf":[],"yoast_head":"<!-- This site is optimized with the Yoast SEO Premium plugin v18.5 (Yoast SEO v20.4) - https:\/\/yoast.com\/wordpress\/plugins\/seo\/ -->\n<title>Las faldas estampadas ser\u00e1n protagonistas este oto\u00f1o<\/title>\n<meta name=\"description\" content=\"Del animal print a los cuadros y los motivos florales, los estampados convierten a la falda en la pieza capaz de transformar cualquier look de temporada\" \/>\n<meta name=\"robots\" content=\"index, follow, max-snippet:-1, max-image-preview:large, max-video-preview:-1\" \/>\n<link rel=\"canonical\" href=\"https:\/\/graziamagazine.com\/mx\/articles\/faldas-estampadas-otono-2026\/\" \/>\n<meta property=\"og:locale\" content=\"es_MX\" \/>\n<meta property=\"og:type\" content=\"article\" \/>\n<meta property=\"og:title\" content=\"Las faldas estampadas ser\u00e1n protagonistas este oto\u00f1o\" \/>\n<meta property=\"og:description\" content=\"Del animal print a los cuadros y los motivos florales, los estampados convierten a la falda en la pieza capaz de transformar cualquier look de temporada\" \/>\n<meta property=\"og:url\" content=\"https:\/\/graziamagazine.com\/mx\/articles\/faldas-estampadas-otono-2026\/\" \/>\n<meta property=\"og:site_name\" content=\"Grazia M\u00e9xico y Latinoam\u00e9rica\" \/>\n<meta property=\"article:modified_time\" content=\"2026-09-04T16:29:58+00:00\" \/>\n<meta property=\"og:image\" content=\"https:\/\/graziamagazine.com\/mx\/wp-content\/uploads\/sites\/13\/2026\/09\/Dries-Van-Noten-Fall-2026-Ready-to-Wear-Collection-e1788539128116.jpeg\" \/>\n\t<meta property=\"og:image:width\" content=\"736\" \/>\n\t<meta property=\"og:image:height\" content=\"594\" \/>\n\t<meta property=\"og:image:type\" content=\"image\/jpeg\" \/>\n<meta name=\"twitter:card\" content=\"summary_large_image\" \/>\n<meta name=\"twitter:label1\" content=\"Est. reading time\" \/>\n\t<meta name=\"twitter:data1\" content=\"4 minutos\" \/>\n<script type=\"application\/ld+json\" class=\"yoast-schema-graph\">{\"@context\":\"https:\/\/schema.org\",\"@graph\":[{\"@type\":\"WebPage\",\"@id\":\"https:\/\/graziamagazine.com\/mx\/articles\/faldas-estampadas-otono-2026\/\",\"url\":\"https:\/\/graziamagazine.com\/mx\/articles\/faldas-estampadas-otono-2026\/\",\"name\":\"Las faldas estampadas ser\u00e1n protagonistas este oto\u00f1o\",\"isPartOf\":{\"@id\":\"https:\/\/graziamagazine.com\/mx\/#website\"},\"datePublished\":\"2026-09-04T16:21:50+00:00\",\"dateModified\":\"2026-09-04T16:29:58+00:00\",\"description\":\"Del animal print a los cuadros y los motivos florales, los estampados convierten a la falda en la pieza capaz de transformar cualquier look de temporada\",\"breadcrumb\":{\"@id\":\"https:\/\/graziamagazine.com\/mx\/articles\/faldas-estampadas-otono-2026\/#breadcrumb\"},\"inLanguage\":\"es-MX\",\"potentialAction\":[{\"@type\":\"ReadAction\",\"target\":[\"https:\/\/graziamagazine.com\/mx\/articles\/faldas-estampadas-otono-2026\/\"]}]},{\"@type\":\"BreadcrumbList\",\"@id\":\"https:\/\/graziamagazine.com\/mx\/articles\/faldas-estampadas-otono-2026\/#breadcrumb\",\"itemListElement\":[{\"@type\":\"ListItem\",\"position\":1,\"name\":\"Home\",\"item\":\"https:\/\/graziamagazine.com\/mx\/\"},{\"@type\":\"ListItem\",\"position\":2,\"name\":\"Las faldas estampadas ser\u00e1n protagonistas este oto\u00f1o\"}]},{\"@type\":\"WebSite\",\"@id\":\"https:\/\/graziamagazine.com\/mx\/#website\",\"url\":\"https:\/\/graziamagazine.com\/mx\/\",\"name\":\"Grazia M\u00e9xico y Latinoam\u00e9rica\",\"description\":\"Grazia es moda, belleza y noticias  de actualidad \",\"potentialAction\":[{\"@type\":\"SearchAction\",\"target\":{\"@type\":\"EntryPoint\",\"urlTemplate\":\"https:\/\/graziamagazine.com\/mx\/?s={search_term_string}\"},\"query-input\":\"required name=search_term_string\"}],\"inLanguage\":\"es-MX\"}]}<\/script>\n<!-- \/ Yoast SEO Premium plugin. -->","yoast_head_json":{"title":"Las faldas estampadas ser\u00e1n protagonistas este oto\u00f1o","description":"Del animal print a los cuadros y los motivos florales, los estampados convierten a la falda en la pieza capaz de transformar cualquier look de temporada","robots":{"index":"index","follow":"follow","max-snippet":"max-snippet:-1","max-image-preview":"max-image-preview:large","max-video-preview":"max-video-preview:-1"},"canonical":"https:\/\/graziamagazine.com\/mx\/articles\/faldas-estampadas-otono-2026\/","og_locale":"es_MX","og_type":"article","og_title":"Las faldas estampadas ser\u00e1n protagonistas este oto\u00f1o","og_description":"Del animal print a los cuadros y los motivos florales, los estampados convierten a la falda en la pieza capaz de transformar cualquier look de temporada","og_url":"https:\/\/graziamagazine.com\/mx\/articles\/faldas-estampadas-otono-2026\/","og_site_name":"Grazia M\u00e9xico y Latinoam\u00e9rica","article_modified_time":"2026-09-04T16:29:58+00:00","og_image":[{"width":736,"height":594,"url":"https:\/\/graziamagazine.com\/mx\/wp-content\/uploads\/sites\/13\/2026\/09\/Dries-Van-Noten-Fall-2026-Ready-to-Wear-Collection-e1788539128116.jpeg","type":"image\/jpeg"}],"twitter_card":"summary_large_image","twitter_misc":{"Est. reading time":"4 minutos"},"schema":{"@context":"https:\/\/schema.org","@graph":[{"@type":"WebPage","@id":"https:\/\/graziamagazine.com\/mx\/articles\/faldas-estampadas-otono-2026\/","url":"https:\/\/graziamagazine.com\/mx\/articles\/faldas-estampadas-otono-2026\/","name":"Las faldas estampadas ser\u00e1n protagonistas este oto\u00f1o","isPartOf":{"@id":"https:\/\/graziamagazine.com\/mx\/#website"},"datePublished":"2026-09-04T16:21:50+00:00","dateModified":"2026-09-04T16:29:58+00:00","description":"Del animal print a los cuadros y los motivos florales, los estampados convierten a la falda en la pieza capaz de transformar cualquier look de temporada","breadcrumb":{"@id":"https:\/\/graziamagazine.com\/mx\/articles\/faldas-estampadas-otono-2026\/#breadcrumb"},"inLanguage":"es-MX","potentialAction":[{"@type":"ReadAction","target":["https:\/\/graziamagazine.com\/mx\/articles\/faldas-estampadas-otono-2026\/"]}]},{"@type":"BreadcrumbList","@id":"https:\/\/graziamagazine.com\/mx\/articles\/faldas-estampadas-otono-2026\/#breadcrumb","itemListElement":[{"@type":"ListItem","position":1,"name":"Home","item":"https:\/\/graziamagazine.com\/mx\/"},{"@type":"ListItem","position":2,"name":"Las faldas estampadas ser\u00e1n protagonistas este oto\u00f1o"}]},{"@type":"WebSite","@id":"https:\/\/graziamagazine.com\/mx\/#website","url":"https:\/\/graziamagazine.com\/mx\/","name":"Grazia M\u00e9xico y Latinoam\u00e9rica","description":"Grazia es moda, belleza y noticias  de actualidad ","potentialAction":[{"@type":"SearchAction","target":{"@type":"EntryPoint","urlTemplate":"https:\/\/graziamagazine.com\/mx\/?s={search_term_string}"},"query-input":"required name=search_term_string"}],"inLanguage":"es-MX"}]}},"jetpack_sharing_enabled":true,"distributor_meta":false,"distributor_terms":false,"distributor_media":false,"distributor_original_site_name":"Grazia M\u00e9xico y Latinoam\u00e9rica","distributor_original_site_url":"https:\/\/graziamagazine.com\/mx","push-errors":false,"_links":{"self":[{"href":"https:\/\/graziamagazine.com\/mx\/wp-json\/wp\/v2\/articles\/176851"}],"collection":[{"href":"https:\/\/graziamagazine.com\/mx\/wp-json\/wp\/v2\/articles"}],"about":[{"href":"https:\/\/graziamagazine.com\/mx\/wp-json\/wp\/v2\/types\/articles"}],"author":[{"embeddable":true,"href":"https:\/\/graziamagazine.com\/mx\/wp-json\/wp\/v2\/users\/28953"}],"wp:featuredmedia":[{"embeddable":true,"href":"https:\/\/graziamagazine.com\/mx\/wp-json\/wp\/v2\/media\/176855"}],"wp:attachment":[{"href":"https:\/\/graziamagazine.com\/mx\/wp-json\/wp\/v2\/media?parent=176851"}],"wp:term":[{"taxonomy":"category","embeddable":true,"href":"https:\/\/graziamagazine.com\/mx\/wp-json\/wp\/v2\/categories?post=176851"}],"curies":[{"name":"wp","href":"https:\/\/api.w.org\/{rel}","templated":true}]}}