{"id":176834,"date":"2026-09-04T09:51:04","date_gmt":"2026-09-04T14:51:04","guid":{"rendered":"https:\/\/graziamagazine.com\/mx\/?post_type=articles&#038;p=176834"},"modified":"2026-09-04T11:15:31","modified_gmt":"2026-09-04T16:15:31","slug":"sueter-cuello-alto-tendencia-otono-invierno-2026","status":"publish","type":"articles","link":"https:\/\/graziamagazine.com\/mx\/articles\/sueter-cuello-alto-tendencia-otono-invierno-2026\/","title":{"rendered":"El su\u00e9ter de cuello alto vuelve a ser protagonista este oto\u00f1o-invierno 2026"},"content":{"rendered":"<p>Los <strong>su\u00e9teres<\/strong> son, inevitablemente, una de las prendas que regresan a nuestros cl\u00f3sets cada temporada de <strong>oto\u00f1o-invierno,<\/strong> especialmente los de <strong>cuello alto.<\/strong> Su est\u00e9tica cl\u00e1sica, protagonista y f\u00e1cil de combinar los convierte en un <strong>b\u00e1sico de cada temporada.<\/strong> Vemos nuevas propuestas para llevar este ya b\u00e1sico, ya sea como <strong>protagonista<\/strong> o como <strong>base de cualquier look,<\/strong> porque sus formas de llevarlo son infinitas.<\/p>\n<p>M\u00e1s all\u00e1 de su funci\u00f3n de protegernos del fr\u00edo, el cuello alto tiene esa <strong>est\u00e9tica sofisticada<\/strong> y <strong>elegante<\/strong> que transforma por completo incluso los looks m\u00e1s sencillos. Para esta temporada aparecen distintas siluetas, materiales, colores y cortes. Tambi\u00e9n veremos de regreso su cl\u00e1sica <strong>est\u00e9tica ajustada,<\/strong> y la vemos debajo de abrigos, chalecos, blazers y camisas.<\/p>\n<h2>Del negro cl\u00e1sico a los colores de la temporada<\/h2>\n<div class=\"content-gallery\"><div class=\"gallery-placeholder\"><div class=\"spinner\"><\/div><\/div><span class=\"gallery-pagination\"><\/span><div id=\"gallery-1\" class=\"gallery galleryid-176834 gallery-columns- gallery-size-\"><figure class=\"gallery-item\"><div class=\"gallery-icon landscape\"><img loading=\"lazy\" decoding=\"async\" width=\"1080\" height=\"1350\" src=\"https:\/\/graziamagazine.com\/mx\/wp-content\/uploads\/sites\/13\/2026\/09\/IMG_7951.jpeg\" class=\"lazy\" alt=\"Su\u00e9ter color burgundy\" srcset=\"https:\/\/graziamagazine.com\/mx\/wp-content\/uploads\/sites\/13\/2026\/09\/IMG_7951.jpeg 1080w, https:\/\/graziamagazine.com\/mx\/wp-content\/uploads\/sites\/13\/2026\/09\/IMG_7951-360x450.jpeg 360w, https:\/\/graziamagazine.com\/mx\/wp-content\/uploads\/sites\/13\/2026\/09\/IMG_7951-819x1024.jpeg 819w, https:\/\/graziamagazine.com\/mx\/wp-content\/uploads\/sites\/13\/2026\/09\/IMG_7951-768x960.jpeg 768w, https:\/\/graziamagazine.com\/mx\/wp-content\/uploads\/sites\/13\/2026\/09\/IMG_7951-400x500.jpeg 400w, https:\/\/graziamagazine.com\/mx\/wp-content\/uploads\/sites\/13\/2026\/09\/IMG_7951-155x194.jpeg 155w\" sizes=\"(max-width: 1080px) 100vw, 1080px\" \/><\/div><figcaption class=\"wp-caption-text gallery-caption\" id=\"gallery-1-176842\">Su\u00e9ter cuello alto tendencia oto\u00f1o invierno 2026 \n\nFoto: Pinterest <\/figcaption><\/figure><figure class=\"gallery-item\"><div class=\"gallery-icon landscape\"><img loading=\"lazy\" decoding=\"async\" width=\"1024\" height=\"1536\" src=\"https:\/\/graziamagazine.com\/mx\/wp-content\/uploads\/sites\/13\/2026\/09\/IMG_7950.jpeg\" class=\"lazy\" alt=\"Su\u00e9ter blanco\" srcset=\"https:\/\/graziamagazine.com\/mx\/wp-content\/uploads\/sites\/13\/2026\/09\/IMG_7950.jpeg 1024w, https:\/\/graziamagazine.com\/mx\/wp-content\/uploads\/sites\/13\/2026\/09\/IMG_7950-300x450.jpeg 300w, https:\/\/graziamagazine.com\/mx\/wp-content\/uploads\/sites\/13\/2026\/09\/IMG_7950-683x1024.jpeg 683w, https:\/\/graziamagazine.com\/mx\/wp-content\/uploads\/sites\/13\/2026\/09\/IMG_7950-768x1152.jpeg 768w, https:\/\/graziamagazine.com\/mx\/wp-content\/uploads\/sites\/13\/2026\/09\/IMG_7950-400x600.jpeg 400w, https:\/\/graziamagazine.com\/mx\/wp-content\/uploads\/sites\/13\/2026\/09\/IMG_7950-143x215.jpeg 143w\" sizes=\"(max-width: 1024px) 100vw, 1024px\" \/><\/div><figcaption class=\"wp-caption-text gallery-caption\" id=\"gallery-1-176837\">Su\u00e9ter cuello alto tendencia oto\u00f1o invierno 2026 \n\nFoto: Pinterest <\/figcaption><\/figure><\/div><\/div>\n<p>Aunque el su\u00e9ter negro de cuello alto sigue siendo uno de los imprescindibles de cada temporada, este oto\u00f1o-invierno <a href=\"https:\/\/graziamagazine.com\/mx\/articles\/colores-tendencia-otono-invierno-2026\/\">trae colores en tendencia<\/a> mucho m\u00e1s protagonistas. Tonos como el caf\u00e9, el gris, el borgo\u00f1a, el verde oscuro, el azul marino, el rojo y el morado ser\u00e1n colores que, adem\u00e1s de estar en tendencia, nos dejan experimentar con otros m\u00e1s arriesgados, adem\u00e1s de que ser\u00e1n una apuesta segura para la temporada.<\/p>\n<p>Las texturas, esta temporada, lo son todo. El punto canalado da una est\u00e9tica mucho m\u00e1s casual y effortless, mientras los tejidos suaves y finos logran que la est\u00e9tica cambie a ser mucho m\u00e1s elegante y sofisticada. Los tejidos gruesos funcionan como prendas protagonistas, mientras que los delgados pueden funcionar para hacer layering en tu look.<\/p>\n<h2>As\u00ed puedes llevarlo este oto\u00f1o-invierno 2026<\/h2>\n<figure id=\"attachment_176841\" aria-describedby=\"caption-attachment-176841\" style=\"width: 1200px\" class=\"wp-caption alignnone\"><img loading=\"lazy\" decoding=\"async\" class=\"wp-image-176841 size-full\" src=\"https:\/\/graziamagazine.com\/mx\/wp-content\/uploads\/sites\/13\/2026\/09\/IMG_7952.jpeg\" alt=\"Su\u00e9ter de cuello alto \" width=\"1200\" height=\"1801\" srcset=\"https:\/\/graziamagazine.com\/mx\/wp-content\/uploads\/sites\/13\/2026\/09\/IMG_7952.jpeg 1200w, https:\/\/graziamagazine.com\/mx\/wp-content\/uploads\/sites\/13\/2026\/09\/IMG_7952-300x450.jpeg 300w, https:\/\/graziamagazine.com\/mx\/wp-content\/uploads\/sites\/13\/2026\/09\/IMG_7952-682x1024.jpeg 682w, https:\/\/graziamagazine.com\/mx\/wp-content\/uploads\/sites\/13\/2026\/09\/IMG_7952-768x1153.jpeg 768w, https:\/\/graziamagazine.com\/mx\/wp-content\/uploads\/sites\/13\/2026\/09\/IMG_7952-1023x1536.jpeg 1023w, https:\/\/graziamagazine.com\/mx\/wp-content\/uploads\/sites\/13\/2026\/09\/IMG_7952-400x600.jpeg 400w, https:\/\/graziamagazine.com\/mx\/wp-content\/uploads\/sites\/13\/2026\/09\/IMG_7952-143x215.jpeg 143w\" sizes=\"(max-width: 1200px) 100vw, 1200px\" \/><figcaption id=\"caption-attachment-176841\" class=\"wp-caption-text\">Su\u00e9ter cuello alto tendencia oto\u00f1o invierno 2026<br \/>Foto: Pinterest<\/figcaption><\/figure>\n<p>Si algo debemos reconocer de esta prenda es que es demasiado vers\u00e1til y tiene m\u00faltiples formas de combinarla. Y la forma m\u00e1s sencilla de llevar esta tendencia es un su\u00e9ter de cuello alto ajustado con pantalones de sastre. Es una est\u00e9tica minimalista, pero demasiado elegante, y funciona para distintas ocasiones.<\/p>\n<p>Ahora bien, si quieres una propuesta mucho m\u00e1s relajada, aqu\u00ed los dise\u00f1os oversized son la apuesta segura. Puedes combinarlo con una camisa debajo, acompa\u00f1arlo con jeans o pantalones, seg\u00fan sea tu intenci\u00f3n.<\/p>\n<p>Y la f\u00f3rmula que protagoniza esta temporada es llevar un su\u00e9ter de cuello alto debajo de un blazer. Es una combinaci\u00f3n perfecta para los d\u00edas m\u00e1s fr\u00edos y que te permite experimentar con las capas.<\/p>\n<h2>3 formas de experimentar con un su\u00e9ter de cuello alto esta temporada<\/h2>\n<div class=\"content-gallery\"><div class=\"gallery-placeholder\"><div class=\"spinner\"><\/div><\/div><span class=\"gallery-pagination\"><\/span><div id=\"gallery-2\" class=\"gallery galleryid-176834 gallery-columns- gallery-size-\"><figure class=\"gallery-item\"><div class=\"gallery-icon landscape\"><img loading=\"lazy\" decoding=\"async\" width=\"1200\" height=\"1800\" src=\"https:\/\/graziamagazine.com\/mx\/wp-content\/uploads\/sites\/13\/2026\/09\/IMG_7955.jpeg\" class=\"lazy\" alt=\"Su\u00e9ter de cuello alto con camisa azul, chaleco y blazer\" srcset=\"https:\/\/graziamagazine.com\/mx\/wp-content\/uploads\/sites\/13\/2026\/09\/IMG_7955.jpeg 1200w, https:\/\/graziamagazine.com\/mx\/wp-content\/uploads\/sites\/13\/2026\/09\/IMG_7955-300x450.jpeg 300w, https:\/\/graziamagazine.com\/mx\/wp-content\/uploads\/sites\/13\/2026\/09\/IMG_7955-683x1024.jpeg 683w, https:\/\/graziamagazine.com\/mx\/wp-content\/uploads\/sites\/13\/2026\/09\/IMG_7955-768x1152.jpeg 768w, https:\/\/graziamagazine.com\/mx\/wp-content\/uploads\/sites\/13\/2026\/09\/IMG_7955-1024x1536.jpeg 1024w, https:\/\/graziamagazine.com\/mx\/wp-content\/uploads\/sites\/13\/2026\/09\/IMG_7955-400x600.jpeg 400w, https:\/\/graziamagazine.com\/mx\/wp-content\/uploads\/sites\/13\/2026\/09\/IMG_7955-143x215.jpeg 143w\" sizes=\"(max-width: 1200px) 100vw, 1200px\" \/><\/div><figcaption class=\"wp-caption-text gallery-caption\" id=\"gallery-2-176838\">Su\u00e9ter cuello alto tendencia oto\u00f1o invierno 2026 \n\nFoto: Pinterest <\/figcaption><\/figure><figure class=\"gallery-item\"><div class=\"gallery-icon landscape\"><img loading=\"lazy\" decoding=\"async\" width=\"1200\" height=\"1799\" src=\"https:\/\/graziamagazine.com\/mx\/wp-content\/uploads\/sites\/13\/2026\/09\/IMG_7954.jpeg\" class=\"lazy\" alt=\"Mujer con su\u00e9ter, camisa y blazer\" srcset=\"https:\/\/graziamagazine.com\/mx\/wp-content\/uploads\/sites\/13\/2026\/09\/IMG_7954.jpeg 1200w, https:\/\/graziamagazine.com\/mx\/wp-content\/uploads\/sites\/13\/2026\/09\/IMG_7954-300x450.jpeg 300w, https:\/\/graziamagazine.com\/mx\/wp-content\/uploads\/sites\/13\/2026\/09\/IMG_7954-683x1024.jpeg 683w, https:\/\/graziamagazine.com\/mx\/wp-content\/uploads\/sites\/13\/2026\/09\/IMG_7954-768x1151.jpeg 768w, https:\/\/graziamagazine.com\/mx\/wp-content\/uploads\/sites\/13\/2026\/09\/IMG_7954-1025x1536.jpeg 1025w, https:\/\/graziamagazine.com\/mx\/wp-content\/uploads\/sites\/13\/2026\/09\/IMG_7954-400x600.jpeg 400w, https:\/\/graziamagazine.com\/mx\/wp-content\/uploads\/sites\/13\/2026\/09\/IMG_7954-143x215.jpeg 143w\" sizes=\"(max-width: 1200px) 100vw, 1200px\" \/><\/div><figcaption class=\"wp-caption-text gallery-caption\" id=\"gallery-2-176839\">Su\u00e9ter cuello alto tendencia oto\u00f1o invierno 2026 \n\nFoto: Pinterest <\/figcaption><\/figure><figure class=\"gallery-item\"><div class=\"gallery-icon landscape\"><img loading=\"lazy\" decoding=\"async\" width=\"1200\" height=\"1800\" src=\"https:\/\/graziamagazine.com\/mx\/wp-content\/uploads\/sites\/13\/2026\/09\/IMG_7953.jpeg\" class=\"lazy\" alt=\"Su\u00e9ter gris con camisa azul\" srcset=\"https:\/\/graziamagazine.com\/mx\/wp-content\/uploads\/sites\/13\/2026\/09\/IMG_7953.jpeg 1200w, https:\/\/graziamagazine.com\/mx\/wp-content\/uploads\/sites\/13\/2026\/09\/IMG_7953-300x450.jpeg 300w, https:\/\/graziamagazine.com\/mx\/wp-content\/uploads\/sites\/13\/2026\/09\/IMG_7953-683x1024.jpeg 683w, https:\/\/graziamagazine.com\/mx\/wp-content\/uploads\/sites\/13\/2026\/09\/IMG_7953-768x1152.jpeg 768w, https:\/\/graziamagazine.com\/mx\/wp-content\/uploads\/sites\/13\/2026\/09\/IMG_7953-1024x1536.jpeg 1024w, https:\/\/graziamagazine.com\/mx\/wp-content\/uploads\/sites\/13\/2026\/09\/IMG_7953-400x600.jpeg 400w, https:\/\/graziamagazine.com\/mx\/wp-content\/uploads\/sites\/13\/2026\/09\/IMG_7953-143x215.jpeg 143w\" sizes=\"(max-width: 1200px) 100vw, 1200px\" \/><\/div><figcaption class=\"wp-caption-text gallery-caption\" id=\"gallery-2-176840\">Su\u00e9ter cuello alto tendencia oto\u00f1o invierno 2026 \n\nFoto: Pinterest <\/figcaption><\/figure><\/div><\/div>\n<h4>#1 Camisa por debajo<\/h4>\n<p>Hacer capas y que sean visibles. Puedes sacar los pu\u00f1os de la camisa y tambi\u00e9n llevarla sin fajar.<\/p>\n<h4>#2 Como base visible<\/h4>\n<p>Si el dise\u00f1o de tu su\u00e9ter es ajustado y ligero, apuesta por agregar capas por encima de \u00e9l, dejando partes del su\u00e9ter visibles. Puedes utilizar camisas y dejar el cuello abierto para hacer el su\u00e9ter visible. Tambi\u00e9n puedes llevar un chaleco encima de \u00e9l y luego un blazer, o un su\u00e9ter m\u00e1s grueso y con volumen, y que el cuello siga siendo protagonista.<\/p>\n<h4>#3 Como punto focal de tu look<\/h4>\n<p>Para elegir el su\u00e9ter como protagonista, aseg\u00farate de usar uno que sea grueso, con volumen e incluso puedes apoyarte del color: que sea un color llamativo o que simplemente llame la atenci\u00f3n mucho m\u00e1s que las otras prendas que llevas puestas.<\/p>\n","protected":false},"author":42774,"featured_media":176836,"template":"","format":"standard","categories":[4],"acf":[],"yoast_head":"<!-- This site is optimized with the Yoast SEO Premium plugin v18.5 (Yoast SEO v20.4) - https:\/\/yoast.com\/wordpress\/plugins\/seo\/ -->\n<title>El su\u00e9ter de cuello alto vuelve a ser protagonista este oto\u00f1o-invierno 2026 | Grazia M\u00e9xico y Latinoam\u00e9rica<\/title>\n<meta name=\"description\" content=\"Debajo de camisas, blazers o chalecos, son algunas de las m\u00faltiples formas de experimentar con un su\u00e9ter de cuello alto este oto\u00f1o-invierno\" \/>\n<meta name=\"robots\" content=\"index, follow, max-snippet:-1, max-image-preview:large, max-video-preview:-1\" \/>\n<link rel=\"canonical\" href=\"https:\/\/graziamagazine.com\/mx\/articles\/sueter-cuello-alto-tendencia-otono-invierno-2026\/\" \/>\n<meta property=\"og:locale\" content=\"es_MX\" \/>\n<meta property=\"og:type\" content=\"article\" \/>\n<meta property=\"og:title\" content=\"El su\u00e9ter de cuello alto vuelve a ser protagonista este oto\u00f1o-invierno 2026\" \/>\n<meta property=\"og:description\" content=\"Debajo de camisas, blazers o chalecos, son algunas de las m\u00faltiples formas de experimentar con un su\u00e9ter de cuello alto este oto\u00f1o-invierno\" \/>\n<meta property=\"og:url\" content=\"https:\/\/graziamagazine.com\/mx\/articles\/sueter-cuello-alto-tendencia-otono-invierno-2026\/\" \/>\n<meta property=\"og:site_name\" content=\"Grazia M\u00e9xico y Latinoam\u00e9rica\" \/>\n<meta property=\"article:modified_time\" content=\"2026-09-04T16:15:31+00:00\" \/>\n<meta property=\"og:image\" content=\"https:\/\/graziamagazine.com\/mx\/wp-content\/uploads\/sites\/13\/2026\/09\/IMG_7949.jpeg\" \/>\n\t<meta property=\"og:image:width\" content=\"1200\" \/>\n\t<meta property=\"og:image:height\" content=\"1800\" \/>\n\t<meta property=\"og:image:type\" content=\"image\/jpeg\" \/>\n<meta name=\"twitter:card\" content=\"summary_large_image\" \/>\n<meta name=\"twitter:label1\" content=\"Est. reading time\" \/>\n\t<meta name=\"twitter:data1\" content=\"3 minutos\" \/>\n<script type=\"application\/ld+json\" class=\"yoast-schema-graph\">{\"@context\":\"https:\/\/schema.org\",\"@graph\":[{\"@type\":\"WebPage\",\"@id\":\"https:\/\/graziamagazine.com\/mx\/articles\/sueter-cuello-alto-tendencia-otono-invierno-2026\/\",\"url\":\"https:\/\/graziamagazine.com\/mx\/articles\/sueter-cuello-alto-tendencia-otono-invierno-2026\/\",\"name\":\"El su\u00e9ter de cuello alto vuelve a ser protagonista este oto\u00f1o-invierno 2026 | Grazia M\u00e9xico y Latinoam\u00e9rica\",\"isPartOf\":{\"@id\":\"https:\/\/graziamagazine.com\/mx\/#website\"},\"datePublished\":\"2026-09-04T14:51:04+00:00\",\"dateModified\":\"2026-09-04T16:15:31+00:00\",\"description\":\"Debajo de camisas, blazers o chalecos, son algunas de las m\u00faltiples formas de experimentar con un su\u00e9ter de cuello alto este oto\u00f1o-invierno\",\"breadcrumb\":{\"@id\":\"https:\/\/graziamagazine.com\/mx\/articles\/sueter-cuello-alto-tendencia-otono-invierno-2026\/#breadcrumb\"},\"inLanguage\":\"es-MX\",\"potentialAction\":[{\"@type\":\"ReadAction\",\"target\":[\"https:\/\/graziamagazine.com\/mx\/articles\/sueter-cuello-alto-tendencia-otono-invierno-2026\/\"]}]},{\"@type\":\"BreadcrumbList\",\"@id\":\"https:\/\/graziamagazine.com\/mx\/articles\/sueter-cuello-alto-tendencia-otono-invierno-2026\/#breadcrumb\",\"itemListElement\":[{\"@type\":\"ListItem\",\"position\":1,\"name\":\"Home\",\"item\":\"https:\/\/graziamagazine.com\/mx\/\"},{\"@type\":\"ListItem\",\"position\":2,\"name\":\"El su\u00e9ter de cuello alto vuelve a ser protagonista este oto\u00f1o-invierno 2026\"}]},{\"@type\":\"WebSite\",\"@id\":\"https:\/\/graziamagazine.com\/mx\/#website\",\"url\":\"https:\/\/graziamagazine.com\/mx\/\",\"name\":\"Grazia M\u00e9xico y Latinoam\u00e9rica\",\"description\":\"Grazia es moda, belleza y noticias  de actualidad \",\"potentialAction\":[{\"@type\":\"SearchAction\",\"target\":{\"@type\":\"EntryPoint\",\"urlTemplate\":\"https:\/\/graziamagazine.com\/mx\/?s={search_term_string}\"},\"query-input\":\"required name=search_term_string\"}],\"inLanguage\":\"es-MX\"}]}<\/script>\n<!-- \/ Yoast SEO Premium plugin. -->","yoast_head_json":{"title":"El su\u00e9ter de cuello alto vuelve a ser protagonista este oto\u00f1o-invierno 2026 | Grazia M\u00e9xico y Latinoam\u00e9rica","description":"Debajo de camisas, blazers o chalecos, son algunas de las m\u00faltiples formas de experimentar con un su\u00e9ter de cuello alto este oto\u00f1o-invierno","robots":{"index":"index","follow":"follow","max-snippet":"max-snippet:-1","max-image-preview":"max-image-preview:large","max-video-preview":"max-video-preview:-1"},"canonical":"https:\/\/graziamagazine.com\/mx\/articles\/sueter-cuello-alto-tendencia-otono-invierno-2026\/","og_locale":"es_MX","og_type":"article","og_title":"El su\u00e9ter de cuello alto vuelve a ser protagonista este oto\u00f1o-invierno 2026","og_description":"Debajo de camisas, blazers o chalecos, son algunas de las m\u00faltiples formas de experimentar con un su\u00e9ter de cuello alto este oto\u00f1o-invierno","og_url":"https:\/\/graziamagazine.com\/mx\/articles\/sueter-cuello-alto-tendencia-otono-invierno-2026\/","og_site_name":"Grazia M\u00e9xico y Latinoam\u00e9rica","article_modified_time":"2026-09-04T16:15:31+00:00","og_image":[{"width":1200,"height":1800,"url":"https:\/\/graziamagazine.com\/mx\/wp-content\/uploads\/sites\/13\/2026\/09\/IMG_7949.jpeg","type":"image\/jpeg"}],"twitter_card":"summary_large_image","twitter_misc":{"Est. reading time":"3 minutos"},"schema":{"@context":"https:\/\/schema.org","@graph":[{"@type":"WebPage","@id":"https:\/\/graziamagazine.com\/mx\/articles\/sueter-cuello-alto-tendencia-otono-invierno-2026\/","url":"https:\/\/graziamagazine.com\/mx\/articles\/sueter-cuello-alto-tendencia-otono-invierno-2026\/","name":"El su\u00e9ter de cuello alto vuelve a ser protagonista este oto\u00f1o-invierno 2026 | Grazia M\u00e9xico y Latinoam\u00e9rica","isPartOf":{"@id":"https:\/\/graziamagazine.com\/mx\/#website"},"datePublished":"2026-09-04T14:51:04+00:00","dateModified":"2026-09-04T16:15:31+00:00","description":"Debajo de camisas, blazers o chalecos, son algunas de las m\u00faltiples formas de experimentar con un su\u00e9ter de cuello alto este oto\u00f1o-invierno","breadcrumb":{"@id":"https:\/\/graziamagazine.com\/mx\/articles\/sueter-cuello-alto-tendencia-otono-invierno-2026\/#breadcrumb"},"inLanguage":"es-MX","potentialAction":[{"@type":"ReadAction","target":["https:\/\/graziamagazine.com\/mx\/articles\/sueter-cuello-alto-tendencia-otono-invierno-2026\/"]}]},{"@type":"BreadcrumbList","@id":"https:\/\/graziamagazine.com\/mx\/articles\/sueter-cuello-alto-tendencia-otono-invierno-2026\/#breadcrumb","itemListElement":[{"@type":"ListItem","position":1,"name":"Home","item":"https:\/\/graziamagazine.com\/mx\/"},{"@type":"ListItem","position":2,"name":"El su\u00e9ter de cuello alto vuelve a ser protagonista este oto\u00f1o-invierno 2026"}]},{"@type":"WebSite","@id":"https:\/\/graziamagazine.com\/mx\/#website","url":"https:\/\/graziamagazine.com\/mx\/","name":"Grazia M\u00e9xico y Latinoam\u00e9rica","description":"Grazia es moda, belleza y noticias  de actualidad ","potentialAction":[{"@type":"SearchAction","target":{"@type":"EntryPoint","urlTemplate":"https:\/\/graziamagazine.com\/mx\/?s={search_term_string}"},"query-input":"required name=search_term_string"}],"inLanguage":"es-MX"}]}},"jetpack_sharing_enabled":true,"distributor_meta":false,"distributor_terms":false,"distributor_media":false,"distributor_original_site_name":"Grazia M\u00e9xico y Latinoam\u00e9rica","distributor_original_site_url":"https:\/\/graziamagazine.com\/mx","push-errors":false,"_links":{"self":[{"href":"https:\/\/graziamagazine.com\/mx\/wp-json\/wp\/v2\/articles\/176834"}],"collection":[{"href":"https:\/\/graziamagazine.com\/mx\/wp-json\/wp\/v2\/articles"}],"about":[{"href":"https:\/\/graziamagazine.com\/mx\/wp-json\/wp\/v2\/types\/articles"}],"author":[{"embeddable":true,"href":"https:\/\/graziamagazine.com\/mx\/wp-json\/wp\/v2\/users\/42774"}],"wp:featuredmedia":[{"embeddable":true,"href":"https:\/\/graziamagazine.com\/mx\/wp-json\/wp\/v2\/media\/176836"}],"wp:attachment":[{"href":"https:\/\/graziamagazine.com\/mx\/wp-json\/wp\/v2\/media?parent=176834"}],"wp:term":[{"taxonomy":"category","embeddable":true,"href":"https:\/\/graziamagazine.com\/mx\/wp-json\/wp\/v2\/categories?post=176834"}],"curies":[{"name":"wp","href":"https:\/\/api.w.org\/{rel}","templated":true}]}}