{"id":176803,"date":"2026-09-03T17:18:05","date_gmt":"2026-09-03T22:18:05","guid":{"rendered":"https:\/\/graziamagazine.com\/mx\/?post_type=articles&#038;p=176803"},"modified":"2026-09-03T17:22:23","modified_gmt":"2026-09-03T22:22:23","slug":"barbie-edicion-especial-dia-de-muertos-2026","status":"publish","type":"articles","link":"https:\/\/graziamagazine.com\/mx\/articles\/barbie-edicion-especial-dia-de-muertos-2026\/","title":{"rendered":"Barbie: as\u00ed se ve la edici\u00f3n especial 2026 de D\u00eda de Muertos"},"content":{"rendered":"<p><span style=\"font-weight: 400\">Barbie vuelve a rendir homenaje al D\u00eda de Muertos. Mattel present\u00f3 oficialmente la Barbie Signature D\u00eda de Muertos 2026, la nueva integrante de una colecci\u00f3n que desde 2019 ha reinterpretado cada a\u00f1o algunos de los elementos visuales m\u00e1s reconocibles de esta celebraci\u00f3n mexicana. Para esta edici\u00f3n, la compa\u00f1\u00eda cambia de direcci\u00f3n respecto a dise\u00f1os anteriores y elige un intenso color rojo, bordados, rosas y referencias a las calaveras y los esqueletos.<\/span><\/p>\n<p><span style=\"font-weight: 400\">La edici\u00f3n de 2026 tambi\u00e9n llega acompa\u00f1ada por una nueva versi\u00f3n de Ken, concebida para mantener una conexi\u00f3n est\u00e9tica con Barbie. Con ambos personajes, Mattel contin\u00faa una estrategia que ha transformado el D\u00eda de Muertos en una de sus colecciones recurrentes, especialmente dirigida al mercado de coleccionistas.<\/span><\/p>\n<figure id=\"attachment_176805\" aria-describedby=\"caption-attachment-176805\" style=\"width: 1802px\" class=\"wp-caption alignnone\"><img loading=\"lazy\" decoding=\"async\" class=\"size-full wp-image-176805\" src=\"https:\/\/graziamagazine.com\/mx\/wp-content\/uploads\/sites\/13\/2026\/09\/Barbie-Muertos.jpg\" alt=\"\" width=\"1802\" height=\"2048\" srcset=\"https:\/\/graziamagazine.com\/mx\/wp-content\/uploads\/sites\/13\/2026\/09\/Barbie-Muertos.jpg 1802w, https:\/\/graziamagazine.com\/mx\/wp-content\/uploads\/sites\/13\/2026\/09\/Barbie-Muertos-396x450.jpg 396w, https:\/\/graziamagazine.com\/mx\/wp-content\/uploads\/sites\/13\/2026\/09\/Barbie-Muertos-901x1024.jpg 901w, https:\/\/graziamagazine.com\/mx\/wp-content\/uploads\/sites\/13\/2026\/09\/Barbie-Muertos-768x873.jpg 768w, https:\/\/graziamagazine.com\/mx\/wp-content\/uploads\/sites\/13\/2026\/09\/Barbie-Muertos-1352x1536.jpg 1352w, https:\/\/graziamagazine.com\/mx\/wp-content\/uploads\/sites\/13\/2026\/09\/Barbie-Muertos-400x455.jpg 400w, https:\/\/graziamagazine.com\/mx\/wp-content\/uploads\/sites\/13\/2026\/09\/Barbie-Muertos-155x176.jpg 155w\" sizes=\"(max-width: 1802px) 100vw, 1802px\" \/><figcaption id=\"caption-attachment-176805\" class=\"wp-caption-text\">Foto: Mattel.<\/figcaption><\/figure>\n<h2><b>As\u00ed luce Barbie D\u00eda de Muertos 2026<\/b><\/h2>\n<p><span style=\"font-weight: 400\">El elemento protagonista de esta Barbie es su vestido de sat\u00e9n rojo profundo, construido con una silueta de sirena muy amplia de la parte inferior. El dise\u00f1o tiene bordados inspirados en la cer\u00e1mica tradicional mexicana, adem\u00e1s de motivos de esqueletos que recorren el vestido. La parte superior presenta una representaci\u00f3n de la caja tor\u00e1cica, acompa\u00f1ada por un broche relacionado con la iconograf\u00eda de la celebraci\u00f3n.<\/span><\/p>\n<p><span style=\"font-weight: 400\">El dramatismo contin\u00faa en las mangas abullonadas y el voluminoso peplum. En lugar del maquillaje de calavera que ha caracterizado algunas ediciones anteriores de la colecci\u00f3n, esta Barbie lleva un antifaz removible inspirado en una calavera de az\u00facar, rodeada por grandes rosas rojas esculpidas y peque\u00f1os detalles de calaveras. El conjunto se completa con joyer\u00eda inspirada en esqueletos y zapatos de tac\u00f3n rojos.<\/span><\/p>\n<p><span style=\"font-weight: 400\">El resultado se aleja de los tonos claros y de las abundantes flores de cempas\u00fachil que han aparecido en otras versiones para adoptar una imagen m\u00e1s teatral. El rojo funciona como hilo conductor y crea una Barbie que parece preparada, como la propia descripci\u00f3n de Mattel se\u00f1ala, para un gran baile de m\u00e1scaras.<\/span><\/p>\n<figure id=\"attachment_176804\" aria-describedby=\"caption-attachment-176804\" style=\"width: 2000px\" class=\"wp-caption alignnone\"><img loading=\"lazy\" decoding=\"async\" class=\"size-full wp-image-176804\" src=\"https:\/\/graziamagazine.com\/mx\/wp-content\/uploads\/sites\/13\/2026\/09\/odsbi24awib1hjpzhmxx.jpg\" alt=\"\" width=\"2000\" height=\"2000\" srcset=\"https:\/\/graziamagazine.com\/mx\/wp-content\/uploads\/sites\/13\/2026\/09\/odsbi24awib1hjpzhmxx.jpg 2000w, https:\/\/graziamagazine.com\/mx\/wp-content\/uploads\/sites\/13\/2026\/09\/odsbi24awib1hjpzhmxx-450x450.jpg 450w, https:\/\/graziamagazine.com\/mx\/wp-content\/uploads\/sites\/13\/2026\/09\/odsbi24awib1hjpzhmxx-1024x1024.jpg 1024w, https:\/\/graziamagazine.com\/mx\/wp-content\/uploads\/sites\/13\/2026\/09\/odsbi24awib1hjpzhmxx-150x150.jpg 150w, https:\/\/graziamagazine.com\/mx\/wp-content\/uploads\/sites\/13\/2026\/09\/odsbi24awib1hjpzhmxx-768x768.jpg 768w, https:\/\/graziamagazine.com\/mx\/wp-content\/uploads\/sites\/13\/2026\/09\/odsbi24awib1hjpzhmxx-1536x1536.jpg 1536w, https:\/\/graziamagazine.com\/mx\/wp-content\/uploads\/sites\/13\/2026\/09\/odsbi24awib1hjpzhmxx-400x400.jpg 400w, https:\/\/graziamagazine.com\/mx\/wp-content\/uploads\/sites\/13\/2026\/09\/odsbi24awib1hjpzhmxx-155x155.jpg 155w\" sizes=\"(max-width: 2000px) 100vw, 2000px\" \/><figcaption id=\"caption-attachment-176804\" class=\"wp-caption-text\">Foto: Mattel.<\/figcaption><\/figure>\n<h2><b>Los detalles detr\u00e1s de la nueva mu\u00f1eca<\/b><\/h2>\n<p><span style=\"font-weight: 400\">La Barbie D\u00eda de Muertos 2026 fue dise\u00f1ada por Edna Vogel-Amezcua, mientras que Charis Ceniseroz estuvo a cargo del dise\u00f1o del empaque. Pertenece a la categor\u00eda Black Label de Barbie Signature, utiliza la escultura facial B9324 Barbie y cuenta con cuerpo Model Muse.<\/span><\/p>\n<p><span style=\"font-weight: 400\">Como corresponde a una pieza pensada principalmente para colecci\u00f3n y exhibici\u00f3n, incluye una base y certificado de autenticidad. El empaque tambi\u00e9n fue concebido para permitir diferentes maneras de mostrar la mu\u00f1eca sin necesidad de retirarla completamente de su presentaci\u00f3n.<\/span><\/p>\n<h2><b>Ken tambi\u00e9n tiene una edici\u00f3n especial para 2026<\/b><\/h2>\n<p><span style=\"font-weight: 400\">Barbie no llega sola. Ken D\u00eda de Muertos 2026 adopta la misma combinaci\u00f3n de rojo y negro para crear una pareja visualmente coordinada. Su pieza principal es un abrigo de jacquard rojo profundo que llega hasta las rodillas y presenta un discreto patr\u00f3n inspirado en calaveras de az\u00facar.<\/span><\/p>\n<p><span style=\"font-weight: 400\">Debajo lleva una camisa y pantalones negros decorados con huesos para recrear la apariencia de un esqueleto. Una m\u00e1scara estilo calavera completa el conjunto junto con un sombrero de copa removible decorado con una rosa roja, detalle que establece una conexi\u00f3n directa con las flores que rodean la m\u00e1scara de Barbie.<\/span><\/p>\n<p><span style=\"font-weight: 400\">Al igual que Barbie, Ken fue dise\u00f1ado por Edna Vogel-Amezcua, mientras que Charis Ceniseroz desarroll\u00f3 su empaque. La pieza tambi\u00e9n incluye certificado de autenticidad y base para exhibici\u00f3n.<\/span><\/p>\n<figure id=\"attachment_176806\" aria-describedby=\"caption-attachment-176806\" style=\"width: 2000px\" class=\"wp-caption alignnone\"><img loading=\"lazy\" decoding=\"async\" class=\"size-full wp-image-176806\" src=\"https:\/\/graziamagazine.com\/mx\/wp-content\/uploads\/sites\/13\/2026\/09\/wzamlt1oxqcv15hi6yls.jpg\" alt=\"\" width=\"2000\" height=\"2000\" srcset=\"https:\/\/graziamagazine.com\/mx\/wp-content\/uploads\/sites\/13\/2026\/09\/wzamlt1oxqcv15hi6yls.jpg 2000w, https:\/\/graziamagazine.com\/mx\/wp-content\/uploads\/sites\/13\/2026\/09\/wzamlt1oxqcv15hi6yls-450x450.jpg 450w, https:\/\/graziamagazine.com\/mx\/wp-content\/uploads\/sites\/13\/2026\/09\/wzamlt1oxqcv15hi6yls-1024x1024.jpg 1024w, https:\/\/graziamagazine.com\/mx\/wp-content\/uploads\/sites\/13\/2026\/09\/wzamlt1oxqcv15hi6yls-150x150.jpg 150w, https:\/\/graziamagazine.com\/mx\/wp-content\/uploads\/sites\/13\/2026\/09\/wzamlt1oxqcv15hi6yls-768x768.jpg 768w, https:\/\/graziamagazine.com\/mx\/wp-content\/uploads\/sites\/13\/2026\/09\/wzamlt1oxqcv15hi6yls-1536x1536.jpg 1536w, https:\/\/graziamagazine.com\/mx\/wp-content\/uploads\/sites\/13\/2026\/09\/wzamlt1oxqcv15hi6yls-400x400.jpg 400w, https:\/\/graziamagazine.com\/mx\/wp-content\/uploads\/sites\/13\/2026\/09\/wzamlt1oxqcv15hi6yls-155x155.jpg 155w\" sizes=\"(max-width: 2000px) 100vw, 2000px\" \/><figcaption id=\"caption-attachment-176806\" class=\"wp-caption-text\">Foto: Mattel.<\/figcaption><\/figure>\n<h2><b>Una tradici\u00f3n de Barbie que comenz\u00f3 en 2019<\/b><\/h2>\n<p><span style=\"font-weight: 400\">La edici\u00f3n de 2026 adquiere mayor sentido cuando se observa como parte de una colecci\u00f3n que ya lleva siete a\u00f1os. Mattel lanz\u00f3 su primera Barbie D\u00eda de Muertos en 2019 y, desde entonces, ha convertido la celebraci\u00f3n en una cita recurrente dentro de Barbie Signature. Cada edici\u00f3n modifica vestidos, colores y accesorios, pero mantiene elementos reconocibles relacionados con la memoria, las flores, las calaveras y la indumentaria elaborada.<\/span><\/p>\n<p><span style=\"font-weight: 400\">Mattel define la colecci\u00f3n como un homenaje a la herencia, la memoria y el arte, en el que los c\u00f3digos tradicionales conviven con elementos de alta moda. A lo largo de los a\u00f1os han aparecido faldas bordadas, rostros inspirados en calaveras, coronas florales y accesorios escult\u00f3ricos, adem\u00e1s de diferentes interpretaciones tanto de Barbie como de Ken.<\/span><\/p>\n<p><span style=\"font-weight: 400\">La compa\u00f1\u00eda incluso ha llevado esta tem\u00e1tica m\u00e1s all\u00e1 de Barbie. Su oferta actual incorpora personajes de otras propiedades, como Skelita Calaveras de Monster High, demostrando c\u00f3mo el D\u00eda de Muertos se ha convertido en una plataforma recurrente dentro de su cat\u00e1logo de coleccionables.<\/span><\/p>\n","protected":false},"author":11628,"featured_media":176807,"template":"","format":"standard","categories":[114],"acf":[],"yoast_head":"<!-- This site is optimized with the Yoast SEO Premium plugin v18.5 (Yoast SEO v20.4) - https:\/\/yoast.com\/wordpress\/plugins\/seo\/ -->\n<title>Barbie: as\u00ed se ve la edici\u00f3n especial 2026 de D\u00eda de Muertos<\/title>\n<meta name=\"description\" content=\"Barbie vuelve a rendir homenaje al D\u00eda de Muertos. Mattel present\u00f3 oficialmente la Barbie Signature D\u00eda de Muertos 2026, la nueva integrante de una\" \/>\n<meta name=\"robots\" content=\"index, follow, max-snippet:-1, max-image-preview:large, max-video-preview:-1\" \/>\n<link rel=\"canonical\" href=\"https:\/\/graziamagazine.com\/mx\/articles\/barbie-edicion-especial-dia-de-muertos-2026\/\" \/>\n<meta property=\"og:locale\" content=\"es_MX\" \/>\n<meta property=\"og:type\" content=\"article\" \/>\n<meta property=\"og:title\" content=\"Barbie: as\u00ed se ve la edici\u00f3n especial 2026 de D\u00eda de Muertos\" \/>\n<meta property=\"og:description\" content=\"Barbie vuelve a rendir homenaje al D\u00eda de Muertos. Mattel present\u00f3 oficialmente la Barbie Signature D\u00eda de Muertos 2026, la nueva integrante de una\" \/>\n<meta property=\"og:url\" content=\"https:\/\/graziamagazine.com\/mx\/articles\/barbie-edicion-especial-dia-de-muertos-2026\/\" \/>\n<meta property=\"og:site_name\" content=\"Grazia M\u00e9xico y Latinoam\u00e9rica\" \/>\n<meta property=\"article:modified_time\" content=\"2026-09-03T22:22:23+00:00\" \/>\n<meta property=\"og:image\" content=\"https:\/\/graziamagazine.com\/mx\/wp-content\/uploads\/sites\/13\/2026\/09\/Untitled-design-7-4.jpg\" \/>\n\t<meta property=\"og:image:width\" content=\"1280\" \/>\n\t<meta property=\"og:image:height\" content=\"720\" \/>\n\t<meta property=\"og:image:type\" content=\"image\/jpeg\" \/>\n<meta name=\"twitter:card\" content=\"summary_large_image\" \/>\n<meta name=\"twitter:label1\" content=\"Est. reading time\" \/>\n\t<meta name=\"twitter:data1\" content=\"4 minutos\" \/>\n<script type=\"application\/ld+json\" class=\"yoast-schema-graph\">{\"@context\":\"https:\/\/schema.org\",\"@graph\":[{\"@type\":\"WebPage\",\"@id\":\"https:\/\/graziamagazine.com\/mx\/articles\/barbie-edicion-especial-dia-de-muertos-2026\/\",\"url\":\"https:\/\/graziamagazine.com\/mx\/articles\/barbie-edicion-especial-dia-de-muertos-2026\/\",\"name\":\"Barbie: as\u00ed se ve la edici\u00f3n especial 2026 de D\u00eda de Muertos\",\"isPartOf\":{\"@id\":\"https:\/\/graziamagazine.com\/mx\/#website\"},\"datePublished\":\"2026-09-03T22:18:05+00:00\",\"dateModified\":\"2026-09-03T22:22:23+00:00\",\"description\":\"Barbie vuelve a rendir homenaje al D\u00eda de Muertos. Mattel present\u00f3 oficialmente la Barbie Signature D\u00eda de Muertos 2026, la nueva integrante de una\",\"breadcrumb\":{\"@id\":\"https:\/\/graziamagazine.com\/mx\/articles\/barbie-edicion-especial-dia-de-muertos-2026\/#breadcrumb\"},\"inLanguage\":\"es-MX\",\"potentialAction\":[{\"@type\":\"ReadAction\",\"target\":[\"https:\/\/graziamagazine.com\/mx\/articles\/barbie-edicion-especial-dia-de-muertos-2026\/\"]}]},{\"@type\":\"BreadcrumbList\",\"@id\":\"https:\/\/graziamagazine.com\/mx\/articles\/barbie-edicion-especial-dia-de-muertos-2026\/#breadcrumb\",\"itemListElement\":[{\"@type\":\"ListItem\",\"position\":1,\"name\":\"Home\",\"item\":\"https:\/\/graziamagazine.com\/mx\/\"},{\"@type\":\"ListItem\",\"position\":2,\"name\":\"Barbie: as\u00ed se ve la edici\u00f3n especial 2026 de D\u00eda de Muertos\"}]},{\"@type\":\"WebSite\",\"@id\":\"https:\/\/graziamagazine.com\/mx\/#website\",\"url\":\"https:\/\/graziamagazine.com\/mx\/\",\"name\":\"Grazia M\u00e9xico y Latinoam\u00e9rica\",\"description\":\"Grazia es moda, belleza y noticias  de actualidad \",\"potentialAction\":[{\"@type\":\"SearchAction\",\"target\":{\"@type\":\"EntryPoint\",\"urlTemplate\":\"https:\/\/graziamagazine.com\/mx\/?s={search_term_string}\"},\"query-input\":\"required name=search_term_string\"}],\"inLanguage\":\"es-MX\"}]}<\/script>\n<!-- \/ Yoast SEO Premium plugin. -->","yoast_head_json":{"title":"Barbie: as\u00ed se ve la edici\u00f3n especial 2026 de D\u00eda de Muertos","description":"Barbie vuelve a rendir homenaje al D\u00eda de Muertos. Mattel present\u00f3 oficialmente la Barbie Signature D\u00eda de Muertos 2026, la nueva integrante de una","robots":{"index":"index","follow":"follow","max-snippet":"max-snippet:-1","max-image-preview":"max-image-preview:large","max-video-preview":"max-video-preview:-1"},"canonical":"https:\/\/graziamagazine.com\/mx\/articles\/barbie-edicion-especial-dia-de-muertos-2026\/","og_locale":"es_MX","og_type":"article","og_title":"Barbie: as\u00ed se ve la edici\u00f3n especial 2026 de D\u00eda de Muertos","og_description":"Barbie vuelve a rendir homenaje al D\u00eda de Muertos. Mattel present\u00f3 oficialmente la Barbie Signature D\u00eda de Muertos 2026, la nueva integrante de una","og_url":"https:\/\/graziamagazine.com\/mx\/articles\/barbie-edicion-especial-dia-de-muertos-2026\/","og_site_name":"Grazia M\u00e9xico y Latinoam\u00e9rica","article_modified_time":"2026-09-03T22:22:23+00:00","og_image":[{"width":1280,"height":720,"url":"https:\/\/graziamagazine.com\/mx\/wp-content\/uploads\/sites\/13\/2026\/09\/Untitled-design-7-4.jpg","type":"image\/jpeg"}],"twitter_card":"summary_large_image","twitter_misc":{"Est. reading time":"4 minutos"},"schema":{"@context":"https:\/\/schema.org","@graph":[{"@type":"WebPage","@id":"https:\/\/graziamagazine.com\/mx\/articles\/barbie-edicion-especial-dia-de-muertos-2026\/","url":"https:\/\/graziamagazine.com\/mx\/articles\/barbie-edicion-especial-dia-de-muertos-2026\/","name":"Barbie: as\u00ed se ve la edici\u00f3n especial 2026 de D\u00eda de Muertos","isPartOf":{"@id":"https:\/\/graziamagazine.com\/mx\/#website"},"datePublished":"2026-09-03T22:18:05+00:00","dateModified":"2026-09-03T22:22:23+00:00","description":"Barbie vuelve a rendir homenaje al D\u00eda de Muertos. Mattel present\u00f3 oficialmente la Barbie Signature D\u00eda de Muertos 2026, la nueva integrante de una","breadcrumb":{"@id":"https:\/\/graziamagazine.com\/mx\/articles\/barbie-edicion-especial-dia-de-muertos-2026\/#breadcrumb"},"inLanguage":"es-MX","potentialAction":[{"@type":"ReadAction","target":["https:\/\/graziamagazine.com\/mx\/articles\/barbie-edicion-especial-dia-de-muertos-2026\/"]}]},{"@type":"BreadcrumbList","@id":"https:\/\/graziamagazine.com\/mx\/articles\/barbie-edicion-especial-dia-de-muertos-2026\/#breadcrumb","itemListElement":[{"@type":"ListItem","position":1,"name":"Home","item":"https:\/\/graziamagazine.com\/mx\/"},{"@type":"ListItem","position":2,"name":"Barbie: as\u00ed se ve la edici\u00f3n especial 2026 de D\u00eda de Muertos"}]},{"@type":"WebSite","@id":"https:\/\/graziamagazine.com\/mx\/#website","url":"https:\/\/graziamagazine.com\/mx\/","name":"Grazia M\u00e9xico y Latinoam\u00e9rica","description":"Grazia es moda, belleza y noticias  de actualidad ","potentialAction":[{"@type":"SearchAction","target":{"@type":"EntryPoint","urlTemplate":"https:\/\/graziamagazine.com\/mx\/?s={search_term_string}"},"query-input":"required name=search_term_string"}],"inLanguage":"es-MX"}]}},"jetpack_sharing_enabled":true,"distributor_meta":false,"distributor_terms":false,"distributor_media":false,"distributor_original_site_name":"Grazia M\u00e9xico y Latinoam\u00e9rica","distributor_original_site_url":"https:\/\/graziamagazine.com\/mx","push-errors":false,"_links":{"self":[{"href":"https:\/\/graziamagazine.com\/mx\/wp-json\/wp\/v2\/articles\/176803"}],"collection":[{"href":"https:\/\/graziamagazine.com\/mx\/wp-json\/wp\/v2\/articles"}],"about":[{"href":"https:\/\/graziamagazine.com\/mx\/wp-json\/wp\/v2\/types\/articles"}],"author":[{"embeddable":true,"href":"https:\/\/graziamagazine.com\/mx\/wp-json\/wp\/v2\/users\/11628"}],"wp:featuredmedia":[{"embeddable":true,"href":"https:\/\/graziamagazine.com\/mx\/wp-json\/wp\/v2\/media\/176807"}],"wp:attachment":[{"href":"https:\/\/graziamagazine.com\/mx\/wp-json\/wp\/v2\/media?parent=176803"}],"wp:term":[{"taxonomy":"category","embeddable":true,"href":"https:\/\/graziamagazine.com\/mx\/wp-json\/wp\/v2\/categories?post=176803"}],"curies":[{"name":"wp","href":"https:\/\/api.w.org\/{rel}","templated":true}]}}