{"id":176791,"date":"2026-09-03T13:18:38","date_gmt":"2026-09-03T18:18:38","guid":{"rendered":"https:\/\/graziamagazine.com\/mx\/?post_type=articles&#038;p=176791"},"modified":"2026-09-03T13:22:49","modified_gmt":"2026-09-03T18:22:49","slug":"sadie-sink-protagoniza-campana-otono-calvin-klein","status":"publish","type":"articles","link":"https:\/\/graziamagazine.com\/mx\/articles\/sadie-sink-protagoniza-campana-otono-calvin-klein\/","title":{"rendered":"Sadie Sink protagoniza la campa\u00f1a de oto\u00f1o de Calvin Klein"},"content":{"rendered":"<p><span style=\"font-weight: 400\">Calvin Klein ha presentado el segundo cap\u00edtulo de su campa\u00f1a de mezclilla Oto\u00f1o 2026 \u201cFeel the Fit\u201d, protagonizada por Sadie Sink. Dirigida por Aidan Zamiri, la campa\u00f1a captura a la actriz en momentos donde ponerse unos jeans Calvin Klein le da energ\u00eda y confianza.\u00a0<\/span><\/p>\n<p><span style=\"font-weight: 400\">Con diferentes estilos, las im\u00e1genes enfatizan la sensualidad caracter\u00edstica de la marca y su actitud moderna. En el video, Sink luce de forma sugerente los nuevos jeans holgados de tiro alto de Calvin Klein mientras baila en una habitaci\u00f3n, con un cepillo de pelo que sirve de micr\u00f3fono, al ritmo de &#8220;I Wanna Be Bad&#8221;, el tema de Willa Ford de 2001.<\/span><\/p>\n<figure id=\"attachment_176793\" aria-describedby=\"caption-attachment-176793\" style=\"width: 1500px\" class=\"wp-caption alignnone\"><img loading=\"lazy\" decoding=\"async\" class=\"size-full wp-image-176793\" src=\"https:\/\/graziamagazine.com\/mx\/wp-content\/uploads\/sites\/13\/2026\/09\/Sadie-Sink-Calvin-4.jpg\" alt=\"\" width=\"1500\" height=\"1200\" srcset=\"https:\/\/graziamagazine.com\/mx\/wp-content\/uploads\/sites\/13\/2026\/09\/Sadie-Sink-Calvin-4.jpg 1500w, https:\/\/graziamagazine.com\/mx\/wp-content\/uploads\/sites\/13\/2026\/09\/Sadie-Sink-Calvin-4-450x360.jpg 450w, https:\/\/graziamagazine.com\/mx\/wp-content\/uploads\/sites\/13\/2026\/09\/Sadie-Sink-Calvin-4-1024x819.jpg 1024w, https:\/\/graziamagazine.com\/mx\/wp-content\/uploads\/sites\/13\/2026\/09\/Sadie-Sink-Calvin-4-768x614.jpg 768w, https:\/\/graziamagazine.com\/mx\/wp-content\/uploads\/sites\/13\/2026\/09\/Sadie-Sink-Calvin-4-400x320.jpg 400w, https:\/\/graziamagazine.com\/mx\/wp-content\/uploads\/sites\/13\/2026\/09\/Sadie-Sink-Calvin-4-155x124.jpg 155w\" sizes=\"(max-width: 1500px) 100vw, 1500px\" \/><figcaption id=\"caption-attachment-176793\" class=\"wp-caption-text\">Foto: Cortes\u00eda de Calvin Klein.<\/figcaption><\/figure>\n<p><span style=\"font-weight: 400\">Tambi\u00e9n podemos ver a la joven de 24 a\u00f1os en ropa interior de Calvin Klein antes de ponerse los jeans rectos estilo a\u00f1os 90 de la marca, luciendo su cabello rojo con rizos sueltos y naturales. En cuanto se los pone, el agua de un lavabo cercano comienza a correr, salpicando a la actriz y provocando un fallo en los aparatos electr\u00f3nicos de la habitaci\u00f3n. \u201cSiente c\u00f3mo te queda\u201d, dice Sink en la voz en off antes de darse la vuelta y sonre\u00edr.<\/span><\/p>\n<p><span style=\"font-weight: 400\">\u201cSolo quiero sentirme yo misma\u201d, dijo Sadie sobre su percepci\u00f3n de la moda en una entrevista. \u201cEstas cosas pueden ser tan abrumadoras, as\u00ed que mientras me sienta yo misma con lo que lleve puesto, me sentir\u00e9 segura, y esa es la prioridad\u201d.<\/span><\/p>\n<p><span style=\"font-weight: 400\">Adem\u00e1s de la campa\u00f1a de Calvin Klein, Sadie ha protagonizado campa\u00f1as con Prada, se ha convertido en musa de Givenchy y ha desfilado para Miu Miu y Kate Spade New York.<\/span><\/p>\n<figure id=\"attachment_176792\" aria-describedby=\"caption-attachment-176792\" style=\"width: 1500px\" class=\"wp-caption alignnone\"><img loading=\"lazy\" decoding=\"async\" class=\"size-full wp-image-176792\" src=\"https:\/\/graziamagazine.com\/mx\/wp-content\/uploads\/sites\/13\/2026\/09\/main-8a2d94f46f104ba18d742ea20dc771c0.jpg\" alt=\"\" width=\"1500\" height=\"1125\" srcset=\"https:\/\/graziamagazine.com\/mx\/wp-content\/uploads\/sites\/13\/2026\/09\/main-8a2d94f46f104ba18d742ea20dc771c0.jpg 1500w, https:\/\/graziamagazine.com\/mx\/wp-content\/uploads\/sites\/13\/2026\/09\/main-8a2d94f46f104ba18d742ea20dc771c0-450x338.jpg 450w, https:\/\/graziamagazine.com\/mx\/wp-content\/uploads\/sites\/13\/2026\/09\/main-8a2d94f46f104ba18d742ea20dc771c0-1024x768.jpg 1024w, https:\/\/graziamagazine.com\/mx\/wp-content\/uploads\/sites\/13\/2026\/09\/main-8a2d94f46f104ba18d742ea20dc771c0-768x576.jpg 768w, https:\/\/graziamagazine.com\/mx\/wp-content\/uploads\/sites\/13\/2026\/09\/main-8a2d94f46f104ba18d742ea20dc771c0-400x300.jpg 400w, https:\/\/graziamagazine.com\/mx\/wp-content\/uploads\/sites\/13\/2026\/09\/main-8a2d94f46f104ba18d742ea20dc771c0-155x116.jpg 155w\" sizes=\"(max-width: 1500px) 100vw, 1500px\" \/><figcaption id=\"caption-attachment-176792\" class=\"wp-caption-text\">Foto: Cortes\u00eda de Calvin Klein.<\/figcaption><\/figure>\n<p><span style=\"font-weight: 400\">&#8220;Combinar la actuaci\u00f3n con la moda, y colaborar con marcas que nunca imagin\u00e9 que usar\u00eda o poseer\u00eda, ha sido absolutamente incre\u00edble&#8221;, dijo en otra entrevista en diciembre pasado.<\/span><\/p>\n<p><span style=\"font-weight: 400\">Los modelos destacados de la campa\u00f1a Oto\u00f1o 2026 \u201cFeel the Fit\u201d de Calvin Klein est\u00e1n disponibles a nivel mundial en calvinklein.com y en sus tiendas insignia.<\/span><\/p>\n<p><iframe loading=\"lazy\" title=\"Sadie Sink in the Perfect Denim | Calvin Klein Fall 2026\" width=\"500\" height=\"281\" src=\"https:\/\/www.youtube.com\/embed\/We_VjVJ7_cs?feature=oembed\" frameborder=\"0\" allow=\"accelerometer; autoplay; clipboard-write; encrypted-media; gyroscope; picture-in-picture; web-share\" referrerpolicy=\"strict-origin-when-cross-origin\" allowfullscreen><\/iframe><\/p>\n","protected":false},"author":11628,"featured_media":176794,"template":"","format":"standard","categories":[4],"acf":[],"yoast_head":"<!-- This site is optimized with the Yoast SEO Premium plugin v18.5 (Yoast SEO v20.4) - https:\/\/yoast.com\/wordpress\/plugins\/seo\/ -->\n<title>Sadie Sink protagoniza la campa\u00f1a de oto\u00f1o de Calvin Klein<\/title>\n<meta name=\"description\" content=\"Calvin Klein ha presentado el segundo cap\u00edtulo de su campa\u00f1a de mezclilla Oto\u00f1o 2026 \u201cFeel the Fit\u201d, protagonizada por Sadie Sink. Dirigida por Aidan\" \/>\n<meta name=\"robots\" content=\"index, follow, max-snippet:-1, max-image-preview:large, max-video-preview:-1\" \/>\n<link rel=\"canonical\" href=\"https:\/\/graziamagazine.com\/mx\/articles\/sadie-sink-protagoniza-campana-otono-calvin-klein\/\" \/>\n<meta property=\"og:locale\" content=\"es_MX\" \/>\n<meta property=\"og:type\" content=\"article\" \/>\n<meta property=\"og:title\" content=\"Sadie Sink protagoniza la campa\u00f1a de oto\u00f1o de Calvin Klein\" \/>\n<meta property=\"og:description\" content=\"Calvin Klein ha presentado el segundo cap\u00edtulo de su campa\u00f1a de mezclilla Oto\u00f1o 2026 \u201cFeel the Fit\u201d, protagonizada por Sadie Sink. Dirigida por Aidan\" \/>\n<meta property=\"og:url\" content=\"https:\/\/graziamagazine.com\/mx\/articles\/sadie-sink-protagoniza-campana-otono-calvin-klein\/\" \/>\n<meta property=\"og:site_name\" content=\"Grazia M\u00e9xico y Latinoam\u00e9rica\" \/>\n<meta property=\"article:modified_time\" content=\"2026-09-03T18:22:49+00:00\" \/>\n<meta property=\"og:image\" content=\"https:\/\/graziamagazine.com\/mx\/wp-content\/uploads\/sites\/13\/2026\/09\/Untitled-design-8.jpg\" \/>\n\t<meta property=\"og:image:width\" content=\"1280\" \/>\n\t<meta property=\"og:image:height\" content=\"720\" \/>\n\t<meta property=\"og:image:type\" content=\"image\/jpeg\" \/>\n<meta name=\"twitter:card\" content=\"summary_large_image\" \/>\n<meta name=\"twitter:label1\" content=\"Est. reading time\" \/>\n\t<meta name=\"twitter:data1\" content=\"2 minutos\" \/>\n<script type=\"application\/ld+json\" class=\"yoast-schema-graph\">{\"@context\":\"https:\/\/schema.org\",\"@graph\":[{\"@type\":\"WebPage\",\"@id\":\"https:\/\/graziamagazine.com\/mx\/articles\/sadie-sink-protagoniza-campana-otono-calvin-klein\/\",\"url\":\"https:\/\/graziamagazine.com\/mx\/articles\/sadie-sink-protagoniza-campana-otono-calvin-klein\/\",\"name\":\"Sadie Sink protagoniza la campa\u00f1a de oto\u00f1o de Calvin Klein\",\"isPartOf\":{\"@id\":\"https:\/\/graziamagazine.com\/mx\/#website\"},\"datePublished\":\"2026-09-03T18:18:38+00:00\",\"dateModified\":\"2026-09-03T18:22:49+00:00\",\"description\":\"Calvin Klein ha presentado el segundo cap\u00edtulo de su campa\u00f1a de mezclilla Oto\u00f1o 2026 \u201cFeel the Fit\u201d, protagonizada por Sadie Sink. Dirigida por Aidan\",\"breadcrumb\":{\"@id\":\"https:\/\/graziamagazine.com\/mx\/articles\/sadie-sink-protagoniza-campana-otono-calvin-klein\/#breadcrumb\"},\"inLanguage\":\"es-MX\",\"potentialAction\":[{\"@type\":\"ReadAction\",\"target\":[\"https:\/\/graziamagazine.com\/mx\/articles\/sadie-sink-protagoniza-campana-otono-calvin-klein\/\"]}]},{\"@type\":\"BreadcrumbList\",\"@id\":\"https:\/\/graziamagazine.com\/mx\/articles\/sadie-sink-protagoniza-campana-otono-calvin-klein\/#breadcrumb\",\"itemListElement\":[{\"@type\":\"ListItem\",\"position\":1,\"name\":\"Home\",\"item\":\"https:\/\/graziamagazine.com\/mx\/\"},{\"@type\":\"ListItem\",\"position\":2,\"name\":\"Sadie Sink protagoniza la campa\u00f1a de oto\u00f1o de Calvin Klein\"}]},{\"@type\":\"WebSite\",\"@id\":\"https:\/\/graziamagazine.com\/mx\/#website\",\"url\":\"https:\/\/graziamagazine.com\/mx\/\",\"name\":\"Grazia M\u00e9xico y Latinoam\u00e9rica\",\"description\":\"Grazia es moda, belleza y noticias  de actualidad \",\"potentialAction\":[{\"@type\":\"SearchAction\",\"target\":{\"@type\":\"EntryPoint\",\"urlTemplate\":\"https:\/\/graziamagazine.com\/mx\/?s={search_term_string}\"},\"query-input\":\"required name=search_term_string\"}],\"inLanguage\":\"es-MX\"}]}<\/script>\n<!-- \/ Yoast SEO Premium plugin. -->","yoast_head_json":{"title":"Sadie Sink protagoniza la campa\u00f1a de oto\u00f1o de Calvin Klein","description":"Calvin Klein ha presentado el segundo cap\u00edtulo de su campa\u00f1a de mezclilla Oto\u00f1o 2026 \u201cFeel the Fit\u201d, protagonizada por Sadie Sink. Dirigida por Aidan","robots":{"index":"index","follow":"follow","max-snippet":"max-snippet:-1","max-image-preview":"max-image-preview:large","max-video-preview":"max-video-preview:-1"},"canonical":"https:\/\/graziamagazine.com\/mx\/articles\/sadie-sink-protagoniza-campana-otono-calvin-klein\/","og_locale":"es_MX","og_type":"article","og_title":"Sadie Sink protagoniza la campa\u00f1a de oto\u00f1o de Calvin Klein","og_description":"Calvin Klein ha presentado el segundo cap\u00edtulo de su campa\u00f1a de mezclilla Oto\u00f1o 2026 \u201cFeel the Fit\u201d, protagonizada por Sadie Sink. Dirigida por Aidan","og_url":"https:\/\/graziamagazine.com\/mx\/articles\/sadie-sink-protagoniza-campana-otono-calvin-klein\/","og_site_name":"Grazia M\u00e9xico y Latinoam\u00e9rica","article_modified_time":"2026-09-03T18:22:49+00:00","og_image":[{"width":1280,"height":720,"url":"https:\/\/graziamagazine.com\/mx\/wp-content\/uploads\/sites\/13\/2026\/09\/Untitled-design-8.jpg","type":"image\/jpeg"}],"twitter_card":"summary_large_image","twitter_misc":{"Est. reading time":"2 minutos"},"schema":{"@context":"https:\/\/schema.org","@graph":[{"@type":"WebPage","@id":"https:\/\/graziamagazine.com\/mx\/articles\/sadie-sink-protagoniza-campana-otono-calvin-klein\/","url":"https:\/\/graziamagazine.com\/mx\/articles\/sadie-sink-protagoniza-campana-otono-calvin-klein\/","name":"Sadie Sink protagoniza la campa\u00f1a de oto\u00f1o de Calvin Klein","isPartOf":{"@id":"https:\/\/graziamagazine.com\/mx\/#website"},"datePublished":"2026-09-03T18:18:38+00:00","dateModified":"2026-09-03T18:22:49+00:00","description":"Calvin Klein ha presentado el segundo cap\u00edtulo de su campa\u00f1a de mezclilla Oto\u00f1o 2026 \u201cFeel the Fit\u201d, protagonizada por Sadie Sink. Dirigida por Aidan","breadcrumb":{"@id":"https:\/\/graziamagazine.com\/mx\/articles\/sadie-sink-protagoniza-campana-otono-calvin-klein\/#breadcrumb"},"inLanguage":"es-MX","potentialAction":[{"@type":"ReadAction","target":["https:\/\/graziamagazine.com\/mx\/articles\/sadie-sink-protagoniza-campana-otono-calvin-klein\/"]}]},{"@type":"BreadcrumbList","@id":"https:\/\/graziamagazine.com\/mx\/articles\/sadie-sink-protagoniza-campana-otono-calvin-klein\/#breadcrumb","itemListElement":[{"@type":"ListItem","position":1,"name":"Home","item":"https:\/\/graziamagazine.com\/mx\/"},{"@type":"ListItem","position":2,"name":"Sadie Sink protagoniza la campa\u00f1a de oto\u00f1o de Calvin Klein"}]},{"@type":"WebSite","@id":"https:\/\/graziamagazine.com\/mx\/#website","url":"https:\/\/graziamagazine.com\/mx\/","name":"Grazia M\u00e9xico y Latinoam\u00e9rica","description":"Grazia es moda, belleza y noticias  de actualidad ","potentialAction":[{"@type":"SearchAction","target":{"@type":"EntryPoint","urlTemplate":"https:\/\/graziamagazine.com\/mx\/?s={search_term_string}"},"query-input":"required name=search_term_string"}],"inLanguage":"es-MX"}]}},"jetpack_sharing_enabled":true,"distributor_meta":false,"distributor_terms":false,"distributor_media":false,"distributor_original_site_name":"Grazia M\u00e9xico y Latinoam\u00e9rica","distributor_original_site_url":"https:\/\/graziamagazine.com\/mx","push-errors":false,"_links":{"self":[{"href":"https:\/\/graziamagazine.com\/mx\/wp-json\/wp\/v2\/articles\/176791"}],"collection":[{"href":"https:\/\/graziamagazine.com\/mx\/wp-json\/wp\/v2\/articles"}],"about":[{"href":"https:\/\/graziamagazine.com\/mx\/wp-json\/wp\/v2\/types\/articles"}],"author":[{"embeddable":true,"href":"https:\/\/graziamagazine.com\/mx\/wp-json\/wp\/v2\/users\/11628"}],"wp:featuredmedia":[{"embeddable":true,"href":"https:\/\/graziamagazine.com\/mx\/wp-json\/wp\/v2\/media\/176794"}],"wp:attachment":[{"href":"https:\/\/graziamagazine.com\/mx\/wp-json\/wp\/v2\/media?parent=176791"}],"wp:term":[{"taxonomy":"category","embeddable":true,"href":"https:\/\/graziamagazine.com\/mx\/wp-json\/wp\/v2\/categories?post=176791"}],"curies":[{"name":"wp","href":"https:\/\/api.w.org\/{rel}","templated":true}]}}