{"id":176788,"date":"2026-09-03T12:58:07","date_gmt":"2026-09-03T17:58:07","guid":{"rendered":"https:\/\/graziamagazine.com\/mx\/?post_type=articles&#038;p=176788"},"modified":"2026-09-03T12:59:17","modified_gmt":"2026-09-03T17:59:17","slug":"mitos-del-pelirrojo-no-temas-al-tono-mas-intenso-de-la-temporada","status":"publish","type":"articles","link":"https:\/\/graziamagazine.com\/mx\/articles\/mitos-del-pelirrojo-no-temas-al-tono-mas-intenso-de-la-temporada\/","title":{"rendered":"Mitos del pelirrojo: \u00a1no temas al tono m\u00e1s intenso de la temporada!"},"content":{"rendered":"<p><span style=\"font-weight: 400\">Hay colores de cabello que funcionan como un b\u00e1sico y otros capaces de cambiar por completo el mood de un look. El pelirrojo definitivamente pertenece al segundo grupo. C\u00e1lido, intenso y lleno de personalidad, puede ir desde tonos cobrizos hasta rojizos profundos, caobas o borgo\u00f1as que pueden darle un giro completamente diferente al cabello.<\/span><\/p>\n<p><span style=\"font-weight: 400\">El pr\u00f3ximo 7 de septiembre, D\u00eda Mundial del Pelirrojo, es la excusa perfecta para perderle el miedo a uno de los colores m\u00e1s llamativos de cabello. Porque detr\u00e1s del \u201cme encanta, pero no s\u00e9 si me quedar\u00eda\u201d todav\u00eda hay varios mitos que vale la pena dejar atr\u00e1s.<\/span><\/p>\n<p><b>Mito 1: \u201cEl pelirrojo es demasiado intenso para m\u00ed\u201d<\/b><\/p>\n<p><span style=\"font-weight: 400\">Realidad: no todos los pelirrojos tienen que ser s\u00faper intensos. Si un rojo vibrante se siente demasiado, puedes acercarte a tonos con reflejos cobrizos, caoba o rojizos. Y si quieres que tu cabello sea el protagonista, puedes apostar por tonalidades m\u00e1s visibles.<\/span><\/p>\n<p><span style=\"font-weight: 400\">Todo est\u00e1 en elegir qu\u00e9 tan sutil o intenso quieres que sea el cambio.<\/span><\/p>\n<p><b>Mito 2: \u201cSolo le queda bien a ciertos tonos de piel\u201d<\/b><\/p>\n<p><span style=\"font-weight: 400\">Realidad: no existe una sola forma de llevar el pelirrojo. Hay opciones m\u00e1s c\u00e1lidas, cobrizas, profundas o cercanas al borgo\u00f1a, por lo que puedes buscar aquella con la que te sientas m\u00e1s c\u00f3moda y que vaya mejor con tu estilo.<\/span><\/p>\n<p><span style=\"font-weight: 400\">M\u00e1s que seguir reglas, piensa en qu\u00e9 tan c\u00e1lido, profundo o visible quieres llevar el color.<\/span><\/p>\n<figure id=\"attachment_176789\" aria-describedby=\"caption-attachment-176789\" style=\"width: 1536px\" class=\"wp-caption alignnone\"><img loading=\"lazy\" decoding=\"async\" class=\"size-full wp-image-176789\" src=\"https:\/\/graziamagazine.com\/mx\/wp-content\/uploads\/sites\/13\/2026\/09\/Pelirroja.jpg\" alt=\"\" width=\"1536\" height=\"852\" srcset=\"https:\/\/graziamagazine.com\/mx\/wp-content\/uploads\/sites\/13\/2026\/09\/Pelirroja.jpg 1536w, https:\/\/graziamagazine.com\/mx\/wp-content\/uploads\/sites\/13\/2026\/09\/Pelirroja-450x250.jpg 450w, https:\/\/graziamagazine.com\/mx\/wp-content\/uploads\/sites\/13\/2026\/09\/Pelirroja-1024x568.jpg 1024w, https:\/\/graziamagazine.com\/mx\/wp-content\/uploads\/sites\/13\/2026\/09\/Pelirroja-768x426.jpg 768w, https:\/\/graziamagazine.com\/mx\/wp-content\/uploads\/sites\/13\/2026\/09\/Pelirroja-400x222.jpg 400w, https:\/\/graziamagazine.com\/mx\/wp-content\/uploads\/sites\/13\/2026\/09\/Pelirroja-155x86.jpg 155w\" sizes=\"(max-width: 1536px) 100vw, 1536px\" \/><figcaption id=\"caption-attachment-176789\" class=\"wp-caption-text\">Foto: Cortes\u00eda de Wella.<\/figcaption><\/figure>\n<p><b>Mito 3: \u201cTengo el cabello oscuro, as\u00ed que el rojo no es para m\u00ed\u201d<\/b><\/p>\n<p><span style=\"font-weight: 400\">Realidad: tener una base oscura no significa renunciar a los rojizos. Los tonos caoba, borgo\u00f1a y rojizos profundos pueden renovar el cabello manteniendo profundidad y sumando reflejos que se perciben de manera diferente seg\u00fan la luz.<\/span><\/p>\n<p><span style=\"font-weight: 400\">Eso s\u00ed: si buscas pasar de un cabello muy oscuro a un tono mucho m\u00e1s claro o quieres un cambio de alto contraste, lo mejor es acudir con un profesional.<\/span><\/p>\n<p><b>Mito 4: \u201cCon el pelo rojo voy a tener que cambiar todo mi cl\u00f3set\u201d<\/b><\/p>\n<p><span style=\"font-weight: 400\">Realidad: todo lo contrario. Piensa en ese mood de \u201cmi outfit es b\u00e1sico porque el accesorio es mi cabello\u201d.<\/span><\/p>\n<p><span style=\"font-weight: 400\">Un tono rojizo puede convertirse en el statement del look y hacer que unos jeans con camiseta blanca, un total black o un conjunto neutro se sientan mucho m\u00e1s interesantes.<\/span><\/p>\n<p><span style=\"font-weight: 400\">Cobres, caobas y rojizos pueden convertirse en ese accesorio que no te tienes que quitar: aportan color y personalidad incluso al look m\u00e1s sencillo. A veces, el mejor styling empieza antes de abrir el cl\u00f3set.<\/span><\/p>\n<p><b>Mito 5: \u201cUn color intenso nunca se ver\u00e1 natural\u201d<\/b><\/p>\n<p><span style=\"font-weight: 400\">Realidad: intenso no significa exagerado. Un tono con personalidad tambi\u00e9n puede verse sofisticado cuando el cabello conserva brillo, movimiento y una apariencia cuidada.<\/span><\/p>\n<p><span style=\"font-weight: 400\">Y despu\u00e9s de encontrar ese rojo que va contigo, mantener el cabello cuidado tambi\u00e9n forma parte del resultado. Evitar el agua demasiado caliente, moderar el uso de herramientas t\u00e9rmicas y utilizar productos para cabello te\u00f1ido puede ayudar a conservar su brillo y suavidad.<\/span><\/p>\n","protected":false},"author":11628,"featured_media":176790,"template":"","format":"standard","categories":[3],"acf":[],"yoast_head":"<!-- This site is optimized with the Yoast SEO Premium plugin v18.5 (Yoast SEO v20.4) - https:\/\/yoast.com\/wordpress\/plugins\/seo\/ -->\n<title>Mitos del pelirrojo: \u00a1no temas al tono m\u00e1s intenso de la temporada!<\/title>\n<meta name=\"description\" content=\"Hay colores de cabello que funcionan como un b\u00e1sico y otros capaces de cambiar por completo el mood de un look. El pelirrojo definitivamente pertenece al\" \/>\n<meta name=\"robots\" content=\"index, follow, max-snippet:-1, max-image-preview:large, max-video-preview:-1\" \/>\n<link rel=\"canonical\" href=\"https:\/\/graziamagazine.com\/mx\/articles\/mitos-del-pelirrojo-no-temas-al-tono-mas-intenso-de-la-temporada\/\" \/>\n<meta property=\"og:locale\" content=\"es_MX\" \/>\n<meta property=\"og:type\" content=\"article\" \/>\n<meta property=\"og:title\" content=\"Mitos del pelirrojo: \u00a1no temas al tono m\u00e1s intenso de la temporada!\" \/>\n<meta property=\"og:description\" content=\"Hay colores de cabello que funcionan como un b\u00e1sico y otros capaces de cambiar por completo el mood de un look. El pelirrojo definitivamente pertenece al\" \/>\n<meta property=\"og:url\" content=\"https:\/\/graziamagazine.com\/mx\/articles\/mitos-del-pelirrojo-no-temas-al-tono-mas-intenso-de-la-temporada\/\" \/>\n<meta property=\"og:site_name\" content=\"Grazia M\u00e9xico y Latinoam\u00e9rica\" \/>\n<meta property=\"article:modified_time\" content=\"2026-09-03T17:59:17+00:00\" \/>\n<meta property=\"og:image\" content=\"https:\/\/graziamagazine.com\/mx\/wp-content\/uploads\/sites\/13\/2026\/09\/Untitled-design-7-3.jpg\" \/>\n\t<meta property=\"og:image:width\" content=\"1280\" \/>\n\t<meta property=\"og:image:height\" content=\"720\" \/>\n\t<meta property=\"og:image:type\" content=\"image\/jpeg\" \/>\n<meta name=\"twitter:card\" content=\"summary_large_image\" \/>\n<meta name=\"twitter:label1\" content=\"Est. reading time\" \/>\n\t<meta name=\"twitter:data1\" content=\"3 minutos\" \/>\n<script type=\"application\/ld+json\" class=\"yoast-schema-graph\">{\"@context\":\"https:\/\/schema.org\",\"@graph\":[{\"@type\":\"WebPage\",\"@id\":\"https:\/\/graziamagazine.com\/mx\/articles\/mitos-del-pelirrojo-no-temas-al-tono-mas-intenso-de-la-temporada\/\",\"url\":\"https:\/\/graziamagazine.com\/mx\/articles\/mitos-del-pelirrojo-no-temas-al-tono-mas-intenso-de-la-temporada\/\",\"name\":\"Mitos del pelirrojo: \u00a1no temas al tono m\u00e1s intenso de la temporada!\",\"isPartOf\":{\"@id\":\"https:\/\/graziamagazine.com\/mx\/#website\"},\"datePublished\":\"2026-09-03T17:58:07+00:00\",\"dateModified\":\"2026-09-03T17:59:17+00:00\",\"description\":\"Hay colores de cabello que funcionan como un b\u00e1sico y otros capaces de cambiar por completo el mood de un look. El pelirrojo definitivamente pertenece al\",\"breadcrumb\":{\"@id\":\"https:\/\/graziamagazine.com\/mx\/articles\/mitos-del-pelirrojo-no-temas-al-tono-mas-intenso-de-la-temporada\/#breadcrumb\"},\"inLanguage\":\"es-MX\",\"potentialAction\":[{\"@type\":\"ReadAction\",\"target\":[\"https:\/\/graziamagazine.com\/mx\/articles\/mitos-del-pelirrojo-no-temas-al-tono-mas-intenso-de-la-temporada\/\"]}]},{\"@type\":\"BreadcrumbList\",\"@id\":\"https:\/\/graziamagazine.com\/mx\/articles\/mitos-del-pelirrojo-no-temas-al-tono-mas-intenso-de-la-temporada\/#breadcrumb\",\"itemListElement\":[{\"@type\":\"ListItem\",\"position\":1,\"name\":\"Home\",\"item\":\"https:\/\/graziamagazine.com\/mx\/\"},{\"@type\":\"ListItem\",\"position\":2,\"name\":\"Mitos del pelirrojo: \u00a1no temas al tono m\u00e1s intenso de la temporada!\"}]},{\"@type\":\"WebSite\",\"@id\":\"https:\/\/graziamagazine.com\/mx\/#website\",\"url\":\"https:\/\/graziamagazine.com\/mx\/\",\"name\":\"Grazia M\u00e9xico y Latinoam\u00e9rica\",\"description\":\"Grazia es moda, belleza y noticias  de actualidad \",\"potentialAction\":[{\"@type\":\"SearchAction\",\"target\":{\"@type\":\"EntryPoint\",\"urlTemplate\":\"https:\/\/graziamagazine.com\/mx\/?s={search_term_string}\"},\"query-input\":\"required name=search_term_string\"}],\"inLanguage\":\"es-MX\"}]}<\/script>\n<!-- \/ Yoast SEO Premium plugin. -->","yoast_head_json":{"title":"Mitos del pelirrojo: \u00a1no temas al tono m\u00e1s intenso de la temporada!","description":"Hay colores de cabello que funcionan como un b\u00e1sico y otros capaces de cambiar por completo el mood de un look. El pelirrojo definitivamente pertenece al","robots":{"index":"index","follow":"follow","max-snippet":"max-snippet:-1","max-image-preview":"max-image-preview:large","max-video-preview":"max-video-preview:-1"},"canonical":"https:\/\/graziamagazine.com\/mx\/articles\/mitos-del-pelirrojo-no-temas-al-tono-mas-intenso-de-la-temporada\/","og_locale":"es_MX","og_type":"article","og_title":"Mitos del pelirrojo: \u00a1no temas al tono m\u00e1s intenso de la temporada!","og_description":"Hay colores de cabello que funcionan como un b\u00e1sico y otros capaces de cambiar por completo el mood de un look. El pelirrojo definitivamente pertenece al","og_url":"https:\/\/graziamagazine.com\/mx\/articles\/mitos-del-pelirrojo-no-temas-al-tono-mas-intenso-de-la-temporada\/","og_site_name":"Grazia M\u00e9xico y Latinoam\u00e9rica","article_modified_time":"2026-09-03T17:59:17+00:00","og_image":[{"width":1280,"height":720,"url":"https:\/\/graziamagazine.com\/mx\/wp-content\/uploads\/sites\/13\/2026\/09\/Untitled-design-7-3.jpg","type":"image\/jpeg"}],"twitter_card":"summary_large_image","twitter_misc":{"Est. reading time":"3 minutos"},"schema":{"@context":"https:\/\/schema.org","@graph":[{"@type":"WebPage","@id":"https:\/\/graziamagazine.com\/mx\/articles\/mitos-del-pelirrojo-no-temas-al-tono-mas-intenso-de-la-temporada\/","url":"https:\/\/graziamagazine.com\/mx\/articles\/mitos-del-pelirrojo-no-temas-al-tono-mas-intenso-de-la-temporada\/","name":"Mitos del pelirrojo: \u00a1no temas al tono m\u00e1s intenso de la temporada!","isPartOf":{"@id":"https:\/\/graziamagazine.com\/mx\/#website"},"datePublished":"2026-09-03T17:58:07+00:00","dateModified":"2026-09-03T17:59:17+00:00","description":"Hay colores de cabello que funcionan como un b\u00e1sico y otros capaces de cambiar por completo el mood de un look. El pelirrojo definitivamente pertenece al","breadcrumb":{"@id":"https:\/\/graziamagazine.com\/mx\/articles\/mitos-del-pelirrojo-no-temas-al-tono-mas-intenso-de-la-temporada\/#breadcrumb"},"inLanguage":"es-MX","potentialAction":[{"@type":"ReadAction","target":["https:\/\/graziamagazine.com\/mx\/articles\/mitos-del-pelirrojo-no-temas-al-tono-mas-intenso-de-la-temporada\/"]}]},{"@type":"BreadcrumbList","@id":"https:\/\/graziamagazine.com\/mx\/articles\/mitos-del-pelirrojo-no-temas-al-tono-mas-intenso-de-la-temporada\/#breadcrumb","itemListElement":[{"@type":"ListItem","position":1,"name":"Home","item":"https:\/\/graziamagazine.com\/mx\/"},{"@type":"ListItem","position":2,"name":"Mitos del pelirrojo: \u00a1no temas al tono m\u00e1s intenso de la temporada!"}]},{"@type":"WebSite","@id":"https:\/\/graziamagazine.com\/mx\/#website","url":"https:\/\/graziamagazine.com\/mx\/","name":"Grazia M\u00e9xico y Latinoam\u00e9rica","description":"Grazia es moda, belleza y noticias  de actualidad ","potentialAction":[{"@type":"SearchAction","target":{"@type":"EntryPoint","urlTemplate":"https:\/\/graziamagazine.com\/mx\/?s={search_term_string}"},"query-input":"required name=search_term_string"}],"inLanguage":"es-MX"}]}},"jetpack_sharing_enabled":true,"distributor_meta":false,"distributor_terms":false,"distributor_media":false,"distributor_original_site_name":"Grazia M\u00e9xico y Latinoam\u00e9rica","distributor_original_site_url":"https:\/\/graziamagazine.com\/mx","push-errors":false,"_links":{"self":[{"href":"https:\/\/graziamagazine.com\/mx\/wp-json\/wp\/v2\/articles\/176788"}],"collection":[{"href":"https:\/\/graziamagazine.com\/mx\/wp-json\/wp\/v2\/articles"}],"about":[{"href":"https:\/\/graziamagazine.com\/mx\/wp-json\/wp\/v2\/types\/articles"}],"author":[{"embeddable":true,"href":"https:\/\/graziamagazine.com\/mx\/wp-json\/wp\/v2\/users\/11628"}],"wp:featuredmedia":[{"embeddable":true,"href":"https:\/\/graziamagazine.com\/mx\/wp-json\/wp\/v2\/media\/176790"}],"wp:attachment":[{"href":"https:\/\/graziamagazine.com\/mx\/wp-json\/wp\/v2\/media?parent=176788"}],"wp:term":[{"taxonomy":"category","embeddable":true,"href":"https:\/\/graziamagazine.com\/mx\/wp-json\/wp\/v2\/categories?post=176788"}],"curies":[{"name":"wp","href":"https:\/\/api.w.org\/{rel}","templated":true}]}}