{"id":176756,"date":"2026-09-03T11:30:05","date_gmt":"2026-09-03T16:30:05","guid":{"rendered":"https:\/\/graziamagazine.com\/mx\/?post_type=articles&#038;p=176756"},"modified":"2026-09-03T11:44:05","modified_gmt":"2026-09-03T16:44:05","slug":"peinado-beehive-anos-60-otono-2026","status":"publish","type":"articles","link":"https:\/\/graziamagazine.com\/mx\/articles\/peinado-beehive-anos-60-otono-2026\/","title":{"rendered":"El beehive, el peinado de los 60 que vuelve este oto\u00f1o"},"content":{"rendered":"<p class=\"isSelectedEnd\">El cabello tambi\u00e9n tiene memoria. Esta temporada, la belleza vuelve la mirada hacia los a\u00f1os sesenta para recuperar uno de sus gestos m\u00e1s reconocibles: el beehive. La silueta abombada, elevada y cuidadosamente estructurada que alguna vez defini\u00f3 el glamour de la d\u00e9cada regresa al radar con una interpretaci\u00f3n menos literal y mucho m\u00e1s contempor\u00e1nea.<\/p>\n<p class=\"isSelectedEnd\">Su nombre, que significa literalmente \u201ccolmena\u201d, hace referencia a la forma redondeada que se construye sobre la coronilla. El peinado fue creado en 1960 por la peluquera estadounidense Margaret Vinci Heldt y r\u00e1pidamente se convirti\u00f3 en uno de los grandes s\u00edmbolos capilares de la \u00e9poca.<\/p>\n<p class=\"isSelectedEnd\">Ahora, m\u00e1s de seis d\u00e9cadas despu\u00e9s, el volumen vuelve a ser protagonista. Las tendencias de belleza de oto\u00f1o-invierno 2026 recuperan precisamente esa fascinaci\u00f3n por los c\u00f3digos retro, pero los mezclan con una est\u00e9tica m\u00e1s espont\u00e1nea y menos perfecta.<\/p>\n<h3>De la colmena sesentera al nuevo glamour<\/h3>\n<figure id=\"attachment_176762\" aria-describedby=\"caption-attachment-176762\" style=\"width: 720px\" class=\"wp-caption alignnone\"><img loading=\"lazy\" decoding=\"async\" class=\"wp-image-176762\" src=\"https:\/\/graziamagazine.com\/mx\/wp-content\/uploads\/sites\/13\/2026\/09\/2149435264.jpeg\" alt=\"Zendaya con el cabello rubio ceniza peinado con volumen retro y una diadema delgada rosa, luciendo una prenda ajustada rosa claro de cuello tipo polo.\" width=\"720\" height=\"1080\" srcset=\"https:\/\/graziamagazine.com\/mx\/wp-content\/uploads\/sites\/13\/2026\/09\/2149435264.jpeg 1600w, https:\/\/graziamagazine.com\/mx\/wp-content\/uploads\/sites\/13\/2026\/09\/2149435264-300x450.jpeg 300w, https:\/\/graziamagazine.com\/mx\/wp-content\/uploads\/sites\/13\/2026\/09\/2149435264-683x1024.jpeg 683w, https:\/\/graziamagazine.com\/mx\/wp-content\/uploads\/sites\/13\/2026\/09\/2149435264-768x1152.jpeg 768w, https:\/\/graziamagazine.com\/mx\/wp-content\/uploads\/sites\/13\/2026\/09\/2149435264-1024x1536.jpeg 1024w, https:\/\/graziamagazine.com\/mx\/wp-content\/uploads\/sites\/13\/2026\/09\/2149435264-1366x2048.jpeg 1366w, https:\/\/graziamagazine.com\/mx\/wp-content\/uploads\/sites\/13\/2026\/09\/2149435264-400x600.jpeg 400w, https:\/\/graziamagazine.com\/mx\/wp-content\/uploads\/sites\/13\/2026\/09\/2149435264-143x215.jpeg 143w\" sizes=\"(max-width: 720px) 100vw, 720px\" \/><figcaption id=\"caption-attachment-176762\" class=\"wp-caption-text\">La reinterpretaci\u00f3n moderna del beehive incorpora accesorios delicados que evocan una elegancia nost\u00e1lgica ideal para la temporada. Foto: Pinterest.<\/figcaption><\/figure>\n<p class=\"isSelectedEnd\">El beehive naci\u00f3 en un momento en el que el cabello comenz\u00f3 a convertirse en una herramienta de expresi\u00f3n tan importante como la ropa. Su espectacular altura contrastaba con los peinados m\u00e1s contenidos de d\u00e9cadas anteriores y encajaba con el esp\u00edritu experimental de los a\u00f1os sesenta.<\/p>\n<p class=\"isSelectedEnd\">Cantantes, actrices e iconos de estilo adoptaron r\u00e1pidamente esta silueta. Dusty Springfield y Ronnie Spector la convirtieron en parte esencial de su imagen, mientras que Audrey Hepburn ofreci\u00f3 una de sus interpretaciones m\u00e1s sofisticadas. D\u00e9cadas despu\u00e9s, Amy Winehouse recuper\u00f3 el volumen extremo y lo convirti\u00f3 nuevamente en una declaraci\u00f3n est\u00e9tica.<\/p>\n<p class=\"isSelectedEnd\">Su regreso en 2026 no exige, sin embargo, reproducir aquella arquitectura capilar al mil\u00edmetro. El nuevo beehive puede ser mucho m\u00e1s sutil: unos cent\u00edmetros adicionales de volumen en la coronilla son suficientes para evocar su esp\u00edritu.<\/p>\n<h3>El volumen como protagonista<\/h3>\n<figure id=\"attachment_176764\" aria-describedby=\"caption-attachment-176764\" style=\"width: 720px\" class=\"wp-caption alignnone\"><img loading=\"lazy\" decoding=\"async\" class=\"wp-image-176764\" src=\"https:\/\/graziamagazine.com\/mx\/wp-content\/uploads\/sites\/13\/2026\/09\/trends5.jpeg\" alt=\"Modelo de cabello casta\u00f1o largo con volumen texturizado en la coronilla estilo semirrecogido y una blusa blanca cl\u00e1sica.\" width=\"720\" height=\"960\" srcset=\"https:\/\/graziamagazine.com\/mx\/wp-content\/uploads\/sites\/13\/2026\/09\/trends5.jpeg 1239w, https:\/\/graziamagazine.com\/mx\/wp-content\/uploads\/sites\/13\/2026\/09\/trends5-338x450.jpeg 338w, https:\/\/graziamagazine.com\/mx\/wp-content\/uploads\/sites\/13\/2026\/09\/trends5-768x1024.jpeg 768w, https:\/\/graziamagazine.com\/mx\/wp-content\/uploads\/sites\/13\/2026\/09\/trends5-1152x1536.jpeg 1152w, https:\/\/graziamagazine.com\/mx\/wp-content\/uploads\/sites\/13\/2026\/09\/trends5-400x533.jpeg 400w, https:\/\/graziamagazine.com\/mx\/wp-content\/uploads\/sites\/13\/2026\/09\/trends5-155x207.jpeg 155w\" sizes=\"(max-width: 720px) 100vw, 720px\" \/><figcaption id=\"caption-attachment-176764\" class=\"wp-caption-text\">Las versiones m\u00e1s relajadas y desestructuradas del cl\u00e1sico beehive dominan el estilo urbano con un encanto desenfadado. Foto: Pinterest.<\/figcaption><\/figure>\n<p class=\"isSelectedEnd\">La versi\u00f3n m\u00e1s dram\u00e1tica conserva la esencia original: cabello cardado, altura pronunciada y una estructura perfectamente fijada. Es la alternativa para quienes quieren convertir el peinado en el elemento central del look.<\/p>\n<p class=\"isSelectedEnd\">Pero tambi\u00e9n existe una interpretaci\u00f3n mucho m\u00e1s discreta. Elevar ligeramente la coronilla y mantener el resto del cabello suelto consigue un efecto retro sin que el resultado parezca un disfraz de los a\u00f1os sesenta. Esta versi\u00f3n resulta especialmente interesante para el d\u00eda a d\u00eda y demuestra que el beehive puede adaptarse a diferentes niveles de dramatismo.<\/p>\n<p class=\"isSelectedEnd\">El acabado tambi\u00e9n puede cambiar por completo su personalidad. Un cabello perfectamente pulido lo acerca al glamour cl\u00e1sico, mientras que unas puntas ligeramente sueltas o una textura menos controlada lo llevan hacia una est\u00e9tica m\u00e1s actual.<\/p>\n<h3>C\u00f3mo llevar el beehive este oto\u00f1o<\/h3>\n<figure id=\"attachment_176761\" aria-describedby=\"caption-attachment-176761\" style=\"width: 683px\" class=\"wp-caption alignnone\"><img loading=\"lazy\" decoding=\"async\" class=\"size-large wp-image-176761\" src=\"https:\/\/graziamagazine.com\/mx\/wp-content\/uploads\/sites\/13\/2026\/09\/1317474956-683x1024.jpeg\" alt=\"Dua Lipa sonriendo con un peinado voluminoso tipo beehive recogido en la coronilla, mechones sueltos al frente y un vestido dorado con detalles oscuros.\" width=\"683\" height=\"1024\" srcset=\"https:\/\/graziamagazine.com\/mx\/wp-content\/uploads\/sites\/13\/2026\/09\/1317474956-683x1024.jpeg 683w, https:\/\/graziamagazine.com\/mx\/wp-content\/uploads\/sites\/13\/2026\/09\/1317474956-300x450.jpeg 300w, https:\/\/graziamagazine.com\/mx\/wp-content\/uploads\/sites\/13\/2026\/09\/1317474956-768x1152.jpeg 768w, https:\/\/graziamagazine.com\/mx\/wp-content\/uploads\/sites\/13\/2026\/09\/1317474956-1024x1536.jpeg 1024w, https:\/\/graziamagazine.com\/mx\/wp-content\/uploads\/sites\/13\/2026\/09\/1317474956-1365x2048.jpeg 1365w, https:\/\/graziamagazine.com\/mx\/wp-content\/uploads\/sites\/13\/2026\/09\/1317474956-400x600.jpeg 400w, https:\/\/graziamagazine.com\/mx\/wp-content\/uploads\/sites\/13\/2026\/09\/1317474956-143x215.jpeg 143w, https:\/\/graziamagazine.com\/mx\/wp-content\/uploads\/sites\/13\/2026\/09\/1317474956.jpeg 1408w\" sizes=\"(max-width: 683px) 100vw, 683px\" \/><figcaption id=\"caption-attachment-176761\" class=\"wp-caption-text\">El ic\u00f3nico volumen de los a\u00f1os sesenta se reinventa en las alfombras rojas con un aire fresco y sofisticado. Foto: Pinterest.<\/figcaption><\/figure>\n<p class=\"isSelectedEnd\">El nuevo beehive funciona mejor cuando se combina con elementos contempor\u00e1neos. Un vestido minimalista, una camisa blanca o un look de sastrer\u00eda pueden crear el contraste necesario para que el volumen del cabello destaque sin que todo el estilismo parezca inspirado literalmente en los sesenta.<\/p>\n<p class=\"isSelectedEnd\">Tambi\u00e9n puede incorporarse en versiones m\u00e1s relajadas: con una media coleta, un mo\u00f1o bajo o incluso con algunos mechones sueltos alrededor del rostro. Los accesorios aportan otra posibilidad. Una diadema, un lazo o una pieza discreta pueden introducir un gesto coquette y suavizar la estructura del peinado.<\/p>\n<p>Este oto\u00f1o, el cabello deja atr\u00e1s por un momento la obsesi\u00f3n por lo perfectamente pulido para recuperar una idea mucho m\u00e1s divertida de la belleza. El beehive vuelve a elevarse sobre nuestras cabezas y demuestra que, cuando se trata de cabello, a veces m\u00e1s volumen significa tambi\u00e9n m\u00e1s personalidad.<\/p>\n","protected":false},"author":28953,"featured_media":176766,"template":"","format":"standard","categories":[3],"acf":[],"yoast_head":"<!-- This site is optimized with the Yoast SEO Premium plugin v18.5 (Yoast SEO v20.4) - https:\/\/yoast.com\/wordpress\/plugins\/seo\/ -->\n<title>El beehive, el peinado de los 60 que vuelve este oto\u00f1o<\/title>\n<meta name=\"description\" content=\"El volumen XXL regresa a la coronilla para recuperar uno de los peinados m\u00e1s ic\u00f3nicos de la d\u00e9cada y darle una nueva lectura para 2026.\" \/>\n<meta name=\"robots\" content=\"index, follow, max-snippet:-1, max-image-preview:large, max-video-preview:-1\" \/>\n<link rel=\"canonical\" href=\"https:\/\/graziamagazine.com\/mx\/articles\/peinado-beehive-anos-60-otono-2026\/\" \/>\n<meta property=\"og:locale\" content=\"es_MX\" \/>\n<meta property=\"og:type\" content=\"article\" \/>\n<meta property=\"og:title\" content=\"El beehive, el peinado de los 60 que vuelve este oto\u00f1o\" \/>\n<meta property=\"og:description\" content=\"El volumen XXL regresa a la coronilla para recuperar uno de los peinados m\u00e1s ic\u00f3nicos de la d\u00e9cada y darle una nueva lectura para 2026.\" \/>\n<meta property=\"og:url\" content=\"https:\/\/graziamagazine.com\/mx\/articles\/peinado-beehive-anos-60-otono-2026\/\" \/>\n<meta property=\"og:site_name\" content=\"Grazia M\u00e9xico y Latinoam\u00e9rica\" \/>\n<meta property=\"article:modified_time\" content=\"2026-09-03T16:44:05+00:00\" \/>\n<meta property=\"og:image\" content=\"https:\/\/graziamagazine.com\/mx\/wp-content\/uploads\/sites\/13\/2026\/09\/2283820753-e1788453689962.jpeg\" \/>\n\t<meta property=\"og:image:width\" content=\"1600\" \/>\n\t<meta property=\"og:image:height\" content=\"1188\" \/>\n\t<meta property=\"og:image:type\" content=\"image\/jpeg\" \/>\n<meta name=\"twitter:card\" content=\"summary_large_image\" \/>\n<meta name=\"twitter:label1\" content=\"Est. reading time\" \/>\n\t<meta name=\"twitter:data1\" content=\"4 minutos\" \/>\n<script type=\"application\/ld+json\" class=\"yoast-schema-graph\">{\"@context\":\"https:\/\/schema.org\",\"@graph\":[{\"@type\":\"WebPage\",\"@id\":\"https:\/\/graziamagazine.com\/mx\/articles\/peinado-beehive-anos-60-otono-2026\/\",\"url\":\"https:\/\/graziamagazine.com\/mx\/articles\/peinado-beehive-anos-60-otono-2026\/\",\"name\":\"El beehive, el peinado de los 60 que vuelve este oto\u00f1o\",\"isPartOf\":{\"@id\":\"https:\/\/graziamagazine.com\/mx\/#website\"},\"datePublished\":\"2026-09-03T16:30:05+00:00\",\"dateModified\":\"2026-09-03T16:44:05+00:00\",\"description\":\"El volumen XXL regresa a la coronilla para recuperar uno de los peinados m\u00e1s ic\u00f3nicos de la d\u00e9cada y darle una nueva lectura para 2026.\",\"breadcrumb\":{\"@id\":\"https:\/\/graziamagazine.com\/mx\/articles\/peinado-beehive-anos-60-otono-2026\/#breadcrumb\"},\"inLanguage\":\"es-MX\",\"potentialAction\":[{\"@type\":\"ReadAction\",\"target\":[\"https:\/\/graziamagazine.com\/mx\/articles\/peinado-beehive-anos-60-otono-2026\/\"]}]},{\"@type\":\"BreadcrumbList\",\"@id\":\"https:\/\/graziamagazine.com\/mx\/articles\/peinado-beehive-anos-60-otono-2026\/#breadcrumb\",\"itemListElement\":[{\"@type\":\"ListItem\",\"position\":1,\"name\":\"Home\",\"item\":\"https:\/\/graziamagazine.com\/mx\/\"},{\"@type\":\"ListItem\",\"position\":2,\"name\":\"El beehive, el peinado de los 60 que vuelve este oto\u00f1o\"}]},{\"@type\":\"WebSite\",\"@id\":\"https:\/\/graziamagazine.com\/mx\/#website\",\"url\":\"https:\/\/graziamagazine.com\/mx\/\",\"name\":\"Grazia M\u00e9xico y Latinoam\u00e9rica\",\"description\":\"Grazia es moda, belleza y noticias  de actualidad \",\"potentialAction\":[{\"@type\":\"SearchAction\",\"target\":{\"@type\":\"EntryPoint\",\"urlTemplate\":\"https:\/\/graziamagazine.com\/mx\/?s={search_term_string}\"},\"query-input\":\"required name=search_term_string\"}],\"inLanguage\":\"es-MX\"}]}<\/script>\n<!-- \/ Yoast SEO Premium plugin. -->","yoast_head_json":{"title":"El beehive, el peinado de los 60 que vuelve este oto\u00f1o","description":"El volumen XXL regresa a la coronilla para recuperar uno de los peinados m\u00e1s ic\u00f3nicos de la d\u00e9cada y darle una nueva lectura para 2026.","robots":{"index":"index","follow":"follow","max-snippet":"max-snippet:-1","max-image-preview":"max-image-preview:large","max-video-preview":"max-video-preview:-1"},"canonical":"https:\/\/graziamagazine.com\/mx\/articles\/peinado-beehive-anos-60-otono-2026\/","og_locale":"es_MX","og_type":"article","og_title":"El beehive, el peinado de los 60 que vuelve este oto\u00f1o","og_description":"El volumen XXL regresa a la coronilla para recuperar uno de los peinados m\u00e1s ic\u00f3nicos de la d\u00e9cada y darle una nueva lectura para 2026.","og_url":"https:\/\/graziamagazine.com\/mx\/articles\/peinado-beehive-anos-60-otono-2026\/","og_site_name":"Grazia M\u00e9xico y Latinoam\u00e9rica","article_modified_time":"2026-09-03T16:44:05+00:00","og_image":[{"width":1600,"height":1188,"url":"https:\/\/graziamagazine.com\/mx\/wp-content\/uploads\/sites\/13\/2026\/09\/2283820753-e1788453689962.jpeg","type":"image\/jpeg"}],"twitter_card":"summary_large_image","twitter_misc":{"Est. reading time":"4 minutos"},"schema":{"@context":"https:\/\/schema.org","@graph":[{"@type":"WebPage","@id":"https:\/\/graziamagazine.com\/mx\/articles\/peinado-beehive-anos-60-otono-2026\/","url":"https:\/\/graziamagazine.com\/mx\/articles\/peinado-beehive-anos-60-otono-2026\/","name":"El beehive, el peinado de los 60 que vuelve este oto\u00f1o","isPartOf":{"@id":"https:\/\/graziamagazine.com\/mx\/#website"},"datePublished":"2026-09-03T16:30:05+00:00","dateModified":"2026-09-03T16:44:05+00:00","description":"El volumen XXL regresa a la coronilla para recuperar uno de los peinados m\u00e1s ic\u00f3nicos de la d\u00e9cada y darle una nueva lectura para 2026.","breadcrumb":{"@id":"https:\/\/graziamagazine.com\/mx\/articles\/peinado-beehive-anos-60-otono-2026\/#breadcrumb"},"inLanguage":"es-MX","potentialAction":[{"@type":"ReadAction","target":["https:\/\/graziamagazine.com\/mx\/articles\/peinado-beehive-anos-60-otono-2026\/"]}]},{"@type":"BreadcrumbList","@id":"https:\/\/graziamagazine.com\/mx\/articles\/peinado-beehive-anos-60-otono-2026\/#breadcrumb","itemListElement":[{"@type":"ListItem","position":1,"name":"Home","item":"https:\/\/graziamagazine.com\/mx\/"},{"@type":"ListItem","position":2,"name":"El beehive, el peinado de los 60 que vuelve este oto\u00f1o"}]},{"@type":"WebSite","@id":"https:\/\/graziamagazine.com\/mx\/#website","url":"https:\/\/graziamagazine.com\/mx\/","name":"Grazia M\u00e9xico y Latinoam\u00e9rica","description":"Grazia es moda, belleza y noticias  de actualidad ","potentialAction":[{"@type":"SearchAction","target":{"@type":"EntryPoint","urlTemplate":"https:\/\/graziamagazine.com\/mx\/?s={search_term_string}"},"query-input":"required name=search_term_string"}],"inLanguage":"es-MX"}]}},"jetpack_sharing_enabled":true,"distributor_meta":false,"distributor_terms":false,"distributor_media":false,"distributor_original_site_name":"Grazia M\u00e9xico y Latinoam\u00e9rica","distributor_original_site_url":"https:\/\/graziamagazine.com\/mx","push-errors":false,"_links":{"self":[{"href":"https:\/\/graziamagazine.com\/mx\/wp-json\/wp\/v2\/articles\/176756"}],"collection":[{"href":"https:\/\/graziamagazine.com\/mx\/wp-json\/wp\/v2\/articles"}],"about":[{"href":"https:\/\/graziamagazine.com\/mx\/wp-json\/wp\/v2\/types\/articles"}],"author":[{"embeddable":true,"href":"https:\/\/graziamagazine.com\/mx\/wp-json\/wp\/v2\/users\/28953"}],"wp:featuredmedia":[{"embeddable":true,"href":"https:\/\/graziamagazine.com\/mx\/wp-json\/wp\/v2\/media\/176766"}],"wp:attachment":[{"href":"https:\/\/graziamagazine.com\/mx\/wp-json\/wp\/v2\/media?parent=176756"}],"wp:term":[{"taxonomy":"category","embeddable":true,"href":"https:\/\/graziamagazine.com\/mx\/wp-json\/wp\/v2\/categories?post=176756"}],"curies":[{"name":"wp","href":"https:\/\/api.w.org\/{rel}","templated":true}]}}