{"id":176747,"date":"2026-09-03T11:15:45","date_gmt":"2026-09-03T16:15:45","guid":{"rendered":"https:\/\/graziamagazine.com\/mx\/?post_type=articles&#038;p=176747"},"modified":"2026-09-03T11:27:20","modified_gmt":"2026-09-03T16:27:20","slug":"hm-anuncia-su-proxima-colaboracion-con-elie-saab","status":"publish","type":"articles","link":"https:\/\/graziamagazine.com\/mx\/articles\/hm-anuncia-su-proxima-colaboracion-con-elie-saab\/","title":{"rendered":"H&amp;M anuncia su pr\u00f3xima colaboraci\u00f3n con Elie Saab"},"content":{"rendered":"<p class=\"isSelectedEnd\">El universo de Elie Saab est\u00e1 a punto de entrar en una nueva dimensi\u00f3n. La casa de alta costura, reconocida por sus vestidos de siluetas espectaculares, bordados y una feminidad profundamente ligada al glamour, se prepara para colaborar con H&amp;M en una colecci\u00f3n que llevar\u00e1 algunos de sus c\u00f3digos m\u00e1s reconocibles a un p\u00fablico mucho m\u00e1s amplio.<\/p>\n<p class=\"isSelectedEnd\">Fundada en Beirut en 1982, la maison comenz\u00f3 su trayectoria de la mano de la visi\u00f3n de Elie Saab, quien desde sus primeros a\u00f1os destac\u00f3 especialmente por sus creaciones nupciales. Su nombre no tardar\u00eda en trascender las fronteras de L\u00edbano hasta convertirse en una presencia habitual dentro de la moda internacional. Su incorporaci\u00f3n como uno de los primeros miembros internacionales de la Chambre Syndicale de la Haute Couture de Francia marc\u00f3 otro momento decisivo en su consolidaci\u00f3n dentro del circuito de la alta costura.<\/p>\n<p class=\"isSelectedEnd\">Hoy, el universo de Elie Saab abarca alta costura, pr\u00eat-\u00e0-porter y accesorios, pero mantiene intacta una identidad construida alrededor de la artesan\u00eda, el refinamiento y una idea muy particular del lujo. La colaboraci\u00f3n con H&amp;M propone trasladar precisamente esa esencia a una colecci\u00f3n mucho m\u00e1s accesible.<\/p>\n<h3>De Beirut al armario global<\/h3>\n<figure id=\"attachment_176748\" aria-describedby=\"caption-attachment-176748\" style=\"width: 2560px\" class=\"wp-caption alignnone\"><img loading=\"lazy\" decoding=\"async\" class=\"size-full wp-image-176748\" src=\"https:\/\/graziamagazine.com\/mx\/wp-content\/uploads\/sites\/13\/2026\/09\/ELIE-SAAB-HM-Campaign-13003-scaled.jpg\" alt=\"Modelo caminando por una alfombra roja desplegada en una calle urbana de Par\u00eds, luciendo un vestido negro sin tirantes con un gran lazo y una cola larga vaporosa.\" width=\"2560\" height=\"1707\" srcset=\"https:\/\/graziamagazine.com\/mx\/wp-content\/uploads\/sites\/13\/2026\/09\/ELIE-SAAB-HM-Campaign-13003-scaled.jpg 2560w, https:\/\/graziamagazine.com\/mx\/wp-content\/uploads\/sites\/13\/2026\/09\/ELIE-SAAB-HM-Campaign-13003-450x300.jpg 450w, https:\/\/graziamagazine.com\/mx\/wp-content\/uploads\/sites\/13\/2026\/09\/ELIE-SAAB-HM-Campaign-13003-1024x683.jpg 1024w, https:\/\/graziamagazine.com\/mx\/wp-content\/uploads\/sites\/13\/2026\/09\/ELIE-SAAB-HM-Campaign-13003-768x512.jpg 768w, https:\/\/graziamagazine.com\/mx\/wp-content\/uploads\/sites\/13\/2026\/09\/ELIE-SAAB-HM-Campaign-13003-1536x1024.jpg 1536w, https:\/\/graziamagazine.com\/mx\/wp-content\/uploads\/sites\/13\/2026\/09\/ELIE-SAAB-HM-Campaign-13003-2048x1365.jpg 2048w, https:\/\/graziamagazine.com\/mx\/wp-content\/uploads\/sites\/13\/2026\/09\/ELIE-SAAB-HM-Campaign-13003-400x267.jpg 400w, https:\/\/graziamagazine.com\/mx\/wp-content\/uploads\/sites\/13\/2026\/09\/ELIE-SAAB-HM-Campaign-13003-155x103.jpg 155w\" sizes=\"(max-width: 2560px) 100vw, 2560px\" \/><figcaption id=\"caption-attachment-176748\" class=\"wp-caption-text\">El glamour de la alfombra roja se traslada a las calles parisinas en una propuesta que celebra la opulencia y el movimiento. Foto: Cortes\u00eda H&amp;M.<\/figcaption><\/figure>\n<p class=\"isSelectedEnd\">La historia de Elie Saab est\u00e1 profundamente ligada a una visi\u00f3n de la feminidad que combina sofisticaci\u00f3n y teatralidad. Sus vestidos han protagonizado algunas de las apariciones m\u00e1s memorables sobre la alfombra roja y han convertido el trabajo artesanal de la maison en uno de sus principales sellos de identidad.<\/p>\n<p class=\"isSelectedEnd\">Para la colaboraci\u00f3n con H&amp;M, esa herencia se traduce en una propuesta que no se limitar\u00e1 a una sola categor\u00eda. La colecci\u00f3n incluir\u00e1 moda femenina, masculina y accesorios, con calzado entre sus piezas destacadas.<\/p>\n<p class=\"isSelectedEnd\">El objetivo no parece ser simplemente reproducir algunos de los vestidos m\u00e1s reconocibles de la casa, sino construir un guardarropa completo alrededor de su lenguaje creativo. Una oportunidad para acercarse al universo de Elie Saab desde diferentes momentos y c\u00f3digos de vestimenta.<\/p>\n<h3>Lentejuelas, encaje y sastrer\u00eda<\/h3>\n<div class=\"content-gallery\"><div class=\"gallery-placeholder\"><div class=\"spinner\"><\/div><\/div><span class=\"gallery-pagination\"><\/span><div id=\"gallery-1\" class=\"gallery galleryid-176747 gallery-columns- gallery-size-\"><figure class=\"gallery-item\"><div class=\"gallery-icon landscape\"><img loading=\"lazy\" decoding=\"async\" width=\"1707\" height=\"2560\" src=\"https:\/\/graziamagazine.com\/mx\/wp-content\/uploads\/sites\/13\/2026\/09\/ELIE-SAAB-HM-Look-book-12981-scaled.jpg\" class=\"lazy\" alt=\"\" srcset=\"https:\/\/graziamagazine.com\/mx\/wp-content\/uploads\/sites\/13\/2026\/09\/ELIE-SAAB-HM-Look-book-12981-scaled.jpg 1707w, https:\/\/graziamagazine.com\/mx\/wp-content\/uploads\/sites\/13\/2026\/09\/ELIE-SAAB-HM-Look-book-12981-300x450.jpg 300w, https:\/\/graziamagazine.com\/mx\/wp-content\/uploads\/sites\/13\/2026\/09\/ELIE-SAAB-HM-Look-book-12981-683x1024.jpg 683w, https:\/\/graziamagazine.com\/mx\/wp-content\/uploads\/sites\/13\/2026\/09\/ELIE-SAAB-HM-Look-book-12981-768x1152.jpg 768w, https:\/\/graziamagazine.com\/mx\/wp-content\/uploads\/sites\/13\/2026\/09\/ELIE-SAAB-HM-Look-book-12981-1024x1536.jpg 1024w, https:\/\/graziamagazine.com\/mx\/wp-content\/uploads\/sites\/13\/2026\/09\/ELIE-SAAB-HM-Look-book-12981-1365x2048.jpg 1365w, https:\/\/graziamagazine.com\/mx\/wp-content\/uploads\/sites\/13\/2026\/09\/ELIE-SAAB-HM-Look-book-12981-400x600.jpg 400w, https:\/\/graziamagazine.com\/mx\/wp-content\/uploads\/sites\/13\/2026\/09\/ELIE-SAAB-HM-Look-book-12981-143x215.jpg 143w\" sizes=\"(max-width: 1707px) 100vw, 1707px\" \/><\/div><figcaption class=\"wp-caption-text gallery-caption\" id=\"gallery-1-176752\">Los detalles de alta costura como los bordados de pedrer\u00eda y el encaje se funden con piezas urbanas esenciales. Foto: Cortes\u00eda H&amp;M.<\/figcaption><\/figure><figure class=\"gallery-item\"><div class=\"gallery-icon landscape\"><img loading=\"lazy\" decoding=\"async\" width=\"1707\" height=\"2560\" src=\"https:\/\/graziamagazine.com\/mx\/wp-content\/uploads\/sites\/13\/2026\/09\/ELIE-SAAB-HM-Look-book-12974-scaled.jpg\" class=\"lazy\" alt=\"\" srcset=\"https:\/\/graziamagazine.com\/mx\/wp-content\/uploads\/sites\/13\/2026\/09\/ELIE-SAAB-HM-Look-book-12974-scaled.jpg 1707w, https:\/\/graziamagazine.com\/mx\/wp-content\/uploads\/sites\/13\/2026\/09\/ELIE-SAAB-HM-Look-book-12974-300x450.jpg 300w, https:\/\/graziamagazine.com\/mx\/wp-content\/uploads\/sites\/13\/2026\/09\/ELIE-SAAB-HM-Look-book-12974-683x1024.jpg 683w, https:\/\/graziamagazine.com\/mx\/wp-content\/uploads\/sites\/13\/2026\/09\/ELIE-SAAB-HM-Look-book-12974-768x1152.jpg 768w, https:\/\/graziamagazine.com\/mx\/wp-content\/uploads\/sites\/13\/2026\/09\/ELIE-SAAB-HM-Look-book-12974-1024x1536.jpg 1024w, https:\/\/graziamagazine.com\/mx\/wp-content\/uploads\/sites\/13\/2026\/09\/ELIE-SAAB-HM-Look-book-12974-1365x2048.jpg 1365w, https:\/\/graziamagazine.com\/mx\/wp-content\/uploads\/sites\/13\/2026\/09\/ELIE-SAAB-HM-Look-book-12974-400x600.jpg 400w, https:\/\/graziamagazine.com\/mx\/wp-content\/uploads\/sites\/13\/2026\/09\/ELIE-SAAB-HM-Look-book-12974-143x215.jpg 143w\" sizes=\"(max-width: 1707px) 100vw, 1707px\" \/><\/div><figcaption class=\"wp-caption-text gallery-caption\" id=\"gallery-1-176750\">Los drapeados fluidos y los tonos joya evocan la m\u00e1xima sofisticaci\u00f3n y romanticismo de la colaboraci\u00f3n. Foto: Cortes\u00eda H&amp;M.<\/figcaption><\/figure><figure class=\"gallery-item\"><div class=\"gallery-icon landscape\"><img loading=\"lazy\" decoding=\"async\" width=\"1707\" height=\"2560\" src=\"https:\/\/graziamagazine.com\/mx\/wp-content\/uploads\/sites\/13\/2026\/09\/ELIE-SAAB-HM-Look-book-12997-scaled.jpg\" class=\"lazy\" alt=\"\" srcset=\"https:\/\/graziamagazine.com\/mx\/wp-content\/uploads\/sites\/13\/2026\/09\/ELIE-SAAB-HM-Look-book-12997-scaled.jpg 1707w, https:\/\/graziamagazine.com\/mx\/wp-content\/uploads\/sites\/13\/2026\/09\/ELIE-SAAB-HM-Look-book-12997-300x450.jpg 300w, https:\/\/graziamagazine.com\/mx\/wp-content\/uploads\/sites\/13\/2026\/09\/ELIE-SAAB-HM-Look-book-12997-683x1024.jpg 683w, https:\/\/graziamagazine.com\/mx\/wp-content\/uploads\/sites\/13\/2026\/09\/ELIE-SAAB-HM-Look-book-12997-768x1152.jpg 768w, https:\/\/graziamagazine.com\/mx\/wp-content\/uploads\/sites\/13\/2026\/09\/ELIE-SAAB-HM-Look-book-12997-1024x1536.jpg 1024w, https:\/\/graziamagazine.com\/mx\/wp-content\/uploads\/sites\/13\/2026\/09\/ELIE-SAAB-HM-Look-book-12997-1365x2048.jpg 1365w, https:\/\/graziamagazine.com\/mx\/wp-content\/uploads\/sites\/13\/2026\/09\/ELIE-SAAB-HM-Look-book-12997-400x600.jpg 400w, https:\/\/graziamagazine.com\/mx\/wp-content\/uploads\/sites\/13\/2026\/09\/ELIE-SAAB-HM-Look-book-12997-143x215.jpg 143w\" sizes=\"(max-width: 1707px) 100vw, 1707px\" \/><\/div><figcaption class=\"wp-caption-text gallery-caption\" id=\"gallery-1-176754\">El lujo accesible se manifiesta al combinar prendas casuales con texturas sofisticadas y pedrer\u00eda artesanal. Foto: Cortes\u00eda H&amp;M.<\/figcaption><\/figure><\/div><\/div>\n<p class=\"isSelectedEnd\">La colecci\u00f3n reunir\u00e1 algunos de los elementos que han ayudado a definir la est\u00e9tica de la maison. Vestidos ornamentados, acabados brillantes y prendas de sastrer\u00eda de l\u00edneas marcadas convivir\u00e1n con detalles como encajes delicados, lentejuelas degradadas y los monogramas distintivos de la casa.<\/p>\n<p class=\"isSelectedEnd\">El resultado promete moverse entre dos extremos que forman parte del ADN de Elie Saab: la sofisticaci\u00f3n de las piezas de noche y la posibilidad de construir un guardarropa m\u00e1s completo para distintos momentos.<\/p>\n<p class=\"isSelectedEnd\">Ann-Sofie Johansson, asesora creativa de H&amp;M y jefa de dise\u00f1o de ropa femenina, describi\u00f3 la colaboraci\u00f3n como un momento hist\u00f3rico para la firma y destac\u00f3 el recorrido de Saab desde Beirut hasta convertirse en una figura central de la moda parisina. La propuesta, se\u00f1al\u00f3, ser\u00e1 \u201cm\u00e1gica, ornamentada y muy glamurosa\u201d.<\/p>\n<h3>Una colecci\u00f3n creada para admirar y llevar<\/h3>\n<div class=\"content-gallery\"><div class=\"gallery-placeholder\"><div class=\"spinner\"><\/div><\/div><span class=\"gallery-pagination\"><\/span><div id=\"gallery-2\" class=\"gallery galleryid-176747 gallery-columns- gallery-size-\"><figure class=\"gallery-item\"><div class=\"gallery-icon landscape\"><img loading=\"lazy\" decoding=\"async\" width=\"1707\" height=\"2560\" src=\"https:\/\/graziamagazine.com\/mx\/wp-content\/uploads\/sites\/13\/2026\/09\/ELIE-SAAB-HM-Look-book-12977-scaled.jpg\" class=\"lazy\" alt=\"\" srcset=\"https:\/\/graziamagazine.com\/mx\/wp-content\/uploads\/sites\/13\/2026\/09\/ELIE-SAAB-HM-Look-book-12977-scaled.jpg 1707w, https:\/\/graziamagazine.com\/mx\/wp-content\/uploads\/sites\/13\/2026\/09\/ELIE-SAAB-HM-Look-book-12977-300x450.jpg 300w, https:\/\/graziamagazine.com\/mx\/wp-content\/uploads\/sites\/13\/2026\/09\/ELIE-SAAB-HM-Look-book-12977-683x1024.jpg 683w, https:\/\/graziamagazine.com\/mx\/wp-content\/uploads\/sites\/13\/2026\/09\/ELIE-SAAB-HM-Look-book-12977-768x1152.jpg 768w, https:\/\/graziamagazine.com\/mx\/wp-content\/uploads\/sites\/13\/2026\/09\/ELIE-SAAB-HM-Look-book-12977-1024x1536.jpg 1024w, https:\/\/graziamagazine.com\/mx\/wp-content\/uploads\/sites\/13\/2026\/09\/ELIE-SAAB-HM-Look-book-12977-1365x2048.jpg 1365w, https:\/\/graziamagazine.com\/mx\/wp-content\/uploads\/sites\/13\/2026\/09\/ELIE-SAAB-HM-Look-book-12977-400x600.jpg 400w, https:\/\/graziamagazine.com\/mx\/wp-content\/uploads\/sites\/13\/2026\/09\/ELIE-SAAB-HM-Look-book-12977-143x215.jpg 143w\" sizes=\"(max-width: 1707px) 100vw, 1707px\" \/><\/div><figcaption class=\"wp-caption-text gallery-caption\" id=\"gallery-2-176751\">La silueta relajada con acabados de lujo redefine la sastrer\u00eda moderna en esta esperada c\u00e1psula. Foto: Cortes\u00eda H&amp;M.<\/figcaption><\/figure><figure class=\"gallery-item\"><div class=\"gallery-icon landscape\"><img loading=\"lazy\" decoding=\"async\" width=\"1707\" height=\"2560\" src=\"https:\/\/graziamagazine.com\/mx\/wp-content\/uploads\/sites\/13\/2026\/09\/ELIE-SAAB-HM-Look-book-12986-scaled.jpg\" class=\"lazy\" alt=\"\" srcset=\"https:\/\/graziamagazine.com\/mx\/wp-content\/uploads\/sites\/13\/2026\/09\/ELIE-SAAB-HM-Look-book-12986-scaled.jpg 1707w, https:\/\/graziamagazine.com\/mx\/wp-content\/uploads\/sites\/13\/2026\/09\/ELIE-SAAB-HM-Look-book-12986-300x450.jpg 300w, https:\/\/graziamagazine.com\/mx\/wp-content\/uploads\/sites\/13\/2026\/09\/ELIE-SAAB-HM-Look-book-12986-683x1024.jpg 683w, https:\/\/graziamagazine.com\/mx\/wp-content\/uploads\/sites\/13\/2026\/09\/ELIE-SAAB-HM-Look-book-12986-768x1152.jpg 768w, https:\/\/graziamagazine.com\/mx\/wp-content\/uploads\/sites\/13\/2026\/09\/ELIE-SAAB-HM-Look-book-12986-1024x1536.jpg 1024w, https:\/\/graziamagazine.com\/mx\/wp-content\/uploads\/sites\/13\/2026\/09\/ELIE-SAAB-HM-Look-book-12986-1365x2048.jpg 1365w, https:\/\/graziamagazine.com\/mx\/wp-content\/uploads\/sites\/13\/2026\/09\/ELIE-SAAB-HM-Look-book-12986-400x600.jpg 400w, https:\/\/graziamagazine.com\/mx\/wp-content\/uploads\/sites\/13\/2026\/09\/ELIE-SAAB-HM-Look-book-12986-143x215.jpg 143w\" sizes=\"(max-width: 1707px) 100vw, 1707px\" \/><\/div><figcaption class=\"wp-caption-text gallery-caption\" id=\"gallery-2-176753\">La elegancia cl\u00e1sica del esmoquin se actualiza con accesorios sutiles que aportan un aire bohemio sofisticado. Foto: Cortes\u00eda H&amp;M.<\/figcaption><\/figure><\/div><\/div>\n<p class=\"isSelectedEnd\">Para Elie Saab, el proyecto representa tambi\u00e9n una oportunidad de acercar su universo creativo a quienes han seguido su trabajo durante d\u00e9cadas. El dise\u00f1ador ha descrito el proceso junto al equipo de H&amp;M como colaborativo e inspirador, con la intenci\u00f3n de crear un vestuario completo capaz de acompa\u00f1ar diferentes momentos de la vida.<\/p>\n<p class=\"isSelectedEnd\">Esa idea resulta especialmente interesante porque la colaboraci\u00f3n no busca reducir el lenguaje de la maison a una sola pieza ic\u00f3nica. La intenci\u00f3n es trasladar una sensibilidad completa: desde el brillo y la ornamentaci\u00f3n hasta la sastrer\u00eda y los accesorios.<\/p>\n<p class=\"isSelectedEnd\">La colaboraci\u00f3n entre Elie Saab y H&amp;M se suma as\u00ed a una larga tradici\u00f3n de encuentros entre la firma sueca y algunos de los nombres m\u00e1s reconocidos de la moda internacional. Esta vez, el atractivo est\u00e1 en la posibilidad de descubrir una interpretaci\u00f3n m\u00e1s democr\u00e1tica de uno de los universos m\u00e1s sofisticados de la alta costura.<\/p>\n<p>Elie Saab lleva m\u00e1s de cuatro d\u00e9cadas construyendo un lenguaje propio alrededor de la belleza, el detalle y el espect\u00e1culo. <strong>Ahora, ese lenguaje cambia de escenario y tiene una fecha marcada en el calendario: 22 de octubre de 2026.<\/strong><\/p>\n","protected":false},"author":28953,"featured_media":176749,"template":"","format":"standard","categories":[4],"acf":[],"yoast_head":"<!-- This site is optimized with the Yoast SEO Premium plugin v18.5 (Yoast SEO v20.4) - https:\/\/yoast.com\/wordpress\/plugins\/seo\/ -->\n<title>H&amp;M anuncia su pr\u00f3xima colaboraci\u00f3n con Elie Saab<\/title>\n<meta name=\"description\" content=\"La maison lleva su universo de glamour, artesan\u00eda y sofisticaci\u00f3n a una nueva colecci\u00f3n que reunir\u00e1 moda femenina, masculina y accesorios\" \/>\n<meta name=\"robots\" content=\"index, follow, max-snippet:-1, max-image-preview:large, max-video-preview:-1\" \/>\n<link rel=\"canonical\" href=\"https:\/\/graziamagazine.com\/mx\/articles\/hm-anuncia-su-proxima-colaboracion-con-elie-saab\/\" \/>\n<meta property=\"og:locale\" content=\"es_MX\" \/>\n<meta property=\"og:type\" content=\"article\" \/>\n<meta property=\"og:title\" content=\"H&amp;M anuncia su pr\u00f3xima colaboraci\u00f3n con Elie Saab\" \/>\n<meta property=\"og:description\" content=\"La maison lleva su universo de glamour, artesan\u00eda y sofisticaci\u00f3n a una nueva colecci\u00f3n que reunir\u00e1 moda femenina, masculina y accesorios\" \/>\n<meta property=\"og:url\" content=\"https:\/\/graziamagazine.com\/mx\/articles\/hm-anuncia-su-proxima-colaboracion-con-elie-saab\/\" \/>\n<meta property=\"og:site_name\" content=\"Grazia M\u00e9xico y Latinoam\u00e9rica\" \/>\n<meta property=\"article:modified_time\" content=\"2026-09-03T16:27:20+00:00\" \/>\n<meta property=\"og:image\" content=\"https:\/\/graziamagazine.com\/mx\/wp-content\/uploads\/sites\/13\/2026\/09\/ELIE-SAAB-HM-Campaign-13016-scaled.jpg\" \/>\n\t<meta property=\"og:image:width\" content=\"2560\" \/>\n\t<meta property=\"og:image:height\" content=\"1707\" \/>\n\t<meta property=\"og:image:type\" content=\"image\/jpeg\" \/>\n<meta name=\"twitter:card\" content=\"summary_large_image\" \/>\n<meta name=\"twitter:label1\" content=\"Est. reading time\" \/>\n\t<meta name=\"twitter:data1\" content=\"4 minutos\" \/>\n<script type=\"application\/ld+json\" class=\"yoast-schema-graph\">{\"@context\":\"https:\/\/schema.org\",\"@graph\":[{\"@type\":\"WebPage\",\"@id\":\"https:\/\/graziamagazine.com\/mx\/articles\/hm-anuncia-su-proxima-colaboracion-con-elie-saab\/\",\"url\":\"https:\/\/graziamagazine.com\/mx\/articles\/hm-anuncia-su-proxima-colaboracion-con-elie-saab\/\",\"name\":\"H&M anuncia su pr\u00f3xima colaboraci\u00f3n con Elie Saab\",\"isPartOf\":{\"@id\":\"https:\/\/graziamagazine.com\/mx\/#website\"},\"datePublished\":\"2026-09-03T16:15:45+00:00\",\"dateModified\":\"2026-09-03T16:27:20+00:00\",\"description\":\"La maison lleva su universo de glamour, artesan\u00eda y sofisticaci\u00f3n a una nueva colecci\u00f3n que reunir\u00e1 moda femenina, masculina y accesorios\",\"breadcrumb\":{\"@id\":\"https:\/\/graziamagazine.com\/mx\/articles\/hm-anuncia-su-proxima-colaboracion-con-elie-saab\/#breadcrumb\"},\"inLanguage\":\"es-MX\",\"potentialAction\":[{\"@type\":\"ReadAction\",\"target\":[\"https:\/\/graziamagazine.com\/mx\/articles\/hm-anuncia-su-proxima-colaboracion-con-elie-saab\/\"]}]},{\"@type\":\"BreadcrumbList\",\"@id\":\"https:\/\/graziamagazine.com\/mx\/articles\/hm-anuncia-su-proxima-colaboracion-con-elie-saab\/#breadcrumb\",\"itemListElement\":[{\"@type\":\"ListItem\",\"position\":1,\"name\":\"Home\",\"item\":\"https:\/\/graziamagazine.com\/mx\/\"},{\"@type\":\"ListItem\",\"position\":2,\"name\":\"H&amp;M anuncia su pr\u00f3xima colaboraci\u00f3n con Elie Saab\"}]},{\"@type\":\"WebSite\",\"@id\":\"https:\/\/graziamagazine.com\/mx\/#website\",\"url\":\"https:\/\/graziamagazine.com\/mx\/\",\"name\":\"Grazia M\u00e9xico y Latinoam\u00e9rica\",\"description\":\"Grazia es moda, belleza y noticias  de actualidad \",\"potentialAction\":[{\"@type\":\"SearchAction\",\"target\":{\"@type\":\"EntryPoint\",\"urlTemplate\":\"https:\/\/graziamagazine.com\/mx\/?s={search_term_string}\"},\"query-input\":\"required name=search_term_string\"}],\"inLanguage\":\"es-MX\"}]}<\/script>\n<!-- \/ Yoast SEO Premium plugin. -->","yoast_head_json":{"title":"H&M anuncia su pr\u00f3xima colaboraci\u00f3n con Elie Saab","description":"La maison lleva su universo de glamour, artesan\u00eda y sofisticaci\u00f3n a una nueva colecci\u00f3n que reunir\u00e1 moda femenina, masculina y accesorios","robots":{"index":"index","follow":"follow","max-snippet":"max-snippet:-1","max-image-preview":"max-image-preview:large","max-video-preview":"max-video-preview:-1"},"canonical":"https:\/\/graziamagazine.com\/mx\/articles\/hm-anuncia-su-proxima-colaboracion-con-elie-saab\/","og_locale":"es_MX","og_type":"article","og_title":"H&amp;M anuncia su pr\u00f3xima colaboraci\u00f3n con Elie Saab","og_description":"La maison lleva su universo de glamour, artesan\u00eda y sofisticaci\u00f3n a una nueva colecci\u00f3n que reunir\u00e1 moda femenina, masculina y accesorios","og_url":"https:\/\/graziamagazine.com\/mx\/articles\/hm-anuncia-su-proxima-colaboracion-con-elie-saab\/","og_site_name":"Grazia M\u00e9xico y Latinoam\u00e9rica","article_modified_time":"2026-09-03T16:27:20+00:00","og_image":[{"width":2560,"height":1707,"url":"https:\/\/graziamagazine.com\/mx\/wp-content\/uploads\/sites\/13\/2026\/09\/ELIE-SAAB-HM-Campaign-13016-scaled.jpg","type":"image\/jpeg"}],"twitter_card":"summary_large_image","twitter_misc":{"Est. reading time":"4 minutos"},"schema":{"@context":"https:\/\/schema.org","@graph":[{"@type":"WebPage","@id":"https:\/\/graziamagazine.com\/mx\/articles\/hm-anuncia-su-proxima-colaboracion-con-elie-saab\/","url":"https:\/\/graziamagazine.com\/mx\/articles\/hm-anuncia-su-proxima-colaboracion-con-elie-saab\/","name":"H&M anuncia su pr\u00f3xima colaboraci\u00f3n con Elie Saab","isPartOf":{"@id":"https:\/\/graziamagazine.com\/mx\/#website"},"datePublished":"2026-09-03T16:15:45+00:00","dateModified":"2026-09-03T16:27:20+00:00","description":"La maison lleva su universo de glamour, artesan\u00eda y sofisticaci\u00f3n a una nueva colecci\u00f3n que reunir\u00e1 moda femenina, masculina y accesorios","breadcrumb":{"@id":"https:\/\/graziamagazine.com\/mx\/articles\/hm-anuncia-su-proxima-colaboracion-con-elie-saab\/#breadcrumb"},"inLanguage":"es-MX","potentialAction":[{"@type":"ReadAction","target":["https:\/\/graziamagazine.com\/mx\/articles\/hm-anuncia-su-proxima-colaboracion-con-elie-saab\/"]}]},{"@type":"BreadcrumbList","@id":"https:\/\/graziamagazine.com\/mx\/articles\/hm-anuncia-su-proxima-colaboracion-con-elie-saab\/#breadcrumb","itemListElement":[{"@type":"ListItem","position":1,"name":"Home","item":"https:\/\/graziamagazine.com\/mx\/"},{"@type":"ListItem","position":2,"name":"H&amp;M anuncia su pr\u00f3xima colaboraci\u00f3n con Elie Saab"}]},{"@type":"WebSite","@id":"https:\/\/graziamagazine.com\/mx\/#website","url":"https:\/\/graziamagazine.com\/mx\/","name":"Grazia M\u00e9xico y Latinoam\u00e9rica","description":"Grazia es moda, belleza y noticias  de actualidad ","potentialAction":[{"@type":"SearchAction","target":{"@type":"EntryPoint","urlTemplate":"https:\/\/graziamagazine.com\/mx\/?s={search_term_string}"},"query-input":"required name=search_term_string"}],"inLanguage":"es-MX"}]}},"jetpack_sharing_enabled":true,"distributor_meta":false,"distributor_terms":false,"distributor_media":false,"distributor_original_site_name":"Grazia M\u00e9xico y Latinoam\u00e9rica","distributor_original_site_url":"https:\/\/graziamagazine.com\/mx","push-errors":false,"_links":{"self":[{"href":"https:\/\/graziamagazine.com\/mx\/wp-json\/wp\/v2\/articles\/176747"}],"collection":[{"href":"https:\/\/graziamagazine.com\/mx\/wp-json\/wp\/v2\/articles"}],"about":[{"href":"https:\/\/graziamagazine.com\/mx\/wp-json\/wp\/v2\/types\/articles"}],"author":[{"embeddable":true,"href":"https:\/\/graziamagazine.com\/mx\/wp-json\/wp\/v2\/users\/28953"}],"wp:featuredmedia":[{"embeddable":true,"href":"https:\/\/graziamagazine.com\/mx\/wp-json\/wp\/v2\/media\/176749"}],"wp:attachment":[{"href":"https:\/\/graziamagazine.com\/mx\/wp-json\/wp\/v2\/media?parent=176747"}],"wp:term":[{"taxonomy":"category","embeddable":true,"href":"https:\/\/graziamagazine.com\/mx\/wp-json\/wp\/v2\/categories?post=176747"}],"curies":[{"name":"wp","href":"https:\/\/api.w.org\/{rel}","templated":true}]}}