{"id":176739,"date":"2026-09-03T09:16:01","date_gmt":"2026-09-03T14:16:01","guid":{"rendered":"https:\/\/graziamagazine.com\/mx\/?post_type=articles&#038;p=176739"},"modified":"2026-09-03T10:46:30","modified_gmt":"2026-09-03T15:46:30","slug":"gloria-steinem-muere-legado-feminismo-derechos-mujeres","status":"publish","type":"articles","link":"https:\/\/graziamagazine.com\/mx\/articles\/gloria-steinem-muere-legado-feminismo-derechos-mujeres\/","title":{"rendered":"Muere la periodista y escritora Gloria Steinem: recordamos la figura de la hist\u00f3rica feminista"},"content":{"rendered":"<p class=\"p1\"><span class=\"s1\"><strong>Gloria Steinem,<\/strong> una de las <strong>figuras m\u00e1s reconocidas del feminismo,<\/strong> muere a los <strong>92 a\u00f1os,<\/strong> dejando una <strong>trayectoria<\/strong> que marc\u00f3 por completo el <strong>feminismo.<\/strong>\u00a0La <strong>periodista<\/strong>, <strong>escritora<\/strong> y <strong>activista<\/strong> estadounidense <strong>falleci\u00f3 el 2 de septiembre de 2026<\/strong> en su casa de Nueva York. Esto se dio a conocer en un comunicado que fue compartido en sus redes sociales, en el que se destac\u00f3 que <strong>hasta el \u00faltimo d\u00eda de su vida continu\u00f3 trabajando por la igualdad.<\/strong><\/span><\/p>\n<p class=\"p1\"><span class=\"s1\">Su trayectoria comenz\u00f3 con el periodismo y, al paso de los a\u00f1os, se convirti\u00f3 tambi\u00e9n en activismo y <strong>defensa de los derechos de las mujeres.<\/strong> M\u00e1s all\u00e1 de sus <strong>libros<\/strong> o sus <strong>art\u00edculos<\/strong>, ha dejado una huella que permanece. Ella fue una de las <strong>voces<\/strong> que llevaron a lo m\u00e1s alto las <strong>conversaciones sobre la igualdad, los derechos, la discriminaci\u00f3n y la participaci\u00f3n justa de las mujeres.<\/strong><\/span><\/p>\n<h2 class=\"p2\"><span class=\"s2\">Una de las voces m\u00e1s poderosas del feminismo<\/span><\/h2>\n<figure id=\"attachment_176740\" aria-describedby=\"caption-attachment-176740\" style=\"width: 750px\" class=\"wp-caption alignnone\"><img loading=\"lazy\" decoding=\"async\" class=\"wp-image-176740 size-full\" src=\"https:\/\/graziamagazine.com\/mx\/wp-content\/uploads\/sites\/13\/2026\/09\/IMG_7935.jpeg\" alt=\"Gloria Steinem \" width=\"750\" height=\"750\" srcset=\"https:\/\/graziamagazine.com\/mx\/wp-content\/uploads\/sites\/13\/2026\/09\/IMG_7935.jpeg 750w, https:\/\/graziamagazine.com\/mx\/wp-content\/uploads\/sites\/13\/2026\/09\/IMG_7935-450x450.jpeg 450w, https:\/\/graziamagazine.com\/mx\/wp-content\/uploads\/sites\/13\/2026\/09\/IMG_7935-150x150.jpeg 150w, https:\/\/graziamagazine.com\/mx\/wp-content\/uploads\/sites\/13\/2026\/09\/IMG_7935-400x400.jpeg 400w, https:\/\/graziamagazine.com\/mx\/wp-content\/uploads\/sites\/13\/2026\/09\/IMG_7935-155x155.jpeg 155w\" sizes=\"(max-width: 750px) 100vw, 750px\" \/><figcaption id=\"caption-attachment-176740\" class=\"wp-caption-text\">Muere la periodista y escritora Gloria Steinem: recordamos la figura de la hist\u00f3rica feminista Foto: Pinterest<\/figcaption><\/figure>\n<p class=\"p4\"><span class=\"s3\">Nacida el 25 de marzo de 1934 en Toledo, Ohio, Gloria Steinem estudi\u00f3 Ciencias Pol\u00edticas en <em>Smith College<\/em> y pas\u00f3 dos a\u00f1os en la India. Esta experiencia gener\u00f3 en ella un inter\u00e9s por el activismo a trav\u00e9s de las comunidades. Cuando regres\u00f3 a Estados Unidos, se dedic\u00f3 a construir una carrera como periodista freelance, a\u00fan en una \u00e9poca en la que las mujeres ten\u00edan barreras en el mundo de la redacci\u00f3n.<\/span><\/p>\n<p class=\"p4\"><span class=\"s3\">A trav\u00e9s de los a\u00f1os comenz\u00f3 a ganar mucho m\u00e1s reconocimiento, gracias a esa capacidad \u00fanica para abordar temas de todo tipo, especialmente pol\u00edticos y sociales. En 1963, public\u00f3 uno de sus reportajes m\u00e1s destacados despu\u00e9s de trabajar de manera encubierta como conejita en el <em>Playboy Club<\/em> de Nueva York. En este art\u00edculo expuso las condiciones laborales y el trato que recib\u00edan las mujeres que trabajaban ah\u00ed. Desde entonces, su trabajo fue reconocido por defender y visibilizar los derechos de las mujeres.<\/span><\/p>\n<h2 class=\"p2\"><span class=\"s2\">Gloria Steinem y el nacimiento de una nueva conversaci\u00f3n<\/span><\/h2>\n<div class=\"content-gallery\"><div class=\"gallery-placeholder\"><div class=\"spinner\"><\/div><\/div><span class=\"gallery-pagination\"><\/span><div id=\"gallery-1\" class=\"gallery galleryid-176739 gallery-columns- gallery-size-\"><figure class=\"gallery-item\"><div class=\"gallery-icon landscape\"><img loading=\"lazy\" decoding=\"async\" width=\"768\" height=\"1152\" src=\"https:\/\/graziamagazine.com\/mx\/wp-content\/uploads\/sites\/13\/2026\/09\/IMG_7938.jpeg\" class=\"lazy\" alt=\"Gloria Steinem\" srcset=\"https:\/\/graziamagazine.com\/mx\/wp-content\/uploads\/sites\/13\/2026\/09\/IMG_7938.jpeg 768w, https:\/\/graziamagazine.com\/mx\/wp-content\/uploads\/sites\/13\/2026\/09\/IMG_7938-300x450.jpeg 300w, https:\/\/graziamagazine.com\/mx\/wp-content\/uploads\/sites\/13\/2026\/09\/IMG_7938-683x1024.jpeg 683w, https:\/\/graziamagazine.com\/mx\/wp-content\/uploads\/sites\/13\/2026\/09\/IMG_7938-400x600.jpeg 400w, https:\/\/graziamagazine.com\/mx\/wp-content\/uploads\/sites\/13\/2026\/09\/IMG_7938-143x215.jpeg 143w\" sizes=\"(max-width: 768px) 100vw, 768px\" \/><\/div><figcaption class=\"wp-caption-text gallery-caption\" id=\"gallery-1-176743\">Foto: Pinterest <\/figcaption><\/figure><figure class=\"gallery-item\"><div class=\"gallery-icon landscape\"><img loading=\"lazy\" decoding=\"async\" width=\"1199\" height=\"1908\" src=\"https:\/\/graziamagazine.com\/mx\/wp-content\/uploads\/sites\/13\/2026\/09\/IMG_7939.jpeg\" class=\"lazy\" alt=\"Gloria Steinem\" srcset=\"https:\/\/graziamagazine.com\/mx\/wp-content\/uploads\/sites\/13\/2026\/09\/IMG_7939.jpeg 1199w, https:\/\/graziamagazine.com\/mx\/wp-content\/uploads\/sites\/13\/2026\/09\/IMG_7939-283x450.jpeg 283w, https:\/\/graziamagazine.com\/mx\/wp-content\/uploads\/sites\/13\/2026\/09\/IMG_7939-643x1024.jpeg 643w, https:\/\/graziamagazine.com\/mx\/wp-content\/uploads\/sites\/13\/2026\/09\/IMG_7939-768x1222.jpeg 768w, https:\/\/graziamagazine.com\/mx\/wp-content\/uploads\/sites\/13\/2026\/09\/IMG_7939-965x1536.jpeg 965w, https:\/\/graziamagazine.com\/mx\/wp-content\/uploads\/sites\/13\/2026\/09\/IMG_7939-400x637.jpeg 400w, https:\/\/graziamagazine.com\/mx\/wp-content\/uploads\/sites\/13\/2026\/09\/IMG_7939-135x215.jpeg 135w\" sizes=\"(max-width: 1199px) 100vw, 1199px\" \/><\/div><figcaption class=\"wp-caption-text gallery-caption\" id=\"gallery-1-176742\">Muere la periodista y escritora Gloria Steinem: recordamos la figura de la hist\u00f3rica feminista\n\nFoto: Pinterest <\/figcaption><\/figure><\/div><\/div>\n<p class=\"p4\"><span class=\"s3\">En 1971, particip\u00f3 en la creaci\u00f3n del <em>National Women\u2019s Political Caucus,<\/em> una organizaci\u00f3n enfocada en aumentar y visibilizar la participaci\u00f3n de las mujeres en la pol\u00edtica. Un a\u00f1o despu\u00e9s, lleg\u00f3 uno de los proyectos m\u00e1s importantes de su carrera: la revista <\/span><em><span class=\"s4\">Ms.<\/span><\/em><\/p>\n<p class=\"p4\"><span class=\"s3\">Aqu\u00ed, m\u00e1s all\u00e1 de hablar de moda, belleza, relaciones o la vida misma, ella, junto a otras periodistas y activistas, convirti\u00f3 la revista <\/span><em><span class=\"s4\">Ms.<\/span><\/em><span class=\"s3\"> en una revista independiente, dedicada a hablar, especialmente, de la vida de las mujeres a trav\u00e9s de una perspectiva feminista, en la que se tocaban temas como el trabajo, la pol\u00edtica, la violencia, los derechos y la desigualdad que viv\u00edan las mujeres.<\/span><\/p>\n<p class=\"p4\"><span class=\"s3\">Desde entonces, se convirti\u00f3 en una de las figuras m\u00e1s reconocibles del movimiento feminista del siglo XX. Ella abarcaba temas como derechos reproductivos, igualdad econ\u00f3mica, violencia contra las mujeres y tambi\u00e9n fue para muchas una representaci\u00f3n femenina en los medios. Tambi\u00e9n defendi\u00f3 los derechos LGBTQ+, llevando su activismo a participar en marchas, protestas y campa\u00f1as durante a\u00f1os.<\/span><\/p>\n<p class=\"p4\"><span class=\"s3\">En 2013, el presidente Barack Obama le otorg\u00f3 la Medalla Presidencial de la Libertad, el reconocimiento civil m\u00e1s importante de Estados Unidos. Y a\u00f1os m\u00e1s tarde, en 2021, tambi\u00e9n recibi\u00f3 el <a href=\"https:\/\/graziamagazine.com\/mx\/articles\/gloria-steinem-periodista-y-feminista-estadounidense-ganadora-del-premio-princesa-de-asturias-2021\/\">Premio Princesa de Asturias<\/a> de Comunicaci\u00f3n y Humanidades, como reconocimiento a una trayectoria dedicada a la defensa de la igualdad y los derechos de las mujeres.<\/span><\/p>\n<h2 class=\"p2\"><span class=\"s2\">El legado de Gloria Steinem permanece escrito<\/span><\/h2>\n<div class=\"content-gallery\"><div class=\"gallery-placeholder\"><div class=\"spinner\"><\/div><\/div><span class=\"gallery-pagination\"><\/span><div id=\"gallery-2\" class=\"gallery galleryid-176739 gallery-columns- gallery-size-\"><figure class=\"gallery-item\"><div class=\"gallery-icon landscape\"><img loading=\"lazy\" decoding=\"async\" width=\"1200\" height=\"1657\" src=\"https:\/\/graziamagazine.com\/mx\/wp-content\/uploads\/sites\/13\/2026\/09\/IMG_7940.jpeg\" class=\"lazy\" alt=\"Gloria Steinem\" srcset=\"https:\/\/graziamagazine.com\/mx\/wp-content\/uploads\/sites\/13\/2026\/09\/IMG_7940.jpeg 1200w, https:\/\/graziamagazine.com\/mx\/wp-content\/uploads\/sites\/13\/2026\/09\/IMG_7940-326x450.jpeg 326w, https:\/\/graziamagazine.com\/mx\/wp-content\/uploads\/sites\/13\/2026\/09\/IMG_7940-742x1024.jpeg 742w, https:\/\/graziamagazine.com\/mx\/wp-content\/uploads\/sites\/13\/2026\/09\/IMG_7940-768x1060.jpeg 768w, https:\/\/graziamagazine.com\/mx\/wp-content\/uploads\/sites\/13\/2026\/09\/IMG_7940-1112x1536.jpeg 1112w, https:\/\/graziamagazine.com\/mx\/wp-content\/uploads\/sites\/13\/2026\/09\/IMG_7940-400x552.jpeg 400w, https:\/\/graziamagazine.com\/mx\/wp-content\/uploads\/sites\/13\/2026\/09\/IMG_7940-155x215.jpeg 155w\" sizes=\"(max-width: 1200px) 100vw, 1200px\" \/><\/div><figcaption class=\"wp-caption-text gallery-caption\" id=\"gallery-2-176741\">Muere la periodista y escritora Gloria Steinem: recordamos la figura de la hist\u00f3rica feminista\nFoto: Pinterest <\/figcaption><\/figure><figure class=\"gallery-item\"><div class=\"gallery-icon landscape\"><img loading=\"lazy\" decoding=\"async\" width=\"1200\" height=\"1800\" src=\"https:\/\/graziamagazine.com\/mx\/wp-content\/uploads\/sites\/13\/2026\/09\/IMG_7937.jpeg\" class=\"lazy\" alt=\"Gloria Steinem\" srcset=\"https:\/\/graziamagazine.com\/mx\/wp-content\/uploads\/sites\/13\/2026\/09\/IMG_7937.jpeg 1200w, https:\/\/graziamagazine.com\/mx\/wp-content\/uploads\/sites\/13\/2026\/09\/IMG_7937-300x450.jpeg 300w, https:\/\/graziamagazine.com\/mx\/wp-content\/uploads\/sites\/13\/2026\/09\/IMG_7937-683x1024.jpeg 683w, https:\/\/graziamagazine.com\/mx\/wp-content\/uploads\/sites\/13\/2026\/09\/IMG_7937-768x1152.jpeg 768w, https:\/\/graziamagazine.com\/mx\/wp-content\/uploads\/sites\/13\/2026\/09\/IMG_7937-1024x1536.jpeg 1024w, https:\/\/graziamagazine.com\/mx\/wp-content\/uploads\/sites\/13\/2026\/09\/IMG_7937-400x600.jpeg 400w, https:\/\/graziamagazine.com\/mx\/wp-content\/uploads\/sites\/13\/2026\/09\/IMG_7937-143x215.jpeg 143w\" sizes=\"(max-width: 1200px) 100vw, 1200px\" \/><\/div><figcaption class=\"wp-caption-text gallery-caption\" id=\"gallery-2-176744\">Foto: Pinterest <\/figcaption><\/figure><\/div><\/div>\n<p class=\"p4\"><span class=\"s3\">Ella, adem\u00e1s de ser periodista y activista, tambi\u00e9n fue escritora prol\u00edfica. Entre sus libros m\u00e1s populares se encuentran <\/span><em><span class=\"s4\">Outrageous Acts and Everyday Rebellions<\/span><span class=\"s3\">, <\/span><span class=\"s4\">Revolution from Within<\/span><span class=\"s3\">, <\/span><span class=\"s4\">Moving Beyond Words<\/span><\/em><span class=\"s3\"> y <\/span><em><span class=\"s4\">My Life on the Road<\/span><\/em><span class=\"s3\"><em>.<\/em> Su propio sitio oficial tambi\u00e9n reconoce estas obras como parte de su trayectoria como escritora.<\/span><\/p>\n<p class=\"p4\"><span class=\"s3\">En 2020, tambi\u00e9n lleg\u00f3 a la pantalla <\/span><em><span class=\"s4\">The Glorias<\/span><\/em><span class=\"s3\"><em>,<\/em> una pel\u00edcula basada en sus memorias y protagonizada por actrices que la representaban en distintas etapas de su vida.<\/span><\/p>\n<p class=\"p4\"><span class=\"s3\">A ella se le reconoce haber conseguido algo que pocas figuras p\u00fablicas logran: convertir sus propias experiencias en una conversaci\u00f3n amplia y compartida. Ella no solamente hablaba de las mujeres de su generaci\u00f3n, sino de todo aquello que durante a\u00f1os hab\u00eda limitado sus oportunidades.<\/span><\/p>\n<p class=\"p4\"><span class=\"s3\">Gloria Steinem, utiliz\u00f3 el periodismo, la escritura y el activismo como herramientas para cuestionar todo aquello que durante a\u00f1os era considerado normal y que se convert\u00eda en una barrera para muchos a la hora de defender sus derechos.<\/span><\/p>\n<p class=\"p4\"><span class=\"s3\">Hoy, a sus 92 a\u00f1os, su muerte deja atr\u00e1s m\u00e1s de seis d\u00e9cadas de trabajo por la igualdad, y no solo para las mujeres. Hoy es reconocida como una de las principales referentes internacionales del movimiento feminista y una voz para todos aquellos que lo necesitaran.<\/span><\/p>\n","protected":false},"author":42774,"featured_media":176745,"template":"","format":"standard","categories":[114],"acf":[],"yoast_head":"<!-- This site is optimized with the Yoast SEO Premium plugin v18.5 (Yoast SEO v20.4) - https:\/\/yoast.com\/wordpress\/plugins\/seo\/ -->\n<title>Muere la periodista y escritora Gloria Steinem: recordamos la figura de la hist\u00f3rica feminista | Grazia M\u00e9xico y Latinoam\u00e9rica<\/title>\n<meta name=\"description\" content=\"Gloria Steinem muri\u00f3 a los 92 a\u00f1os. Recordamos la trayectoria de la periodista, escritora y activista que marc\u00f3 la historia del feminismo\" \/>\n<meta name=\"robots\" content=\"index, follow, max-snippet:-1, max-image-preview:large, max-video-preview:-1\" \/>\n<link rel=\"canonical\" href=\"https:\/\/graziamagazine.com\/mx\/articles\/gloria-steinem-muere-legado-feminismo-derechos-mujeres\/\" \/>\n<meta property=\"og:locale\" content=\"es_MX\" \/>\n<meta property=\"og:type\" content=\"article\" \/>\n<meta property=\"og:title\" content=\"Muere la periodista y escritora Gloria Steinem: recordamos la figura de la hist\u00f3rica feminista\" \/>\n<meta property=\"og:description\" content=\"Gloria Steinem muri\u00f3 a los 92 a\u00f1os. Recordamos la trayectoria de la periodista, escritora y activista que marc\u00f3 la historia del feminismo\" \/>\n<meta property=\"og:url\" content=\"https:\/\/graziamagazine.com\/mx\/articles\/gloria-steinem-muere-legado-feminismo-derechos-mujeres\/\" \/>\n<meta property=\"og:site_name\" content=\"Grazia M\u00e9xico y Latinoam\u00e9rica\" \/>\n<meta property=\"article:modified_time\" content=\"2026-09-03T15:46:30+00:00\" \/>\n<meta property=\"og:image\" content=\"https:\/\/graziamagazine.com\/mx\/wp-content\/uploads\/sites\/13\/2026\/09\/IMG_7936.jpeg\" \/>\n\t<meta property=\"og:image:width\" content=\"1200\" \/>\n\t<meta property=\"og:image:height\" content=\"1490\" \/>\n\t<meta property=\"og:image:type\" content=\"image\/jpeg\" \/>\n<meta name=\"twitter:card\" content=\"summary_large_image\" \/>\n<meta name=\"twitter:label1\" content=\"Est. reading time\" \/>\n\t<meta name=\"twitter:data1\" content=\"4 minutos\" \/>\n<script type=\"application\/ld+json\" class=\"yoast-schema-graph\">{\"@context\":\"https:\/\/schema.org\",\"@graph\":[{\"@type\":\"WebPage\",\"@id\":\"https:\/\/graziamagazine.com\/mx\/articles\/gloria-steinem-muere-legado-feminismo-derechos-mujeres\/\",\"url\":\"https:\/\/graziamagazine.com\/mx\/articles\/gloria-steinem-muere-legado-feminismo-derechos-mujeres\/\",\"name\":\"Muere la periodista y escritora Gloria Steinem: recordamos la figura de la hist\u00f3rica feminista | Grazia M\u00e9xico y Latinoam\u00e9rica\",\"isPartOf\":{\"@id\":\"https:\/\/graziamagazine.com\/mx\/#website\"},\"datePublished\":\"2026-09-03T14:16:01+00:00\",\"dateModified\":\"2026-09-03T15:46:30+00:00\",\"description\":\"Gloria Steinem muri\u00f3 a los 92 a\u00f1os. Recordamos la trayectoria de la periodista, escritora y activista que marc\u00f3 la historia del feminismo\",\"breadcrumb\":{\"@id\":\"https:\/\/graziamagazine.com\/mx\/articles\/gloria-steinem-muere-legado-feminismo-derechos-mujeres\/#breadcrumb\"},\"inLanguage\":\"es-MX\",\"potentialAction\":[{\"@type\":\"ReadAction\",\"target\":[\"https:\/\/graziamagazine.com\/mx\/articles\/gloria-steinem-muere-legado-feminismo-derechos-mujeres\/\"]}]},{\"@type\":\"BreadcrumbList\",\"@id\":\"https:\/\/graziamagazine.com\/mx\/articles\/gloria-steinem-muere-legado-feminismo-derechos-mujeres\/#breadcrumb\",\"itemListElement\":[{\"@type\":\"ListItem\",\"position\":1,\"name\":\"Home\",\"item\":\"https:\/\/graziamagazine.com\/mx\/\"},{\"@type\":\"ListItem\",\"position\":2,\"name\":\"Muere la periodista y escritora Gloria Steinem: recordamos la figura de la hist\u00f3rica feminista\"}]},{\"@type\":\"WebSite\",\"@id\":\"https:\/\/graziamagazine.com\/mx\/#website\",\"url\":\"https:\/\/graziamagazine.com\/mx\/\",\"name\":\"Grazia M\u00e9xico y Latinoam\u00e9rica\",\"description\":\"Grazia es moda, belleza y noticias  de actualidad \",\"potentialAction\":[{\"@type\":\"SearchAction\",\"target\":{\"@type\":\"EntryPoint\",\"urlTemplate\":\"https:\/\/graziamagazine.com\/mx\/?s={search_term_string}\"},\"query-input\":\"required name=search_term_string\"}],\"inLanguage\":\"es-MX\"}]}<\/script>\n<!-- \/ Yoast SEO Premium plugin. -->","yoast_head_json":{"title":"Muere la periodista y escritora Gloria Steinem: recordamos la figura de la hist\u00f3rica feminista | Grazia M\u00e9xico y Latinoam\u00e9rica","description":"Gloria Steinem muri\u00f3 a los 92 a\u00f1os. Recordamos la trayectoria de la periodista, escritora y activista que marc\u00f3 la historia del feminismo","robots":{"index":"index","follow":"follow","max-snippet":"max-snippet:-1","max-image-preview":"max-image-preview:large","max-video-preview":"max-video-preview:-1"},"canonical":"https:\/\/graziamagazine.com\/mx\/articles\/gloria-steinem-muere-legado-feminismo-derechos-mujeres\/","og_locale":"es_MX","og_type":"article","og_title":"Muere la periodista y escritora Gloria Steinem: recordamos la figura de la hist\u00f3rica feminista","og_description":"Gloria Steinem muri\u00f3 a los 92 a\u00f1os. Recordamos la trayectoria de la periodista, escritora y activista que marc\u00f3 la historia del feminismo","og_url":"https:\/\/graziamagazine.com\/mx\/articles\/gloria-steinem-muere-legado-feminismo-derechos-mujeres\/","og_site_name":"Grazia M\u00e9xico y Latinoam\u00e9rica","article_modified_time":"2026-09-03T15:46:30+00:00","og_image":[{"width":1200,"height":1490,"url":"https:\/\/graziamagazine.com\/mx\/wp-content\/uploads\/sites\/13\/2026\/09\/IMG_7936.jpeg","type":"image\/jpeg"}],"twitter_card":"summary_large_image","twitter_misc":{"Est. reading time":"4 minutos"},"schema":{"@context":"https:\/\/schema.org","@graph":[{"@type":"WebPage","@id":"https:\/\/graziamagazine.com\/mx\/articles\/gloria-steinem-muere-legado-feminismo-derechos-mujeres\/","url":"https:\/\/graziamagazine.com\/mx\/articles\/gloria-steinem-muere-legado-feminismo-derechos-mujeres\/","name":"Muere la periodista y escritora Gloria Steinem: recordamos la figura de la hist\u00f3rica feminista | Grazia M\u00e9xico y Latinoam\u00e9rica","isPartOf":{"@id":"https:\/\/graziamagazine.com\/mx\/#website"},"datePublished":"2026-09-03T14:16:01+00:00","dateModified":"2026-09-03T15:46:30+00:00","description":"Gloria Steinem muri\u00f3 a los 92 a\u00f1os. Recordamos la trayectoria de la periodista, escritora y activista que marc\u00f3 la historia del feminismo","breadcrumb":{"@id":"https:\/\/graziamagazine.com\/mx\/articles\/gloria-steinem-muere-legado-feminismo-derechos-mujeres\/#breadcrumb"},"inLanguage":"es-MX","potentialAction":[{"@type":"ReadAction","target":["https:\/\/graziamagazine.com\/mx\/articles\/gloria-steinem-muere-legado-feminismo-derechos-mujeres\/"]}]},{"@type":"BreadcrumbList","@id":"https:\/\/graziamagazine.com\/mx\/articles\/gloria-steinem-muere-legado-feminismo-derechos-mujeres\/#breadcrumb","itemListElement":[{"@type":"ListItem","position":1,"name":"Home","item":"https:\/\/graziamagazine.com\/mx\/"},{"@type":"ListItem","position":2,"name":"Muere la periodista y escritora Gloria Steinem: recordamos la figura de la hist\u00f3rica feminista"}]},{"@type":"WebSite","@id":"https:\/\/graziamagazine.com\/mx\/#website","url":"https:\/\/graziamagazine.com\/mx\/","name":"Grazia M\u00e9xico y Latinoam\u00e9rica","description":"Grazia es moda, belleza y noticias  de actualidad ","potentialAction":[{"@type":"SearchAction","target":{"@type":"EntryPoint","urlTemplate":"https:\/\/graziamagazine.com\/mx\/?s={search_term_string}"},"query-input":"required name=search_term_string"}],"inLanguage":"es-MX"}]}},"jetpack_sharing_enabled":true,"distributor_meta":false,"distributor_terms":false,"distributor_media":false,"distributor_original_site_name":"Grazia M\u00e9xico y Latinoam\u00e9rica","distributor_original_site_url":"https:\/\/graziamagazine.com\/mx","push-errors":false,"_links":{"self":[{"href":"https:\/\/graziamagazine.com\/mx\/wp-json\/wp\/v2\/articles\/176739"}],"collection":[{"href":"https:\/\/graziamagazine.com\/mx\/wp-json\/wp\/v2\/articles"}],"about":[{"href":"https:\/\/graziamagazine.com\/mx\/wp-json\/wp\/v2\/types\/articles"}],"author":[{"embeddable":true,"href":"https:\/\/graziamagazine.com\/mx\/wp-json\/wp\/v2\/users\/42774"}],"wp:featuredmedia":[{"embeddable":true,"href":"https:\/\/graziamagazine.com\/mx\/wp-json\/wp\/v2\/media\/176745"}],"wp:attachment":[{"href":"https:\/\/graziamagazine.com\/mx\/wp-json\/wp\/v2\/media?parent=176739"}],"wp:term":[{"taxonomy":"category","embeddable":true,"href":"https:\/\/graziamagazine.com\/mx\/wp-json\/wp\/v2\/categories?post=176739"}],"curies":[{"name":"wp","href":"https:\/\/api.w.org\/{rel}","templated":true}]}}