{"id":176711,"date":"2026-09-02T16:30:55","date_gmt":"2026-09-02T21:30:55","guid":{"rendered":"https:\/\/graziamagazine.com\/mx\/?post_type=articles&#038;p=176711"},"modified":"2026-09-02T16:35:03","modified_gmt":"2026-09-02T21:35:03","slug":"mejores-secadoras-cabello","status":"publish","type":"articles","link":"https:\/\/graziamagazine.com\/mx\/articles\/mejores-secadoras-cabello\/","title":{"rendered":"Las mejores secadoras para estilizar tu cabello"},"content":{"rendered":"<p><span style=\"font-weight: 400\">La funci\u00f3n de una buena secadora no es solamente eliminar la humedad del cabello. Las nuevas herramientas de <\/span><i><span style=\"font-weight: 400\">styling <\/span><\/i><span style=\"font-weight: 400\">buscan reducir el tiempo frente al espejo, controlar el <\/span><i><span style=\"font-weight: 400\">frizz<\/span><\/i><span style=\"font-weight: 400\">, proteger la fibra capilar y, mediante accesorios intercambiables, conseguir desde un lacio pulido hasta rizos definidos o un <\/span><i><span style=\"font-weight: 400\">blowout<\/span><\/i><span style=\"font-weight: 400\"> con volumen. Incluso existen modelos creados espec\u00edficamente para viajar sin renunciar al desempe\u00f1o de una herramienta de tama\u00f1o convencional.<\/span><\/p>\n<p><span style=\"font-weight: 400\">Elegir correctamente tampoco depende necesariamente de comprar la opci\u00f3n m\u00e1s costosa. Caracter\u00edsticas como la tecnolog\u00eda i\u00f3nica, los accesorios magn\u00e9ticos y los controles de temperatura ya aparecen en modelos de diferentes rangos de precio. Es m\u00e1s importante considerar el peso, las temperaturas disponibles, la potencia y, especialmente, los accesorios adecuados para nuestro tipo de cabello.<\/span><\/p>\n<p><span style=\"font-weight: 400\">Esta es una selecci\u00f3n de algunas de las mejores secadoras que se encuentran actualmente:<\/span><\/p>\n<h2><b>Wavytalk Turblow Pro Fast Drying Blow Dryer<\/b><\/h2>\n<p><span style=\"font-weight: 400\">La Wavytalk Turblow Pro Fast Drying Blow Dryer demuestra que una secadora compacta no necesariamente tiene que sacrificar potencia. Es conocida como la mejor secadora compacta asequible y destaca especialmente su motor de alta velocidad y la tecnolog\u00eda i\u00f3nica, dise\u00f1ada para minimizar el <\/span><i><span style=\"font-weight: 400\">frizz <\/span><\/i><span style=\"font-weight: 400\">y los cabellos sueltos.<\/span><\/p>\n<p><span style=\"font-weight: 400\">Cuenta con 1,500 watts de potencia y dos accesorios magn\u00e9ticos: un difusor y una boquilla para suavizar el cabello. Adem\u00e1s, su dise\u00f1o puede rotarse para hacer m\u00e1s c\u00f3modo el estilizado. Esta combinaci\u00f3n la vuelve interesante para quienes quieren alternar entre definici\u00f3n de ondas o rizos y acabados m\u00e1s lisos sin acumular demasiadas herramientas.<\/span><\/p>\n<p><img loading=\"lazy\" decoding=\"async\" class=\"alignnone size-full wp-image-176712\" src=\"https:\/\/graziamagazine.com\/mx\/wp-content\/uploads\/sites\/13\/2026\/09\/61M7h3Vb8L._AC_UF10001000_QL80_.jpg\" alt=\"\" width=\"838\" height=\"1000\" \/><\/p>\n<h2><b>Shark SilkiPro Straight<\/b><\/h2>\n<p><span style=\"font-weight: 400\">Aunque t\u00e9cnicamente va m\u00e1s all\u00e1 de una secadora tradicional, la Shark SilkiPro Straight merece un lugar entre las herramientas que buscan simplificar el styling. Se trata de un dispositivo 3 en 1 que combina aire de alta velocidad, placas cer\u00e1micas HeatSense y tres peines intercambiables para secar, alisar y estilizar con una sola herramienta. Est\u00e1 dise\u00f1ada para utilizarse sobre cabello h\u00famedo o seco y para trabajar texturas desde 1A hasta 4C.<\/span><\/p>\n<p><span style=\"font-weight: 400\">Una de sus caracter\u00edsticas m\u00e1s interesantes son precisamente las placas HeatSense, cuyos sensores monitorean la temperatura 1,000 veces por segundo para regular el calor. A esto se suma la tecnolog\u00eda RapidDry, que utiliza flujo de aire de alta velocidad para reducir el tiempo de la rutina de secado y alisado. Tambi\u00e9n detecta el movimiento: aumenta el flujo mientras se utiliza, lo reduce entre pasadas y puede pausarse autom\u00e1ticamente despu\u00e9s de tres segundos sin movimiento.<\/span><\/p>\n<p><span style=\"font-weight: 400\">Sus tres peines responden a diferentes necesidades. El de dientes anchos est\u00e1 pensado para cabello grueso, largo, rizado o muy rizado; el suave ayuda a conseguir un lacio con movimiento, y el de precisi\u00f3n proporciona mayor tensi\u00f3n para un acabado m\u00e1s pulido.<\/span><\/p>\n<p><img loading=\"lazy\" decoding=\"async\" class=\"alignnone size-full wp-image-176713\" src=\"https:\/\/graziamagazine.com\/mx\/wp-content\/uploads\/sites\/13\/2026\/09\/mcwwixFewyoXcnjAbH8P5H-scaled.jpg\" alt=\"\" width=\"2560\" height=\"1097\" srcset=\"https:\/\/graziamagazine.com\/mx\/wp-content\/uploads\/sites\/13\/2026\/09\/mcwwixFewyoXcnjAbH8P5H-scaled.jpg 2560w, https:\/\/graziamagazine.com\/mx\/wp-content\/uploads\/sites\/13\/2026\/09\/mcwwixFewyoXcnjAbH8P5H-450x193.jpg 450w, https:\/\/graziamagazine.com\/mx\/wp-content\/uploads\/sites\/13\/2026\/09\/mcwwixFewyoXcnjAbH8P5H-1024x439.jpg 1024w, https:\/\/graziamagazine.com\/mx\/wp-content\/uploads\/sites\/13\/2026\/09\/mcwwixFewyoXcnjAbH8P5H-768x329.jpg 768w, https:\/\/graziamagazine.com\/mx\/wp-content\/uploads\/sites\/13\/2026\/09\/mcwwixFewyoXcnjAbH8P5H-1536x658.jpg 1536w, https:\/\/graziamagazine.com\/mx\/wp-content\/uploads\/sites\/13\/2026\/09\/mcwwixFewyoXcnjAbH8P5H-2048x878.jpg 2048w, https:\/\/graziamagazine.com\/mx\/wp-content\/uploads\/sites\/13\/2026\/09\/mcwwixFewyoXcnjAbH8P5H-400x171.jpg 400w, https:\/\/graziamagazine.com\/mx\/wp-content\/uploads\/sites\/13\/2026\/09\/mcwwixFewyoXcnjAbH8P5H-155x66.jpg 155w\" sizes=\"(max-width: 2560px) 100vw, 2560px\" \/><\/p>\n<h2><b>Dyson Supersonic Travel<\/b><\/h2>\n<p><span style=\"font-weight: 400\">Para viajar, la Dyson Supersonic Travel plantea una soluci\u00f3n a uno de los problemas habituales de llevar herramientas de belleza fuera de casa. Esta versi\u00f3n ha sido dise\u00f1ada espec\u00edficamente en un formato compacto y ligero que facilita transportarla incluso dentro del equipaje de mano.<\/span><\/p>\n<p><span style=\"font-weight: 400\">Su caracter\u00edstica m\u00e1s relevante es el voltaje universal, pensado para poder utilizarla en diferentes destinos internacionales. El comunicado de la marca destaca tres aspectos principales al elegir una secadora de viaje: dise\u00f1o compacto, alto rendimiento y compatibilidad el\u00e9ctrica, cualidades que re\u00fane esta versi\u00f3n de Supersonic. La intenci\u00f3n es mantener un secado r\u00e1pido y eficiente en un formato m\u00e1s pr\u00e1ctico para viajeras frecuentes.<\/span><\/p>\n<p><img loading=\"lazy\" decoding=\"async\" class=\"size-full wp-image-176714\" src=\"https:\/\/graziamagazine.com\/mx\/wp-content\/uploads\/sites\/13\/2026\/09\/Dyson-Supersonic-Travel-e-Dyson-Omega.jpg\" alt=\"\" width=\"7424\" height=\"9216\" \/><\/p>\n<h2><b>Ella Bella Ionic Hair Dryer<\/b><\/h2>\n<p><span style=\"font-weight: 400\">Otra alternativa interesante para los viajes es la Ella Bella Ionic Hair Dryer, conocida como la mejor secadora asequible para viajar. Su principal ventaja es el voltaje dual, especialmente \u00fatil para trasladarse entre diferentes pa\u00edses.<\/span><\/p>\n<p><span style=\"font-weight: 400\">Tiene 1,200 watts de potencia, tres accesorios y tecnolog\u00eda i\u00f3nica para ayudar a reducir el<\/span><i><span style=\"font-weight: 400\"> frizz. <\/span><\/i><span style=\"font-weight: 400\">Tambi\u00e9n incorpora control inteligente de calor, que adapta la temperatura de secado a las necesidades del cabello. Uno de los aspectos que destacan sus usuarios es la posibilidad de trabajar con temperaturas m\u00e1s bajas sin renunciar a un flujo de aire potente, algo especialmente relevante para quienes utilizan la secadora con mucha frecuencia.<\/span><\/p>\n<p><img loading=\"lazy\" decoding=\"async\" class=\"alignnone size-full wp-image-176715\" src=\"https:\/\/graziamagazine.com\/mx\/wp-content\/uploads\/sites\/13\/2026\/09\/71zg9nackrL.jpg\" alt=\"\" width=\"2000\" height=\"2000\" srcset=\"https:\/\/graziamagazine.com\/mx\/wp-content\/uploads\/sites\/13\/2026\/09\/71zg9nackrL.jpg 2000w, https:\/\/graziamagazine.com\/mx\/wp-content\/uploads\/sites\/13\/2026\/09\/71zg9nackrL-450x450.jpg 450w, https:\/\/graziamagazine.com\/mx\/wp-content\/uploads\/sites\/13\/2026\/09\/71zg9nackrL-1024x1024.jpg 1024w, https:\/\/graziamagazine.com\/mx\/wp-content\/uploads\/sites\/13\/2026\/09\/71zg9nackrL-150x150.jpg 150w, https:\/\/graziamagazine.com\/mx\/wp-content\/uploads\/sites\/13\/2026\/09\/71zg9nackrL-768x768.jpg 768w, https:\/\/graziamagazine.com\/mx\/wp-content\/uploads\/sites\/13\/2026\/09\/71zg9nackrL-1536x1536.jpg 1536w, https:\/\/graziamagazine.com\/mx\/wp-content\/uploads\/sites\/13\/2026\/09\/71zg9nackrL-400x400.jpg 400w, https:\/\/graziamagazine.com\/mx\/wp-content\/uploads\/sites\/13\/2026\/09\/71zg9nackrL-155x155.jpg 155w\" sizes=\"(max-width: 2000px) 100vw, 2000px\" \/><\/p>\n<h2><b>Laifen Swift Hair Dryer<\/b><\/h2>\n<p><span style=\"font-weight: 400\">El peso de una secadora puede parecer secundario hasta que tenemos mucho cabello o dedicamos varios minutos a un <\/span><i><span style=\"font-weight: 400\">blowout<\/span><\/i><span style=\"font-weight: 400\">. La Laifen Swift Hair Dryer pesa menos de una libra y es la mejor opci\u00f3n ligera en relaci\u00f3n a calidad-precio.<\/span><\/p>\n<p><span style=\"font-weight: 400\">Adem\u00e1s de su dise\u00f1o minimalista, ofrece 1,400 watts de potencia e incluye tres accesorios magn\u00e9ticos. Una de sus funciones m\u00e1s interesantes es un modo que alterna autom\u00e1ticamente las temperaturas para evitar mantener el cabello expuesto continuamente a demasiado calor. Su tama\u00f1o facilita manipularla durante el peinado y es excelente para obtener potencia sin utilizar una herramienta pesada.<\/span><\/p>\n<p><img loading=\"lazy\" decoding=\"async\" class=\"alignnone size-full wp-image-176716\" src=\"https:\/\/graziamagazine.com\/mx\/wp-content\/uploads\/sites\/13\/2026\/09\/51ATY3WxrFL.jpg\" alt=\"\" width=\"1200\" height=\"1500\" srcset=\"https:\/\/graziamagazine.com\/mx\/wp-content\/uploads\/sites\/13\/2026\/09\/51ATY3WxrFL.jpg 1200w, https:\/\/graziamagazine.com\/mx\/wp-content\/uploads\/sites\/13\/2026\/09\/51ATY3WxrFL-360x450.jpg 360w, https:\/\/graziamagazine.com\/mx\/wp-content\/uploads\/sites\/13\/2026\/09\/51ATY3WxrFL-819x1024.jpg 819w, https:\/\/graziamagazine.com\/mx\/wp-content\/uploads\/sites\/13\/2026\/09\/51ATY3WxrFL-768x960.jpg 768w, https:\/\/graziamagazine.com\/mx\/wp-content\/uploads\/sites\/13\/2026\/09\/51ATY3WxrFL-400x500.jpg 400w, https:\/\/graziamagazine.com\/mx\/wp-content\/uploads\/sites\/13\/2026\/09\/51ATY3WxrFL-155x194.jpg 155w\" sizes=\"(max-width: 1200px) 100vw, 1200px\" \/><\/p>\n","protected":false},"author":11628,"featured_media":176717,"template":"","format":"standard","categories":[3],"acf":[],"yoast_head":"<!-- This site is optimized with the Yoast SEO Premium plugin v18.5 (Yoast SEO v20.4) - https:\/\/yoast.com\/wordpress\/plugins\/seo\/ -->\n<title>Las mejores secadoras para estilizar tu cabello<\/title>\n<meta name=\"description\" content=\"La funci\u00f3n de una buena secadora no es solamente eliminar la humedad del cabello. Las nuevas herramientas de styling buscan reducir el tiempo frente al\" \/>\n<meta name=\"robots\" content=\"index, follow, max-snippet:-1, max-image-preview:large, max-video-preview:-1\" \/>\n<link rel=\"canonical\" href=\"https:\/\/graziamagazine.com\/mx\/articles\/mejores-secadoras-cabello\/\" \/>\n<meta property=\"og:locale\" content=\"es_MX\" \/>\n<meta property=\"og:type\" content=\"article\" \/>\n<meta property=\"og:title\" content=\"Las mejores secadoras para estilizar tu cabello\" \/>\n<meta property=\"og:description\" content=\"La funci\u00f3n de una buena secadora no es solamente eliminar la humedad del cabello. Las nuevas herramientas de styling buscan reducir el tiempo frente al\" \/>\n<meta property=\"og:url\" content=\"https:\/\/graziamagazine.com\/mx\/articles\/mejores-secadoras-cabello\/\" \/>\n<meta property=\"og:site_name\" content=\"Grazia M\u00e9xico y Latinoam\u00e9rica\" \/>\n<meta property=\"article:modified_time\" content=\"2026-09-02T21:35:03+00:00\" \/>\n<meta property=\"og:image\" content=\"https:\/\/graziamagazine.com\/mx\/wp-content\/uploads\/sites\/13\/2026\/09\/Untitled-design-7-2.jpg\" \/>\n\t<meta property=\"og:image:width\" content=\"1280\" \/>\n\t<meta property=\"og:image:height\" content=\"720\" \/>\n\t<meta property=\"og:image:type\" content=\"image\/jpeg\" \/>\n<meta name=\"twitter:card\" content=\"summary_large_image\" \/>\n<meta name=\"twitter:label1\" content=\"Est. reading time\" \/>\n\t<meta name=\"twitter:data1\" content=\"5 minutos\" \/>\n<script type=\"application\/ld+json\" class=\"yoast-schema-graph\">{\"@context\":\"https:\/\/schema.org\",\"@graph\":[{\"@type\":\"WebPage\",\"@id\":\"https:\/\/graziamagazine.com\/mx\/articles\/mejores-secadoras-cabello\/\",\"url\":\"https:\/\/graziamagazine.com\/mx\/articles\/mejores-secadoras-cabello\/\",\"name\":\"Las mejores secadoras para estilizar tu cabello\",\"isPartOf\":{\"@id\":\"https:\/\/graziamagazine.com\/mx\/#website\"},\"datePublished\":\"2026-09-02T21:30:55+00:00\",\"dateModified\":\"2026-09-02T21:35:03+00:00\",\"description\":\"La funci\u00f3n de una buena secadora no es solamente eliminar la humedad del cabello. Las nuevas herramientas de styling buscan reducir el tiempo frente al\",\"breadcrumb\":{\"@id\":\"https:\/\/graziamagazine.com\/mx\/articles\/mejores-secadoras-cabello\/#breadcrumb\"},\"inLanguage\":\"es-MX\",\"potentialAction\":[{\"@type\":\"ReadAction\",\"target\":[\"https:\/\/graziamagazine.com\/mx\/articles\/mejores-secadoras-cabello\/\"]}]},{\"@type\":\"BreadcrumbList\",\"@id\":\"https:\/\/graziamagazine.com\/mx\/articles\/mejores-secadoras-cabello\/#breadcrumb\",\"itemListElement\":[{\"@type\":\"ListItem\",\"position\":1,\"name\":\"Home\",\"item\":\"https:\/\/graziamagazine.com\/mx\/\"},{\"@type\":\"ListItem\",\"position\":2,\"name\":\"Las mejores secadoras para estilizar tu cabello\"}]},{\"@type\":\"WebSite\",\"@id\":\"https:\/\/graziamagazine.com\/mx\/#website\",\"url\":\"https:\/\/graziamagazine.com\/mx\/\",\"name\":\"Grazia M\u00e9xico y Latinoam\u00e9rica\",\"description\":\"Grazia es moda, belleza y noticias  de actualidad \",\"potentialAction\":[{\"@type\":\"SearchAction\",\"target\":{\"@type\":\"EntryPoint\",\"urlTemplate\":\"https:\/\/graziamagazine.com\/mx\/?s={search_term_string}\"},\"query-input\":\"required name=search_term_string\"}],\"inLanguage\":\"es-MX\"}]}<\/script>\n<!-- \/ Yoast SEO Premium plugin. -->","yoast_head_json":{"title":"Las mejores secadoras para estilizar tu cabello","description":"La funci\u00f3n de una buena secadora no es solamente eliminar la humedad del cabello. Las nuevas herramientas de styling buscan reducir el tiempo frente al","robots":{"index":"index","follow":"follow","max-snippet":"max-snippet:-1","max-image-preview":"max-image-preview:large","max-video-preview":"max-video-preview:-1"},"canonical":"https:\/\/graziamagazine.com\/mx\/articles\/mejores-secadoras-cabello\/","og_locale":"es_MX","og_type":"article","og_title":"Las mejores secadoras para estilizar tu cabello","og_description":"La funci\u00f3n de una buena secadora no es solamente eliminar la humedad del cabello. Las nuevas herramientas de styling buscan reducir el tiempo frente al","og_url":"https:\/\/graziamagazine.com\/mx\/articles\/mejores-secadoras-cabello\/","og_site_name":"Grazia M\u00e9xico y Latinoam\u00e9rica","article_modified_time":"2026-09-02T21:35:03+00:00","og_image":[{"width":1280,"height":720,"url":"https:\/\/graziamagazine.com\/mx\/wp-content\/uploads\/sites\/13\/2026\/09\/Untitled-design-7-2.jpg","type":"image\/jpeg"}],"twitter_card":"summary_large_image","twitter_misc":{"Est. reading time":"5 minutos"},"schema":{"@context":"https:\/\/schema.org","@graph":[{"@type":"WebPage","@id":"https:\/\/graziamagazine.com\/mx\/articles\/mejores-secadoras-cabello\/","url":"https:\/\/graziamagazine.com\/mx\/articles\/mejores-secadoras-cabello\/","name":"Las mejores secadoras para estilizar tu cabello","isPartOf":{"@id":"https:\/\/graziamagazine.com\/mx\/#website"},"datePublished":"2026-09-02T21:30:55+00:00","dateModified":"2026-09-02T21:35:03+00:00","description":"La funci\u00f3n de una buena secadora no es solamente eliminar la humedad del cabello. Las nuevas herramientas de styling buscan reducir el tiempo frente al","breadcrumb":{"@id":"https:\/\/graziamagazine.com\/mx\/articles\/mejores-secadoras-cabello\/#breadcrumb"},"inLanguage":"es-MX","potentialAction":[{"@type":"ReadAction","target":["https:\/\/graziamagazine.com\/mx\/articles\/mejores-secadoras-cabello\/"]}]},{"@type":"BreadcrumbList","@id":"https:\/\/graziamagazine.com\/mx\/articles\/mejores-secadoras-cabello\/#breadcrumb","itemListElement":[{"@type":"ListItem","position":1,"name":"Home","item":"https:\/\/graziamagazine.com\/mx\/"},{"@type":"ListItem","position":2,"name":"Las mejores secadoras para estilizar tu cabello"}]},{"@type":"WebSite","@id":"https:\/\/graziamagazine.com\/mx\/#website","url":"https:\/\/graziamagazine.com\/mx\/","name":"Grazia M\u00e9xico y Latinoam\u00e9rica","description":"Grazia es moda, belleza y noticias  de actualidad ","potentialAction":[{"@type":"SearchAction","target":{"@type":"EntryPoint","urlTemplate":"https:\/\/graziamagazine.com\/mx\/?s={search_term_string}"},"query-input":"required name=search_term_string"}],"inLanguage":"es-MX"}]}},"jetpack_sharing_enabled":true,"distributor_meta":false,"distributor_terms":false,"distributor_media":false,"distributor_original_site_name":"Grazia M\u00e9xico y Latinoam\u00e9rica","distributor_original_site_url":"https:\/\/graziamagazine.com\/mx","push-errors":false,"_links":{"self":[{"href":"https:\/\/graziamagazine.com\/mx\/wp-json\/wp\/v2\/articles\/176711"}],"collection":[{"href":"https:\/\/graziamagazine.com\/mx\/wp-json\/wp\/v2\/articles"}],"about":[{"href":"https:\/\/graziamagazine.com\/mx\/wp-json\/wp\/v2\/types\/articles"}],"author":[{"embeddable":true,"href":"https:\/\/graziamagazine.com\/mx\/wp-json\/wp\/v2\/users\/11628"}],"wp:featuredmedia":[{"embeddable":true,"href":"https:\/\/graziamagazine.com\/mx\/wp-json\/wp\/v2\/media\/176717"}],"wp:attachment":[{"href":"https:\/\/graziamagazine.com\/mx\/wp-json\/wp\/v2\/media?parent=176711"}],"wp:term":[{"taxonomy":"category","embeddable":true,"href":"https:\/\/graziamagazine.com\/mx\/wp-json\/wp\/v2\/categories?post=176711"}],"curies":[{"name":"wp","href":"https:\/\/api.w.org\/{rel}","templated":true}]}}