{"id":176697,"date":"2026-09-02T13:32:23","date_gmt":"2026-09-02T18:32:23","guid":{"rendered":"https:\/\/graziamagazine.com\/mx\/?post_type=articles&#038;p=176697"},"modified":"2026-09-02T13:38:53","modified_gmt":"2026-09-02T18:38:53","slug":"travis-kelce-embajador-tommy-hilfiger","status":"publish","type":"articles","link":"https:\/\/graziamagazine.com\/mx\/articles\/travis-kelce-embajador-tommy-hilfiger\/","title":{"rendered":"Travis Kelce se convierte en el \u00faltimo embajador de Tommy Hilfiger"},"content":{"rendered":"<p><span style=\"font-weight: 400\">Travis Kelce ha dejado un poco de lado su carrera en el futbol americano, para convertirse en el rostro de la campa\u00f1a Oto\u00f1o 2026 de Tommy Hilfiger. En el video que acompa\u00f1a al anuncio, filmado en el Hotel Plaza de Nueva York, Kelce se encuentra con varios amigos con estilo, como Gigi Hadid, Frances Tiafoe y Carmelo Anthony, mientras pasea por el lugar. Sin embargo, un compa\u00f1ero destaca: un perro blanco y esponjoso.<\/span><\/p>\n<p><span style=\"font-weight: 400\">El peludito es, nada m\u00e1s y nada menos, que la perrita del deportista y su esposa, Taylor Swift, y se trata de un canino raza Samoyedo. Con la presentaci\u00f3n oficial de este nuevo can, los esposos tienen ahora cuatro mascotas: los gatos Meredith Grey, Olivia Benson y Benjamin Button, y esta perrita blanca cuyo nombre se desconoce.<\/span><\/p>\n<p><span style=\"font-weight: 400\">\u201cTommy nos invit\u00f3 a su mundo en The Plaza para esto, y no hay nada m\u00e1s neoyorquino cl\u00e1sico que eso\u201d, dijo Travis Kelce en un comunicado sobre la campa\u00f1a, que incluye la versi\u00f3n de Ace Frehley de New York Groove. \u201cHay magia en esta ciudad, y me encanta que nunca sabes qui\u00e9n o qu\u00e9 te espera a la vuelta de la esquina. Nos divertimos much\u00edsimo capturando esa energ\u00eda \u00fanica con un elenco que realmente encarna la esencia que hace que esta ciudad sea tan especial\u201d.<\/span><\/p>\n<figure id=\"attachment_176700\" aria-describedby=\"caption-attachment-176700\" style=\"width: 2560px\" class=\"wp-caption alignnone\"><img loading=\"lazy\" decoding=\"async\" class=\"size-full wp-image-176700\" src=\"https:\/\/graziamagazine.com\/mx\/wp-content\/uploads\/sites\/13\/2026\/09\/FA26_TH_T1_Brand_Campaign_000170130012_copy_SL-scaled-1.jpg\" alt=\"\" width=\"2560\" height=\"1698\" srcset=\"https:\/\/graziamagazine.com\/mx\/wp-content\/uploads\/sites\/13\/2026\/09\/FA26_TH_T1_Brand_Campaign_000170130012_copy_SL-scaled-1.jpg 2560w, https:\/\/graziamagazine.com\/mx\/wp-content\/uploads\/sites\/13\/2026\/09\/FA26_TH_T1_Brand_Campaign_000170130012_copy_SL-scaled-1-450x298.jpg 450w, https:\/\/graziamagazine.com\/mx\/wp-content\/uploads\/sites\/13\/2026\/09\/FA26_TH_T1_Brand_Campaign_000170130012_copy_SL-scaled-1-1024x679.jpg 1024w, https:\/\/graziamagazine.com\/mx\/wp-content\/uploads\/sites\/13\/2026\/09\/FA26_TH_T1_Brand_Campaign_000170130012_copy_SL-scaled-1-768x509.jpg 768w, https:\/\/graziamagazine.com\/mx\/wp-content\/uploads\/sites\/13\/2026\/09\/FA26_TH_T1_Brand_Campaign_000170130012_copy_SL-scaled-1-1536x1019.jpg 1536w, https:\/\/graziamagazine.com\/mx\/wp-content\/uploads\/sites\/13\/2026\/09\/FA26_TH_T1_Brand_Campaign_000170130012_copy_SL-scaled-1-2048x1358.jpg 2048w, https:\/\/graziamagazine.com\/mx\/wp-content\/uploads\/sites\/13\/2026\/09\/FA26_TH_T1_Brand_Campaign_000170130012_copy_SL-scaled-1-400x265.jpg 400w, https:\/\/graziamagazine.com\/mx\/wp-content\/uploads\/sites\/13\/2026\/09\/FA26_TH_T1_Brand_Campaign_000170130012_copy_SL-scaled-1-155x103.jpg 155w\" sizes=\"(max-width: 2560px) 100vw, 2560px\" \/><figcaption id=\"caption-attachment-176700\" class=\"wp-caption-text\">Foto: Cortes\u00eda de Tommy Hilfiger.<\/figcaption><\/figure>\n<p><span style=\"font-weight: 400\">En el video, Travis entra a una de las habitaciones del Hotel Plaza para dejar sus maletas y es recibido por su perro, quien lo ve antes de acurrucarse junto a \u00e9l en el sill\u00f3n.<\/span><\/p>\n<p><span style=\"font-weight: 400\">La colaboraci\u00f3n con Tommy Hilfiger le pareci\u00f3 a Kelce algo natural. \u201cRecuerdo que le ped\u00ed a mi madre una de las chaquetas de vela de Tommy cuando estaba en el instituto\u201d, cuenta en el comunicado. \u201cTen\u00edan much\u00edsima personalidad. Y me encantaba su ropa deportiva. Los pantalones de rugby de corte holgado y la cl\u00e1sica camiseta de Tommy\u2026 es incre\u00edble cerrar el c\u00edrculo y ahora trabajar con \u00e9l mismo\u201d.<\/span><\/p>\n<p><span style=\"font-weight: 400\">Asimismo, Hilfiger ha dicho por qu\u00e9 Kelce le pareci\u00f3 el embajador ideal para la marca en este momento. \u201cNo solo es un atleta estrella\u201d, dice Hilfiger, \u201csino que tiene carisma. Su personalidad es incre\u00edble. Es muy positivo, muy optimista y muy divertido. Pero se toma muy en serio su pasi\u00f3n por la moda. Y creci\u00f3 vistiendo mi ropa. Cuando lo llevamos al archivo, estaba como un ni\u00f1o en una tienda de caramelos. Me encanta su entusiasmo por la vida\u201d.<\/span><\/p>\n<p><span style=\"font-weight: 400\">La colecci\u00f3n Oto\u00f1o 2026 contin\u00faa la visi\u00f3n de la marca de &#8220;Estilo Prep Moderno&#8221;, reinventando los cl\u00e1sicos americanos a trav\u00e9s de texturas, confecciones y una perspectiva de temporada segura de s\u00ed misma. Con ra\u00edces en el estilo neoyorquino, la colecci\u00f3n equilibra iconos de la herencia con funcionalidad moderna, creando prendas dise\u00f1adas para el ritmo de la vida urbana.\u00a0<\/span><\/p>\n<figure id=\"attachment_176698\" aria-describedby=\"caption-attachment-176698\" style=\"width: 2056px\" class=\"wp-caption alignnone\"><img loading=\"lazy\" decoding=\"async\" class=\"size-full wp-image-176698\" src=\"https:\/\/graziamagazine.com\/mx\/wp-content\/uploads\/sites\/13\/2026\/09\/0x0.jpg\" alt=\"\" width=\"2056\" height=\"1254\" srcset=\"https:\/\/graziamagazine.com\/mx\/wp-content\/uploads\/sites\/13\/2026\/09\/0x0.jpg 2056w, https:\/\/graziamagazine.com\/mx\/wp-content\/uploads\/sites\/13\/2026\/09\/0x0-450x274.jpg 450w, https:\/\/graziamagazine.com\/mx\/wp-content\/uploads\/sites\/13\/2026\/09\/0x0-1024x625.jpg 1024w, https:\/\/graziamagazine.com\/mx\/wp-content\/uploads\/sites\/13\/2026\/09\/0x0-768x468.jpg 768w, https:\/\/graziamagazine.com\/mx\/wp-content\/uploads\/sites\/13\/2026\/09\/0x0-1536x937.jpg 1536w, https:\/\/graziamagazine.com\/mx\/wp-content\/uploads\/sites\/13\/2026\/09\/0x0-2048x1249.jpg 2048w, https:\/\/graziamagazine.com\/mx\/wp-content\/uploads\/sites\/13\/2026\/09\/0x0-400x244.jpg 400w, https:\/\/graziamagazine.com\/mx\/wp-content\/uploads\/sites\/13\/2026\/09\/0x0-155x95.jpg 155w\" sizes=\"(max-width: 2056px) 100vw, 2056px\" \/><figcaption id=\"caption-attachment-176698\" class=\"wp-caption-text\">Foto: Cortes\u00eda de Tommy Hilfiger.<\/figcaption><\/figure>\n<p><span style=\"font-weight: 400\">En el coraz\u00f3n de la temporada se encuentra el h\u00e9roe indiscutible del oto\u00f1o: el sweater de punto trenzado. Los c\u00f3modos sweaters de cuello redondo y los de ierre hasta el cuello aportan calidez y personalidad, mientras que el rugby prep regresa con nuevas proporciones y tejidos elegantes.\u00a0<\/span><\/p>\n<p><span style=\"font-weight: 400\">El rojo, el blanco y el azul caracter\u00edsticos se expresan a trav\u00e9s de tonos de temporada y detalles de archivo. Las prendas de abrigo juegan un papel fundamental en toda la colecci\u00f3n, desde chamarras de transici\u00f3n de materiales mixtos hasta abrigos de lana, abrigos de coche y capas acolchadas suaves para los cambios de temperatura.\u00a0<\/span><\/p>\n<p><span style=\"font-weight: 400\">La chamarra universitaria sigue siendo una pieza clave de la temporada, continuando su legado como uno de los iconos m\u00e1s reconocibles de Tommy Hilfiger.<\/span><\/p>\n<p><span style=\"font-weight: 400\">La colecci\u00f3n Oto\u00f1o 2026 estar\u00e1 disponible en tommy.com, en las tiendas TOMMY HILFIGER de todo el mundo y a trav\u00e9s de distribuidores seleccionados durante toda la temporada.\u00a0<\/span><\/p>\n<p><span style=\"font-weight: 400\">Esta colaboraci\u00f3n con Tommy Hilfiger llega justo cuando est\u00e1 a punto de comenzar la temporada de la NFL. Como ala cerrada de los Kansas City Chiefs, Kelce ha tenido una trayectoria estelar con este equipo, ayudando a conseguir victorias en el Super Bowl en 2020, 2023 y 2024.<\/span><\/p>\n<figure id=\"attachment_176699\" aria-describedby=\"caption-attachment-176699\" style=\"width: 1200px\" class=\"wp-caption alignnone\"><img loading=\"lazy\" decoding=\"async\" class=\"size-full wp-image-176699\" src=\"https:\/\/graziamagazine.com\/mx\/wp-content\/uploads\/sites\/13\/2026\/09\/travis-kelce-tommy-hilfiger-070826-6f58280638634ab4893ca57d2add19cb.jpg\" alt=\"\" width=\"1200\" height=\"1850\" srcset=\"https:\/\/graziamagazine.com\/mx\/wp-content\/uploads\/sites\/13\/2026\/09\/travis-kelce-tommy-hilfiger-070826-6f58280638634ab4893ca57d2add19cb.jpg 1200w, https:\/\/graziamagazine.com\/mx\/wp-content\/uploads\/sites\/13\/2026\/09\/travis-kelce-tommy-hilfiger-070826-6f58280638634ab4893ca57d2add19cb-292x450.jpg 292w, https:\/\/graziamagazine.com\/mx\/wp-content\/uploads\/sites\/13\/2026\/09\/travis-kelce-tommy-hilfiger-070826-6f58280638634ab4893ca57d2add19cb-664x1024.jpg 664w, https:\/\/graziamagazine.com\/mx\/wp-content\/uploads\/sites\/13\/2026\/09\/travis-kelce-tommy-hilfiger-070826-6f58280638634ab4893ca57d2add19cb-768x1184.jpg 768w, https:\/\/graziamagazine.com\/mx\/wp-content\/uploads\/sites\/13\/2026\/09\/travis-kelce-tommy-hilfiger-070826-6f58280638634ab4893ca57d2add19cb-996x1536.jpg 996w, https:\/\/graziamagazine.com\/mx\/wp-content\/uploads\/sites\/13\/2026\/09\/travis-kelce-tommy-hilfiger-070826-6f58280638634ab4893ca57d2add19cb-400x617.jpg 400w, https:\/\/graziamagazine.com\/mx\/wp-content\/uploads\/sites\/13\/2026\/09\/travis-kelce-tommy-hilfiger-070826-6f58280638634ab4893ca57d2add19cb-139x215.jpg 139w\" sizes=\"(max-width: 1200px) 100vw, 1200px\" \/><figcaption id=\"caption-attachment-176699\" class=\"wp-caption-text\">Foto: Cortes\u00eda de Tommy Hilfiger.<\/figcaption><\/figure>\n","protected":false},"author":11628,"featured_media":176701,"template":"","format":"standard","categories":[4],"acf":[],"yoast_head":"<!-- This site is optimized with the Yoast SEO Premium plugin v18.5 (Yoast SEO v20.4) - https:\/\/yoast.com\/wordpress\/plugins\/seo\/ -->\n<title>Travis Kelce se convierte en el \u00faltimo embajador de Tommy Hilfiger<\/title>\n<meta name=\"description\" content=\"Travis Kelce ha dejado un poco de lado su carrera en el futbol americano, para convertirse en el rostro de la campa\u00f1a Oto\u00f1o 2026 de Tommy Hilfiger. En el\" \/>\n<meta name=\"robots\" content=\"index, follow, max-snippet:-1, max-image-preview:large, max-video-preview:-1\" \/>\n<link rel=\"canonical\" href=\"https:\/\/graziamagazine.com\/mx\/articles\/travis-kelce-embajador-tommy-hilfiger\/\" \/>\n<meta property=\"og:locale\" content=\"es_MX\" \/>\n<meta property=\"og:type\" content=\"article\" \/>\n<meta property=\"og:title\" content=\"Travis Kelce se convierte en el \u00faltimo embajador de Tommy Hilfiger\" \/>\n<meta property=\"og:description\" content=\"Travis Kelce ha dejado un poco de lado su carrera en el futbol americano, para convertirse en el rostro de la campa\u00f1a Oto\u00f1o 2026 de Tommy Hilfiger. En el\" \/>\n<meta property=\"og:url\" content=\"https:\/\/graziamagazine.com\/mx\/articles\/travis-kelce-embajador-tommy-hilfiger\/\" \/>\n<meta property=\"og:site_name\" content=\"Grazia M\u00e9xico y Latinoam\u00e9rica\" \/>\n<meta property=\"article:modified_time\" content=\"2026-09-02T18:38:53+00:00\" \/>\n<meta property=\"og:image\" content=\"https:\/\/graziamagazine.com\/mx\/wp-content\/uploads\/sites\/13\/2026\/09\/Untitled-design-7.jpg\" \/>\n\t<meta property=\"og:image:width\" content=\"1280\" \/>\n\t<meta property=\"og:image:height\" content=\"720\" \/>\n\t<meta property=\"og:image:type\" content=\"image\/jpeg\" \/>\n<meta name=\"twitter:card\" content=\"summary_large_image\" \/>\n<meta name=\"twitter:label1\" content=\"Est. reading time\" \/>\n\t<meta name=\"twitter:data1\" content=\"4 minutos\" \/>\n<script type=\"application\/ld+json\" class=\"yoast-schema-graph\">{\"@context\":\"https:\/\/schema.org\",\"@graph\":[{\"@type\":\"WebPage\",\"@id\":\"https:\/\/graziamagazine.com\/mx\/articles\/travis-kelce-embajador-tommy-hilfiger\/\",\"url\":\"https:\/\/graziamagazine.com\/mx\/articles\/travis-kelce-embajador-tommy-hilfiger\/\",\"name\":\"Travis Kelce se convierte en el \u00faltimo embajador de Tommy Hilfiger\",\"isPartOf\":{\"@id\":\"https:\/\/graziamagazine.com\/mx\/#website\"},\"datePublished\":\"2026-09-02T18:32:23+00:00\",\"dateModified\":\"2026-09-02T18:38:53+00:00\",\"description\":\"Travis Kelce ha dejado un poco de lado su carrera en el futbol americano, para convertirse en el rostro de la campa\u00f1a Oto\u00f1o 2026 de Tommy Hilfiger. En el\",\"breadcrumb\":{\"@id\":\"https:\/\/graziamagazine.com\/mx\/articles\/travis-kelce-embajador-tommy-hilfiger\/#breadcrumb\"},\"inLanguage\":\"es-MX\",\"potentialAction\":[{\"@type\":\"ReadAction\",\"target\":[\"https:\/\/graziamagazine.com\/mx\/articles\/travis-kelce-embajador-tommy-hilfiger\/\"]}]},{\"@type\":\"BreadcrumbList\",\"@id\":\"https:\/\/graziamagazine.com\/mx\/articles\/travis-kelce-embajador-tommy-hilfiger\/#breadcrumb\",\"itemListElement\":[{\"@type\":\"ListItem\",\"position\":1,\"name\":\"Home\",\"item\":\"https:\/\/graziamagazine.com\/mx\/\"},{\"@type\":\"ListItem\",\"position\":2,\"name\":\"Travis Kelce se convierte en el \u00faltimo embajador de Tommy Hilfiger\"}]},{\"@type\":\"WebSite\",\"@id\":\"https:\/\/graziamagazine.com\/mx\/#website\",\"url\":\"https:\/\/graziamagazine.com\/mx\/\",\"name\":\"Grazia M\u00e9xico y Latinoam\u00e9rica\",\"description\":\"Grazia es moda, belleza y noticias  de actualidad \",\"potentialAction\":[{\"@type\":\"SearchAction\",\"target\":{\"@type\":\"EntryPoint\",\"urlTemplate\":\"https:\/\/graziamagazine.com\/mx\/?s={search_term_string}\"},\"query-input\":\"required name=search_term_string\"}],\"inLanguage\":\"es-MX\"}]}<\/script>\n<!-- \/ Yoast SEO Premium plugin. -->","yoast_head_json":{"title":"Travis Kelce se convierte en el \u00faltimo embajador de Tommy Hilfiger","description":"Travis Kelce ha dejado un poco de lado su carrera en el futbol americano, para convertirse en el rostro de la campa\u00f1a Oto\u00f1o 2026 de Tommy Hilfiger. En el","robots":{"index":"index","follow":"follow","max-snippet":"max-snippet:-1","max-image-preview":"max-image-preview:large","max-video-preview":"max-video-preview:-1"},"canonical":"https:\/\/graziamagazine.com\/mx\/articles\/travis-kelce-embajador-tommy-hilfiger\/","og_locale":"es_MX","og_type":"article","og_title":"Travis Kelce se convierte en el \u00faltimo embajador de Tommy Hilfiger","og_description":"Travis Kelce ha dejado un poco de lado su carrera en el futbol americano, para convertirse en el rostro de la campa\u00f1a Oto\u00f1o 2026 de Tommy Hilfiger. En el","og_url":"https:\/\/graziamagazine.com\/mx\/articles\/travis-kelce-embajador-tommy-hilfiger\/","og_site_name":"Grazia M\u00e9xico y Latinoam\u00e9rica","article_modified_time":"2026-09-02T18:38:53+00:00","og_image":[{"width":1280,"height":720,"url":"https:\/\/graziamagazine.com\/mx\/wp-content\/uploads\/sites\/13\/2026\/09\/Untitled-design-7.jpg","type":"image\/jpeg"}],"twitter_card":"summary_large_image","twitter_misc":{"Est. reading time":"4 minutos"},"schema":{"@context":"https:\/\/schema.org","@graph":[{"@type":"WebPage","@id":"https:\/\/graziamagazine.com\/mx\/articles\/travis-kelce-embajador-tommy-hilfiger\/","url":"https:\/\/graziamagazine.com\/mx\/articles\/travis-kelce-embajador-tommy-hilfiger\/","name":"Travis Kelce se convierte en el \u00faltimo embajador de Tommy Hilfiger","isPartOf":{"@id":"https:\/\/graziamagazine.com\/mx\/#website"},"datePublished":"2026-09-02T18:32:23+00:00","dateModified":"2026-09-02T18:38:53+00:00","description":"Travis Kelce ha dejado un poco de lado su carrera en el futbol americano, para convertirse en el rostro de la campa\u00f1a Oto\u00f1o 2026 de Tommy Hilfiger. En el","breadcrumb":{"@id":"https:\/\/graziamagazine.com\/mx\/articles\/travis-kelce-embajador-tommy-hilfiger\/#breadcrumb"},"inLanguage":"es-MX","potentialAction":[{"@type":"ReadAction","target":["https:\/\/graziamagazine.com\/mx\/articles\/travis-kelce-embajador-tommy-hilfiger\/"]}]},{"@type":"BreadcrumbList","@id":"https:\/\/graziamagazine.com\/mx\/articles\/travis-kelce-embajador-tommy-hilfiger\/#breadcrumb","itemListElement":[{"@type":"ListItem","position":1,"name":"Home","item":"https:\/\/graziamagazine.com\/mx\/"},{"@type":"ListItem","position":2,"name":"Travis Kelce se convierte en el \u00faltimo embajador de Tommy Hilfiger"}]},{"@type":"WebSite","@id":"https:\/\/graziamagazine.com\/mx\/#website","url":"https:\/\/graziamagazine.com\/mx\/","name":"Grazia M\u00e9xico y Latinoam\u00e9rica","description":"Grazia es moda, belleza y noticias  de actualidad ","potentialAction":[{"@type":"SearchAction","target":{"@type":"EntryPoint","urlTemplate":"https:\/\/graziamagazine.com\/mx\/?s={search_term_string}"},"query-input":"required name=search_term_string"}],"inLanguage":"es-MX"}]}},"jetpack_sharing_enabled":true,"distributor_meta":false,"distributor_terms":false,"distributor_media":false,"distributor_original_site_name":"Grazia M\u00e9xico y Latinoam\u00e9rica","distributor_original_site_url":"https:\/\/graziamagazine.com\/mx","push-errors":false,"_links":{"self":[{"href":"https:\/\/graziamagazine.com\/mx\/wp-json\/wp\/v2\/articles\/176697"}],"collection":[{"href":"https:\/\/graziamagazine.com\/mx\/wp-json\/wp\/v2\/articles"}],"about":[{"href":"https:\/\/graziamagazine.com\/mx\/wp-json\/wp\/v2\/types\/articles"}],"author":[{"embeddable":true,"href":"https:\/\/graziamagazine.com\/mx\/wp-json\/wp\/v2\/users\/11628"}],"wp:featuredmedia":[{"embeddable":true,"href":"https:\/\/graziamagazine.com\/mx\/wp-json\/wp\/v2\/media\/176701"}],"wp:attachment":[{"href":"https:\/\/graziamagazine.com\/mx\/wp-json\/wp\/v2\/media?parent=176697"}],"wp:term":[{"taxonomy":"category","embeddable":true,"href":"https:\/\/graziamagazine.com\/mx\/wp-json\/wp\/v2\/categories?post=176697"}],"curies":[{"name":"wp","href":"https:\/\/api.w.org\/{rel}","templated":true}]}}