{"id":176678,"date":"2026-09-02T11:01:02","date_gmt":"2026-09-02T16:01:02","guid":{"rendered":"https:\/\/graziamagazine.com\/mx\/?post_type=articles&#038;p=176678"},"modified":"2026-09-02T14:10:17","modified_gmt":"2026-09-02T19:10:17","slug":"mejores-looks-festival-cine-de-venecia-2026","status":"publish","type":"articles","link":"https:\/\/graziamagazine.com\/mx\/articles\/mejores-looks-festival-cine-de-venecia-2026\/","title":{"rendered":"Los mejores looks del Festival de Cine de Venecia 2026"},"content":{"rendered":"<p data-path-to-node=\"4\">El Festival Internacional de Cine de Venecia ha abierto sus puertas una vez m\u00e1s, y como es tradici\u00f3n, la Mostra no solo es un escaparate para el s\u00e9ptimo arte, sino tambi\u00e9n un epicentro de estilo inigualable. Mientras las estrellas desfilan por la ic\u00f3nica alfombra roja y navegan por los canales del Lido, la moda se convierte en protagonista.<\/p>\n<p data-path-to-node=\"4\">Este a\u00f1o, la elegancia relajada se mezcla con toques de audacia, donde los c\u00f3digos de vestimenta cl\u00e1sicos se reinterpretan con frescura. Hemos visto a leyendas del cine y a los nuevos rostros del momento lucir creaciones de alta costura y piezas de archivo que definen la temporada.<\/p>\n<p data-path-to-node=\"4\">Desde trajes sastre perfectamente cortados hasta vestidos et\u00e9reos y conjuntos de d\u00eda que marcan tendencia, cada llegada es un evento. Prep\u00e1rate para un repaso diario a los looks m\u00e1s destacados que est\u00e1n haciendo historia en la edici\u00f3n de este a\u00f1o.<\/p>\n<h3 data-path-to-node=\"6\">Alessandra Ambrosio<img loading=\"lazy\" decoding=\"async\" class=\"alignnone size-full wp-image-176686\" src=\"https:\/\/graziamagazine.com\/mx\/wp-content\/uploads\/sites\/13\/2026\/09\/GettyImages-2293038676-scaled.jpeg\" alt=\"\" width=\"1707\" height=\"2560\" srcset=\"https:\/\/graziamagazine.com\/mx\/wp-content\/uploads\/sites\/13\/2026\/09\/GettyImages-2293038676-scaled.jpeg 1707w, https:\/\/graziamagazine.com\/mx\/wp-content\/uploads\/sites\/13\/2026\/09\/GettyImages-2293038676-300x450.jpeg 300w, https:\/\/graziamagazine.com\/mx\/wp-content\/uploads\/sites\/13\/2026\/09\/GettyImages-2293038676-683x1024.jpeg 683w, https:\/\/graziamagazine.com\/mx\/wp-content\/uploads\/sites\/13\/2026\/09\/GettyImages-2293038676-768x1152.jpeg 768w, https:\/\/graziamagazine.com\/mx\/wp-content\/uploads\/sites\/13\/2026\/09\/GettyImages-2293038676-1024x1536.jpeg 1024w, https:\/\/graziamagazine.com\/mx\/wp-content\/uploads\/sites\/13\/2026\/09\/GettyImages-2293038676-1365x2048.jpeg 1365w, https:\/\/graziamagazine.com\/mx\/wp-content\/uploads\/sites\/13\/2026\/09\/GettyImages-2293038676-400x600.jpeg 400w, https:\/\/graziamagazine.com\/mx\/wp-content\/uploads\/sites\/13\/2026\/09\/GettyImages-2293038676-143x215.jpeg 143w\" sizes=\"(max-width: 1707px) 100vw, 1707px\" \/><\/h3>\n<p data-path-to-node=\"7\">La supermodelo apost\u00f3 por la comodidad sofisticada con un top negro, pantalones anchos en color crema y una chaqueta sahariana ligera. Complet\u00f3 su estilismo con un pa\u00f1uelo estampado en la cabeza, gafas de sol y zapatos planos, perfecta para recorrer el Lido.<\/p>\n<h3 data-path-to-node=\"8\">Luna Wedler<img loading=\"lazy\" decoding=\"async\" class=\"alignnone size-full wp-image-176684\" src=\"https:\/\/graziamagazine.com\/mx\/wp-content\/uploads\/sites\/13\/2026\/09\/GettyImages-2293026513-scaled.jpeg\" alt=\"\" width=\"1707\" height=\"2560\" srcset=\"https:\/\/graziamagazine.com\/mx\/wp-content\/uploads\/sites\/13\/2026\/09\/GettyImages-2293026513-scaled.jpeg 1707w, https:\/\/graziamagazine.com\/mx\/wp-content\/uploads\/sites\/13\/2026\/09\/GettyImages-2293026513-300x450.jpeg 300w, https:\/\/graziamagazine.com\/mx\/wp-content\/uploads\/sites\/13\/2026\/09\/GettyImages-2293026513-683x1024.jpeg 683w, https:\/\/graziamagazine.com\/mx\/wp-content\/uploads\/sites\/13\/2026\/09\/GettyImages-2293026513-768x1152.jpeg 768w, https:\/\/graziamagazine.com\/mx\/wp-content\/uploads\/sites\/13\/2026\/09\/GettyImages-2293026513-1024x1536.jpeg 1024w, https:\/\/graziamagazine.com\/mx\/wp-content\/uploads\/sites\/13\/2026\/09\/GettyImages-2293026513-1365x2048.jpeg 1365w, https:\/\/graziamagazine.com\/mx\/wp-content\/uploads\/sites\/13\/2026\/09\/GettyImages-2293026513-400x600.jpeg 400w, https:\/\/graziamagazine.com\/mx\/wp-content\/uploads\/sites\/13\/2026\/09\/GettyImages-2293026513-143x215.jpeg 143w\" sizes=\"(max-width: 1707px) 100vw, 1707px\" \/><\/h3>\n<p data-path-to-node=\"9\">La actriz luci\u00f3 un vestido camisero blanco, corto y sin mangas, con detalles desflecados en el escote. Lo combin\u00f3 con sandalias planas adornadas, gafas de sol y un bolso azul de mano, logrando una est\u00e9tica fresca y muy juvenil.<\/p>\n<h3 data-path-to-node=\"10\">Emilia Sch\u00fcle con un modelo de Miu Miu<img loading=\"lazy\" decoding=\"async\" class=\"alignnone size-full wp-image-176683\" src=\"https:\/\/graziamagazine.com\/mx\/wp-content\/uploads\/sites\/13\/2026\/09\/GettyImages-2293025792-scaled.jpeg\" alt=\"\" width=\"1707\" height=\"2560\" srcset=\"https:\/\/graziamagazine.com\/mx\/wp-content\/uploads\/sites\/13\/2026\/09\/GettyImages-2293025792-scaled.jpeg 1707w, https:\/\/graziamagazine.com\/mx\/wp-content\/uploads\/sites\/13\/2026\/09\/GettyImages-2293025792-300x450.jpeg 300w, https:\/\/graziamagazine.com\/mx\/wp-content\/uploads\/sites\/13\/2026\/09\/GettyImages-2293025792-683x1024.jpeg 683w, https:\/\/graziamagazine.com\/mx\/wp-content\/uploads\/sites\/13\/2026\/09\/GettyImages-2293025792-768x1152.jpeg 768w, https:\/\/graziamagazine.com\/mx\/wp-content\/uploads\/sites\/13\/2026\/09\/GettyImages-2293025792-1024x1536.jpeg 1024w, https:\/\/graziamagazine.com\/mx\/wp-content\/uploads\/sites\/13\/2026\/09\/GettyImages-2293025792-1365x2048.jpeg 1365w, https:\/\/graziamagazine.com\/mx\/wp-content\/uploads\/sites\/13\/2026\/09\/GettyImages-2293025792-400x600.jpeg 400w, https:\/\/graziamagazine.com\/mx\/wp-content\/uploads\/sites\/13\/2026\/09\/GettyImages-2293025792-143x215.jpeg 143w\" sizes=\"(max-width: 1707px) 100vw, 1707px\" \/><\/h3>\n<p data-path-to-node=\"11\">Con un elegante dise\u00f1o negro de Miu Sch\u00fcle, la actriz deslumbr\u00f3 con un vestido de corte camisero con botones frontales y una sutil falda plisada. Remat\u00f3 el look con sandalias planas decoradas con pedrer\u00eda y un peinado recogido impecable.<\/p>\n<h3 data-path-to-node=\"12\">Claire Foy con un modelo de Bottega Veneta<img loading=\"lazy\" decoding=\"async\" class=\"alignnone size-full wp-image-176685\" src=\"https:\/\/graziamagazine.com\/mx\/wp-content\/uploads\/sites\/13\/2026\/09\/GettyImages-2293027942201-scaled.jpeg\" alt=\"\" width=\"1707\" height=\"2560\" srcset=\"https:\/\/graziamagazine.com\/mx\/wp-content\/uploads\/sites\/13\/2026\/09\/GettyImages-2293027942201-scaled.jpeg 1707w, https:\/\/graziamagazine.com\/mx\/wp-content\/uploads\/sites\/13\/2026\/09\/GettyImages-2293027942201-300x450.jpeg 300w, https:\/\/graziamagazine.com\/mx\/wp-content\/uploads\/sites\/13\/2026\/09\/GettyImages-2293027942201-683x1024.jpeg 683w, https:\/\/graziamagazine.com\/mx\/wp-content\/uploads\/sites\/13\/2026\/09\/GettyImages-2293027942201-768x1152.jpeg 768w, https:\/\/graziamagazine.com\/mx\/wp-content\/uploads\/sites\/13\/2026\/09\/GettyImages-2293027942201-1024x1536.jpeg 1024w, https:\/\/graziamagazine.com\/mx\/wp-content\/uploads\/sites\/13\/2026\/09\/GettyImages-2293027942201-1365x2048.jpeg 1365w, https:\/\/graziamagazine.com\/mx\/wp-content\/uploads\/sites\/13\/2026\/09\/GettyImages-2293027942201-400x600.jpeg 400w, https:\/\/graziamagazine.com\/mx\/wp-content\/uploads\/sites\/13\/2026\/09\/GettyImages-2293027942201-143x215.jpeg 143w\" sizes=\"(max-width: 1707px) 100vw, 1707px\" \/><\/h3>\n<p data-path-to-node=\"13\">Foy deslumbr\u00f3 con una sofisticada americana de tweed y vaqueros de corte acampanado. Combin\u00f3 su conjunto con una camiseta blanca acanalada, gafas de sol grandes y collares dorados superpuestos, logrando un estilo cl\u00e1sico pero desenfadado.<\/p>\n<h3 data-path-to-node=\"14\">Maggie Gyllenhaal<img loading=\"lazy\" decoding=\"async\" class=\"alignnone size-full wp-image-176682\" src=\"https:\/\/graziamagazine.com\/mx\/wp-content\/uploads\/sites\/13\/2026\/09\/GettyImages-2293011963-scaled.jpeg\" alt=\"\" width=\"1707\" height=\"2560\" srcset=\"https:\/\/graziamagazine.com\/mx\/wp-content\/uploads\/sites\/13\/2026\/09\/GettyImages-2293011963-scaled.jpeg 1707w, https:\/\/graziamagazine.com\/mx\/wp-content\/uploads\/sites\/13\/2026\/09\/GettyImages-2293011963-300x450.jpeg 300w, https:\/\/graziamagazine.com\/mx\/wp-content\/uploads\/sites\/13\/2026\/09\/GettyImages-2293011963-683x1024.jpeg 683w, https:\/\/graziamagazine.com\/mx\/wp-content\/uploads\/sites\/13\/2026\/09\/GettyImages-2293011963-768x1152.jpeg 768w, https:\/\/graziamagazine.com\/mx\/wp-content\/uploads\/sites\/13\/2026\/09\/GettyImages-2293011963-1024x1536.jpeg 1024w, https:\/\/graziamagazine.com\/mx\/wp-content\/uploads\/sites\/13\/2026\/09\/GettyImages-2293011963-1366x2048.jpeg 1366w, https:\/\/graziamagazine.com\/mx\/wp-content\/uploads\/sites\/13\/2026\/09\/GettyImages-2293011963-400x600.jpeg 400w, https:\/\/graziamagazine.com\/mx\/wp-content\/uploads\/sites\/13\/2026\/09\/GettyImages-2293011963-143x215.jpeg 143w\" sizes=\"(max-width: 1707px) 100vw, 1707px\" \/><\/h3>\n<p data-path-to-node=\"15\">La actriz opt\u00f3 por una moderna chaqueta azul marino con cintur\u00f3n y bolsillos frontales, combinada con pantalones blancos acampanados. El look se complet\u00f3 con un bolso negro de mano y gafas redondas oscuras, proyectando una elegancia urbana y muy actual.<\/p>\n<h3 data-path-to-node=\"16\">Amal y George Clooney<img loading=\"lazy\" decoding=\"async\" class=\"alignnone size-full wp-image-176681\" src=\"https:\/\/graziamagazine.com\/mx\/wp-content\/uploads\/sites\/13\/2026\/09\/GettyImages-2293001288-scaled.jpeg\" alt=\"\" width=\"1707\" height=\"2560\" srcset=\"https:\/\/graziamagazine.com\/mx\/wp-content\/uploads\/sites\/13\/2026\/09\/GettyImages-2293001288-scaled.jpeg 1707w, https:\/\/graziamagazine.com\/mx\/wp-content\/uploads\/sites\/13\/2026\/09\/GettyImages-2293001288-300x450.jpeg 300w, https:\/\/graziamagazine.com\/mx\/wp-content\/uploads\/sites\/13\/2026\/09\/GettyImages-2293001288-683x1024.jpeg 683w, https:\/\/graziamagazine.com\/mx\/wp-content\/uploads\/sites\/13\/2026\/09\/GettyImages-2293001288-768x1152.jpeg 768w, https:\/\/graziamagazine.com\/mx\/wp-content\/uploads\/sites\/13\/2026\/09\/GettyImages-2293001288-1024x1536.jpeg 1024w, https:\/\/graziamagazine.com\/mx\/wp-content\/uploads\/sites\/13\/2026\/09\/GettyImages-2293001288-1365x2048.jpeg 1365w, https:\/\/graziamagazine.com\/mx\/wp-content\/uploads\/sites\/13\/2026\/09\/GettyImages-2293001288-400x600.jpeg 400w, https:\/\/graziamagazine.com\/mx\/wp-content\/uploads\/sites\/13\/2026\/09\/GettyImages-2293001288-143x215.jpeg 143w\" sizes=\"(max-width: 1707px) 100vw, 1707px\" \/><\/h3>\n<p data-path-to-node=\"17\">Amal deslumbr\u00f3 con un conjunto veraniego de seda en color verde oliva compuesto por shorts y chaqueta ligera a juego. A su lado, George opt\u00f3 por la cl\u00e1sica elegancia relajada con un polo negro y pantalones blancos de lino.<\/p>\n<h3 data-path-to-node=\"18\">Nicolas Maupas con un dise\u00f1o de Giorgio Armani<img loading=\"lazy\" decoding=\"async\" class=\"alignnone size-full wp-image-176680\" src=\"https:\/\/graziamagazine.com\/mx\/wp-content\/uploads\/sites\/13\/2026\/09\/GettyImages-2292998706-scaled.jpeg\" alt=\"\" width=\"1707\" height=\"2560\" srcset=\"https:\/\/graziamagazine.com\/mx\/wp-content\/uploads\/sites\/13\/2026\/09\/GettyImages-2292998706-scaled.jpeg 1707w, https:\/\/graziamagazine.com\/mx\/wp-content\/uploads\/sites\/13\/2026\/09\/GettyImages-2292998706-300x450.jpeg 300w, https:\/\/graziamagazine.com\/mx\/wp-content\/uploads\/sites\/13\/2026\/09\/GettyImages-2292998706-683x1024.jpeg 683w, https:\/\/graziamagazine.com\/mx\/wp-content\/uploads\/sites\/13\/2026\/09\/GettyImages-2292998706-768x1152.jpeg 768w, https:\/\/graziamagazine.com\/mx\/wp-content\/uploads\/sites\/13\/2026\/09\/GettyImages-2292998706-1024x1536.jpeg 1024w, https:\/\/graziamagazine.com\/mx\/wp-content\/uploads\/sites\/13\/2026\/09\/GettyImages-2292998706-1365x2048.jpeg 1365w, https:\/\/graziamagazine.com\/mx\/wp-content\/uploads\/sites\/13\/2026\/09\/GettyImages-2292998706-400x600.jpeg 400w, https:\/\/graziamagazine.com\/mx\/wp-content\/uploads\/sites\/13\/2026\/09\/GettyImages-2292998706-143x215.jpeg 143w\" sizes=\"(max-width: 1707px) 100vw, 1707px\" \/><\/h3>\n<p data-path-to-node=\"19\">El actor eligi\u00f3 un traje de lino en tonos beige con solapas cl\u00e1sicas, combinado con una camisa oscura de textura arrugada. Complet\u00f3 su look con mocasines negros y gafas de sol, encarnando a la perfecci\u00f3n el estilo veraniego italiano.<\/p>\n<h3 data-path-to-node=\"20\">Selena G\u00f3mez con una falda de Gucci y Benny Blanco<img loading=\"lazy\" decoding=\"async\" class=\"alignnone size-full wp-image-176679\" src=\"https:\/\/graziamagazine.com\/mx\/wp-content\/uploads\/sites\/13\/2026\/09\/GettyImages-2292720733-scaled.jpeg\" alt=\"\" width=\"1707\" height=\"2560\" srcset=\"https:\/\/graziamagazine.com\/mx\/wp-content\/uploads\/sites\/13\/2026\/09\/GettyImages-2292720733-scaled.jpeg 1707w, https:\/\/graziamagazine.com\/mx\/wp-content\/uploads\/sites\/13\/2026\/09\/GettyImages-2292720733-300x450.jpeg 300w, https:\/\/graziamagazine.com\/mx\/wp-content\/uploads\/sites\/13\/2026\/09\/GettyImages-2292720733-683x1024.jpeg 683w, https:\/\/graziamagazine.com\/mx\/wp-content\/uploads\/sites\/13\/2026\/09\/GettyImages-2292720733-768x1152.jpeg 768w, https:\/\/graziamagazine.com\/mx\/wp-content\/uploads\/sites\/13\/2026\/09\/GettyImages-2292720733-1024x1536.jpeg 1024w, https:\/\/graziamagazine.com\/mx\/wp-content\/uploads\/sites\/13\/2026\/09\/GettyImages-2292720733-1366x2048.jpeg 1366w, https:\/\/graziamagazine.com\/mx\/wp-content\/uploads\/sites\/13\/2026\/09\/GettyImages-2292720733-400x600.jpeg 400w, https:\/\/graziamagazine.com\/mx\/wp-content\/uploads\/sites\/13\/2026\/09\/GettyImages-2292720733-143x215.jpeg 143w\" sizes=\"(max-width: 1707px) 100vw, 1707px\" \/><\/h3>\n<p data-path-to-node=\"21\">Selena deslumbr\u00f3 con un conjunto marr\u00f3n oscuro de cuello alto y una falda midi con bolsillos con detalles dorados y aberturas laterales, mientras que Benny Blanco visti\u00f3 un traje azul claro con una camisa abotonada a juego.<\/p>\n<p data-path-to-node=\"21\"><em><strong>*IMAGEN: Getty Images<\/strong><\/em><\/p>\n","protected":false},"author":28953,"featured_media":176703,"template":"","format":"standard","categories":[4],"acf":[],"yoast_head":"<!-- This site is optimized with the Yoast SEO Premium plugin v18.5 (Yoast SEO v20.4) - https:\/\/yoast.com\/wordpress\/plugins\/seo\/ -->\n<title>Los mejores looks del Festival de Cine de Venecia 2026<\/title>\n<meta name=\"description\" content=\"Desde la elegancia atemporal hasta las apuestas m\u00e1s arriesgadas de la Generaci\u00f3n Z, Venecia se convierte en la pasarela m\u00e1s glamorosa del mundo.\" \/>\n<meta name=\"robots\" content=\"index, follow, max-snippet:-1, max-image-preview:large, max-video-preview:-1\" \/>\n<link rel=\"canonical\" href=\"https:\/\/graziamagazine.com\/mx\/articles\/mejores-looks-festival-cine-de-venecia-2026\/\" \/>\n<meta property=\"og:locale\" content=\"es_MX\" \/>\n<meta property=\"og:type\" content=\"article\" \/>\n<meta property=\"og:title\" content=\"Los mejores looks del Festival de Cine de Venecia 2026\" \/>\n<meta property=\"og:description\" content=\"Desde la elegancia atemporal hasta las apuestas m\u00e1s arriesgadas de la Generaci\u00f3n Z, Venecia se convierte en la pasarela m\u00e1s glamorosa del mundo.\" \/>\n<meta property=\"og:url\" content=\"https:\/\/graziamagazine.com\/mx\/articles\/mejores-looks-festival-cine-de-venecia-2026\/\" \/>\n<meta property=\"og:site_name\" content=\"Grazia M\u00e9xico y Latinoam\u00e9rica\" \/>\n<meta property=\"article:modified_time\" content=\"2026-09-02T19:10:17+00:00\" \/>\n<meta property=\"og:image\" content=\"https:\/\/graziamagazine.com\/mx\/wp-content\/uploads\/sites\/13\/2026\/09\/GettyImages-2293193564-scaled.jpeg\" \/>\n\t<meta property=\"og:image:width\" content=\"2560\" \/>\n\t<meta property=\"og:image:height\" content=\"1440\" \/>\n\t<meta property=\"og:image:type\" content=\"image\/jpeg\" \/>\n<meta name=\"twitter:card\" content=\"summary_large_image\" \/>\n<meta name=\"twitter:label1\" content=\"Est. reading time\" \/>\n\t<meta name=\"twitter:data1\" content=\"4 minutos\" \/>\n<script type=\"application\/ld+json\" class=\"yoast-schema-graph\">{\"@context\":\"https:\/\/schema.org\",\"@graph\":[{\"@type\":\"WebPage\",\"@id\":\"https:\/\/graziamagazine.com\/mx\/articles\/mejores-looks-festival-cine-de-venecia-2026\/\",\"url\":\"https:\/\/graziamagazine.com\/mx\/articles\/mejores-looks-festival-cine-de-venecia-2026\/\",\"name\":\"Los mejores looks del Festival de Cine de Venecia 2026\",\"isPartOf\":{\"@id\":\"https:\/\/graziamagazine.com\/mx\/#website\"},\"datePublished\":\"2026-09-02T16:01:02+00:00\",\"dateModified\":\"2026-09-02T19:10:17+00:00\",\"description\":\"Desde la elegancia atemporal hasta las apuestas m\u00e1s arriesgadas de la Generaci\u00f3n Z, Venecia se convierte en la pasarela m\u00e1s glamorosa del mundo.\",\"breadcrumb\":{\"@id\":\"https:\/\/graziamagazine.com\/mx\/articles\/mejores-looks-festival-cine-de-venecia-2026\/#breadcrumb\"},\"inLanguage\":\"es-MX\",\"potentialAction\":[{\"@type\":\"ReadAction\",\"target\":[\"https:\/\/graziamagazine.com\/mx\/articles\/mejores-looks-festival-cine-de-venecia-2026\/\"]}]},{\"@type\":\"BreadcrumbList\",\"@id\":\"https:\/\/graziamagazine.com\/mx\/articles\/mejores-looks-festival-cine-de-venecia-2026\/#breadcrumb\",\"itemListElement\":[{\"@type\":\"ListItem\",\"position\":1,\"name\":\"Home\",\"item\":\"https:\/\/graziamagazine.com\/mx\/\"},{\"@type\":\"ListItem\",\"position\":2,\"name\":\"Los mejores looks del Festival de Cine de Venecia 2026\"}]},{\"@type\":\"WebSite\",\"@id\":\"https:\/\/graziamagazine.com\/mx\/#website\",\"url\":\"https:\/\/graziamagazine.com\/mx\/\",\"name\":\"Grazia M\u00e9xico y Latinoam\u00e9rica\",\"description\":\"Grazia es moda, belleza y noticias  de actualidad \",\"potentialAction\":[{\"@type\":\"SearchAction\",\"target\":{\"@type\":\"EntryPoint\",\"urlTemplate\":\"https:\/\/graziamagazine.com\/mx\/?s={search_term_string}\"},\"query-input\":\"required name=search_term_string\"}],\"inLanguage\":\"es-MX\"}]}<\/script>\n<!-- \/ Yoast SEO Premium plugin. -->","yoast_head_json":{"title":"Los mejores looks del Festival de Cine de Venecia 2026","description":"Desde la elegancia atemporal hasta las apuestas m\u00e1s arriesgadas de la Generaci\u00f3n Z, Venecia se convierte en la pasarela m\u00e1s glamorosa del mundo.","robots":{"index":"index","follow":"follow","max-snippet":"max-snippet:-1","max-image-preview":"max-image-preview:large","max-video-preview":"max-video-preview:-1"},"canonical":"https:\/\/graziamagazine.com\/mx\/articles\/mejores-looks-festival-cine-de-venecia-2026\/","og_locale":"es_MX","og_type":"article","og_title":"Los mejores looks del Festival de Cine de Venecia 2026","og_description":"Desde la elegancia atemporal hasta las apuestas m\u00e1s arriesgadas de la Generaci\u00f3n Z, Venecia se convierte en la pasarela m\u00e1s glamorosa del mundo.","og_url":"https:\/\/graziamagazine.com\/mx\/articles\/mejores-looks-festival-cine-de-venecia-2026\/","og_site_name":"Grazia M\u00e9xico y Latinoam\u00e9rica","article_modified_time":"2026-09-02T19:10:17+00:00","og_image":[{"width":2560,"height":1440,"url":"https:\/\/graziamagazine.com\/mx\/wp-content\/uploads\/sites\/13\/2026\/09\/GettyImages-2293193564-scaled.jpeg","type":"image\/jpeg"}],"twitter_card":"summary_large_image","twitter_misc":{"Est. reading time":"4 minutos"},"schema":{"@context":"https:\/\/schema.org","@graph":[{"@type":"WebPage","@id":"https:\/\/graziamagazine.com\/mx\/articles\/mejores-looks-festival-cine-de-venecia-2026\/","url":"https:\/\/graziamagazine.com\/mx\/articles\/mejores-looks-festival-cine-de-venecia-2026\/","name":"Los mejores looks del Festival de Cine de Venecia 2026","isPartOf":{"@id":"https:\/\/graziamagazine.com\/mx\/#website"},"datePublished":"2026-09-02T16:01:02+00:00","dateModified":"2026-09-02T19:10:17+00:00","description":"Desde la elegancia atemporal hasta las apuestas m\u00e1s arriesgadas de la Generaci\u00f3n Z, Venecia se convierte en la pasarela m\u00e1s glamorosa del mundo.","breadcrumb":{"@id":"https:\/\/graziamagazine.com\/mx\/articles\/mejores-looks-festival-cine-de-venecia-2026\/#breadcrumb"},"inLanguage":"es-MX","potentialAction":[{"@type":"ReadAction","target":["https:\/\/graziamagazine.com\/mx\/articles\/mejores-looks-festival-cine-de-venecia-2026\/"]}]},{"@type":"BreadcrumbList","@id":"https:\/\/graziamagazine.com\/mx\/articles\/mejores-looks-festival-cine-de-venecia-2026\/#breadcrumb","itemListElement":[{"@type":"ListItem","position":1,"name":"Home","item":"https:\/\/graziamagazine.com\/mx\/"},{"@type":"ListItem","position":2,"name":"Los mejores looks del Festival de Cine de Venecia 2026"}]},{"@type":"WebSite","@id":"https:\/\/graziamagazine.com\/mx\/#website","url":"https:\/\/graziamagazine.com\/mx\/","name":"Grazia M\u00e9xico y Latinoam\u00e9rica","description":"Grazia es moda, belleza y noticias  de actualidad ","potentialAction":[{"@type":"SearchAction","target":{"@type":"EntryPoint","urlTemplate":"https:\/\/graziamagazine.com\/mx\/?s={search_term_string}"},"query-input":"required name=search_term_string"}],"inLanguage":"es-MX"}]}},"jetpack_sharing_enabled":true,"distributor_meta":false,"distributor_terms":false,"distributor_media":false,"distributor_original_site_name":"Grazia M\u00e9xico y Latinoam\u00e9rica","distributor_original_site_url":"https:\/\/graziamagazine.com\/mx","push-errors":false,"_links":{"self":[{"href":"https:\/\/graziamagazine.com\/mx\/wp-json\/wp\/v2\/articles\/176678"}],"collection":[{"href":"https:\/\/graziamagazine.com\/mx\/wp-json\/wp\/v2\/articles"}],"about":[{"href":"https:\/\/graziamagazine.com\/mx\/wp-json\/wp\/v2\/types\/articles"}],"author":[{"embeddable":true,"href":"https:\/\/graziamagazine.com\/mx\/wp-json\/wp\/v2\/users\/28953"}],"wp:featuredmedia":[{"embeddable":true,"href":"https:\/\/graziamagazine.com\/mx\/wp-json\/wp\/v2\/media\/176703"}],"wp:attachment":[{"href":"https:\/\/graziamagazine.com\/mx\/wp-json\/wp\/v2\/media?parent=176678"}],"wp:term":[{"taxonomy":"category","embeddable":true,"href":"https:\/\/graziamagazine.com\/mx\/wp-json\/wp\/v2\/categories?post=176678"}],"curies":[{"name":"wp","href":"https:\/\/api.w.org\/{rel}","templated":true}]}}