{"id":176610,"date":"2026-09-01T14:11:40","date_gmt":"2026-09-01T19:11:40","guid":{"rendered":"https:\/\/graziamagazine.com\/mx\/?post_type=articles&#038;p=176610"},"modified":"2026-09-01T14:18:43","modified_gmt":"2026-09-01T19:18:43","slug":"botas-biker-tendencia-otono-2026","status":"publish","type":"articles","link":"https:\/\/graziamagazine.com\/mx\/articles\/botas-biker-tendencia-otono-2026\/","title":{"rendered":"Botas biker: el calzado rebelde que define el oto\u00f1o 2026"},"content":{"rendered":"<p class=\"isSelectedEnd\">El oto\u00f1o 2026 recupera uno de los c\u00f3digos m\u00e1s rebeldes del armario: las <a href=\"https:\/\/graziamagazine.com\/mx\/articles\/zapatos-tendencia-otono-2026\/\">botas<\/a> biker. Despu\u00e9s de varias temporadas dominadas por las botas cowboy, los modelos second skin y las siluetas m\u00e1s sofisticadas, el calzado motero vuelve a ganar terreno con una propuesta que conserva su actitud original, pero se adapta a una nueva forma de vestir.<\/p>\n<p class=\"isSelectedEnd\">La silueta es f\u00e1cilmente reconocible: ca\u00f1a media o alta, piel de apariencia resistente, suela plana o robusta y detalles met\u00e1licos como hebillas, correas y cierres. Esta temporada, sin embargo, las versiones m\u00e1s interesantes se alejan de la est\u00e9tica excesivamente pesada para encontrar un equilibrio entre funcionalidad, car\u00e1cter y sofisticaci\u00f3n.<\/p>\n<h3>Biker de piel negra: el cl\u00e1sico que vuelve con fuerza<\/h3>\n<figure id=\"attachment_176614\" aria-describedby=\"caption-attachment-176614\" style=\"width: 736px\" class=\"wp-caption alignnone\"><img loading=\"lazy\" decoding=\"async\" class=\"size-full wp-image-176614\" src=\"https:\/\/graziamagazine.com\/mx\/wp-content\/uploads\/sites\/13\/2026\/09\/2-1.jpeg\" alt=\"Mujer caminando por la calle con una chaqueta de cuero desgastado con cuello de borrego, vestido midi negro satinado y botas biker negras altas con hebillas.\" width=\"736\" height=\"1104\" srcset=\"https:\/\/graziamagazine.com\/mx\/wp-content\/uploads\/sites\/13\/2026\/09\/2-1.jpeg 736w, https:\/\/graziamagazine.com\/mx\/wp-content\/uploads\/sites\/13\/2026\/09\/2-1-300x450.jpeg 300w, https:\/\/graziamagazine.com\/mx\/wp-content\/uploads\/sites\/13\/2026\/09\/2-1-683x1024.jpeg 683w, https:\/\/graziamagazine.com\/mx\/wp-content\/uploads\/sites\/13\/2026\/09\/2-1-400x600.jpeg 400w, https:\/\/graziamagazine.com\/mx\/wp-content\/uploads\/sites\/13\/2026\/09\/2-1-143x215.jpeg 143w\" sizes=\"(max-width: 736px) 100vw, 736px\" \/><figcaption id=\"caption-attachment-176614\" class=\"wp-caption-text\">El contraste entre la delicadeza de un vestido satinado y la rudeza de las botas biker de inspiraci\u00f3n motera define la actitud vanguardista de la temporada. Foto: Pinterest<\/figcaption><\/figure>\n<p class=\"isSelectedEnd\">La versi\u00f3n negra sigue siendo la m\u00e1s contundente y, tambi\u00e9n, la m\u00e1s f\u00e1cil de incorporar al armario. Su principal virtud est\u00e1 en la capacidad de transformar un estilismo sencillo sin necesidad de a\u00f1adir demasiados accesorios.<\/p>\n<p class=\"isSelectedEnd\">Unos jeans rectos, una camiseta blanca y una chaqueta de piel adquieren inmediatamente una actitud m\u00e1s urbana cuando se combinan con botas biker. Pero su verdadero potencial aparece cuando se utilizan para crear contraste. Un vestido corto, una falda midi o una prenda de punto delicada encuentran en la robustez de estas botas el contrapunto perfecto.<\/p>\n<p class=\"isSelectedEnd\">La clave est\u00e1 precisamente en evitar que todo el look comparta la misma est\u00e9tica. En lugar de construir un estilismo completamente rockero, esta temporada se llevan con prendas inesperadas que suavizan su car\u00e1cter.<\/p>\n<h3>Biker con hebillas: m\u00e1s actitud, m\u00e1s personalidad<\/h3>\n<figure id=\"attachment_176616\" aria-describedby=\"caption-attachment-176616\" style=\"width: 736px\" class=\"wp-caption alignnone\"><img loading=\"lazy\" decoding=\"async\" class=\"size-full wp-image-176616\" src=\"https:\/\/graziamagazine.com\/mx\/wp-content\/uploads\/sites\/13\/2026\/09\/Ces-5-tendances-bottes-sont-les-seules-dont-vous-aurez-besoin-cet-automne.jpeg\" alt=\"Modelo en pasarela con un conjunto superpuesto de camisa azul, chaqueta oscura estructurada, falda amplia y botas biker de piel marr\u00f3n con m\u00faltiples correas.\" width=\"736\" height=\"1104\" srcset=\"https:\/\/graziamagazine.com\/mx\/wp-content\/uploads\/sites\/13\/2026\/09\/Ces-5-tendances-bottes-sont-les-seules-dont-vous-aurez-besoin-cet-automne.jpeg 736w, https:\/\/graziamagazine.com\/mx\/wp-content\/uploads\/sites\/13\/2026\/09\/Ces-5-tendances-bottes-sont-les-seules-dont-vous-aurez-besoin-cet-automne-300x450.jpeg 300w, https:\/\/graziamagazine.com\/mx\/wp-content\/uploads\/sites\/13\/2026\/09\/Ces-5-tendances-bottes-sont-les-seules-dont-vous-aurez-besoin-cet-automne-683x1024.jpeg 683w, https:\/\/graziamagazine.com\/mx\/wp-content\/uploads\/sites\/13\/2026\/09\/Ces-5-tendances-bottes-sont-les-seules-dont-vous-aurez-besoin-cet-automne-400x600.jpeg 400w, https:\/\/graziamagazine.com\/mx\/wp-content\/uploads\/sites\/13\/2026\/09\/Ces-5-tendances-bottes-sont-les-seules-dont-vous-aurez-besoin-cet-automne-143x215.jpeg 143w\" sizes=\"(max-width: 736px) 100vw, 736px\" \/><figcaption id=\"caption-attachment-176616\" class=\"wp-caption-text\">La reinterpretaci\u00f3n de la est\u00e9tica motera sobre la pasarela apuesta por tonos marrones profundos combinados con capas amplias y texturas contrastantes.<\/figcaption><\/figure>\n<p class=\"isSelectedEnd\">Las hebillas son uno de los elementos que mejor definen el regreso de la bota motera. Pueden aparecer como peque\u00f1os detalles o convertirse en el elemento protagonista del dise\u00f1o, acompa\u00f1adas de correas, herrajes met\u00e1licos y suelas gruesas.<\/p>\n<p class=\"isSelectedEnd\">Para llevarlas sin sobrecargar el look, funcionan especialmente bien con prendas de l\u00edneas limpias. Un pantal\u00f3n sastre amplio, una camisa blanca o un abrigo de corte masculino consiguen equilibrar la fuerza visual del calzado.<\/p>\n<p class=\"isSelectedEnd\">Tambi\u00e9n pueden llevarse con minifaldas y shorts, dejando la bota completamente a la vista. La combinaci\u00f3n recupera parte de esa est\u00e9tica dosmilera asociada a las botas moteras, pero con una interpretaci\u00f3n mucho m\u00e1s actual y menos literal.<\/p>\n<h3>Biker de suela plana: la versi\u00f3n m\u00e1s cool del oto\u00f1o<\/h3>\n<figure id=\"attachment_176617\" aria-describedby=\"caption-attachment-176617\" style=\"width: 736px\" class=\"wp-caption alignnone\"><img loading=\"lazy\" decoding=\"async\" class=\"size-full wp-image-176617\" src=\"https:\/\/graziamagazine.com\/mx\/wp-content\/uploads\/sites\/13\/2026\/09\/Las-botas-que-si\u0301-o-si\u0301-debes-de-tener-para-llevar-en-la-oficina-en-Oton\u0303o-Invierno-2023.jpeg\" alt=\"Mujer cruzando una calle empedrada luciendo un abrigo extragrande de efecto afelpado en tono beige, minivestido, calcetines blancos visibles y botas biker oscuras.\" width=\"736\" height=\"1106\" srcset=\"https:\/\/graziamagazine.com\/mx\/wp-content\/uploads\/sites\/13\/2026\/09\/Las-botas-que-si\u0301-o-si\u0301-debes-de-tener-para-llevar-en-la-oficina-en-Oton\u0303o-Invierno-2023.jpeg 736w, https:\/\/graziamagazine.com\/mx\/wp-content\/uploads\/sites\/13\/2026\/09\/Las-botas-que-si\u0301-o-si\u0301-debes-de-tener-para-llevar-en-la-oficina-en-Oton\u0303o-Invierno-2023-299x450.jpeg 299w, https:\/\/graziamagazine.com\/mx\/wp-content\/uploads\/sites\/13\/2026\/09\/Las-botas-que-si\u0301-o-si\u0301-debes-de-tener-para-llevar-en-la-oficina-en-Oton\u0303o-Invierno-2023-681x1024.jpeg 681w, https:\/\/graziamagazine.com\/mx\/wp-content\/uploads\/sites\/13\/2026\/09\/Las-botas-que-si\u0301-o-si\u0301-debes-de-tener-para-llevar-en-la-oficina-en-Oton\u0303o-Invierno-2023-400x601.jpeg 400w, https:\/\/graziamagazine.com\/mx\/wp-content\/uploads\/sites\/13\/2026\/09\/Las-botas-que-si\u0301-o-si\u0301-debes-de-tener-para-llevar-en-la-oficina-en-Oton\u0303o-Invierno-2023-143x215.jpeg 143w\" sizes=\"(max-width: 736px) 100vw, 736px\" \/><figcaption id=\"caption-attachment-176617\" class=\"wp-caption-text\">Las botas biker combinadas con calcetines blancos y prendas texturizadas aportan un equilibrio perfecto entre la comodidad casual y la tendencia subversiva del oto\u00f1o. Foto: Pinterest<\/figcaption><\/figure>\n<p class=\"isSelectedEnd\">La comodidad tambi\u00e9n forma parte del regreso de las biker. Frente a las botas de tac\u00f3n alto que dominan otras tendencias de la temporada, los modelos planos o con una suela ligeramente elevada ofrecen una alternativa mucho m\u00e1s pr\u00e1ctica sin perder presencia.<\/p>\n<p class=\"isSelectedEnd\">Su silueta funciona especialmente bien con pantalones cropped que permitan descubrir parte de la bota, aunque tambi\u00e9n pueden llevarse debajo de pantalones amplios para conseguir una apariencia m\u00e1s relajada. Con vestidos largos, faldas midi o prendas oversized, aportan ese peque\u00f1o gesto de rebeld\u00eda que evita que el look se sienta demasiado pulido.<\/p>\n<p>Este oto\u00f1o, la clave no est\u00e1 en vestir de pies a cabeza de negro ni en llevarlas como parte de un uniforme rockero: basta con dejar que hagan lo que mejor saben hacer, darle car\u00e1cter a cualquier look.<\/p>\n","protected":false},"author":28953,"featured_media":176615,"template":"","format":"standard","categories":[4],"acf":[],"yoast_head":"<!-- This site is optimized with the Yoast SEO Premium plugin v18.5 (Yoast SEO v20.4) - https:\/\/yoast.com\/wordpress\/plugins\/seo\/ -->\n<title>Botas biker: el calzado rebelde que define el oto\u00f1o 2026<\/title>\n<meta name=\"description\" content=\"Las botas biker regresan con una est\u00e9tica m\u00e1s depurada para convertirse en el contrapunto perfecto de los looks de oto\u00f1o\" \/>\n<meta name=\"robots\" content=\"index, follow, max-snippet:-1, max-image-preview:large, max-video-preview:-1\" \/>\n<link rel=\"canonical\" href=\"https:\/\/graziamagazine.com\/mx\/articles\/botas-biker-tendencia-otono-2026\/\" \/>\n<meta property=\"og:locale\" content=\"es_MX\" \/>\n<meta property=\"og:type\" content=\"article\" \/>\n<meta property=\"og:title\" content=\"Botas biker: el calzado rebelde que define el oto\u00f1o 2026\" \/>\n<meta property=\"og:description\" content=\"Las botas biker regresan con una est\u00e9tica m\u00e1s depurada para convertirse en el contrapunto perfecto de los looks de oto\u00f1o\" \/>\n<meta property=\"og:url\" content=\"https:\/\/graziamagazine.com\/mx\/articles\/botas-biker-tendencia-otono-2026\/\" \/>\n<meta property=\"og:site_name\" content=\"Grazia M\u00e9xico y Latinoam\u00e9rica\" \/>\n<meta property=\"article:modified_time\" content=\"2026-09-01T19:18:43+00:00\" \/>\n<meta property=\"og:image\" content=\"https:\/\/graziamagazine.com\/mx\/wp-content\/uploads\/sites\/13\/2026\/09\/3-1-e1788290095294.jpeg\" \/>\n\t<meta property=\"og:image:width\" content=\"736\" \/>\n\t<meta property=\"og:image:height\" content=\"530\" \/>\n\t<meta property=\"og:image:type\" content=\"image\/jpeg\" \/>\n<meta name=\"twitter:card\" content=\"summary_large_image\" \/>\n<meta name=\"twitter:label1\" content=\"Est. reading time\" \/>\n\t<meta name=\"twitter:data1\" content=\"4 minutos\" \/>\n<script type=\"application\/ld+json\" class=\"yoast-schema-graph\">{\"@context\":\"https:\/\/schema.org\",\"@graph\":[{\"@type\":\"WebPage\",\"@id\":\"https:\/\/graziamagazine.com\/mx\/articles\/botas-biker-tendencia-otono-2026\/\",\"url\":\"https:\/\/graziamagazine.com\/mx\/articles\/botas-biker-tendencia-otono-2026\/\",\"name\":\"Botas biker: el calzado rebelde que define el oto\u00f1o 2026\",\"isPartOf\":{\"@id\":\"https:\/\/graziamagazine.com\/mx\/#website\"},\"datePublished\":\"2026-09-01T19:11:40+00:00\",\"dateModified\":\"2026-09-01T19:18:43+00:00\",\"description\":\"Las botas biker regresan con una est\u00e9tica m\u00e1s depurada para convertirse en el contrapunto perfecto de los looks de oto\u00f1o\",\"breadcrumb\":{\"@id\":\"https:\/\/graziamagazine.com\/mx\/articles\/botas-biker-tendencia-otono-2026\/#breadcrumb\"},\"inLanguage\":\"es-MX\",\"potentialAction\":[{\"@type\":\"ReadAction\",\"target\":[\"https:\/\/graziamagazine.com\/mx\/articles\/botas-biker-tendencia-otono-2026\/\"]}]},{\"@type\":\"BreadcrumbList\",\"@id\":\"https:\/\/graziamagazine.com\/mx\/articles\/botas-biker-tendencia-otono-2026\/#breadcrumb\",\"itemListElement\":[{\"@type\":\"ListItem\",\"position\":1,\"name\":\"Home\",\"item\":\"https:\/\/graziamagazine.com\/mx\/\"},{\"@type\":\"ListItem\",\"position\":2,\"name\":\"Botas biker: el calzado rebelde que define el oto\u00f1o 2026\"}]},{\"@type\":\"WebSite\",\"@id\":\"https:\/\/graziamagazine.com\/mx\/#website\",\"url\":\"https:\/\/graziamagazine.com\/mx\/\",\"name\":\"Grazia M\u00e9xico y Latinoam\u00e9rica\",\"description\":\"Grazia es moda, belleza y noticias  de actualidad \",\"potentialAction\":[{\"@type\":\"SearchAction\",\"target\":{\"@type\":\"EntryPoint\",\"urlTemplate\":\"https:\/\/graziamagazine.com\/mx\/?s={search_term_string}\"},\"query-input\":\"required name=search_term_string\"}],\"inLanguage\":\"es-MX\"}]}<\/script>\n<!-- \/ Yoast SEO Premium plugin. -->","yoast_head_json":{"title":"Botas biker: el calzado rebelde que define el oto\u00f1o 2026","description":"Las botas biker regresan con una est\u00e9tica m\u00e1s depurada para convertirse en el contrapunto perfecto de los looks de oto\u00f1o","robots":{"index":"index","follow":"follow","max-snippet":"max-snippet:-1","max-image-preview":"max-image-preview:large","max-video-preview":"max-video-preview:-1"},"canonical":"https:\/\/graziamagazine.com\/mx\/articles\/botas-biker-tendencia-otono-2026\/","og_locale":"es_MX","og_type":"article","og_title":"Botas biker: el calzado rebelde que define el oto\u00f1o 2026","og_description":"Las botas biker regresan con una est\u00e9tica m\u00e1s depurada para convertirse en el contrapunto perfecto de los looks de oto\u00f1o","og_url":"https:\/\/graziamagazine.com\/mx\/articles\/botas-biker-tendencia-otono-2026\/","og_site_name":"Grazia M\u00e9xico y Latinoam\u00e9rica","article_modified_time":"2026-09-01T19:18:43+00:00","og_image":[{"width":736,"height":530,"url":"https:\/\/graziamagazine.com\/mx\/wp-content\/uploads\/sites\/13\/2026\/09\/3-1-e1788290095294.jpeg","type":"image\/jpeg"}],"twitter_card":"summary_large_image","twitter_misc":{"Est. reading time":"4 minutos"},"schema":{"@context":"https:\/\/schema.org","@graph":[{"@type":"WebPage","@id":"https:\/\/graziamagazine.com\/mx\/articles\/botas-biker-tendencia-otono-2026\/","url":"https:\/\/graziamagazine.com\/mx\/articles\/botas-biker-tendencia-otono-2026\/","name":"Botas biker: el calzado rebelde que define el oto\u00f1o 2026","isPartOf":{"@id":"https:\/\/graziamagazine.com\/mx\/#website"},"datePublished":"2026-09-01T19:11:40+00:00","dateModified":"2026-09-01T19:18:43+00:00","description":"Las botas biker regresan con una est\u00e9tica m\u00e1s depurada para convertirse en el contrapunto perfecto de los looks de oto\u00f1o","breadcrumb":{"@id":"https:\/\/graziamagazine.com\/mx\/articles\/botas-biker-tendencia-otono-2026\/#breadcrumb"},"inLanguage":"es-MX","potentialAction":[{"@type":"ReadAction","target":["https:\/\/graziamagazine.com\/mx\/articles\/botas-biker-tendencia-otono-2026\/"]}]},{"@type":"BreadcrumbList","@id":"https:\/\/graziamagazine.com\/mx\/articles\/botas-biker-tendencia-otono-2026\/#breadcrumb","itemListElement":[{"@type":"ListItem","position":1,"name":"Home","item":"https:\/\/graziamagazine.com\/mx\/"},{"@type":"ListItem","position":2,"name":"Botas biker: el calzado rebelde que define el oto\u00f1o 2026"}]},{"@type":"WebSite","@id":"https:\/\/graziamagazine.com\/mx\/#website","url":"https:\/\/graziamagazine.com\/mx\/","name":"Grazia M\u00e9xico y Latinoam\u00e9rica","description":"Grazia es moda, belleza y noticias  de actualidad ","potentialAction":[{"@type":"SearchAction","target":{"@type":"EntryPoint","urlTemplate":"https:\/\/graziamagazine.com\/mx\/?s={search_term_string}"},"query-input":"required name=search_term_string"}],"inLanguage":"es-MX"}]}},"jetpack_sharing_enabled":true,"distributor_meta":false,"distributor_terms":false,"distributor_media":false,"distributor_original_site_name":"Grazia M\u00e9xico y Latinoam\u00e9rica","distributor_original_site_url":"https:\/\/graziamagazine.com\/mx","push-errors":false,"_links":{"self":[{"href":"https:\/\/graziamagazine.com\/mx\/wp-json\/wp\/v2\/articles\/176610"}],"collection":[{"href":"https:\/\/graziamagazine.com\/mx\/wp-json\/wp\/v2\/articles"}],"about":[{"href":"https:\/\/graziamagazine.com\/mx\/wp-json\/wp\/v2\/types\/articles"}],"author":[{"embeddable":true,"href":"https:\/\/graziamagazine.com\/mx\/wp-json\/wp\/v2\/users\/28953"}],"wp:featuredmedia":[{"embeddable":true,"href":"https:\/\/graziamagazine.com\/mx\/wp-json\/wp\/v2\/media\/176615"}],"wp:attachment":[{"href":"https:\/\/graziamagazine.com\/mx\/wp-json\/wp\/v2\/media?parent=176610"}],"wp:term":[{"taxonomy":"category","embeddable":true,"href":"https:\/\/graziamagazine.com\/mx\/wp-json\/wp\/v2\/categories?post=176610"}],"curies":[{"name":"wp","href":"https:\/\/api.w.org\/{rel}","templated":true}]}}