{"id":176601,"date":"2026-09-01T13:02:32","date_gmt":"2026-09-01T18:02:32","guid":{"rendered":"https:\/\/graziamagazine.com\/mx\/?post_type=articles&#038;p=176601"},"modified":"2026-09-01T15:07:30","modified_gmt":"2026-09-01T20:07:30","slug":"colores-tendencia-otono-invierno-2026","status":"publish","type":"articles","link":"https:\/\/graziamagazine.com\/mx\/articles\/colores-tendencia-otono-invierno-2026\/","title":{"rendered":"Los colores que ser\u00e1n tendencia este oto\u00f1o-invierno 2026"},"content":{"rendered":"<p>Como ya lo vimos en los desfiles, el <strong>color<\/strong> ser\u00e1 uno de los grandes protagonistas de este <strong>oto\u00f1o-invierno<\/strong> 2026. En las <strong>nuevas colecciones<\/strong> vemos <strong>firmas<\/strong> que apuestan por el color de una forma mucho m\u00e1s expresiva, en donde s\u00ed vemos los <strong>cl\u00e1sicos colores<\/strong> de siempre en esta temporada, pero tambi\u00e9n c<strong>olores vibrantes<\/strong> que <strong>dominar\u00e1n los \u00faltimos meses de 2026.<\/strong><\/p>\n<p>Colores como el <strong>morado<\/strong>, el <strong>rojo<\/strong> y el <strong>azul<\/strong> aparecen entre los tonos <strong>m\u00e1s destacados de la temporada,<\/strong> mientras que el <strong>marr\u00f3n y el gris<\/strong> contin\u00faan funcionando como los <strong>colores cl\u00e1sicos<\/strong> para los looks de esta temporada.<\/p>\n<p>Adem\u00e1s, estos colores ya se encuentran en la mayor\u00eda de las tiendas, as\u00ed que no necesitas <strong>renovar<\/strong> todo tu <strong>cl\u00f3set<\/strong>, sino <strong>incorporar<\/strong> estos colores de forma sutil y <strong>selectiva.<\/strong><\/p>\n<h2>Color rojo<\/h2>\n<div class=\"content-gallery\"><div class=\"gallery-placeholder\"><div class=\"spinner\"><\/div><\/div><span class=\"gallery-pagination\"><\/span><div id=\"gallery-1\" class=\"gallery galleryid-176601 gallery-columns- gallery-size-\"><figure class=\"gallery-item\"><div class=\"gallery-icon landscape\"><img loading=\"lazy\" decoding=\"async\" width=\"1200\" height=\"1800\" src=\"https:\/\/graziamagazine.com\/mx\/wp-content\/uploads\/sites\/13\/2026\/09\/IMG_7764.jpeg\" class=\"lazy\" alt=\"Vestido largo color rojo\" srcset=\"https:\/\/graziamagazine.com\/mx\/wp-content\/uploads\/sites\/13\/2026\/09\/IMG_7764.jpeg 1200w, https:\/\/graziamagazine.com\/mx\/wp-content\/uploads\/sites\/13\/2026\/09\/IMG_7764-300x450.jpeg 300w, https:\/\/graziamagazine.com\/mx\/wp-content\/uploads\/sites\/13\/2026\/09\/IMG_7764-683x1024.jpeg 683w, https:\/\/graziamagazine.com\/mx\/wp-content\/uploads\/sites\/13\/2026\/09\/IMG_7764-768x1152.jpeg 768w, https:\/\/graziamagazine.com\/mx\/wp-content\/uploads\/sites\/13\/2026\/09\/IMG_7764-1024x1536.jpeg 1024w, https:\/\/graziamagazine.com\/mx\/wp-content\/uploads\/sites\/13\/2026\/09\/IMG_7764-400x600.jpeg 400w, https:\/\/graziamagazine.com\/mx\/wp-content\/uploads\/sites\/13\/2026\/09\/IMG_7764-143x215.jpeg 143w\" sizes=\"(max-width: 1200px) 100vw, 1200px\" \/><\/div><figcaption class=\"wp-caption-text gallery-caption\" id=\"gallery-1-176608\">Los colores que ser\u00e1n tendencia este oto\u00f1o-invierno 2026 \n\nFoto: Pinterest <\/figcaption><\/figure><figure class=\"gallery-item\"><div class=\"gallery-icon landscape\"><img loading=\"lazy\" decoding=\"async\" width=\"1200\" height=\"1789\" src=\"https:\/\/graziamagazine.com\/mx\/wp-content\/uploads\/sites\/13\/2026\/08\/IMG_7655.jpeg\" class=\"lazy\" alt=\"Falda FW 26\" srcset=\"https:\/\/graziamagazine.com\/mx\/wp-content\/uploads\/sites\/13\/2026\/08\/IMG_7655.jpeg 1200w, https:\/\/graziamagazine.com\/mx\/wp-content\/uploads\/sites\/13\/2026\/08\/IMG_7655-302x450.jpeg 302w, https:\/\/graziamagazine.com\/mx\/wp-content\/uploads\/sites\/13\/2026\/08\/IMG_7655-687x1024.jpeg 687w, https:\/\/graziamagazine.com\/mx\/wp-content\/uploads\/sites\/13\/2026\/08\/IMG_7655-768x1145.jpeg 768w, https:\/\/graziamagazine.com\/mx\/wp-content\/uploads\/sites\/13\/2026\/08\/IMG_7655-1030x1536.jpeg 1030w, https:\/\/graziamagazine.com\/mx\/wp-content\/uploads\/sites\/13\/2026\/08\/IMG_7655-400x596.jpeg 400w, https:\/\/graziamagazine.com\/mx\/wp-content\/uploads\/sites\/13\/2026\/08\/IMG_7655-144x215.jpeg 144w\" sizes=\"(max-width: 1200px) 100vw, 1200px\" \/><\/div><figcaption class=\"wp-caption-text gallery-caption\" id=\"gallery-1-176385\">\n\nFoto: Pinterest <\/figcaption><\/figure><figure class=\"gallery-item\"><div class=\"gallery-icon landscape\"><img loading=\"lazy\" decoding=\"async\" width=\"1200\" height=\"1800\" src=\"https:\/\/graziamagazine.com\/mx\/wp-content\/uploads\/sites\/13\/2026\/09\/IMG_7765.jpeg\" class=\"lazy\" alt=\"Vestido color rojo\" srcset=\"https:\/\/graziamagazine.com\/mx\/wp-content\/uploads\/sites\/13\/2026\/09\/IMG_7765.jpeg 1200w, https:\/\/graziamagazine.com\/mx\/wp-content\/uploads\/sites\/13\/2026\/09\/IMG_7765-300x450.jpeg 300w, https:\/\/graziamagazine.com\/mx\/wp-content\/uploads\/sites\/13\/2026\/09\/IMG_7765-683x1024.jpeg 683w, https:\/\/graziamagazine.com\/mx\/wp-content\/uploads\/sites\/13\/2026\/09\/IMG_7765-768x1152.jpeg 768w, https:\/\/graziamagazine.com\/mx\/wp-content\/uploads\/sites\/13\/2026\/09\/IMG_7765-1024x1536.jpeg 1024w, https:\/\/graziamagazine.com\/mx\/wp-content\/uploads\/sites\/13\/2026\/09\/IMG_7765-400x600.jpeg 400w, https:\/\/graziamagazine.com\/mx\/wp-content\/uploads\/sites\/13\/2026\/09\/IMG_7765-143x215.jpeg 143w\" sizes=\"(max-width: 1200px) 100vw, 1200px\" \/><\/div><figcaption class=\"wp-caption-text gallery-caption\" id=\"gallery-1-176609\">Los colores que ser\u00e1n tendencia este oto\u00f1o-invierno 2026 \n\nFoto: Pinterest <\/figcaption><\/figure><\/div><\/div>\n<p>El rey de oto\u00f1o-invierno vuelve a ser el color rojo y es que, m\u00e1s all\u00e1 de la temporada, este color ocupa un lugar especial dentro de los colores b\u00e1sicos que todas deber\u00edan tener en su cl\u00f3set.<\/p>\n<p>M\u00e1s all\u00e1 de llevarlo sutilmente a trav\u00e9s de los accesorios, aunque puedes hacerlo, esta vez lo llevamos de pies a cabeza en looks completos.<\/p>\n<h2>Color azul<\/h2>\n<hr \/>\n<div class=\"content-gallery\"><div class=\"gallery-placeholder\"><div class=\"spinner\"><\/div><\/div><span class=\"gallery-pagination\"><\/span><div id=\"gallery-2\" class=\"gallery galleryid-176601 gallery-columns- gallery-size-\"><figure class=\"gallery-item\"><div class=\"gallery-icon landscape\"><img loading=\"lazy\" decoding=\"async\" width=\"1200\" height=\"1800\" src=\"https:\/\/graziamagazine.com\/mx\/wp-content\/uploads\/sites\/13\/2026\/09\/IMG_7787.jpeg\" class=\"lazy\" alt=\"Vestido de plumas Color azul\" srcset=\"https:\/\/graziamagazine.com\/mx\/wp-content\/uploads\/sites\/13\/2026\/09\/IMG_7787.jpeg 1200w, https:\/\/graziamagazine.com\/mx\/wp-content\/uploads\/sites\/13\/2026\/09\/IMG_7787-300x450.jpeg 300w, https:\/\/graziamagazine.com\/mx\/wp-content\/uploads\/sites\/13\/2026\/09\/IMG_7787-683x1024.jpeg 683w, https:\/\/graziamagazine.com\/mx\/wp-content\/uploads\/sites\/13\/2026\/09\/IMG_7787-768x1152.jpeg 768w, https:\/\/graziamagazine.com\/mx\/wp-content\/uploads\/sites\/13\/2026\/09\/IMG_7787-1024x1536.jpeg 1024w, https:\/\/graziamagazine.com\/mx\/wp-content\/uploads\/sites\/13\/2026\/09\/IMG_7787-400x600.jpeg 400w, https:\/\/graziamagazine.com\/mx\/wp-content\/uploads\/sites\/13\/2026\/09\/IMG_7787-143x215.jpeg 143w\" sizes=\"(max-width: 1200px) 100vw, 1200px\" \/><\/div><figcaption class=\"wp-caption-text gallery-caption\" id=\"gallery-2-176611\">Los colores que ser\u00e1n tendencia este oto\u00f1o-invierno 2026 \n\nFoto: Pinterest <\/figcaption><\/figure><figure class=\"gallery-item\"><div class=\"gallery-icon landscape\"><img loading=\"lazy\" decoding=\"async\" width=\"1164\" height=\"1746\" src=\"https:\/\/graziamagazine.com\/mx\/wp-content\/uploads\/sites\/13\/2026\/09\/IMG_7766.jpeg\" class=\"lazy\" alt=\"Vestido color azul profundo\" srcset=\"https:\/\/graziamagazine.com\/mx\/wp-content\/uploads\/sites\/13\/2026\/09\/IMG_7766.jpeg 1164w, https:\/\/graziamagazine.com\/mx\/wp-content\/uploads\/sites\/13\/2026\/09\/IMG_7766-300x450.jpeg 300w, https:\/\/graziamagazine.com\/mx\/wp-content\/uploads\/sites\/13\/2026\/09\/IMG_7766-683x1024.jpeg 683w, https:\/\/graziamagazine.com\/mx\/wp-content\/uploads\/sites\/13\/2026\/09\/IMG_7766-768x1152.jpeg 768w, https:\/\/graziamagazine.com\/mx\/wp-content\/uploads\/sites\/13\/2026\/09\/IMG_7766-1024x1536.jpeg 1024w, https:\/\/graziamagazine.com\/mx\/wp-content\/uploads\/sites\/13\/2026\/09\/IMG_7766-400x600.jpeg 400w, https:\/\/graziamagazine.com\/mx\/wp-content\/uploads\/sites\/13\/2026\/09\/IMG_7766-143x215.jpeg 143w\" sizes=\"(max-width: 1164px) 100vw, 1164px\" \/><\/div><figcaption class=\"wp-caption-text gallery-caption\" id=\"gallery-2-176612\">\n\nFoto: Pinterest <\/figcaption><\/figure><figure class=\"gallery-item\"><div class=\"gallery-icon landscape\"><img loading=\"lazy\" decoding=\"async\" width=\"1000\" height=\"1500\" src=\"https:\/\/graziamagazine.com\/mx\/wp-content\/uploads\/sites\/13\/2026\/09\/IMG_7762.jpeg\" class=\"lazy\" alt=\"\" srcset=\"https:\/\/graziamagazine.com\/mx\/wp-content\/uploads\/sites\/13\/2026\/09\/IMG_7762.jpeg 1000w, https:\/\/graziamagazine.com\/mx\/wp-content\/uploads\/sites\/13\/2026\/09\/IMG_7762-300x450.jpeg 300w, https:\/\/graziamagazine.com\/mx\/wp-content\/uploads\/sites\/13\/2026\/09\/IMG_7762-683x1024.jpeg 683w, https:\/\/graziamagazine.com\/mx\/wp-content\/uploads\/sites\/13\/2026\/09\/IMG_7762-768x1152.jpeg 768w, https:\/\/graziamagazine.com\/mx\/wp-content\/uploads\/sites\/13\/2026\/09\/IMG_7762-400x600.jpeg 400w, https:\/\/graziamagazine.com\/mx\/wp-content\/uploads\/sites\/13\/2026\/09\/IMG_7762-143x215.jpeg 143w\" sizes=\"(max-width: 1000px) 100vw, 1000px\" \/><\/div><figcaption class=\"wp-caption-text gallery-caption\" id=\"gallery-2-176613\">\n\nFoto: Pinterest <\/figcaption><\/figure><\/div><\/div>\n<p>&nbsp;<\/p>\n<p>Desde primavera-verano, el azul tambi\u00e9n ha sido uno de los grandes protagonistas y, ahora, se presenta en la mayor\u00eda de sus tonalidades, confirmando que no es exclusivo para llevar en primavera-verano. Adem\u00e1s, esta temporada aparecen tonalidades\u00a0mucho m\u00e1s profundas, hasta versiones m\u00e1s el\u00e9ctricas.<\/p>\n<p dir=\"auto\"><span style=\"color: #000000;font-family: inherit;font-size: 21px;font-weight: bold;letter-spacing: 2px\">Morado \/ berenjena<\/span><\/p>\n<div class=\"content-gallery\"><div class=\"gallery-placeholder\"><div class=\"spinner\"><\/div><\/div><span class=\"gallery-pagination\"><\/span><div id=\"gallery-3\" class=\"gallery galleryid-176601 gallery-columns- gallery-size-\"><figure class=\"gallery-item\"><div class=\"gallery-icon landscape\"><img loading=\"lazy\" decoding=\"async\" width=\"1200\" height=\"1800\" src=\"https:\/\/graziamagazine.com\/mx\/wp-content\/uploads\/sites\/13\/2026\/09\/IMG_7758.jpeg\" class=\"lazy\" alt=\"Color morado\" srcset=\"https:\/\/graziamagazine.com\/mx\/wp-content\/uploads\/sites\/13\/2026\/09\/IMG_7758.jpeg 1200w, https:\/\/graziamagazine.com\/mx\/wp-content\/uploads\/sites\/13\/2026\/09\/IMG_7758-300x450.jpeg 300w, https:\/\/graziamagazine.com\/mx\/wp-content\/uploads\/sites\/13\/2026\/09\/IMG_7758-683x1024.jpeg 683w, https:\/\/graziamagazine.com\/mx\/wp-content\/uploads\/sites\/13\/2026\/09\/IMG_7758-768x1152.jpeg 768w, https:\/\/graziamagazine.com\/mx\/wp-content\/uploads\/sites\/13\/2026\/09\/IMG_7758-1024x1536.jpeg 1024w, https:\/\/graziamagazine.com\/mx\/wp-content\/uploads\/sites\/13\/2026\/09\/IMG_7758-400x600.jpeg 400w, https:\/\/graziamagazine.com\/mx\/wp-content\/uploads\/sites\/13\/2026\/09\/IMG_7758-143x215.jpeg 143w\" sizes=\"(max-width: 1200px) 100vw, 1200px\" \/><\/div><figcaption class=\"wp-caption-text gallery-caption\" id=\"gallery-3-176618\">Los colores que ser\u00e1n tendencia este oto\u00f1o-invierno 2026 \n\nFoto: Pinterest <\/figcaption><\/figure><figure class=\"gallery-item\"><div class=\"gallery-icon landscape\"><img loading=\"lazy\" decoding=\"async\" width=\"1000\" height=\"1400\" src=\"https:\/\/graziamagazine.com\/mx\/wp-content\/uploads\/sites\/13\/2026\/08\/IMG_7644.jpeg\" class=\"lazy\" alt=\"Look prendas moradas\" srcset=\"https:\/\/graziamagazine.com\/mx\/wp-content\/uploads\/sites\/13\/2026\/08\/IMG_7644.jpeg 1000w, https:\/\/graziamagazine.com\/mx\/wp-content\/uploads\/sites\/13\/2026\/08\/IMG_7644-321x450.jpeg 321w, https:\/\/graziamagazine.com\/mx\/wp-content\/uploads\/sites\/13\/2026\/08\/IMG_7644-731x1024.jpeg 731w, https:\/\/graziamagazine.com\/mx\/wp-content\/uploads\/sites\/13\/2026\/08\/IMG_7644-768x1075.jpeg 768w, https:\/\/graziamagazine.com\/mx\/wp-content\/uploads\/sites\/13\/2026\/08\/IMG_7644-400x560.jpeg 400w\" sizes=\"(max-width: 1000px) 100vw, 1000px\" \/><\/div><figcaption class=\"wp-caption-text gallery-caption\" id=\"gallery-3-176342\">El berenjena es el color que ser\u00e1 tendencia este oto\u00f1o-invierno 2026\n\nFoto: Pinterest <\/figcaption><\/figure><figure class=\"gallery-item\"><div class=\"gallery-icon landscape\"><img loading=\"lazy\" decoding=\"async\" width=\"1024\" height=\"1280\" src=\"https:\/\/graziamagazine.com\/mx\/wp-content\/uploads\/sites\/13\/2026\/08\/IMG_7645.jpeg\" class=\"lazy\" alt=\"Como combinar color morado\" srcset=\"https:\/\/graziamagazine.com\/mx\/wp-content\/uploads\/sites\/13\/2026\/08\/IMG_7645.jpeg 1024w, https:\/\/graziamagazine.com\/mx\/wp-content\/uploads\/sites\/13\/2026\/08\/IMG_7645-360x450.jpeg 360w, https:\/\/graziamagazine.com\/mx\/wp-content\/uploads\/sites\/13\/2026\/08\/IMG_7645-819x1024.jpeg 819w, https:\/\/graziamagazine.com\/mx\/wp-content\/uploads\/sites\/13\/2026\/08\/IMG_7645-768x960.jpeg 768w, https:\/\/graziamagazine.com\/mx\/wp-content\/uploads\/sites\/13\/2026\/08\/IMG_7645-400x500.jpeg 400w, https:\/\/graziamagazine.com\/mx\/wp-content\/uploads\/sites\/13\/2026\/08\/IMG_7645-155x194.jpeg 155w\" sizes=\"(max-width: 1024px) 100vw, 1024px\" \/><\/div><figcaption class=\"wp-caption-text gallery-caption\" id=\"gallery-3-176341\">El berenjena es el color que ser\u00e1 tendencia este oto\u00f1o-invierno 2026\n\nFoto: Pinterest <\/figcaption><\/figure><\/div><\/div>\n<p>La est\u00e9tica m\u00e1s sofisticada del morado llega este oto\u00f1o-invierno con el <a href=\"https:\/\/graziamagazine.com\/mx\/articles\/color-berenjena-tendencias-otono-invierno-2026\/\">color berenjena.<\/a> Aparece en tonalidades profundas y tambi\u00e9n vibrantes. Adem\u00e1s, para esta temporada lo vemos mayormente en prendas protagonistas como abrigos, su\u00e9teres, pantalones y m\u00e1s, pero igualmente en accesorios como punto estrat\u00e9gico de color. Por eso, es uno de los colores m\u00e1s en tendencia para esta temporada, as\u00ed que si tuvieras que elegir un solo color, definitivamente deber\u00edas apostar por este.<\/p>\n<h2>Color amarillo mostaza<\/h2>\n<div class=\"content-gallery\"><div class=\"gallery-placeholder\"><div class=\"spinner\"><\/div><\/div><span class=\"gallery-pagination\"><\/span><div id=\"gallery-4\" class=\"gallery galleryid-176601 gallery-columns- gallery-size-\"><figure class=\"gallery-item\"><div class=\"gallery-icon landscape\"><img loading=\"lazy\" decoding=\"async\" width=\"1200\" height=\"1800\" src=\"https:\/\/graziamagazine.com\/mx\/wp-content\/uploads\/sites\/13\/2026\/09\/IMG_7770.jpeg\" class=\"lazy\" alt=\"Traje color mostaza\" srcset=\"https:\/\/graziamagazine.com\/mx\/wp-content\/uploads\/sites\/13\/2026\/09\/IMG_7770.jpeg 1200w, https:\/\/graziamagazine.com\/mx\/wp-content\/uploads\/sites\/13\/2026\/09\/IMG_7770-300x450.jpeg 300w, https:\/\/graziamagazine.com\/mx\/wp-content\/uploads\/sites\/13\/2026\/09\/IMG_7770-683x1024.jpeg 683w, https:\/\/graziamagazine.com\/mx\/wp-content\/uploads\/sites\/13\/2026\/09\/IMG_7770-768x1152.jpeg 768w, https:\/\/graziamagazine.com\/mx\/wp-content\/uploads\/sites\/13\/2026\/09\/IMG_7770-1024x1536.jpeg 1024w, https:\/\/graziamagazine.com\/mx\/wp-content\/uploads\/sites\/13\/2026\/09\/IMG_7770-400x600.jpeg 400w, https:\/\/graziamagazine.com\/mx\/wp-content\/uploads\/sites\/13\/2026\/09\/IMG_7770-143x215.jpeg 143w\" sizes=\"(max-width: 1200px) 100vw, 1200px\" \/><\/div><figcaption class=\"wp-caption-text gallery-caption\" id=\"gallery-4-176620\">Los colores que ser\u00e1n tendencia este oto\u00f1o-invierno 2026 \n\nFoto: Pinterest <\/figcaption><\/figure><figure class=\"gallery-item\"><div class=\"gallery-icon landscape\"><img loading=\"lazy\" decoding=\"async\" width=\"960\" height=\"1440\" src=\"https:\/\/graziamagazine.com\/mx\/wp-content\/uploads\/sites\/13\/2026\/09\/IMG_7769.jpeg\" class=\"lazy\" alt=\"Vestido color amarillo\" srcset=\"https:\/\/graziamagazine.com\/mx\/wp-content\/uploads\/sites\/13\/2026\/09\/IMG_7769.jpeg 960w, https:\/\/graziamagazine.com\/mx\/wp-content\/uploads\/sites\/13\/2026\/09\/IMG_7769-300x450.jpeg 300w, https:\/\/graziamagazine.com\/mx\/wp-content\/uploads\/sites\/13\/2026\/09\/IMG_7769-683x1024.jpeg 683w, https:\/\/graziamagazine.com\/mx\/wp-content\/uploads\/sites\/13\/2026\/09\/IMG_7769-768x1152.jpeg 768w, https:\/\/graziamagazine.com\/mx\/wp-content\/uploads\/sites\/13\/2026\/09\/IMG_7769-400x600.jpeg 400w, https:\/\/graziamagazine.com\/mx\/wp-content\/uploads\/sites\/13\/2026\/09\/IMG_7769-143x215.jpeg 143w\" sizes=\"(max-width: 960px) 100vw, 960px\" \/><\/div><figcaption class=\"wp-caption-text gallery-caption\" id=\"gallery-4-176619\">\n\nFoto: Pinterest <\/figcaption><\/figure><figure class=\"gallery-item\"><div class=\"gallery-icon landscape\"><img loading=\"lazy\" decoding=\"async\" width=\"1200\" height=\"1800\" src=\"https:\/\/graziamagazine.com\/mx\/wp-content\/uploads\/sites\/13\/2026\/08\/IMG_7734.jpeg\" class=\"lazy\" alt=\"Vestido color mostaza\" srcset=\"https:\/\/graziamagazine.com\/mx\/wp-content\/uploads\/sites\/13\/2026\/08\/IMG_7734.jpeg 1200w, https:\/\/graziamagazine.com\/mx\/wp-content\/uploads\/sites\/13\/2026\/08\/IMG_7734-300x450.jpeg 300w, https:\/\/graziamagazine.com\/mx\/wp-content\/uploads\/sites\/13\/2026\/08\/IMG_7734-683x1024.jpeg 683w, https:\/\/graziamagazine.com\/mx\/wp-content\/uploads\/sites\/13\/2026\/08\/IMG_7734-768x1152.jpeg 768w, https:\/\/graziamagazine.com\/mx\/wp-content\/uploads\/sites\/13\/2026\/08\/IMG_7734-1024x1536.jpeg 1024w, https:\/\/graziamagazine.com\/mx\/wp-content\/uploads\/sites\/13\/2026\/08\/IMG_7734-400x600.jpeg 400w, https:\/\/graziamagazine.com\/mx\/wp-content\/uploads\/sites\/13\/2026\/08\/IMG_7734-143x215.jpeg 143w\" sizes=\"(max-width: 1200px) 100vw, 1200px\" \/><\/div><figcaption class=\"wp-caption-text gallery-caption\" id=\"gallery-4-176569\">\n\nFoto: Pinterest <\/figcaption><\/figure><\/div><\/div>\n<p>Uno de esos colores que regresan cada oto\u00f1o y que funcionan perfecto con la paleta de la temporada. Su tono tan vers\u00e1til lo hace combinar con marr\u00f3n, beige, gris, negro, incluso morado. En la temporada ser\u00e1 un color clave porque le da ese toque especial de color a cualquier look.<\/p>\n<h2>Marr\u00f3n<\/h2>\n<div class=\"content-gallery\"><div class=\"gallery-placeholder\"><div class=\"spinner\"><\/div><\/div><span class=\"gallery-pagination\"><\/span><div id=\"gallery-5\" class=\"gallery galleryid-176601 gallery-columns- gallery-size-\"><figure class=\"gallery-item\"><div class=\"gallery-icon landscape\"><img loading=\"lazy\" decoding=\"async\" width=\"1200\" height=\"1800\" src=\"https:\/\/graziamagazine.com\/mx\/wp-content\/uploads\/sites\/13\/2026\/09\/IMG_7775.jpeg\" class=\"lazy\" alt=\"Vestido de manga larga color marr\u00f3n\" srcset=\"https:\/\/graziamagazine.com\/mx\/wp-content\/uploads\/sites\/13\/2026\/09\/IMG_7775.jpeg 1200w, https:\/\/graziamagazine.com\/mx\/wp-content\/uploads\/sites\/13\/2026\/09\/IMG_7775-300x450.jpeg 300w, https:\/\/graziamagazine.com\/mx\/wp-content\/uploads\/sites\/13\/2026\/09\/IMG_7775-683x1024.jpeg 683w, https:\/\/graziamagazine.com\/mx\/wp-content\/uploads\/sites\/13\/2026\/09\/IMG_7775-768x1152.jpeg 768w, https:\/\/graziamagazine.com\/mx\/wp-content\/uploads\/sites\/13\/2026\/09\/IMG_7775-1024x1536.jpeg 1024w, https:\/\/graziamagazine.com\/mx\/wp-content\/uploads\/sites\/13\/2026\/09\/IMG_7775-400x600.jpeg 400w, https:\/\/graziamagazine.com\/mx\/wp-content\/uploads\/sites\/13\/2026\/09\/IMG_7775-143x215.jpeg 143w\" sizes=\"(max-width: 1200px) 100vw, 1200px\" \/><\/div><figcaption class=\"wp-caption-text gallery-caption\" id=\"gallery-5-176621\">Los colores que ser\u00e1n tendencia este oto\u00f1o-invierno 2026 \n\nFoto: Pinterest <\/figcaption><\/figure><figure class=\"gallery-item\"><div class=\"gallery-icon landscape\"><img loading=\"lazy\" decoding=\"async\" width=\"1200\" height=\"1800\" src=\"https:\/\/graziamagazine.com\/mx\/wp-content\/uploads\/sites\/13\/2026\/09\/IMG_7776.jpeg\" class=\"lazy\" alt=\"Abrigo color marr\u00f3n\" srcset=\"https:\/\/graziamagazine.com\/mx\/wp-content\/uploads\/sites\/13\/2026\/09\/IMG_7776.jpeg 1200w, https:\/\/graziamagazine.com\/mx\/wp-content\/uploads\/sites\/13\/2026\/09\/IMG_7776-300x450.jpeg 300w, https:\/\/graziamagazine.com\/mx\/wp-content\/uploads\/sites\/13\/2026\/09\/IMG_7776-683x1024.jpeg 683w, https:\/\/graziamagazine.com\/mx\/wp-content\/uploads\/sites\/13\/2026\/09\/IMG_7776-768x1152.jpeg 768w, https:\/\/graziamagazine.com\/mx\/wp-content\/uploads\/sites\/13\/2026\/09\/IMG_7776-1024x1536.jpeg 1024w, https:\/\/graziamagazine.com\/mx\/wp-content\/uploads\/sites\/13\/2026\/09\/IMG_7776-400x600.jpeg 400w, https:\/\/graziamagazine.com\/mx\/wp-content\/uploads\/sites\/13\/2026\/09\/IMG_7776-143x215.jpeg 143w\" sizes=\"(max-width: 1200px) 100vw, 1200px\" \/><\/div><figcaption class=\"wp-caption-text gallery-caption\" id=\"gallery-5-176622\">\nFoto: Pinterest <\/figcaption><\/figure><figure class=\"gallery-item\"><div class=\"gallery-icon landscape\"><img loading=\"lazy\" decoding=\"async\" width=\"1200\" height=\"1800\" src=\"https:\/\/graziamagazine.com\/mx\/wp-content\/uploads\/sites\/13\/2026\/09\/IMG_7777.jpeg\" class=\"lazy\" alt=\"Vestido caf\u00e9\" srcset=\"https:\/\/graziamagazine.com\/mx\/wp-content\/uploads\/sites\/13\/2026\/09\/IMG_7777.jpeg 1200w, https:\/\/graziamagazine.com\/mx\/wp-content\/uploads\/sites\/13\/2026\/09\/IMG_7777-300x450.jpeg 300w, https:\/\/graziamagazine.com\/mx\/wp-content\/uploads\/sites\/13\/2026\/09\/IMG_7777-683x1024.jpeg 683w, https:\/\/graziamagazine.com\/mx\/wp-content\/uploads\/sites\/13\/2026\/09\/IMG_7777-768x1152.jpeg 768w, https:\/\/graziamagazine.com\/mx\/wp-content\/uploads\/sites\/13\/2026\/09\/IMG_7777-1024x1536.jpeg 1024w, https:\/\/graziamagazine.com\/mx\/wp-content\/uploads\/sites\/13\/2026\/09\/IMG_7777-400x600.jpeg 400w, https:\/\/graziamagazine.com\/mx\/wp-content\/uploads\/sites\/13\/2026\/09\/IMG_7777-143x215.jpeg 143w\" sizes=\"(max-width: 1200px) 100vw, 1200px\" \/><\/div><figcaption class=\"wp-caption-text gallery-caption\" id=\"gallery-5-176623\">\nFoto: Pinterest <\/figcaption><\/figure><\/div><\/div>\n<p>Los grandes b\u00e1sicos de oto\u00f1o-invierno. Aquellos llamados color chocolate, caf\u00e9 oscuro y otras tonalidades de marr\u00f3n se convierten una vez m\u00e1s en la alternativa perfecta si est\u00e1s cansada del negro. Adem\u00e1s, esta temporada lo vemos protagonizar en varios materiales, como el suede, tejidos de punto, piel, algod\u00f3n y m\u00e1s.<\/p>\n<h2>Rosa claro<\/h2>\n<div class=\"content-gallery\"><div class=\"gallery-placeholder\"><div class=\"spinner\"><\/div><\/div><span class=\"gallery-pagination\"><\/span><div id=\"gallery-6\" class=\"gallery galleryid-176601 gallery-columns- gallery-size-\"><figure class=\"gallery-item\"><div class=\"gallery-icon landscape\"><img loading=\"lazy\" decoding=\"async\" width=\"1024\" height=\"1280\" src=\"https:\/\/graziamagazine.com\/mx\/wp-content\/uploads\/sites\/13\/2026\/09\/IMG_7778.jpeg\" class=\"lazy\" alt=\"Color rosa tendencia FW26\" srcset=\"https:\/\/graziamagazine.com\/mx\/wp-content\/uploads\/sites\/13\/2026\/09\/IMG_7778.jpeg 1024w, https:\/\/graziamagazine.com\/mx\/wp-content\/uploads\/sites\/13\/2026\/09\/IMG_7778-360x450.jpeg 360w, https:\/\/graziamagazine.com\/mx\/wp-content\/uploads\/sites\/13\/2026\/09\/IMG_7778-819x1024.jpeg 819w, https:\/\/graziamagazine.com\/mx\/wp-content\/uploads\/sites\/13\/2026\/09\/IMG_7778-768x960.jpeg 768w, https:\/\/graziamagazine.com\/mx\/wp-content\/uploads\/sites\/13\/2026\/09\/IMG_7778-400x500.jpeg 400w, https:\/\/graziamagazine.com\/mx\/wp-content\/uploads\/sites\/13\/2026\/09\/IMG_7778-155x194.jpeg 155w\" sizes=\"(max-width: 1024px) 100vw, 1024px\" \/><\/div><figcaption class=\"wp-caption-text gallery-caption\" id=\"gallery-6-176624\">Foto: Pinterest <\/figcaption><\/figure><figure class=\"gallery-item\"><div class=\"gallery-icon landscape\"><img loading=\"lazy\" decoding=\"async\" width=\"1000\" height=\"1500\" src=\"https:\/\/graziamagazine.com\/mx\/wp-content\/uploads\/sites\/13\/2026\/09\/IMG_7779.jpeg\" class=\"lazy\" alt=\"Pantalones fucsia\" srcset=\"https:\/\/graziamagazine.com\/mx\/wp-content\/uploads\/sites\/13\/2026\/09\/IMG_7779.jpeg 1000w, https:\/\/graziamagazine.com\/mx\/wp-content\/uploads\/sites\/13\/2026\/09\/IMG_7779-300x450.jpeg 300w, https:\/\/graziamagazine.com\/mx\/wp-content\/uploads\/sites\/13\/2026\/09\/IMG_7779-683x1024.jpeg 683w, https:\/\/graziamagazine.com\/mx\/wp-content\/uploads\/sites\/13\/2026\/09\/IMG_7779-768x1152.jpeg 768w, https:\/\/graziamagazine.com\/mx\/wp-content\/uploads\/sites\/13\/2026\/09\/IMG_7779-400x600.jpeg 400w, https:\/\/graziamagazine.com\/mx\/wp-content\/uploads\/sites\/13\/2026\/09\/IMG_7779-143x215.jpeg 143w\" sizes=\"(max-width: 1000px) 100vw, 1000px\" \/><\/div><figcaption class=\"wp-caption-text gallery-caption\" id=\"gallery-6-176625\">Los colores que ser\u00e1n tendencia este oto\u00f1o-invierno 2026 \n\nFoto: Pinterest <\/figcaption><\/figure><figure class=\"gallery-item\"><div class=\"gallery-icon landscape\"><img loading=\"lazy\" decoding=\"async\" width=\"1083\" height=\"1600\" src=\"https:\/\/graziamagazine.com\/mx\/wp-content\/uploads\/sites\/13\/2026\/09\/IMG_7781.jpeg\" class=\"lazy\" alt=\"Vestido de seda colorrosa\" srcset=\"https:\/\/graziamagazine.com\/mx\/wp-content\/uploads\/sites\/13\/2026\/09\/IMG_7781.jpeg 1083w, https:\/\/graziamagazine.com\/mx\/wp-content\/uploads\/sites\/13\/2026\/09\/IMG_7781-305x450.jpeg 305w, https:\/\/graziamagazine.com\/mx\/wp-content\/uploads\/sites\/13\/2026\/09\/IMG_7781-693x1024.jpeg 693w, https:\/\/graziamagazine.com\/mx\/wp-content\/uploads\/sites\/13\/2026\/09\/IMG_7781-768x1135.jpeg 768w, https:\/\/graziamagazine.com\/mx\/wp-content\/uploads\/sites\/13\/2026\/09\/IMG_7781-1040x1536.jpeg 1040w, https:\/\/graziamagazine.com\/mx\/wp-content\/uploads\/sites\/13\/2026\/09\/IMG_7781-400x591.jpeg 400w, https:\/\/graziamagazine.com\/mx\/wp-content\/uploads\/sites\/13\/2026\/09\/IMG_7781-146x215.jpeg 146w\" sizes=\"(max-width: 1083px) 100vw, 1083px\" \/><\/div><figcaption class=\"wp-caption-text gallery-caption\" id=\"gallery-6-176626\">\n\nFoto: Pinterest <\/figcaption><\/figure><figure class=\"gallery-item\"><div class=\"gallery-icon landscape\"><img loading=\"lazy\" decoding=\"async\" width=\"1200\" height=\"1800\" src=\"https:\/\/graziamagazine.com\/mx\/wp-content\/uploads\/sites\/13\/2026\/09\/IMG_7780.jpeg\" class=\"lazy\" alt=\"\" srcset=\"https:\/\/graziamagazine.com\/mx\/wp-content\/uploads\/sites\/13\/2026\/09\/IMG_7780.jpeg 1200w, https:\/\/graziamagazine.com\/mx\/wp-content\/uploads\/sites\/13\/2026\/09\/IMG_7780-300x450.jpeg 300w, https:\/\/graziamagazine.com\/mx\/wp-content\/uploads\/sites\/13\/2026\/09\/IMG_7780-683x1024.jpeg 683w, https:\/\/graziamagazine.com\/mx\/wp-content\/uploads\/sites\/13\/2026\/09\/IMG_7780-768x1152.jpeg 768w, https:\/\/graziamagazine.com\/mx\/wp-content\/uploads\/sites\/13\/2026\/09\/IMG_7780-1024x1536.jpeg 1024w, https:\/\/graziamagazine.com\/mx\/wp-content\/uploads\/sites\/13\/2026\/09\/IMG_7780-400x600.jpeg 400w, https:\/\/graziamagazine.com\/mx\/wp-content\/uploads\/sites\/13\/2026\/09\/IMG_7780-143x215.jpeg 143w\" sizes=\"(max-width: 1200px) 100vw, 1200px\" \/><\/div><figcaption class=\"wp-caption-text gallery-caption\" id=\"gallery-6-176627\">Los colores que ser\u00e1n tendencia este oto\u00f1o-invierno 2026 \n\nFoto: Pinterest <\/figcaption><\/figure><\/div><\/div>\n<p>Si pensabas que no ibas a poder utilizar el rosa en esta temporada, ahora encuentra su lugar para estos meses. Lejos de la est\u00e9tica femenina y rom\u00e1ntica, esta temporada la combinaci\u00f3n perfecta para llevarlo es con gris o color marr\u00f3n.<\/p>\n<h2>Verde<\/h2>\n<div class=\"content-gallery\"><div class=\"gallery-placeholder\"><div class=\"spinner\"><\/div><\/div><span class=\"gallery-pagination\"><\/span><div id=\"gallery-7\" class=\"gallery galleryid-176601 gallery-columns- gallery-size-\"><figure class=\"gallery-item\"><div class=\"gallery-icon landscape\"><img loading=\"lazy\" decoding=\"async\" width=\"1200\" height=\"2133\" src=\"https:\/\/graziamagazine.com\/mx\/wp-content\/uploads\/sites\/13\/2026\/09\/IMG_7782.jpeg\" class=\"lazy\" alt=\"Abrigo verde oto\u00f1o invierno 2026\" srcset=\"https:\/\/graziamagazine.com\/mx\/wp-content\/uploads\/sites\/13\/2026\/09\/IMG_7782.jpeg 1200w, https:\/\/graziamagazine.com\/mx\/wp-content\/uploads\/sites\/13\/2026\/09\/IMG_7782-253x450.jpeg 253w, https:\/\/graziamagazine.com\/mx\/wp-content\/uploads\/sites\/13\/2026\/09\/IMG_7782-576x1024.jpeg 576w, https:\/\/graziamagazine.com\/mx\/wp-content\/uploads\/sites\/13\/2026\/09\/IMG_7782-768x1365.jpeg 768w, https:\/\/graziamagazine.com\/mx\/wp-content\/uploads\/sites\/13\/2026\/09\/IMG_7782-864x1536.jpeg 864w, https:\/\/graziamagazine.com\/mx\/wp-content\/uploads\/sites\/13\/2026\/09\/IMG_7782-1152x2048.jpeg 1152w, https:\/\/graziamagazine.com\/mx\/wp-content\/uploads\/sites\/13\/2026\/09\/IMG_7782-400x711.jpeg 400w, https:\/\/graziamagazine.com\/mx\/wp-content\/uploads\/sites\/13\/2026\/09\/IMG_7782-121x215.jpeg 121w\" sizes=\"(max-width: 1200px) 100vw, 1200px\" \/><\/div><figcaption class=\"wp-caption-text gallery-caption\" id=\"gallery-7-176629\">Los colores que ser\u00e1n tendencia este oto\u00f1o-invierno 2026 \n\nFoto: Pinterest <\/figcaption><\/figure><figure class=\"gallery-item\"><div class=\"gallery-icon landscape\"><img loading=\"lazy\" decoding=\"async\" width=\"1200\" height=\"1798\" src=\"https:\/\/graziamagazine.com\/mx\/wp-content\/uploads\/sites\/13\/2026\/09\/IMG_7783.jpeg\" class=\"lazy\" alt=\"Traje color verde\" srcset=\"https:\/\/graziamagazine.com\/mx\/wp-content\/uploads\/sites\/13\/2026\/09\/IMG_7783.jpeg 1200w, https:\/\/graziamagazine.com\/mx\/wp-content\/uploads\/sites\/13\/2026\/09\/IMG_7783-300x450.jpeg 300w, https:\/\/graziamagazine.com\/mx\/wp-content\/uploads\/sites\/13\/2026\/09\/IMG_7783-683x1024.jpeg 683w, https:\/\/graziamagazine.com\/mx\/wp-content\/uploads\/sites\/13\/2026\/09\/IMG_7783-768x1151.jpeg 768w, https:\/\/graziamagazine.com\/mx\/wp-content\/uploads\/sites\/13\/2026\/09\/IMG_7783-1025x1536.jpeg 1025w, https:\/\/graziamagazine.com\/mx\/wp-content\/uploads\/sites\/13\/2026\/09\/IMG_7783-400x599.jpeg 400w, https:\/\/graziamagazine.com\/mx\/wp-content\/uploads\/sites\/13\/2026\/09\/IMG_7783-143x215.jpeg 143w\" sizes=\"(max-width: 1200px) 100vw, 1200px\" \/><\/div><figcaption class=\"wp-caption-text gallery-caption\" id=\"gallery-7-176630\">\n\nFoto: Pinterest <\/figcaption><\/figure><figure class=\"gallery-item\"><div class=\"gallery-icon landscape\"><img loading=\"lazy\" decoding=\"async\" width=\"1200\" height=\"1800\" src=\"https:\/\/graziamagazine.com\/mx\/wp-content\/uploads\/sites\/13\/2026\/09\/IMG_7784.jpeg\" class=\"lazy\" alt=\"Traje verde tendencia oto\u00f1o invierno 2026\" srcset=\"https:\/\/graziamagazine.com\/mx\/wp-content\/uploads\/sites\/13\/2026\/09\/IMG_7784.jpeg 1200w, https:\/\/graziamagazine.com\/mx\/wp-content\/uploads\/sites\/13\/2026\/09\/IMG_7784-300x450.jpeg 300w, https:\/\/graziamagazine.com\/mx\/wp-content\/uploads\/sites\/13\/2026\/09\/IMG_7784-683x1024.jpeg 683w, https:\/\/graziamagazine.com\/mx\/wp-content\/uploads\/sites\/13\/2026\/09\/IMG_7784-768x1152.jpeg 768w, https:\/\/graziamagazine.com\/mx\/wp-content\/uploads\/sites\/13\/2026\/09\/IMG_7784-1024x1536.jpeg 1024w, https:\/\/graziamagazine.com\/mx\/wp-content\/uploads\/sites\/13\/2026\/09\/IMG_7784-400x600.jpeg 400w, https:\/\/graziamagazine.com\/mx\/wp-content\/uploads\/sites\/13\/2026\/09\/IMG_7784-143x215.jpeg 143w\" sizes=\"(max-width: 1200px) 100vw, 1200px\" \/><\/div><figcaption class=\"wp-caption-text gallery-caption\" id=\"gallery-7-176631\">\n\nFoto: Pinterest <\/figcaption><\/figure><\/div><\/div>\n<p>Ahora en sus tonalidades m\u00e1s profundas pero apagadas, el verde es un color que funciona pr\u00e1cticamente con cualquier color y lo vemos presente en abrigos, pantalones, su\u00e9teres, bolsos, bufandas y m\u00e1s.<\/p>\n<h2>Butter yellow<\/h2>\n<div class=\"content-gallery\"><div class=\"gallery-placeholder\"><div class=\"spinner\"><\/div><\/div><span class=\"gallery-pagination\"><\/span><div id=\"gallery-8\" class=\"gallery galleryid-176601 gallery-columns- gallery-size-\"><figure class=\"gallery-item\"><div class=\"gallery-icon landscape\"><img loading=\"lazy\" decoding=\"async\" width=\"1024\" height=\"1536\" src=\"https:\/\/graziamagazine.com\/mx\/wp-content\/uploads\/sites\/13\/2026\/09\/IMG_7774.jpeg\" class=\"lazy\" alt=\"Butter yellow oto\u00f1o invierno 2026\" srcset=\"https:\/\/graziamagazine.com\/mx\/wp-content\/uploads\/sites\/13\/2026\/09\/IMG_7774.jpeg 1024w, https:\/\/graziamagazine.com\/mx\/wp-content\/uploads\/sites\/13\/2026\/09\/IMG_7774-300x450.jpeg 300w, https:\/\/graziamagazine.com\/mx\/wp-content\/uploads\/sites\/13\/2026\/09\/IMG_7774-683x1024.jpeg 683w, https:\/\/graziamagazine.com\/mx\/wp-content\/uploads\/sites\/13\/2026\/09\/IMG_7774-768x1152.jpeg 768w, https:\/\/graziamagazine.com\/mx\/wp-content\/uploads\/sites\/13\/2026\/09\/IMG_7774-400x600.jpeg 400w, https:\/\/graziamagazine.com\/mx\/wp-content\/uploads\/sites\/13\/2026\/09\/IMG_7774-143x215.jpeg 143w\" sizes=\"(max-width: 1024px) 100vw, 1024px\" \/><\/div><figcaption class=\"wp-caption-text gallery-caption\" id=\"gallery-8-176632\">Los colores que ser\u00e1n tendencia este oto\u00f1o-invierno 2026 \n\nFoto: Pinterest <\/figcaption><\/figure><figure class=\"gallery-item\"><div class=\"gallery-icon landscape\"><img loading=\"lazy\" decoding=\"async\" width=\"800\" height=\"1200\" src=\"https:\/\/graziamagazine.com\/mx\/wp-content\/uploads\/sites\/13\/2026\/09\/IMG_7773.jpeg\" class=\"lazy\" alt=\"Vestido color cutter yellow\" srcset=\"https:\/\/graziamagazine.com\/mx\/wp-content\/uploads\/sites\/13\/2026\/09\/IMG_7773.jpeg 800w, https:\/\/graziamagazine.com\/mx\/wp-content\/uploads\/sites\/13\/2026\/09\/IMG_7773-300x450.jpeg 300w, https:\/\/graziamagazine.com\/mx\/wp-content\/uploads\/sites\/13\/2026\/09\/IMG_7773-683x1024.jpeg 683w, https:\/\/graziamagazine.com\/mx\/wp-content\/uploads\/sites\/13\/2026\/09\/IMG_7773-768x1152.jpeg 768w, https:\/\/graziamagazine.com\/mx\/wp-content\/uploads\/sites\/13\/2026\/09\/IMG_7773-400x600.jpeg 400w, https:\/\/graziamagazine.com\/mx\/wp-content\/uploads\/sites\/13\/2026\/09\/IMG_7773-143x215.jpeg 143w\" sizes=\"(max-width: 800px) 100vw, 800px\" \/><\/div><figcaption class=\"wp-caption-text gallery-caption\" id=\"gallery-8-176633\">\n\nFoto: Pinterest <\/figcaption><\/figure><figure class=\"gallery-item\"><div class=\"gallery-icon landscape\"><img loading=\"lazy\" decoding=\"async\" width=\"1200\" height=\"1800\" src=\"https:\/\/graziamagazine.com\/mx\/wp-content\/uploads\/sites\/13\/2026\/09\/IMG_7772.jpeg\" class=\"lazy\" alt=\"\" srcset=\"https:\/\/graziamagazine.com\/mx\/wp-content\/uploads\/sites\/13\/2026\/09\/IMG_7772.jpeg 1200w, https:\/\/graziamagazine.com\/mx\/wp-content\/uploads\/sites\/13\/2026\/09\/IMG_7772-300x450.jpeg 300w, https:\/\/graziamagazine.com\/mx\/wp-content\/uploads\/sites\/13\/2026\/09\/IMG_7772-683x1024.jpeg 683w, https:\/\/graziamagazine.com\/mx\/wp-content\/uploads\/sites\/13\/2026\/09\/IMG_7772-768x1152.jpeg 768w, https:\/\/graziamagazine.com\/mx\/wp-content\/uploads\/sites\/13\/2026\/09\/IMG_7772-1024x1536.jpeg 1024w, https:\/\/graziamagazine.com\/mx\/wp-content\/uploads\/sites\/13\/2026\/09\/IMG_7772-400x600.jpeg 400w, https:\/\/graziamagazine.com\/mx\/wp-content\/uploads\/sites\/13\/2026\/09\/IMG_7772-143x215.jpeg 143w\" sizes=\"(max-width: 1200px) 100vw, 1200px\" \/><\/div><figcaption class=\"wp-caption-text gallery-caption\" id=\"gallery-8-176634\">\n\nFoto: Pinterest <\/figcaption><\/figure><\/div><\/div>\n<p>Esa versi\u00f3n suave y cremosa del amarillo se mantiene como una de las tonalidades favoritas de la temporada, especialmente para llevar con caf\u00e9. Pero, como todo este 2026, la moda nos ha demostrado que todo se trata de experimentar.<\/p>\n<h2>Color azul turquesa<\/h2>\n<div class=\"content-gallery\"><div class=\"gallery-placeholder\"><div class=\"spinner\"><\/div><\/div><span class=\"gallery-pagination\"><\/span><div id=\"gallery-9\" class=\"gallery galleryid-176601 gallery-columns- gallery-size-\"><figure class=\"gallery-item\"><div class=\"gallery-icon landscape\"><img loading=\"lazy\" decoding=\"async\" width=\"1199\" height=\"1799\" src=\"https:\/\/graziamagazine.com\/mx\/wp-content\/uploads\/sites\/13\/2026\/09\/IMG_7786.jpeg\" class=\"lazy\" alt=\"Abrigo color turquesa\" srcset=\"https:\/\/graziamagazine.com\/mx\/wp-content\/uploads\/sites\/13\/2026\/09\/IMG_7786.jpeg 1199w, https:\/\/graziamagazine.com\/mx\/wp-content\/uploads\/sites\/13\/2026\/09\/IMG_7786-300x450.jpeg 300w, https:\/\/graziamagazine.com\/mx\/wp-content\/uploads\/sites\/13\/2026\/09\/IMG_7786-682x1024.jpeg 682w, https:\/\/graziamagazine.com\/mx\/wp-content\/uploads\/sites\/13\/2026\/09\/IMG_7786-768x1152.jpeg 768w, https:\/\/graziamagazine.com\/mx\/wp-content\/uploads\/sites\/13\/2026\/09\/IMG_7786-1024x1536.jpeg 1024w, https:\/\/graziamagazine.com\/mx\/wp-content\/uploads\/sites\/13\/2026\/09\/IMG_7786-400x600.jpeg 400w, https:\/\/graziamagazine.com\/mx\/wp-content\/uploads\/sites\/13\/2026\/09\/IMG_7786-143x215.jpeg 143w\" sizes=\"(max-width: 1199px) 100vw, 1199px\" \/><\/div><figcaption class=\"wp-caption-text gallery-caption\" id=\"gallery-9-176635\">Los colores que ser\u00e1n tendencia este oto\u00f1o-invierno 2026 \n\nFoto: Pinterest <\/figcaption><\/figure><figure class=\"gallery-item\"><div class=\"gallery-icon landscape\"><img loading=\"lazy\" decoding=\"async\" width=\"1200\" height=\"1800\" src=\"https:\/\/graziamagazine.com\/mx\/wp-content\/uploads\/sites\/13\/2026\/09\/IMG_7768.jpeg\" class=\"lazy\" alt=\"Vestido turquesa\" srcset=\"https:\/\/graziamagazine.com\/mx\/wp-content\/uploads\/sites\/13\/2026\/09\/IMG_7768.jpeg 1200w, https:\/\/graziamagazine.com\/mx\/wp-content\/uploads\/sites\/13\/2026\/09\/IMG_7768-300x450.jpeg 300w, https:\/\/graziamagazine.com\/mx\/wp-content\/uploads\/sites\/13\/2026\/09\/IMG_7768-683x1024.jpeg 683w, https:\/\/graziamagazine.com\/mx\/wp-content\/uploads\/sites\/13\/2026\/09\/IMG_7768-768x1152.jpeg 768w, https:\/\/graziamagazine.com\/mx\/wp-content\/uploads\/sites\/13\/2026\/09\/IMG_7768-1024x1536.jpeg 1024w, https:\/\/graziamagazine.com\/mx\/wp-content\/uploads\/sites\/13\/2026\/09\/IMG_7768-400x600.jpeg 400w, https:\/\/graziamagazine.com\/mx\/wp-content\/uploads\/sites\/13\/2026\/09\/IMG_7768-143x215.jpeg 143w\" sizes=\"(max-width: 1200px) 100vw, 1200px\" \/><\/div><figcaption class=\"wp-caption-text gallery-caption\" id=\"gallery-9-176636\">\n\nFoto: Pinterest <\/figcaption><\/figure><figure class=\"gallery-item\"><div class=\"gallery-icon landscape\"><img loading=\"lazy\" decoding=\"async\" width=\"897\" height=\"1601\" src=\"https:\/\/graziamagazine.com\/mx\/wp-content\/uploads\/sites\/13\/2026\/09\/IMG_7788.jpeg\" class=\"lazy\" alt=\"\" srcset=\"https:\/\/graziamagazine.com\/mx\/wp-content\/uploads\/sites\/13\/2026\/09\/IMG_7788.jpeg 897w, https:\/\/graziamagazine.com\/mx\/wp-content\/uploads\/sites\/13\/2026\/09\/IMG_7788-252x450.jpeg 252w, https:\/\/graziamagazine.com\/mx\/wp-content\/uploads\/sites\/13\/2026\/09\/IMG_7788-574x1024.jpeg 574w, https:\/\/graziamagazine.com\/mx\/wp-content\/uploads\/sites\/13\/2026\/09\/IMG_7788-768x1371.jpeg 768w, https:\/\/graziamagazine.com\/mx\/wp-content\/uploads\/sites\/13\/2026\/09\/IMG_7788-861x1536.jpeg 861w, https:\/\/graziamagazine.com\/mx\/wp-content\/uploads\/sites\/13\/2026\/09\/IMG_7788-400x714.jpeg 400w, https:\/\/graziamagazine.com\/mx\/wp-content\/uploads\/sites\/13\/2026\/09\/IMG_7788-120x215.jpeg 120w\" sizes=\"(max-width: 897px) 100vw, 897px\" \/><\/div><figcaption class=\"wp-caption-text gallery-caption\" id=\"gallery-9-176637\">\n\nFoto: Pinterest <\/figcaption><\/figure><\/div><\/div>\n<p>El turquesa podr\u00eda ser uno de los colores que menos nos esperamos ver en oto\u00f1o-invierno, pero la ropa en esta temporada no necesariamente tiene que ser oscura y apagada, sino todo lo contrario.<\/p>\n<p>Una de las formas favoritas de llevarlo es incluir prendas o accesorios de animal print, y ahora para oto\u00f1o-invierno permanece esta idea, adem\u00e1s de combinarlo con colores m\u00e1s profundos que puedan darle ese contraste, como el caf\u00e9, el negro y el rojo.<\/p>\n<h2>Gris<\/h2>\n<div class=\"content-gallery\"><div class=\"gallery-placeholder\"><div class=\"spinner\"><\/div><\/div><span class=\"gallery-pagination\"><\/span><div id=\"gallery-10\" class=\"gallery galleryid-176601 gallery-columns- gallery-size-\"><figure class=\"gallery-item\"><div class=\"gallery-icon landscape\"><img loading=\"lazy\" decoding=\"async\" width=\"1024\" height=\"1536\" src=\"https:\/\/graziamagazine.com\/mx\/wp-content\/uploads\/sites\/13\/2026\/09\/IMG_7789.jpeg\" class=\"lazy\" alt=\"Total look gris\" srcset=\"https:\/\/graziamagazine.com\/mx\/wp-content\/uploads\/sites\/13\/2026\/09\/IMG_7789.jpeg 1024w, https:\/\/graziamagazine.com\/mx\/wp-content\/uploads\/sites\/13\/2026\/09\/IMG_7789-300x450.jpeg 300w, https:\/\/graziamagazine.com\/mx\/wp-content\/uploads\/sites\/13\/2026\/09\/IMG_7789-683x1024.jpeg 683w, https:\/\/graziamagazine.com\/mx\/wp-content\/uploads\/sites\/13\/2026\/09\/IMG_7789-768x1152.jpeg 768w, https:\/\/graziamagazine.com\/mx\/wp-content\/uploads\/sites\/13\/2026\/09\/IMG_7789-400x600.jpeg 400w, https:\/\/graziamagazine.com\/mx\/wp-content\/uploads\/sites\/13\/2026\/09\/IMG_7789-143x215.jpeg 143w\" sizes=\"(max-width: 1024px) 100vw, 1024px\" \/><\/div><figcaption class=\"wp-caption-text gallery-caption\" id=\"gallery-10-176638\">Los colores que ser\u00e1n tendencia este oto\u00f1o-invierno 2026 \n\nFoto: Pinterest <\/figcaption><\/figure><figure class=\"gallery-item\"><div class=\"gallery-icon landscape\"><img loading=\"lazy\" decoding=\"async\" width=\"1000\" height=\"1500\" src=\"https:\/\/graziamagazine.com\/mx\/wp-content\/uploads\/sites\/13\/2026\/09\/IMG_7790.jpeg\" class=\"lazy\" alt=\"Prendas grises oto\u00f1o invierno 2026\" srcset=\"https:\/\/graziamagazine.com\/mx\/wp-content\/uploads\/sites\/13\/2026\/09\/IMG_7790.jpeg 1000w, https:\/\/graziamagazine.com\/mx\/wp-content\/uploads\/sites\/13\/2026\/09\/IMG_7790-300x450.jpeg 300w, https:\/\/graziamagazine.com\/mx\/wp-content\/uploads\/sites\/13\/2026\/09\/IMG_7790-683x1024.jpeg 683w, https:\/\/graziamagazine.com\/mx\/wp-content\/uploads\/sites\/13\/2026\/09\/IMG_7790-768x1152.jpeg 768w, https:\/\/graziamagazine.com\/mx\/wp-content\/uploads\/sites\/13\/2026\/09\/IMG_7790-400x600.jpeg 400w, https:\/\/graziamagazine.com\/mx\/wp-content\/uploads\/sites\/13\/2026\/09\/IMG_7790-143x215.jpeg 143w\" sizes=\"(max-width: 1000px) 100vw, 1000px\" \/><\/div><figcaption class=\"wp-caption-text gallery-caption\" id=\"gallery-10-176639\">\n\nFoto: Pinterest <\/figcaption><\/figure><figure class=\"gallery-item\"><div class=\"gallery-icon landscape\"><img loading=\"lazy\" decoding=\"async\" width=\"1000\" height=\"1500\" src=\"https:\/\/graziamagazine.com\/mx\/wp-content\/uploads\/sites\/13\/2026\/09\/IMG_7791.jpeg\" class=\"lazy\" alt=\"\" srcset=\"https:\/\/graziamagazine.com\/mx\/wp-content\/uploads\/sites\/13\/2026\/09\/IMG_7791.jpeg 1000w, https:\/\/graziamagazine.com\/mx\/wp-content\/uploads\/sites\/13\/2026\/09\/IMG_7791-300x450.jpeg 300w, https:\/\/graziamagazine.com\/mx\/wp-content\/uploads\/sites\/13\/2026\/09\/IMG_7791-683x1024.jpeg 683w, https:\/\/graziamagazine.com\/mx\/wp-content\/uploads\/sites\/13\/2026\/09\/IMG_7791-768x1152.jpeg 768w, https:\/\/graziamagazine.com\/mx\/wp-content\/uploads\/sites\/13\/2026\/09\/IMG_7791-400x600.jpeg 400w, https:\/\/graziamagazine.com\/mx\/wp-content\/uploads\/sites\/13\/2026\/09\/IMG_7791-143x215.jpeg 143w\" sizes=\"(max-width: 1000px) 100vw, 1000px\" \/><\/div><figcaption class=\"wp-caption-text gallery-caption\" id=\"gallery-10-176640\">\n\nFoto: Pinterest <\/figcaption><\/figure><\/div><\/div>\n<p>Si hay un color que vemos cada a\u00f1o en esta temporada, definitivamente ser\u00eda el gris y, m\u00e1s all\u00e1 de ser un color apagado, es uno de los tonos m\u00e1s elegantes y f\u00e1ciles de combinar para utilizarse de pies a cabeza o en puntos estrat\u00e9gicos. La clave para esta temporada es experimentar con texturas, estampados y distintas tonalidades de este color, e incluso agregar peque\u00f1os acentos de colores m\u00e1s vibrantes.<\/p>\n<h2>Naranja<\/h2>\n<div class=\"content-gallery\"><div class=\"gallery-placeholder\"><div class=\"spinner\"><\/div><\/div><span class=\"gallery-pagination\"><\/span><div id=\"gallery-11\" class=\"gallery galleryid-176601 gallery-columns- gallery-size-\"><figure class=\"gallery-item\"><div class=\"gallery-icon landscape\"><img loading=\"lazy\" decoding=\"async\" width=\"1200\" height=\"1800\" src=\"https:\/\/graziamagazine.com\/mx\/wp-content\/uploads\/sites\/13\/2026\/09\/IMG_7792.jpeg\" class=\"lazy\" alt=\"Total look color naranja\" srcset=\"https:\/\/graziamagazine.com\/mx\/wp-content\/uploads\/sites\/13\/2026\/09\/IMG_7792.jpeg 1200w, https:\/\/graziamagazine.com\/mx\/wp-content\/uploads\/sites\/13\/2026\/09\/IMG_7792-300x450.jpeg 300w, https:\/\/graziamagazine.com\/mx\/wp-content\/uploads\/sites\/13\/2026\/09\/IMG_7792-683x1024.jpeg 683w, https:\/\/graziamagazine.com\/mx\/wp-content\/uploads\/sites\/13\/2026\/09\/IMG_7792-768x1152.jpeg 768w, https:\/\/graziamagazine.com\/mx\/wp-content\/uploads\/sites\/13\/2026\/09\/IMG_7792-1024x1536.jpeg 1024w, https:\/\/graziamagazine.com\/mx\/wp-content\/uploads\/sites\/13\/2026\/09\/IMG_7792-400x600.jpeg 400w, https:\/\/graziamagazine.com\/mx\/wp-content\/uploads\/sites\/13\/2026\/09\/IMG_7792-143x215.jpeg 143w\" sizes=\"(max-width: 1200px) 100vw, 1200px\" \/><\/div><figcaption class=\"wp-caption-text gallery-caption\" id=\"gallery-11-176641\">Los colores que ser\u00e1n tendencia este oto\u00f1o-invierno 2026 \n\nFoto: Pinterest <\/figcaption><\/figure><figure class=\"gallery-item\"><div class=\"gallery-icon landscape\"><img loading=\"lazy\" decoding=\"async\" width=\"1200\" height=\"1800\" src=\"https:\/\/graziamagazine.com\/mx\/wp-content\/uploads\/sites\/13\/2026\/09\/IMG_7793.jpeg\" class=\"lazy\" alt=\"Abrigo color naranja\" srcset=\"https:\/\/graziamagazine.com\/mx\/wp-content\/uploads\/sites\/13\/2026\/09\/IMG_7793.jpeg 1200w, https:\/\/graziamagazine.com\/mx\/wp-content\/uploads\/sites\/13\/2026\/09\/IMG_7793-300x450.jpeg 300w, https:\/\/graziamagazine.com\/mx\/wp-content\/uploads\/sites\/13\/2026\/09\/IMG_7793-683x1024.jpeg 683w, https:\/\/graziamagazine.com\/mx\/wp-content\/uploads\/sites\/13\/2026\/09\/IMG_7793-768x1152.jpeg 768w, https:\/\/graziamagazine.com\/mx\/wp-content\/uploads\/sites\/13\/2026\/09\/IMG_7793-1024x1536.jpeg 1024w, https:\/\/graziamagazine.com\/mx\/wp-content\/uploads\/sites\/13\/2026\/09\/IMG_7793-400x600.jpeg 400w, https:\/\/graziamagazine.com\/mx\/wp-content\/uploads\/sites\/13\/2026\/09\/IMG_7793-143x215.jpeg 143w\" sizes=\"(max-width: 1200px) 100vw, 1200px\" \/><\/div><figcaption class=\"wp-caption-text gallery-caption\" id=\"gallery-11-176642\">\n\nFoto: Pinterest <\/figcaption><\/figure><figure class=\"gallery-item\"><div class=\"gallery-icon landscape\"><img loading=\"lazy\" decoding=\"async\" width=\"1200\" height=\"1800\" src=\"https:\/\/graziamagazine.com\/mx\/wp-content\/uploads\/sites\/13\/2026\/09\/IMG_7794.jpeg\" class=\"lazy\" alt=\"\" srcset=\"https:\/\/graziamagazine.com\/mx\/wp-content\/uploads\/sites\/13\/2026\/09\/IMG_7794.jpeg 1200w, https:\/\/graziamagazine.com\/mx\/wp-content\/uploads\/sites\/13\/2026\/09\/IMG_7794-300x450.jpeg 300w, https:\/\/graziamagazine.com\/mx\/wp-content\/uploads\/sites\/13\/2026\/09\/IMG_7794-683x1024.jpeg 683w, https:\/\/graziamagazine.com\/mx\/wp-content\/uploads\/sites\/13\/2026\/09\/IMG_7794-768x1152.jpeg 768w, https:\/\/graziamagazine.com\/mx\/wp-content\/uploads\/sites\/13\/2026\/09\/IMG_7794-1024x1536.jpeg 1024w, https:\/\/graziamagazine.com\/mx\/wp-content\/uploads\/sites\/13\/2026\/09\/IMG_7794-400x600.jpeg 400w, https:\/\/graziamagazine.com\/mx\/wp-content\/uploads\/sites\/13\/2026\/09\/IMG_7794-143x215.jpeg 143w\" sizes=\"(max-width: 1200px) 100vw, 1200px\" \/><\/div><figcaption class=\"wp-caption-text gallery-caption\" id=\"gallery-11-176643\">Los colores que ser\u00e1n tendencia este oto\u00f1o-invierno 2026 \n\nFoto: Pinterest <\/figcaption><\/figure><\/div><\/div>\n<p>Este color en oto\u00f1o-invierno se aproxima a tonalidades mucho m\u00e1s c\u00e1lidas y cercanas a los tonos tierra. Es una de las grandes apuestas de la temporada para quienes quieren a\u00f1adir ese toque extra de color que, adem\u00e1s, va perfecto con la paleta de oto\u00f1o. Tonalidades como el naranja quemado, terracota y paprika funcionan demasiado bien para looks monocrom\u00e1ticos y tambi\u00e9n para combinar con otros colores.<\/p>\n<h2>Burgundy<\/h2>\n<div class=\"content-gallery\"><div class=\"gallery-placeholder\"><div class=\"spinner\"><\/div><\/div><span class=\"gallery-pagination\"><\/span><div id=\"gallery-12\" class=\"gallery galleryid-176601 gallery-columns- gallery-size-\"><figure class=\"gallery-item\"><div class=\"gallery-icon landscape\"><img loading=\"lazy\" decoding=\"async\" width=\"1200\" height=\"1800\" src=\"https:\/\/graziamagazine.com\/mx\/wp-content\/uploads\/sites\/13\/2026\/09\/IMG_7795.jpeg\" class=\"lazy\" alt=\"Burgundy tendencia oto\u00f1o invierno 2026\" srcset=\"https:\/\/graziamagazine.com\/mx\/wp-content\/uploads\/sites\/13\/2026\/09\/IMG_7795.jpeg 1200w, https:\/\/graziamagazine.com\/mx\/wp-content\/uploads\/sites\/13\/2026\/09\/IMG_7795-300x450.jpeg 300w, https:\/\/graziamagazine.com\/mx\/wp-content\/uploads\/sites\/13\/2026\/09\/IMG_7795-683x1024.jpeg 683w, https:\/\/graziamagazine.com\/mx\/wp-content\/uploads\/sites\/13\/2026\/09\/IMG_7795-768x1152.jpeg 768w, https:\/\/graziamagazine.com\/mx\/wp-content\/uploads\/sites\/13\/2026\/09\/IMG_7795-1024x1536.jpeg 1024w, https:\/\/graziamagazine.com\/mx\/wp-content\/uploads\/sites\/13\/2026\/09\/IMG_7795-400x600.jpeg 400w, https:\/\/graziamagazine.com\/mx\/wp-content\/uploads\/sites\/13\/2026\/09\/IMG_7795-143x215.jpeg 143w\" sizes=\"(max-width: 1200px) 100vw, 1200px\" \/><\/div><figcaption class=\"wp-caption-text gallery-caption\" id=\"gallery-12-176644\">Los colores que ser\u00e1n tendencia este oto\u00f1o-invierno 2026 \n\nFoto: Pinterest <\/figcaption><\/figure><figure class=\"gallery-item\"><div class=\"gallery-icon landscape\"><img loading=\"lazy\" decoding=\"async\" width=\"1200\" height=\"1500\" src=\"https:\/\/graziamagazine.com\/mx\/wp-content\/uploads\/sites\/13\/2026\/09\/IMG_7796.jpeg\" class=\"lazy\" alt=\"Prendas en color burgundy\" srcset=\"https:\/\/graziamagazine.com\/mx\/wp-content\/uploads\/sites\/13\/2026\/09\/IMG_7796.jpeg 1200w, https:\/\/graziamagazine.com\/mx\/wp-content\/uploads\/sites\/13\/2026\/09\/IMG_7796-360x450.jpeg 360w, https:\/\/graziamagazine.com\/mx\/wp-content\/uploads\/sites\/13\/2026\/09\/IMG_7796-819x1024.jpeg 819w, https:\/\/graziamagazine.com\/mx\/wp-content\/uploads\/sites\/13\/2026\/09\/IMG_7796-768x960.jpeg 768w, https:\/\/graziamagazine.com\/mx\/wp-content\/uploads\/sites\/13\/2026\/09\/IMG_7796-400x500.jpeg 400w, https:\/\/graziamagazine.com\/mx\/wp-content\/uploads\/sites\/13\/2026\/09\/IMG_7796-155x194.jpeg 155w\" sizes=\"(max-width: 1200px) 100vw, 1200px\" \/><\/div><figcaption class=\"wp-caption-text gallery-caption\" id=\"gallery-12-176645\">\n\nFoto: Pinterest <\/figcaption><\/figure><figure class=\"gallery-item\"><div class=\"gallery-icon landscape\"><img loading=\"lazy\" decoding=\"async\" width=\"1200\" height=\"1800\" src=\"https:\/\/graziamagazine.com\/mx\/wp-content\/uploads\/sites\/13\/2026\/09\/IMG_7797.jpeg\" class=\"lazy\" alt=\"\" srcset=\"https:\/\/graziamagazine.com\/mx\/wp-content\/uploads\/sites\/13\/2026\/09\/IMG_7797.jpeg 1200w, https:\/\/graziamagazine.com\/mx\/wp-content\/uploads\/sites\/13\/2026\/09\/IMG_7797-300x450.jpeg 300w, https:\/\/graziamagazine.com\/mx\/wp-content\/uploads\/sites\/13\/2026\/09\/IMG_7797-683x1024.jpeg 683w, https:\/\/graziamagazine.com\/mx\/wp-content\/uploads\/sites\/13\/2026\/09\/IMG_7797-768x1152.jpeg 768w, https:\/\/graziamagazine.com\/mx\/wp-content\/uploads\/sites\/13\/2026\/09\/IMG_7797-1024x1536.jpeg 1024w, https:\/\/graziamagazine.com\/mx\/wp-content\/uploads\/sites\/13\/2026\/09\/IMG_7797-400x600.jpeg 400w, https:\/\/graziamagazine.com\/mx\/wp-content\/uploads\/sites\/13\/2026\/09\/IMG_7797-143x215.jpeg 143w\" sizes=\"(max-width: 1200px) 100vw, 1200px\" \/><\/div><figcaption class=\"wp-caption-text gallery-caption\" id=\"gallery-12-176646\">\n\nFoto: Pinterest <\/figcaption><\/figure><\/div><\/div>\n<p>Claro que esta temporada no pod\u00eda faltar el burgundy, porque m\u00e1s all\u00e1 de desaparecer, se ha convertido en un cl\u00e1sico ya de la temporada. Su popularidad lo ha distinguido como un color elegante, profundo y funciona demasiado bien con marr\u00f3n, gris, beige, azul y m\u00e1s.<\/p>\n","protected":false},"author":42774,"featured_media":176606,"template":"","format":"standard","categories":[4],"acf":[],"yoast_head":"<!-- This site is optimized with the Yoast SEO Premium plugin v18.5 (Yoast SEO v20.4) - https:\/\/yoast.com\/wordpress\/plugins\/seo\/ -->\n<title>Los colores que ser\u00e1n tendencia este oto\u00f1o-invierno 2026 | Grazia M\u00e9xico y Latinoam\u00e9rica<\/title>\n<meta name=\"description\" content=\"Los colores que estar\u00e1n en tendencia este oto\u00f1o-invierno 2026 y que veremos en prendas, accesorios y looks durante los \u00faltimos meses del 2026\" \/>\n<meta name=\"robots\" content=\"index, follow, max-snippet:-1, max-image-preview:large, max-video-preview:-1\" \/>\n<link rel=\"canonical\" href=\"https:\/\/graziamagazine.com\/mx\/articles\/colores-tendencia-otono-invierno-2026\/\" \/>\n<meta property=\"og:locale\" content=\"es_MX\" \/>\n<meta property=\"og:type\" content=\"article\" \/>\n<meta property=\"og:title\" content=\"Los colores que ser\u00e1n tendencia este oto\u00f1o-invierno 2026\" \/>\n<meta property=\"og:description\" content=\"Los colores que estar\u00e1n en tendencia este oto\u00f1o-invierno 2026 y que veremos en prendas, accesorios y looks durante los \u00faltimos meses del 2026\" \/>\n<meta property=\"og:url\" content=\"https:\/\/graziamagazine.com\/mx\/articles\/colores-tendencia-otono-invierno-2026\/\" \/>\n<meta property=\"og:site_name\" content=\"Grazia M\u00e9xico y Latinoam\u00e9rica\" \/>\n<meta property=\"article:modified_time\" content=\"2026-09-01T20:07:30+00:00\" \/>\n<meta property=\"og:image\" content=\"https:\/\/graziamagazine.com\/mx\/wp-content\/uploads\/sites\/13\/2026\/09\/IMG_7760.jpeg\" \/>\n\t<meta property=\"og:image:width\" content=\"1200\" \/>\n\t<meta property=\"og:image:height\" content=\"1800\" \/>\n\t<meta property=\"og:image:type\" content=\"image\/jpeg\" \/>\n<meta name=\"twitter:card\" content=\"summary_large_image\" \/>\n<meta name=\"twitter:label1\" content=\"Est. reading time\" \/>\n\t<meta name=\"twitter:data1\" content=\"4 minutos\" \/>\n<script type=\"application\/ld+json\" class=\"yoast-schema-graph\">{\"@context\":\"https:\/\/schema.org\",\"@graph\":[{\"@type\":\"WebPage\",\"@id\":\"https:\/\/graziamagazine.com\/mx\/articles\/colores-tendencia-otono-invierno-2026\/\",\"url\":\"https:\/\/graziamagazine.com\/mx\/articles\/colores-tendencia-otono-invierno-2026\/\",\"name\":\"Los colores que ser\u00e1n tendencia este oto\u00f1o-invierno 2026 | Grazia M\u00e9xico y Latinoam\u00e9rica\",\"isPartOf\":{\"@id\":\"https:\/\/graziamagazine.com\/mx\/#website\"},\"datePublished\":\"2026-09-01T18:02:32+00:00\",\"dateModified\":\"2026-09-01T20:07:30+00:00\",\"description\":\"Los colores que estar\u00e1n en tendencia este oto\u00f1o-invierno 2026 y que veremos en prendas, accesorios y looks durante los \u00faltimos meses del 2026\",\"breadcrumb\":{\"@id\":\"https:\/\/graziamagazine.com\/mx\/articles\/colores-tendencia-otono-invierno-2026\/#breadcrumb\"},\"inLanguage\":\"es-MX\",\"potentialAction\":[{\"@type\":\"ReadAction\",\"target\":[\"https:\/\/graziamagazine.com\/mx\/articles\/colores-tendencia-otono-invierno-2026\/\"]}]},{\"@type\":\"BreadcrumbList\",\"@id\":\"https:\/\/graziamagazine.com\/mx\/articles\/colores-tendencia-otono-invierno-2026\/#breadcrumb\",\"itemListElement\":[{\"@type\":\"ListItem\",\"position\":1,\"name\":\"Home\",\"item\":\"https:\/\/graziamagazine.com\/mx\/\"},{\"@type\":\"ListItem\",\"position\":2,\"name\":\"Los colores que ser\u00e1n tendencia este oto\u00f1o-invierno 2026\"}]},{\"@type\":\"WebSite\",\"@id\":\"https:\/\/graziamagazine.com\/mx\/#website\",\"url\":\"https:\/\/graziamagazine.com\/mx\/\",\"name\":\"Grazia M\u00e9xico y Latinoam\u00e9rica\",\"description\":\"Grazia es moda, belleza y noticias  de actualidad \",\"potentialAction\":[{\"@type\":\"SearchAction\",\"target\":{\"@type\":\"EntryPoint\",\"urlTemplate\":\"https:\/\/graziamagazine.com\/mx\/?s={search_term_string}\"},\"query-input\":\"required name=search_term_string\"}],\"inLanguage\":\"es-MX\"}]}<\/script>\n<!-- \/ Yoast SEO Premium plugin. -->","yoast_head_json":{"title":"Los colores que ser\u00e1n tendencia este oto\u00f1o-invierno 2026 | Grazia M\u00e9xico y Latinoam\u00e9rica","description":"Los colores que estar\u00e1n en tendencia este oto\u00f1o-invierno 2026 y que veremos en prendas, accesorios y looks durante los \u00faltimos meses del 2026","robots":{"index":"index","follow":"follow","max-snippet":"max-snippet:-1","max-image-preview":"max-image-preview:large","max-video-preview":"max-video-preview:-1"},"canonical":"https:\/\/graziamagazine.com\/mx\/articles\/colores-tendencia-otono-invierno-2026\/","og_locale":"es_MX","og_type":"article","og_title":"Los colores que ser\u00e1n tendencia este oto\u00f1o-invierno 2026","og_description":"Los colores que estar\u00e1n en tendencia este oto\u00f1o-invierno 2026 y que veremos en prendas, accesorios y looks durante los \u00faltimos meses del 2026","og_url":"https:\/\/graziamagazine.com\/mx\/articles\/colores-tendencia-otono-invierno-2026\/","og_site_name":"Grazia M\u00e9xico y Latinoam\u00e9rica","article_modified_time":"2026-09-01T20:07:30+00:00","og_image":[{"width":1200,"height":1800,"url":"https:\/\/graziamagazine.com\/mx\/wp-content\/uploads\/sites\/13\/2026\/09\/IMG_7760.jpeg","type":"image\/jpeg"}],"twitter_card":"summary_large_image","twitter_misc":{"Est. reading time":"4 minutos"},"schema":{"@context":"https:\/\/schema.org","@graph":[{"@type":"WebPage","@id":"https:\/\/graziamagazine.com\/mx\/articles\/colores-tendencia-otono-invierno-2026\/","url":"https:\/\/graziamagazine.com\/mx\/articles\/colores-tendencia-otono-invierno-2026\/","name":"Los colores que ser\u00e1n tendencia este oto\u00f1o-invierno 2026 | Grazia M\u00e9xico y Latinoam\u00e9rica","isPartOf":{"@id":"https:\/\/graziamagazine.com\/mx\/#website"},"datePublished":"2026-09-01T18:02:32+00:00","dateModified":"2026-09-01T20:07:30+00:00","description":"Los colores que estar\u00e1n en tendencia este oto\u00f1o-invierno 2026 y que veremos en prendas, accesorios y looks durante los \u00faltimos meses del 2026","breadcrumb":{"@id":"https:\/\/graziamagazine.com\/mx\/articles\/colores-tendencia-otono-invierno-2026\/#breadcrumb"},"inLanguage":"es-MX","potentialAction":[{"@type":"ReadAction","target":["https:\/\/graziamagazine.com\/mx\/articles\/colores-tendencia-otono-invierno-2026\/"]}]},{"@type":"BreadcrumbList","@id":"https:\/\/graziamagazine.com\/mx\/articles\/colores-tendencia-otono-invierno-2026\/#breadcrumb","itemListElement":[{"@type":"ListItem","position":1,"name":"Home","item":"https:\/\/graziamagazine.com\/mx\/"},{"@type":"ListItem","position":2,"name":"Los colores que ser\u00e1n tendencia este oto\u00f1o-invierno 2026"}]},{"@type":"WebSite","@id":"https:\/\/graziamagazine.com\/mx\/#website","url":"https:\/\/graziamagazine.com\/mx\/","name":"Grazia M\u00e9xico y Latinoam\u00e9rica","description":"Grazia es moda, belleza y noticias  de actualidad ","potentialAction":[{"@type":"SearchAction","target":{"@type":"EntryPoint","urlTemplate":"https:\/\/graziamagazine.com\/mx\/?s={search_term_string}"},"query-input":"required name=search_term_string"}],"inLanguage":"es-MX"}]}},"jetpack_sharing_enabled":true,"distributor_meta":false,"distributor_terms":false,"distributor_media":false,"distributor_original_site_name":"Grazia M\u00e9xico y Latinoam\u00e9rica","distributor_original_site_url":"https:\/\/graziamagazine.com\/mx","push-errors":false,"_links":{"self":[{"href":"https:\/\/graziamagazine.com\/mx\/wp-json\/wp\/v2\/articles\/176601"}],"collection":[{"href":"https:\/\/graziamagazine.com\/mx\/wp-json\/wp\/v2\/articles"}],"about":[{"href":"https:\/\/graziamagazine.com\/mx\/wp-json\/wp\/v2\/types\/articles"}],"author":[{"embeddable":true,"href":"https:\/\/graziamagazine.com\/mx\/wp-json\/wp\/v2\/users\/42774"}],"wp:featuredmedia":[{"embeddable":true,"href":"https:\/\/graziamagazine.com\/mx\/wp-json\/wp\/v2\/media\/176606"}],"wp:attachment":[{"href":"https:\/\/graziamagazine.com\/mx\/wp-json\/wp\/v2\/media?parent=176601"}],"wp:term":[{"taxonomy":"category","embeddable":true,"href":"https:\/\/graziamagazine.com\/mx\/wp-json\/wp\/v2\/categories?post=176601"}],"curies":[{"name":"wp","href":"https:\/\/api.w.org\/{rel}","templated":true}]}}