{"id":176600,"date":"2026-09-01T13:57:48","date_gmt":"2026-09-01T18:57:48","guid":{"rendered":"https:\/\/graziamagazine.com\/mx\/?post_type=articles&#038;p=176600"},"modified":"2026-09-01T14:09:08","modified_gmt":"2026-09-01T19:09:08","slug":"chaquetas-bomber-estampadas-otono-2026","status":"publish","type":"articles","link":"https:\/\/graziamagazine.com\/mx\/articles\/chaquetas-bomber-estampadas-otono-2026\/","title":{"rendered":"Estas bomber estampadas elevar\u00e1n tus looks de septiembre"},"content":{"rendered":"<p class=\"isSelectedEnd\">Septiembre tiene algo de reinicio. El armario comienza a cambiar de ritmo, las prendas ligeras conviven con las primeras capas y <a href=\"https:\/\/graziamagazine.com\/mx\/articles\/chaquetas-de-otono-en-tendencia-2026\/\">la chaqueta<\/a> vuelve a convertirse en la pieza que termina de definir un look. Entre todas las opciones de la temporada, la bomber mantiene su lugar como uno de los grandes comodines del entretiempo, pero este oto\u00f1o llega con una nueva personalidad: los estampados toman el control.<\/p>\n<p class=\"isSelectedEnd\">La tendencia no es casual. Despu\u00e9s de varias temporadas en las que los b\u00e1sicos, los tonos neutros y las siluetas minimalistas dominaron el armario, oto\u00f1o 2026 recupera el gusto por las prendas con car\u00e1cter. Las bombers estampadas encajan perfectamente en este movimiento: conservan la comodidad y el aire relajado de la silueta original, pero incorporan color, textura y motivos capaces de transformar incluso el estilismo m\u00e1s sencillo.<\/p>\n<h3>Bomber de leopardo<\/h3>\n<figure id=\"attachment_176602\" aria-describedby=\"caption-attachment-176602\" style=\"width: 736px\" class=\"wp-caption alignnone\"><img loading=\"lazy\" decoding=\"async\" class=\"size-full wp-image-176602\" src=\"https:\/\/graziamagazine.com\/mx\/wp-content\/uploads\/sites\/13\/2026\/09\/2.jpeg\" alt=\"Mujer posando en la calle con una chaqueta corta de estampado de leopardo, top negro, pantalones sastre amplios de tiro alto y gafas de sol.\" width=\"736\" height=\"958\" srcset=\"https:\/\/graziamagazine.com\/mx\/wp-content\/uploads\/sites\/13\/2026\/09\/2.jpeg 736w, https:\/\/graziamagazine.com\/mx\/wp-content\/uploads\/sites\/13\/2026\/09\/2-346x450.jpeg 346w, https:\/\/graziamagazine.com\/mx\/wp-content\/uploads\/sites\/13\/2026\/09\/2-400x521.jpeg 400w, https:\/\/graziamagazine.com\/mx\/wp-content\/uploads\/sites\/13\/2026\/09\/2-155x202.jpeg 155w\" sizes=\"(max-width: 736px) 100vw, 736px\" \/><figcaption id=\"caption-attachment-176602\" class=\"wp-caption-text\">El cl\u00e1sico estampado animal print se reinventa en formato de chaqueta corta estructurada, ideal para aportar car\u00e1cter y sofisticaci\u00f3n a los estilismos urbanos de entretiempo. Fuente: Pinterest.<\/figcaption><\/figure>\n<p class=\"isSelectedEnd\">El animal print vuelve a ocupar un lugar privilegiado esta temporada y encuentra en la bomber una de sus versiones m\u00e1s interesantes. El leopardo, especialmente en combinaciones de marr\u00f3n y negro, consigue que una prenda de inspiraci\u00f3n deportiva adquiera una actitud mucho m\u00e1s sofisticada.<\/p>\n<p class=\"isSelectedEnd\">Para llevarla sin caer en un look excesivamente evidente, la mejor estrategia es combinarla con piezas lisas. Unos jeans rectos, una camiseta blanca y unos mocasines crean una base sencilla que permite que la chaqueta sea el punto focal. Tambi\u00e9n funciona con pantalones negros, prendas de punto o incluso una falda midi para jugar con el contraste entre lo femenino y lo deportivo.<\/p>\n<h3>Bomber floral<\/h3>\n<figure id=\"attachment_176604\" aria-describedby=\"caption-attachment-176604\" style=\"width: 736px\" class=\"wp-caption alignnone\"><img loading=\"lazy\" decoding=\"async\" class=\"size-full wp-image-176604\" src=\"https:\/\/graziamagazine.com\/mx\/wp-content\/uploads\/sites\/13\/2026\/09\/4.jpeg\" alt=\"Modelo en pasarela luciendo un conjunto acolchado de chaqueta bomber extragrande y falda a juego con estampado de peque\u00f1as flores azules y verdes sobre fondo blanco.\" width=\"736\" height=\"1104\" srcset=\"https:\/\/graziamagazine.com\/mx\/wp-content\/uploads\/sites\/13\/2026\/09\/4.jpeg 736w, https:\/\/graziamagazine.com\/mx\/wp-content\/uploads\/sites\/13\/2026\/09\/4-300x450.jpeg 300w, https:\/\/graziamagazine.com\/mx\/wp-content\/uploads\/sites\/13\/2026\/09\/4-683x1024.jpeg 683w, https:\/\/graziamagazine.com\/mx\/wp-content\/uploads\/sites\/13\/2026\/09\/4-400x600.jpeg 400w, https:\/\/graziamagazine.com\/mx\/wp-content\/uploads\/sites\/13\/2026\/09\/4-143x215.jpeg 143w\" sizes=\"(max-width: 736px) 100vw, 736px\" \/><figcaption id=\"caption-attachment-176604\" class=\"wp-caption-text\">El volumen extremo de las siluetas acolchadas se suaviza con estampados bot\u00e1nicos delicados, marcando la pauta de las tendencias m\u00e1s vanguardistas en las semanas de la moda. Fuente: Pinterest.<\/figcaption><\/figure>\n<p class=\"isSelectedEnd\">Las flores tambi\u00e9n abandonan el territorio exclusivamente primaveral para convertirse en una alternativa inesperada durante el oto\u00f1o. En una bomber, el estampado floral adquiere una lectura diferente: menos rom\u00e1ntica y mucho m\u00e1s urbana.<\/p>\n<p class=\"isSelectedEnd\">Los dise\u00f1os con flores funcionan especialmente bien cuando incorporan tonos profundos, aunque tambi\u00e9n pueden encontrarse versiones m\u00e1s luminosas que aportan un peque\u00f1o respiro a la paleta oto\u00f1al.<\/p>\n<p class=\"isSelectedEnd\">La clave est\u00e1 en aprovechar su lado m\u00e1s inesperado. Una bomber floral sobre una camiseta b\u00e1sica y unos pantalones de sastrer\u00eda consigue equilibrar comodidad y sofisticaci\u00f3n. Para un resultado m\u00e1s relajado, basta con sustituirlos por jeans y a\u00f1adir unas zapatillas o unos mocasines.<\/p>\n<h3>Bomber de lunares<\/h3>\n<figure id=\"attachment_176603\" aria-describedby=\"caption-attachment-176603\" style=\"width: 736px\" class=\"wp-caption alignnone\"><img loading=\"lazy\" decoding=\"async\" class=\"size-full wp-image-176603\" src=\"https:\/\/graziamagazine.com\/mx\/wp-content\/uploads\/sites\/13\/2026\/09\/3.jpeg\" alt=\"Mujer frente a un edificio verde con una blusa estructurada de cuello alto con estampado de lunares, jeans oscuros de corte recto y cintur\u00f3n marr\u00f3n.\" width=\"736\" height=\"981\" srcset=\"https:\/\/graziamagazine.com\/mx\/wp-content\/uploads\/sites\/13\/2026\/09\/3.jpeg 736w, https:\/\/graziamagazine.com\/mx\/wp-content\/uploads\/sites\/13\/2026\/09\/3-338x450.jpeg 338w, https:\/\/graziamagazine.com\/mx\/wp-content\/uploads\/sites\/13\/2026\/09\/3-400x533.jpeg 400w, https:\/\/graziamagazine.com\/mx\/wp-content\/uploads\/sites\/13\/2026\/09\/3-155x207.jpeg 155w\" sizes=\"(max-width: 736px) 100vw, 736px\" \/><figcaption id=\"caption-attachment-176603\" class=\"wp-caption-text\">Los lunares monocrom\u00e1ticos sobre fondo claro juegan con las proporciones y texturas, ofreciendo una alternativa chic y atemporal para la transici\u00f3n de temporada. Fuente: Pinterest.<\/figcaption><\/figure>\n<p class=\"isSelectedEnd\">Los lunares se desprenden de su asociaci\u00f3n m\u00e1s tradicional con vestidos y blusas para trasladarse a una de las prendas m\u00e1s casuales del armario. El resultado es una bomber con un aire retro que, gracias a su silueta deportiva, se siente completamente actual.<\/p>\n<p class=\"isSelectedEnd\">Este estampado permite jugar con las proporciones y el color sin necesidad de construir un look demasiado complejo. Una bomber de lunares puede acompa\u00f1ar pantalones de pierna ancha, denim o incluso una falda corta. Para mantener el equilibrio, conviene repetir alguno de los tonos presentes en el estampado en el resto del estilismo.<\/p>\n<p>Las tres versiones comparten una misma idea: la bomber ya no necesita ser discreta para funcionar como b\u00e1sico. Este septiembre, el estampado se convierte en la herramienta m\u00e1s sencilla para actualizarla y darle una nueva vida. Porque cuando una chaqueta tiene suficiente personalidad, el resto del look solo necesita acompa\u00f1arla.<\/p>\n","protected":false},"author":28953,"featured_media":176605,"template":"","format":"standard","categories":[4],"acf":[],"yoast_head":"<!-- This site is optimized with the Yoast SEO Premium plugin v18.5 (Yoast SEO v20.4) - https:\/\/yoast.com\/wordpress\/plugins\/seo\/ -->\n<title>Estas bomber estampadas elevar\u00e1n tus looks de septiembre<\/title>\n<meta name=\"description\" content=\"La chaqueta favorita del entretiempo abandona los dise\u00f1os b\u00e1sicos para llenarse de estampados y convertirse en la pieza protagonista de los looks de oto\u00f1o\" \/>\n<meta name=\"robots\" content=\"index, follow, max-snippet:-1, max-image-preview:large, max-video-preview:-1\" \/>\n<link rel=\"canonical\" href=\"https:\/\/graziamagazine.com\/mx\/articles\/chaquetas-bomber-estampadas-otono-2026\/\" \/>\n<meta property=\"og:locale\" content=\"es_MX\" \/>\n<meta property=\"og:type\" content=\"article\" \/>\n<meta property=\"og:title\" content=\"Estas bomber estampadas elevar\u00e1n tus looks de septiembre\" \/>\n<meta property=\"og:description\" content=\"La chaqueta favorita del entretiempo abandona los dise\u00f1os b\u00e1sicos para llenarse de estampados y convertirse en la pieza protagonista de los looks de oto\u00f1o\" \/>\n<meta property=\"og:url\" content=\"https:\/\/graziamagazine.com\/mx\/articles\/chaquetas-bomber-estampadas-otono-2026\/\" \/>\n<meta property=\"og:site_name\" content=\"Grazia M\u00e9xico y Latinoam\u00e9rica\" \/>\n<meta property=\"article:modified_time\" content=\"2026-09-01T19:09:08+00:00\" \/>\n<meta property=\"og:image\" content=\"https:\/\/graziamagazine.com\/mx\/wp-content\/uploads\/sites\/13\/2026\/09\/5-e1788289443351.jpeg\" \/>\n\t<meta property=\"og:image:width\" content=\"736\" \/>\n\t<meta property=\"og:image:height\" content=\"615\" \/>\n\t<meta property=\"og:image:type\" content=\"image\/jpeg\" \/>\n<meta name=\"twitter:card\" content=\"summary_large_image\" \/>\n<meta name=\"twitter:label1\" content=\"Est. reading time\" \/>\n\t<meta name=\"twitter:data1\" content=\"4 minutos\" \/>\n<script type=\"application\/ld+json\" class=\"yoast-schema-graph\">{\"@context\":\"https:\/\/schema.org\",\"@graph\":[{\"@type\":\"WebPage\",\"@id\":\"https:\/\/graziamagazine.com\/mx\/articles\/chaquetas-bomber-estampadas-otono-2026\/\",\"url\":\"https:\/\/graziamagazine.com\/mx\/articles\/chaquetas-bomber-estampadas-otono-2026\/\",\"name\":\"Estas bomber estampadas elevar\u00e1n tus looks de septiembre\",\"isPartOf\":{\"@id\":\"https:\/\/graziamagazine.com\/mx\/#website\"},\"datePublished\":\"2026-09-01T18:57:48+00:00\",\"dateModified\":\"2026-09-01T19:09:08+00:00\",\"description\":\"La chaqueta favorita del entretiempo abandona los dise\u00f1os b\u00e1sicos para llenarse de estampados y convertirse en la pieza protagonista de los looks de oto\u00f1o\",\"breadcrumb\":{\"@id\":\"https:\/\/graziamagazine.com\/mx\/articles\/chaquetas-bomber-estampadas-otono-2026\/#breadcrumb\"},\"inLanguage\":\"es-MX\",\"potentialAction\":[{\"@type\":\"ReadAction\",\"target\":[\"https:\/\/graziamagazine.com\/mx\/articles\/chaquetas-bomber-estampadas-otono-2026\/\"]}]},{\"@type\":\"BreadcrumbList\",\"@id\":\"https:\/\/graziamagazine.com\/mx\/articles\/chaquetas-bomber-estampadas-otono-2026\/#breadcrumb\",\"itemListElement\":[{\"@type\":\"ListItem\",\"position\":1,\"name\":\"Home\",\"item\":\"https:\/\/graziamagazine.com\/mx\/\"},{\"@type\":\"ListItem\",\"position\":2,\"name\":\"Estas bomber estampadas elevar\u00e1n tus looks de septiembre\"}]},{\"@type\":\"WebSite\",\"@id\":\"https:\/\/graziamagazine.com\/mx\/#website\",\"url\":\"https:\/\/graziamagazine.com\/mx\/\",\"name\":\"Grazia M\u00e9xico y Latinoam\u00e9rica\",\"description\":\"Grazia es moda, belleza y noticias  de actualidad \",\"potentialAction\":[{\"@type\":\"SearchAction\",\"target\":{\"@type\":\"EntryPoint\",\"urlTemplate\":\"https:\/\/graziamagazine.com\/mx\/?s={search_term_string}\"},\"query-input\":\"required name=search_term_string\"}],\"inLanguage\":\"es-MX\"}]}<\/script>\n<!-- \/ Yoast SEO Premium plugin. -->","yoast_head_json":{"title":"Estas bomber estampadas elevar\u00e1n tus looks de septiembre","description":"La chaqueta favorita del entretiempo abandona los dise\u00f1os b\u00e1sicos para llenarse de estampados y convertirse en la pieza protagonista de los looks de oto\u00f1o","robots":{"index":"index","follow":"follow","max-snippet":"max-snippet:-1","max-image-preview":"max-image-preview:large","max-video-preview":"max-video-preview:-1"},"canonical":"https:\/\/graziamagazine.com\/mx\/articles\/chaquetas-bomber-estampadas-otono-2026\/","og_locale":"es_MX","og_type":"article","og_title":"Estas bomber estampadas elevar\u00e1n tus looks de septiembre","og_description":"La chaqueta favorita del entretiempo abandona los dise\u00f1os b\u00e1sicos para llenarse de estampados y convertirse en la pieza protagonista de los looks de oto\u00f1o","og_url":"https:\/\/graziamagazine.com\/mx\/articles\/chaquetas-bomber-estampadas-otono-2026\/","og_site_name":"Grazia M\u00e9xico y Latinoam\u00e9rica","article_modified_time":"2026-09-01T19:09:08+00:00","og_image":[{"width":736,"height":615,"url":"https:\/\/graziamagazine.com\/mx\/wp-content\/uploads\/sites\/13\/2026\/09\/5-e1788289443351.jpeg","type":"image\/jpeg"}],"twitter_card":"summary_large_image","twitter_misc":{"Est. reading time":"4 minutos"},"schema":{"@context":"https:\/\/schema.org","@graph":[{"@type":"WebPage","@id":"https:\/\/graziamagazine.com\/mx\/articles\/chaquetas-bomber-estampadas-otono-2026\/","url":"https:\/\/graziamagazine.com\/mx\/articles\/chaquetas-bomber-estampadas-otono-2026\/","name":"Estas bomber estampadas elevar\u00e1n tus looks de septiembre","isPartOf":{"@id":"https:\/\/graziamagazine.com\/mx\/#website"},"datePublished":"2026-09-01T18:57:48+00:00","dateModified":"2026-09-01T19:09:08+00:00","description":"La chaqueta favorita del entretiempo abandona los dise\u00f1os b\u00e1sicos para llenarse de estampados y convertirse en la pieza protagonista de los looks de oto\u00f1o","breadcrumb":{"@id":"https:\/\/graziamagazine.com\/mx\/articles\/chaquetas-bomber-estampadas-otono-2026\/#breadcrumb"},"inLanguage":"es-MX","potentialAction":[{"@type":"ReadAction","target":["https:\/\/graziamagazine.com\/mx\/articles\/chaquetas-bomber-estampadas-otono-2026\/"]}]},{"@type":"BreadcrumbList","@id":"https:\/\/graziamagazine.com\/mx\/articles\/chaquetas-bomber-estampadas-otono-2026\/#breadcrumb","itemListElement":[{"@type":"ListItem","position":1,"name":"Home","item":"https:\/\/graziamagazine.com\/mx\/"},{"@type":"ListItem","position":2,"name":"Estas bomber estampadas elevar\u00e1n tus looks de septiembre"}]},{"@type":"WebSite","@id":"https:\/\/graziamagazine.com\/mx\/#website","url":"https:\/\/graziamagazine.com\/mx\/","name":"Grazia M\u00e9xico y Latinoam\u00e9rica","description":"Grazia es moda, belleza y noticias  de actualidad ","potentialAction":[{"@type":"SearchAction","target":{"@type":"EntryPoint","urlTemplate":"https:\/\/graziamagazine.com\/mx\/?s={search_term_string}"},"query-input":"required name=search_term_string"}],"inLanguage":"es-MX"}]}},"jetpack_sharing_enabled":true,"distributor_meta":false,"distributor_terms":false,"distributor_media":false,"distributor_original_site_name":"Grazia M\u00e9xico y Latinoam\u00e9rica","distributor_original_site_url":"https:\/\/graziamagazine.com\/mx","push-errors":false,"_links":{"self":[{"href":"https:\/\/graziamagazine.com\/mx\/wp-json\/wp\/v2\/articles\/176600"}],"collection":[{"href":"https:\/\/graziamagazine.com\/mx\/wp-json\/wp\/v2\/articles"}],"about":[{"href":"https:\/\/graziamagazine.com\/mx\/wp-json\/wp\/v2\/types\/articles"}],"author":[{"embeddable":true,"href":"https:\/\/graziamagazine.com\/mx\/wp-json\/wp\/v2\/users\/28953"}],"wp:featuredmedia":[{"embeddable":true,"href":"https:\/\/graziamagazine.com\/mx\/wp-json\/wp\/v2\/media\/176605"}],"wp:attachment":[{"href":"https:\/\/graziamagazine.com\/mx\/wp-json\/wp\/v2\/media?parent=176600"}],"wp:term":[{"taxonomy":"category","embeddable":true,"href":"https:\/\/graziamagazine.com\/mx\/wp-json\/wp\/v2\/categories?post=176600"}],"curies":[{"name":"wp","href":"https:\/\/api.w.org\/{rel}","templated":true}]}}