{"id":176543,"date":"2026-08-31T14:12:59","date_gmt":"2026-08-31T19:12:59","guid":{"rendered":"https:\/\/graziamagazine.com\/mx\/?post_type=articles&#038;p=176543"},"modified":"2026-08-31T14:19:19","modified_gmt":"2026-08-31T19:19:19","slug":"los-audifonos-con-cable-estan-de-vuelta","status":"publish","type":"articles","link":"https:\/\/graziamagazine.com\/mx\/articles\/los-audifonos-con-cable-estan-de-vuelta\/","title":{"rendered":"Los aud\u00edfonos con cable son el accesorio favorito de las celebridades en este momento"},"content":{"rendered":"<p><span style=\"font-weight: 400\">Desde hace varios a\u00f1os, los cables desaparecieron de los escritorios, los tel\u00e9fonos eliminaron sus entradas tradicionales y los aud\u00edfonos Bluetooth se convirtieron en parte de nuestra vida diaria. Sin embargo, como suele ocurrir en la moda, aquello que parec\u00eda definitivamente superado est\u00e1 encontrando una segunda vida. Y este 2026, los aud\u00edfonos con cable est\u00e1n de regreso, convirti\u00e9ndose en uno de los accesorios inesperados favoritos de las celebridades.<\/span><\/p>\n<p><span style=\"font-weight: 400\">Este renacer est\u00e1 alineado con la tendencia de recuperar accesorios que hace apenas algunos a\u00f1os parec\u00edan pertenecer al pasado. Bolsos como el Balenciaga Le City, las bufandas de calaveras de McQueen e incluso los sombreros fedora han reaparecido por doquier y &#8211; ahora &#8211; unos sencillos aud\u00edfonos con su cable visible se suman a esa nostalgia est\u00e9tica.<\/span><\/p>\n<h2><b>Hailey Bieber lo confirma\u00a0<\/b><\/h2>\n<p><span style=\"font-weight: 400\">Sin duda alguna, Hailey Bieber es capaz de convertir un objeto aparentemente insignificante en tendencia. Recientemente fue fotografiada durante una salida familiar llevando un look deportivo bastante sencillo compuesto por camiseta blanca, leggings negros, chamarra oscura y sneakers. Sin embargo, el detalle que termin\u00f3 llamando la atenci\u00f3n fueron sus aud\u00edfonos con cable, decorados con botones verde ne\u00f3n y piezas moradas.<\/span><\/p>\n<p><span style=\"font-weight: 400\">Y no fue la primera vez. Bieber fue vista utilizando el mismo par en dos ocasiones durante una misma semana, una repetici\u00f3n muy significativa en esta \u00e9poca de cambio.<\/span><\/p>\n<figure id=\"attachment_176544\" aria-describedby=\"caption-attachment-176544\" style=\"width: 1600px\" class=\"wp-caption alignnone\"><img loading=\"lazy\" decoding=\"async\" class=\"size-full wp-image-176544\" src=\"https:\/\/graziamagazine.com\/mx\/wp-content\/uploads\/sites\/13\/2026\/08\/hailey-bieber-wearing-sklylrk-earphones.jpg\" alt=\"\" width=\"1600\" height=\"1600\" srcset=\"https:\/\/graziamagazine.com\/mx\/wp-content\/uploads\/sites\/13\/2026\/08\/hailey-bieber-wearing-sklylrk-earphones.jpg 1600w, https:\/\/graziamagazine.com\/mx\/wp-content\/uploads\/sites\/13\/2026\/08\/hailey-bieber-wearing-sklylrk-earphones-450x450.jpg 450w, https:\/\/graziamagazine.com\/mx\/wp-content\/uploads\/sites\/13\/2026\/08\/hailey-bieber-wearing-sklylrk-earphones-1024x1024.jpg 1024w, https:\/\/graziamagazine.com\/mx\/wp-content\/uploads\/sites\/13\/2026\/08\/hailey-bieber-wearing-sklylrk-earphones-150x150.jpg 150w, https:\/\/graziamagazine.com\/mx\/wp-content\/uploads\/sites\/13\/2026\/08\/hailey-bieber-wearing-sklylrk-earphones-768x768.jpg 768w, https:\/\/graziamagazine.com\/mx\/wp-content\/uploads\/sites\/13\/2026\/08\/hailey-bieber-wearing-sklylrk-earphones-1536x1536.jpg 1536w, https:\/\/graziamagazine.com\/mx\/wp-content\/uploads\/sites\/13\/2026\/08\/hailey-bieber-wearing-sklylrk-earphones-400x400.jpg 400w, https:\/\/graziamagazine.com\/mx\/wp-content\/uploads\/sites\/13\/2026\/08\/hailey-bieber-wearing-sklylrk-earphones-155x155.jpg 155w\" sizes=\"(max-width: 1600px) 100vw, 1600px\" \/><figcaption id=\"caption-attachment-176544\" class=\"wp-caption-text\">Hailey Bieber. Foto: Instagram.<\/figcaption><\/figure>\n<h2><b>Zo\u00eb Kravitz, Bella Hadid y Kendall Jenner tambi\u00e9n los llevan<\/b><\/h2>\n<p><span style=\"font-weight: 400\">Hailey Bieber no est\u00e1 sola. Apenas unos d\u00edas despu\u00e9s, Zo\u00eb Kravitz fue fotografiada en Nueva York escuchando m\u00fasica con aud\u00edfonos con cable. A ellas se suma una lista que parece reunir a buena parte de las figuras que m\u00e1s influencia tienen actualmente: <\/span><b>Bella Hadid, Kendall Jenner, Kaia Gerber y Harry Styles<\/b><span style=\"font-weight: 400\"> tambi\u00e9n han sido vistos utilizando este tipo de dispositivos.<\/span><\/p>\n<p><span style=\"font-weight: 400\">Kaia Gerber, por ejemplo, acaba de usarlos en uno de sus looks minimalistas en Nueva York, combin\u00e1ndolos con una camiseta gr\u00e1fica de hombros descubiertos, falda l\u00e1piz negra, bailarinas, lentes de sol y un bolso Fendi con estampado de tigre. Los aud\u00edfonos aparecieron como un elemento casual dentro de un conjunto cuidadosamente seleccionado.<\/span><\/p>\n<figure id=\"attachment_176545\" aria-describedby=\"caption-attachment-176545\" style=\"width: 1242px\" class=\"wp-caption alignnone\"><img loading=\"lazy\" decoding=\"async\" class=\"size-full wp-image-176545\" src=\"https:\/\/graziamagazine.com\/mx\/wp-content\/uploads\/sites\/13\/2026\/08\/kylie-hailey-wearing-justin-biebers-upcoming-skylrk-wired-v0-3x1iq4v61ykh1.jpg\" alt=\"\" width=\"1242\" height=\"1631\" srcset=\"https:\/\/graziamagazine.com\/mx\/wp-content\/uploads\/sites\/13\/2026\/08\/kylie-hailey-wearing-justin-biebers-upcoming-skylrk-wired-v0-3x1iq4v61ykh1.jpg 1242w, https:\/\/graziamagazine.com\/mx\/wp-content\/uploads\/sites\/13\/2026\/08\/kylie-hailey-wearing-justin-biebers-upcoming-skylrk-wired-v0-3x1iq4v61ykh1-343x450.jpg 343w, https:\/\/graziamagazine.com\/mx\/wp-content\/uploads\/sites\/13\/2026\/08\/kylie-hailey-wearing-justin-biebers-upcoming-skylrk-wired-v0-3x1iq4v61ykh1-780x1024.jpg 780w, https:\/\/graziamagazine.com\/mx\/wp-content\/uploads\/sites\/13\/2026\/08\/kylie-hailey-wearing-justin-biebers-upcoming-skylrk-wired-v0-3x1iq4v61ykh1-768x1009.jpg 768w, https:\/\/graziamagazine.com\/mx\/wp-content\/uploads\/sites\/13\/2026\/08\/kylie-hailey-wearing-justin-biebers-upcoming-skylrk-wired-v0-3x1iq4v61ykh1-1170x1536.jpg 1170w, https:\/\/graziamagazine.com\/mx\/wp-content\/uploads\/sites\/13\/2026\/08\/kylie-hailey-wearing-justin-biebers-upcoming-skylrk-wired-v0-3x1iq4v61ykh1-400x525.jpg 400w, https:\/\/graziamagazine.com\/mx\/wp-content\/uploads\/sites\/13\/2026\/08\/kylie-hailey-wearing-justin-biebers-upcoming-skylrk-wired-v0-3x1iq4v61ykh1-155x204.jpg 155w\" sizes=\"(max-width: 1242px) 100vw, 1242px\" \/><figcaption id=\"caption-attachment-176545\" class=\"wp-caption-text\">Kylie Jenner. Foto: Instagram.<\/figcaption><\/figure>\n<h2><b>Dua Lipa ya hab\u00eda anticipado la tendencia<\/b><\/h2>\n<p><span style=\"font-weight: 400\">Aunque 2026 parece ser el momento en el que los aud\u00edfonos con cable alcanzan nuevamente una presencia importante entre las celebridades, la tendencia lleva tiempo desarroll\u00e1ndose. Dua Lipa ya hab\u00eda confesado en un video viral que suele llevar consigo varios pares de aud\u00edfonos con cable.<\/span><\/p>\n<p><span style=\"font-weight: 400\">En 2025, Addison Rae llev\u00f3 todav\u00eda m\u00e1s lejos esta est\u00e9tica con su canci\u00f3n <\/span><i><span style=\"font-weight: 400\">Headphones On<\/span><\/i><span style=\"font-weight: 400\">. En el video musical aparece utilizando aud\u00edfonos con cable e incluso juega visualmente con ellos formando un coraz\u00f3n. Es precisamente ese detalle visible lo que los diferencia de los peque\u00f1os aud\u00edfonos inal\u00e1mbricos. El cable cruza la ropa, enmarca el rostro y puede integrarse al conjunto casi como un collar o cualquier otro accesorio.<\/span><\/p>\n<figure id=\"attachment_176547\" aria-describedby=\"caption-attachment-176547\" style=\"width: 1706px\" class=\"wp-caption alignnone\"><img loading=\"lazy\" decoding=\"async\" class=\"size-full wp-image-176547\" src=\"https:\/\/graziamagazine.com\/mx\/wp-content\/uploads\/sites\/13\/2026\/08\/e2iqugPsJ2WhAURwQanDE8-scaled.jpg\" alt=\"\" width=\"1706\" height=\"2560\" srcset=\"https:\/\/graziamagazine.com\/mx\/wp-content\/uploads\/sites\/13\/2026\/08\/e2iqugPsJ2WhAURwQanDE8-scaled.jpg 1706w, https:\/\/graziamagazine.com\/mx\/wp-content\/uploads\/sites\/13\/2026\/08\/e2iqugPsJ2WhAURwQanDE8-300x450.jpg 300w, https:\/\/graziamagazine.com\/mx\/wp-content\/uploads\/sites\/13\/2026\/08\/e2iqugPsJ2WhAURwQanDE8-683x1024.jpg 683w, https:\/\/graziamagazine.com\/mx\/wp-content\/uploads\/sites\/13\/2026\/08\/e2iqugPsJ2WhAURwQanDE8-768x1152.jpg 768w, https:\/\/graziamagazine.com\/mx\/wp-content\/uploads\/sites\/13\/2026\/08\/e2iqugPsJ2WhAURwQanDE8-1024x1536.jpg 1024w, https:\/\/graziamagazine.com\/mx\/wp-content\/uploads\/sites\/13\/2026\/08\/e2iqugPsJ2WhAURwQanDE8-1365x2048.jpg 1365w, https:\/\/graziamagazine.com\/mx\/wp-content\/uploads\/sites\/13\/2026\/08\/e2iqugPsJ2WhAURwQanDE8-400x600.jpg 400w, https:\/\/graziamagazine.com\/mx\/wp-content\/uploads\/sites\/13\/2026\/08\/e2iqugPsJ2WhAURwQanDE8-143x215.jpg 143w\" sizes=\"(max-width: 1706px) 100vw, 1706px\" \/><figcaption id=\"caption-attachment-176547\" class=\"wp-caption-text\">Kaia Gerber. Foto: Getty Images.<\/figcaption><\/figure>\n<h2><b>La nostalgia tecnol\u00f3gica tambi\u00e9n se lleva<\/b><\/h2>\n<p><span style=\"font-weight: 400\">Su regreso tampoco puede separarse de la fascinaci\u00f3n actual por objetos tecnol\u00f3gicos de d\u00e9cadas anteriores. C\u00e1maras digitales compactas, tel\u00e9fonos con tapa y otros dispositivos asociados con los a\u00f1os 2000 han recuperado atractivo precisamente porque se sienten diferentes frente a la tecnolog\u00eda cada vez m\u00e1s uniforme y minimalista.<\/span><\/p>\n<p><span style=\"font-weight: 400\">Los aud\u00edfonos con cable transmiten una sensaci\u00f3n similar. Son inmediatamente reconocibles, no intentan desaparecer y recuerdan una \u00e9poca en la que escuchar m\u00fasica significaba desenredar cables antes de salir de casa.\u00a0<\/span><\/p>\n<figure id=\"attachment_176546\" aria-describedby=\"caption-attachment-176546\" style=\"width: 1600px\" class=\"wp-caption alignnone\"><img loading=\"lazy\" decoding=\"async\" class=\"size-full wp-image-176546\" src=\"https:\/\/graziamagazine.com\/mx\/wp-content\/uploads\/sites\/13\/2026\/08\/cuffie-cover.jpg\" alt=\"\" width=\"1600\" height=\"1000\" srcset=\"https:\/\/graziamagazine.com\/mx\/wp-content\/uploads\/sites\/13\/2026\/08\/cuffie-cover.jpg 1600w, https:\/\/graziamagazine.com\/mx\/wp-content\/uploads\/sites\/13\/2026\/08\/cuffie-cover-450x281.jpg 450w, https:\/\/graziamagazine.com\/mx\/wp-content\/uploads\/sites\/13\/2026\/08\/cuffie-cover-1024x640.jpg 1024w, https:\/\/graziamagazine.com\/mx\/wp-content\/uploads\/sites\/13\/2026\/08\/cuffie-cover-768x480.jpg 768w, https:\/\/graziamagazine.com\/mx\/wp-content\/uploads\/sites\/13\/2026\/08\/cuffie-cover-1536x960.jpg 1536w, https:\/\/graziamagazine.com\/mx\/wp-content\/uploads\/sites\/13\/2026\/08\/cuffie-cover-400x250.jpg 400w, https:\/\/graziamagazine.com\/mx\/wp-content\/uploads\/sites\/13\/2026\/08\/cuffie-cover-155x97.jpg 155w\" sizes=\"(max-width: 1600px) 100vw, 1600px\" \/><figcaption id=\"caption-attachment-176546\" class=\"wp-caption-text\">Bella Hadid. Foto: Getty Images.<\/figcaption><\/figure>\n<h2><b>\u00bfOtras razones?<\/b><\/h2>\n<p><span style=\"font-weight: 400\">No todo es est\u00e9tica. Hay razones bastante sencillas que pueden explicar por qu\u00e9 algunas personas est\u00e1n regresando al cable: no necesitan cargarse. Mientras los dispositivos inal\u00e1mbricos dependen de bater\u00edas y estuches de carga, un par tradicional est\u00e1 disponible siempre que pueda conectarse al tel\u00e9fono.<\/span><\/p>\n<p><span style=\"font-weight: 400\">Tambi\u00e9n, dependiendo la marca, se sabe que la calidad de sonido que ofrece una conexi\u00f3n directa es a veces mejor que la que se conecta v\u00eda Bluetooth. Estos son factores que pueden hacer atractivo un dispositivo que, adem\u00e1s de estar nuevamente de moda, es funcional musicalmente hablando.<\/span><\/p>\n","protected":false},"author":11628,"featured_media":176548,"template":"","format":"standard","categories":[4],"acf":[],"yoast_head":"<!-- This site is optimized with the Yoast SEO Premium plugin v18.5 (Yoast SEO v20.4) - https:\/\/yoast.com\/wordpress\/plugins\/seo\/ -->\n<title>Los aud\u00edfonos con cable son el accesorio favorito de las celebridades en este momento<\/title>\n<meta name=\"description\" content=\"Desde hace varios a\u00f1os, los cables desaparecieron de los escritorios, los tel\u00e9fonos eliminaron sus entradas tradicionales y los aud\u00edfonos Bluetooth se\" \/>\n<meta name=\"robots\" content=\"index, follow, max-snippet:-1, max-image-preview:large, max-video-preview:-1\" \/>\n<link rel=\"canonical\" href=\"https:\/\/graziamagazine.com\/mx\/articles\/los-audifonos-con-cable-estan-de-vuelta\/\" \/>\n<meta property=\"og:locale\" content=\"es_MX\" \/>\n<meta property=\"og:type\" content=\"article\" \/>\n<meta property=\"og:title\" content=\"Los aud\u00edfonos con cable son el accesorio favorito de las celebridades en este momento\" \/>\n<meta property=\"og:description\" content=\"Desde hace varios a\u00f1os, los cables desaparecieron de los escritorios, los tel\u00e9fonos eliminaron sus entradas tradicionales y los aud\u00edfonos Bluetooth se\" \/>\n<meta property=\"og:url\" content=\"https:\/\/graziamagazine.com\/mx\/articles\/los-audifonos-con-cable-estan-de-vuelta\/\" \/>\n<meta property=\"og:site_name\" content=\"Grazia M\u00e9xico y Latinoam\u00e9rica\" \/>\n<meta property=\"article:modified_time\" content=\"2026-08-31T19:19:19+00:00\" \/>\n<meta property=\"og:image\" content=\"https:\/\/graziamagazine.com\/mx\/wp-content\/uploads\/sites\/13\/2026\/08\/Untitled-design-7-38.jpg\" \/>\n\t<meta property=\"og:image:width\" content=\"1280\" \/>\n\t<meta property=\"og:image:height\" content=\"720\" \/>\n\t<meta property=\"og:image:type\" content=\"image\/jpeg\" \/>\n<meta name=\"twitter:card\" content=\"summary_large_image\" \/>\n<meta name=\"twitter:label1\" content=\"Est. reading time\" \/>\n\t<meta name=\"twitter:data1\" content=\"4 minutos\" \/>\n<script type=\"application\/ld+json\" class=\"yoast-schema-graph\">{\"@context\":\"https:\/\/schema.org\",\"@graph\":[{\"@type\":\"WebPage\",\"@id\":\"https:\/\/graziamagazine.com\/mx\/articles\/los-audifonos-con-cable-estan-de-vuelta\/\",\"url\":\"https:\/\/graziamagazine.com\/mx\/articles\/los-audifonos-con-cable-estan-de-vuelta\/\",\"name\":\"Los aud\u00edfonos con cable son el accesorio favorito de las celebridades en este momento\",\"isPartOf\":{\"@id\":\"https:\/\/graziamagazine.com\/mx\/#website\"},\"datePublished\":\"2026-08-31T19:12:59+00:00\",\"dateModified\":\"2026-08-31T19:19:19+00:00\",\"description\":\"Desde hace varios a\u00f1os, los cables desaparecieron de los escritorios, los tel\u00e9fonos eliminaron sus entradas tradicionales y los aud\u00edfonos Bluetooth se\",\"breadcrumb\":{\"@id\":\"https:\/\/graziamagazine.com\/mx\/articles\/los-audifonos-con-cable-estan-de-vuelta\/#breadcrumb\"},\"inLanguage\":\"es-MX\",\"potentialAction\":[{\"@type\":\"ReadAction\",\"target\":[\"https:\/\/graziamagazine.com\/mx\/articles\/los-audifonos-con-cable-estan-de-vuelta\/\"]}]},{\"@type\":\"BreadcrumbList\",\"@id\":\"https:\/\/graziamagazine.com\/mx\/articles\/los-audifonos-con-cable-estan-de-vuelta\/#breadcrumb\",\"itemListElement\":[{\"@type\":\"ListItem\",\"position\":1,\"name\":\"Home\",\"item\":\"https:\/\/graziamagazine.com\/mx\/\"},{\"@type\":\"ListItem\",\"position\":2,\"name\":\"Los aud\u00edfonos con cable son el accesorio favorito de las celebridades en este momento\"}]},{\"@type\":\"WebSite\",\"@id\":\"https:\/\/graziamagazine.com\/mx\/#website\",\"url\":\"https:\/\/graziamagazine.com\/mx\/\",\"name\":\"Grazia M\u00e9xico y Latinoam\u00e9rica\",\"description\":\"Grazia es moda, belleza y noticias  de actualidad \",\"potentialAction\":[{\"@type\":\"SearchAction\",\"target\":{\"@type\":\"EntryPoint\",\"urlTemplate\":\"https:\/\/graziamagazine.com\/mx\/?s={search_term_string}\"},\"query-input\":\"required name=search_term_string\"}],\"inLanguage\":\"es-MX\"}]}<\/script>\n<!-- \/ Yoast SEO Premium plugin. -->","yoast_head_json":{"title":"Los aud\u00edfonos con cable son el accesorio favorito de las celebridades en este momento","description":"Desde hace varios a\u00f1os, los cables desaparecieron de los escritorios, los tel\u00e9fonos eliminaron sus entradas tradicionales y los aud\u00edfonos Bluetooth se","robots":{"index":"index","follow":"follow","max-snippet":"max-snippet:-1","max-image-preview":"max-image-preview:large","max-video-preview":"max-video-preview:-1"},"canonical":"https:\/\/graziamagazine.com\/mx\/articles\/los-audifonos-con-cable-estan-de-vuelta\/","og_locale":"es_MX","og_type":"article","og_title":"Los aud\u00edfonos con cable son el accesorio favorito de las celebridades en este momento","og_description":"Desde hace varios a\u00f1os, los cables desaparecieron de los escritorios, los tel\u00e9fonos eliminaron sus entradas tradicionales y los aud\u00edfonos Bluetooth se","og_url":"https:\/\/graziamagazine.com\/mx\/articles\/los-audifonos-con-cable-estan-de-vuelta\/","og_site_name":"Grazia M\u00e9xico y Latinoam\u00e9rica","article_modified_time":"2026-08-31T19:19:19+00:00","og_image":[{"width":1280,"height":720,"url":"https:\/\/graziamagazine.com\/mx\/wp-content\/uploads\/sites\/13\/2026\/08\/Untitled-design-7-38.jpg","type":"image\/jpeg"}],"twitter_card":"summary_large_image","twitter_misc":{"Est. reading time":"4 minutos"},"schema":{"@context":"https:\/\/schema.org","@graph":[{"@type":"WebPage","@id":"https:\/\/graziamagazine.com\/mx\/articles\/los-audifonos-con-cable-estan-de-vuelta\/","url":"https:\/\/graziamagazine.com\/mx\/articles\/los-audifonos-con-cable-estan-de-vuelta\/","name":"Los aud\u00edfonos con cable son el accesorio favorito de las celebridades en este momento","isPartOf":{"@id":"https:\/\/graziamagazine.com\/mx\/#website"},"datePublished":"2026-08-31T19:12:59+00:00","dateModified":"2026-08-31T19:19:19+00:00","description":"Desde hace varios a\u00f1os, los cables desaparecieron de los escritorios, los tel\u00e9fonos eliminaron sus entradas tradicionales y los aud\u00edfonos Bluetooth se","breadcrumb":{"@id":"https:\/\/graziamagazine.com\/mx\/articles\/los-audifonos-con-cable-estan-de-vuelta\/#breadcrumb"},"inLanguage":"es-MX","potentialAction":[{"@type":"ReadAction","target":["https:\/\/graziamagazine.com\/mx\/articles\/los-audifonos-con-cable-estan-de-vuelta\/"]}]},{"@type":"BreadcrumbList","@id":"https:\/\/graziamagazine.com\/mx\/articles\/los-audifonos-con-cable-estan-de-vuelta\/#breadcrumb","itemListElement":[{"@type":"ListItem","position":1,"name":"Home","item":"https:\/\/graziamagazine.com\/mx\/"},{"@type":"ListItem","position":2,"name":"Los aud\u00edfonos con cable son el accesorio favorito de las celebridades en este momento"}]},{"@type":"WebSite","@id":"https:\/\/graziamagazine.com\/mx\/#website","url":"https:\/\/graziamagazine.com\/mx\/","name":"Grazia M\u00e9xico y Latinoam\u00e9rica","description":"Grazia es moda, belleza y noticias  de actualidad ","potentialAction":[{"@type":"SearchAction","target":{"@type":"EntryPoint","urlTemplate":"https:\/\/graziamagazine.com\/mx\/?s={search_term_string}"},"query-input":"required name=search_term_string"}],"inLanguage":"es-MX"}]}},"jetpack_sharing_enabled":true,"distributor_meta":false,"distributor_terms":false,"distributor_media":false,"distributor_original_site_name":"Grazia M\u00e9xico y Latinoam\u00e9rica","distributor_original_site_url":"https:\/\/graziamagazine.com\/mx","push-errors":false,"_links":{"self":[{"href":"https:\/\/graziamagazine.com\/mx\/wp-json\/wp\/v2\/articles\/176543"}],"collection":[{"href":"https:\/\/graziamagazine.com\/mx\/wp-json\/wp\/v2\/articles"}],"about":[{"href":"https:\/\/graziamagazine.com\/mx\/wp-json\/wp\/v2\/types\/articles"}],"author":[{"embeddable":true,"href":"https:\/\/graziamagazine.com\/mx\/wp-json\/wp\/v2\/users\/11628"}],"wp:featuredmedia":[{"embeddable":true,"href":"https:\/\/graziamagazine.com\/mx\/wp-json\/wp\/v2\/media\/176548"}],"wp:attachment":[{"href":"https:\/\/graziamagazine.com\/mx\/wp-json\/wp\/v2\/media?parent=176543"}],"wp:term":[{"taxonomy":"category","embeddable":true,"href":"https:\/\/graziamagazine.com\/mx\/wp-json\/wp\/v2\/categories?post=176543"}],"curies":[{"name":"wp","href":"https:\/\/api.w.org\/{rel}","templated":true}]}}