{"id":176534,"date":"2026-08-31T12:00:52","date_gmt":"2026-08-31T17:00:52","guid":{"rendered":"https:\/\/graziamagazine.com\/mx\/?post_type=articles&#038;p=176534"},"modified":"2026-08-31T13:24:42","modified_gmt":"2026-08-31T18:24:42","slug":"cuando-cortar-el-pelo-calendario-lunar-septiembre-2026","status":"publish","type":"articles","link":"https:\/\/graziamagazine.com\/mx\/articles\/cuando-cortar-el-pelo-calendario-lunar-septiembre-2026\/","title":{"rendered":"Los mejores d\u00edas para cortar el cabello en septiembre 2026 seg\u00fan el calendario lunar"},"content":{"rendered":"<p>Si est\u00e1s pensando en tu siguiente <strong>corte de cabello<\/strong> este mes de <strong>septiembre<\/strong>, el <strong>calendario lunar<\/strong> puede convertirse en tu <strong>gu\u00eda<\/strong> para elegir <strong>los mejores d\u00edas para cortarlo.<\/strong> Seg\u00fan las <a href=\"https:\/\/graziamagazine.com\/mx\/articles\/calendario-lunar-cuando-cortar-el-pelo\/\"><strong>fases de la Luna,<\/strong><\/a> existe la creencia de que algunos d\u00edas son mucho mejores para estimular un <strong>crecimiento r\u00e1pido del cabello,<\/strong> mientras que otros son ideales para <strong>conservar tu corte de cabello<\/strong> por mucho <strong>m\u00e1s tiempo.<\/strong><\/p>\n<p>Esta creencia forma parte de una <strong>tradici\u00f3n<\/strong> y hoy se ha convertido en la gu\u00eda de muchas personas al momento de planear su siguiente corte de pelo. Seg\u00fan sea el resultado que busques en tu cabello, ya sea <strong>mantener la longitud,<\/strong> buscar un crecimiento m\u00e1s r\u00e1pido o <strong>priorizar el volumen y la fuerza,<\/strong> estas son las <strong>fechas que debes tener en el radar en septiembre de 2026.<\/strong><\/p>\n<h2 class=\"p4\"><span class=\"s3\">\u00bfCu\u00e1ndo cortar el cabello en septiembre de 2026 seg\u00fan el calendario lunar?<\/span><\/h2>\n<figure id=\"attachment_176542\" aria-describedby=\"caption-attachment-176542\" style=\"width: 736px\" class=\"wp-caption alignnone\"><img loading=\"lazy\" decoding=\"async\" class=\"size-full wp-image-176542\" src=\"https:\/\/graziamagazine.com\/mx\/wp-content\/uploads\/sites\/13\/2026\/08\/IMG_7726.jpeg\" alt=\"fases lunares\" width=\"736\" height=\"414\" srcset=\"https:\/\/graziamagazine.com\/mx\/wp-content\/uploads\/sites\/13\/2026\/08\/IMG_7726.jpeg 736w, https:\/\/graziamagazine.com\/mx\/wp-content\/uploads\/sites\/13\/2026\/08\/IMG_7726-450x253.jpeg 450w, https:\/\/graziamagazine.com\/mx\/wp-content\/uploads\/sites\/13\/2026\/08\/IMG_7726-400x225.jpeg 400w, https:\/\/graziamagazine.com\/mx\/wp-content\/uploads\/sites\/13\/2026\/08\/IMG_7726-155x87.jpeg 155w\" sizes=\"(max-width: 736px) 100vw, 736px\" \/><figcaption id=\"caption-attachment-176542\" class=\"wp-caption-text\">Foto: Pinterest<\/figcaption><\/figure>\n<h4>1 al 10 de septiembre \u2014 Luna menguante<\/h4>\n<p>Si quieres que tu cabello crezca mucho m\u00e1s lento para conservar un corte y mantener ese largo, estos son los mejores d\u00edas para cortar tu cabello y tener un crecimiento mucho m\u00e1s lento.<\/p>\n<h4>11 de septiembre \u2014 Luna nueva<\/h4>\n<p>En Luna nueva, jam\u00e1s deber\u00edas cortar tu cabello, ya que puedes debilitarlo y maltratarlo. Lo que m\u00e1s se recomienda es cuidarlo con tratamientos, seg\u00fan el calendario lunar<\/p>\n<h4>12 al 25 de septiembre \u2014 Luna creciente<\/h4>\n<p>Si tu objetivo es que las fases lunares influyan en el crecimiento de tu cabello, esta es una de las mejores fases para tener un crecimiento mucho m\u00e1s r\u00e1pido. Es ideal para cortar las puntas de tu cabello, hacer un cambio de look extremo y que, si no te gusta, te crecer\u00e1 mucho m\u00e1s r\u00e1pido.<\/p>\n<h4>26 de septiembre \u2014 Luna llena<\/h4>\n<p>Si quieres que tu cabello crezca m\u00e1s all\u00e1 de la longitud, que est\u00e9 fuerte y sano, Luna llena en el calendario lunar, es ideal para que tengas mucho m\u00e1s volumen y tu cabello se renueve. Es una de las fases m\u00e1s importantes del calendario lunar, as\u00ed que deber\u00edas aprovecharla.<\/p>\n<h4>27 al 30 de septiembre \u2014 Luna menguante<\/h4>\n<p>El mes de septiembre termina con una Luna menguante, y estos d\u00edas son ideales para que tu cabello conserve su forma y no quieres que crezca tan r\u00e1pido.<\/p>\n<h2 class=\"p1\">Los mejores d\u00edas para te\u00f1irte el cabello en septiembre 2026 seg\u00fan las fases de la Luna<\/h2>\n<figure id=\"attachment_176535\" aria-describedby=\"caption-attachment-176535\" style=\"width: 736px\" class=\"wp-caption alignnone\"><img loading=\"lazy\" decoding=\"async\" class=\"wp-image-176535 size-full\" src=\"https:\/\/graziamagazine.com\/mx\/wp-content\/uploads\/sites\/13\/2026\/08\/IMG_6834.jpeg\" alt=\"cabello rubio calendario lunar\" width=\"736\" height=\"920\" srcset=\"https:\/\/graziamagazine.com\/mx\/wp-content\/uploads\/sites\/13\/2026\/08\/IMG_6834.jpeg 736w, https:\/\/graziamagazine.com\/mx\/wp-content\/uploads\/sites\/13\/2026\/08\/IMG_6834-360x450.jpeg 360w, https:\/\/graziamagazine.com\/mx\/wp-content\/uploads\/sites\/13\/2026\/08\/IMG_6834-400x500.jpeg 400w, https:\/\/graziamagazine.com\/mx\/wp-content\/uploads\/sites\/13\/2026\/08\/IMG_6834-155x194.jpeg 155w\" sizes=\"(max-width: 736px) 100vw, 736px\" \/><figcaption id=\"caption-attachment-176535\" class=\"wp-caption-text\">Foto: Pinterest<\/figcaption><\/figure>\n<h4 class=\"p3\"><span class=\"s2\">1 y 2, 28 al 30 de septiembre \u2014 Luna en Tauro<\/span><\/h4>\n<p class=\"p3\"><span class=\"s3\">Si ya tienes un color establecido para tu cabello y te toca retocarlo, estos son los mejores d\u00edas para que el tinte dure mucho m\u00e1s en tu pelo.<\/span><\/p>\n<h4 class=\"p3\"><span class=\"s2\">16 al 18 de septiembre \u2014 Luna en Sagitario<\/span><\/h4>\n<p class=\"p3\"><span class=\"s3\">Si quieres experimentar con el color de tu cabello, esta es la mejor Luna para hacerlo y no fallar en el intento.<\/span><\/p>\n<h4 class=\"p3\"><span class=\"s2\">21 al 23 de septiembre \u2014 Luna en Acuario<\/span><\/h4>\n<p class=\"p3\"><span class=\"s3\">La Luna en Acuario est\u00e1 asociada con cambios revolucionarios, por lo que es ideal para hacer cambios de look extremos y probar con colores fuera de lo normal.<\/span><\/p>\n<h4 class=\"p3\"><span class=\"s2\">26 al 28 de septiembre \u2014 Luna en Aries<\/span><\/h4>\n<p class=\"p3\"><span class=\"s3\">Esta etapa de la Luna en Aries es ideal para una etapa de nuevos comienzos y un cambio de look, especialmente si buscas cambiar el color natural de tu cabello.<\/span><\/p>\n","protected":false},"author":42774,"featured_media":176536,"template":"","format":"standard","categories":[3],"acf":[],"yoast_head":"<!-- This site is optimized with the Yoast SEO Premium plugin v18.5 (Yoast SEO v20.4) - https:\/\/yoast.com\/wordpress\/plugins\/seo\/ -->\n<title>Los mejores d\u00edas para cortar el cabello en septiembre 2026 seg\u00fan el calendario lunar | Grazia M\u00e9xico y Latinoam\u00e9rica<\/title>\n<meta name=\"description\" content=\"Descubre los mejores d\u00edas para cortar el cabello en septiembre 2026 seg\u00fan el calendario lunar, y las fechas ideales para te\u00f1irlo\" \/>\n<meta name=\"robots\" content=\"index, follow, max-snippet:-1, max-image-preview:large, max-video-preview:-1\" \/>\n<link rel=\"canonical\" href=\"https:\/\/graziamagazine.com\/mx\/articles\/cuando-cortar-el-pelo-calendario-lunar-septiembre-2026\/\" \/>\n<meta property=\"og:locale\" content=\"es_MX\" \/>\n<meta property=\"og:type\" content=\"article\" \/>\n<meta property=\"og:title\" content=\"Los mejores d\u00edas para cortar el cabello en septiembre 2026 seg\u00fan el calendario lunar\" \/>\n<meta property=\"og:description\" content=\"Descubre los mejores d\u00edas para cortar el cabello en septiembre 2026 seg\u00fan el calendario lunar, y las fechas ideales para te\u00f1irlo\" \/>\n<meta property=\"og:url\" content=\"https:\/\/graziamagazine.com\/mx\/articles\/cuando-cortar-el-pelo-calendario-lunar-septiembre-2026\/\" \/>\n<meta property=\"og:site_name\" content=\"Grazia M\u00e9xico y Latinoam\u00e9rica\" \/>\n<meta property=\"article:modified_time\" content=\"2026-08-31T18:24:42+00:00\" \/>\n<meta property=\"og:image\" content=\"https:\/\/graziamagazine.com\/mx\/wp-content\/uploads\/sites\/13\/2026\/08\/IMG_7725.jpeg\" \/>\n\t<meta property=\"og:image:width\" content=\"1080\" \/>\n\t<meta property=\"og:image:height\" content=\"1350\" \/>\n\t<meta property=\"og:image:type\" content=\"image\/jpeg\" \/>\n<meta name=\"twitter:card\" content=\"summary_large_image\" \/>\n<meta name=\"twitter:label1\" content=\"Est. reading time\" \/>\n\t<meta name=\"twitter:data1\" content=\"3 minutos\" \/>\n<script type=\"application\/ld+json\" class=\"yoast-schema-graph\">{\"@context\":\"https:\/\/schema.org\",\"@graph\":[{\"@type\":\"WebPage\",\"@id\":\"https:\/\/graziamagazine.com\/mx\/articles\/cuando-cortar-el-pelo-calendario-lunar-septiembre-2026\/\",\"url\":\"https:\/\/graziamagazine.com\/mx\/articles\/cuando-cortar-el-pelo-calendario-lunar-septiembre-2026\/\",\"name\":\"Los mejores d\u00edas para cortar el cabello en septiembre 2026 seg\u00fan el calendario lunar | Grazia M\u00e9xico y Latinoam\u00e9rica\",\"isPartOf\":{\"@id\":\"https:\/\/graziamagazine.com\/mx\/#website\"},\"datePublished\":\"2026-08-31T17:00:52+00:00\",\"dateModified\":\"2026-08-31T18:24:42+00:00\",\"description\":\"Descubre los mejores d\u00edas para cortar el cabello en septiembre 2026 seg\u00fan el calendario lunar, y las fechas ideales para te\u00f1irlo\",\"breadcrumb\":{\"@id\":\"https:\/\/graziamagazine.com\/mx\/articles\/cuando-cortar-el-pelo-calendario-lunar-septiembre-2026\/#breadcrumb\"},\"inLanguage\":\"es-MX\",\"potentialAction\":[{\"@type\":\"ReadAction\",\"target\":[\"https:\/\/graziamagazine.com\/mx\/articles\/cuando-cortar-el-pelo-calendario-lunar-septiembre-2026\/\"]}]},{\"@type\":\"BreadcrumbList\",\"@id\":\"https:\/\/graziamagazine.com\/mx\/articles\/cuando-cortar-el-pelo-calendario-lunar-septiembre-2026\/#breadcrumb\",\"itemListElement\":[{\"@type\":\"ListItem\",\"position\":1,\"name\":\"Home\",\"item\":\"https:\/\/graziamagazine.com\/mx\/\"},{\"@type\":\"ListItem\",\"position\":2,\"name\":\"Los mejores d\u00edas para cortar el cabello en septiembre 2026 seg\u00fan el calendario lunar\"}]},{\"@type\":\"WebSite\",\"@id\":\"https:\/\/graziamagazine.com\/mx\/#website\",\"url\":\"https:\/\/graziamagazine.com\/mx\/\",\"name\":\"Grazia M\u00e9xico y Latinoam\u00e9rica\",\"description\":\"Grazia es moda, belleza y noticias  de actualidad \",\"potentialAction\":[{\"@type\":\"SearchAction\",\"target\":{\"@type\":\"EntryPoint\",\"urlTemplate\":\"https:\/\/graziamagazine.com\/mx\/?s={search_term_string}\"},\"query-input\":\"required name=search_term_string\"}],\"inLanguage\":\"es-MX\"}]}<\/script>\n<!-- \/ Yoast SEO Premium plugin. -->","yoast_head_json":{"title":"Los mejores d\u00edas para cortar el cabello en septiembre 2026 seg\u00fan el calendario lunar | Grazia M\u00e9xico y Latinoam\u00e9rica","description":"Descubre los mejores d\u00edas para cortar el cabello en septiembre 2026 seg\u00fan el calendario lunar, y las fechas ideales para te\u00f1irlo","robots":{"index":"index","follow":"follow","max-snippet":"max-snippet:-1","max-image-preview":"max-image-preview:large","max-video-preview":"max-video-preview:-1"},"canonical":"https:\/\/graziamagazine.com\/mx\/articles\/cuando-cortar-el-pelo-calendario-lunar-septiembre-2026\/","og_locale":"es_MX","og_type":"article","og_title":"Los mejores d\u00edas para cortar el cabello en septiembre 2026 seg\u00fan el calendario lunar","og_description":"Descubre los mejores d\u00edas para cortar el cabello en septiembre 2026 seg\u00fan el calendario lunar, y las fechas ideales para te\u00f1irlo","og_url":"https:\/\/graziamagazine.com\/mx\/articles\/cuando-cortar-el-pelo-calendario-lunar-septiembre-2026\/","og_site_name":"Grazia M\u00e9xico y Latinoam\u00e9rica","article_modified_time":"2026-08-31T18:24:42+00:00","og_image":[{"width":1080,"height":1350,"url":"https:\/\/graziamagazine.com\/mx\/wp-content\/uploads\/sites\/13\/2026\/08\/IMG_7725.jpeg","type":"image\/jpeg"}],"twitter_card":"summary_large_image","twitter_misc":{"Est. reading time":"3 minutos"},"schema":{"@context":"https:\/\/schema.org","@graph":[{"@type":"WebPage","@id":"https:\/\/graziamagazine.com\/mx\/articles\/cuando-cortar-el-pelo-calendario-lunar-septiembre-2026\/","url":"https:\/\/graziamagazine.com\/mx\/articles\/cuando-cortar-el-pelo-calendario-lunar-septiembre-2026\/","name":"Los mejores d\u00edas para cortar el cabello en septiembre 2026 seg\u00fan el calendario lunar | Grazia M\u00e9xico y Latinoam\u00e9rica","isPartOf":{"@id":"https:\/\/graziamagazine.com\/mx\/#website"},"datePublished":"2026-08-31T17:00:52+00:00","dateModified":"2026-08-31T18:24:42+00:00","description":"Descubre los mejores d\u00edas para cortar el cabello en septiembre 2026 seg\u00fan el calendario lunar, y las fechas ideales para te\u00f1irlo","breadcrumb":{"@id":"https:\/\/graziamagazine.com\/mx\/articles\/cuando-cortar-el-pelo-calendario-lunar-septiembre-2026\/#breadcrumb"},"inLanguage":"es-MX","potentialAction":[{"@type":"ReadAction","target":["https:\/\/graziamagazine.com\/mx\/articles\/cuando-cortar-el-pelo-calendario-lunar-septiembre-2026\/"]}]},{"@type":"BreadcrumbList","@id":"https:\/\/graziamagazine.com\/mx\/articles\/cuando-cortar-el-pelo-calendario-lunar-septiembre-2026\/#breadcrumb","itemListElement":[{"@type":"ListItem","position":1,"name":"Home","item":"https:\/\/graziamagazine.com\/mx\/"},{"@type":"ListItem","position":2,"name":"Los mejores d\u00edas para cortar el cabello en septiembre 2026 seg\u00fan el calendario lunar"}]},{"@type":"WebSite","@id":"https:\/\/graziamagazine.com\/mx\/#website","url":"https:\/\/graziamagazine.com\/mx\/","name":"Grazia M\u00e9xico y Latinoam\u00e9rica","description":"Grazia es moda, belleza y noticias  de actualidad ","potentialAction":[{"@type":"SearchAction","target":{"@type":"EntryPoint","urlTemplate":"https:\/\/graziamagazine.com\/mx\/?s={search_term_string}"},"query-input":"required name=search_term_string"}],"inLanguage":"es-MX"}]}},"jetpack_sharing_enabled":true,"distributor_meta":false,"distributor_terms":false,"distributor_media":false,"distributor_original_site_name":"Grazia M\u00e9xico y Latinoam\u00e9rica","distributor_original_site_url":"https:\/\/graziamagazine.com\/mx","push-errors":false,"_links":{"self":[{"href":"https:\/\/graziamagazine.com\/mx\/wp-json\/wp\/v2\/articles\/176534"}],"collection":[{"href":"https:\/\/graziamagazine.com\/mx\/wp-json\/wp\/v2\/articles"}],"about":[{"href":"https:\/\/graziamagazine.com\/mx\/wp-json\/wp\/v2\/types\/articles"}],"author":[{"embeddable":true,"href":"https:\/\/graziamagazine.com\/mx\/wp-json\/wp\/v2\/users\/42774"}],"wp:featuredmedia":[{"embeddable":true,"href":"https:\/\/graziamagazine.com\/mx\/wp-json\/wp\/v2\/media\/176536"}],"wp:attachment":[{"href":"https:\/\/graziamagazine.com\/mx\/wp-json\/wp\/v2\/media?parent=176534"}],"wp:term":[{"taxonomy":"category","embeddable":true,"href":"https:\/\/graziamagazine.com\/mx\/wp-json\/wp\/v2\/categories?post=176534"}],"curies":[{"name":"wp","href":"https:\/\/api.w.org\/{rel}","templated":true}]}}