{"id":176533,"date":"2026-08-31T11:27:36","date_gmt":"2026-08-31T16:27:36","guid":{"rendered":"https:\/\/graziamagazine.com\/mx\/?post_type=articles&#038;p=176533"},"modified":"2026-08-31T16:36:00","modified_gmt":"2026-08-31T21:36:00","slug":"manicura-anos-80-otono-2026","status":"publish","type":"articles","link":"https:\/\/graziamagazine.com\/mx\/articles\/manicura-anos-80-otono-2026\/","title":{"rendered":"U\u00f1as ochenteras: el regreso m\u00e1s nost\u00e1lgico del oto\u00f1o 2026"},"content":{"rendered":"<p class=\"isSelectedEnd\">\u00bfY si este oto\u00f1o dejamos por un momento las manicuras discretas? Despu\u00e9s de varias temporadas dominadas por los tonos nude, las u\u00f1as minimalistas y los acabados casi imperceptibles, la belleza vuelve la mirada hacia una d\u00e9cada que nunca tuvo miedo de exagerar.<\/p>\n<p class=\"isSelectedEnd\"><strong>El oto\u00f1o de 2026 recupera la actitud de los a\u00f1os 80<\/strong>, pero lo hace desde una perspectiva m\u00e1s sofisticada: rojos intensos, acabados nacarados, <a href=\"https:\/\/graziamagazine.com\/mx\/articles\/unas-de-los-90-en-tendencia-2026\/\">u\u00f1as<\/a> naturales, francesas de l\u00edneas marcadas y rosas vibrantes.<\/p>\n<figure id=\"attachment_176560\" aria-describedby=\"caption-attachment-176560\" style=\"width: 736px\" class=\"wp-caption alignnone\"><img loading=\"lazy\" decoding=\"async\" class=\"wp-image-176560\" src=\"https:\/\/graziamagazine.com\/mx\/wp-content\/uploads\/sites\/13\/2026\/08\/diana-de-gales-un\u0303as-rosas-1989.jpeg\" alt=\"Diana de Gales sonriendo elegantemente mientras sostiene un bolso de mano rosa a juego con su vestido bicolor en 1989.\" width=\"736\" height=\"1104\" srcset=\"https:\/\/graziamagazine.com\/mx\/wp-content\/uploads\/sites\/13\/2026\/08\/diana-de-gales-un\u0303as-rosas-1989.jpeg 1600w, https:\/\/graziamagazine.com\/mx\/wp-content\/uploads\/sites\/13\/2026\/08\/diana-de-gales-un\u0303as-rosas-1989-300x450.jpeg 300w, https:\/\/graziamagazine.com\/mx\/wp-content\/uploads\/sites\/13\/2026\/08\/diana-de-gales-un\u0303as-rosas-1989-683x1024.jpeg 683w, https:\/\/graziamagazine.com\/mx\/wp-content\/uploads\/sites\/13\/2026\/08\/diana-de-gales-un\u0303as-rosas-1989-768x1152.jpeg 768w, https:\/\/graziamagazine.com\/mx\/wp-content\/uploads\/sites\/13\/2026\/08\/diana-de-gales-un\u0303as-rosas-1989-1024x1536.jpeg 1024w, https:\/\/graziamagazine.com\/mx\/wp-content\/uploads\/sites\/13\/2026\/08\/diana-de-gales-un\u0303as-rosas-1989-1365x2048.jpeg 1365w, https:\/\/graziamagazine.com\/mx\/wp-content\/uploads\/sites\/13\/2026\/08\/diana-de-gales-un\u0303as-rosas-1989-400x600.jpeg 400w, https:\/\/graziamagazine.com\/mx\/wp-content\/uploads\/sites\/13\/2026\/08\/diana-de-gales-un\u0303as-rosas-1989-143x215.jpeg 143w\" sizes=\"(max-width: 736px) 100vw, 736px\" \/><figcaption id=\"caption-attachment-176560\" class=\"wp-caption-text\">Diana de Gales supo equilibrar la sofisticaci\u00f3n de la realeza con las tendencias crom\u00e1ticas m\u00e1s ic\u00f3nicas del final de la d\u00e9cada. Foto: Getty Images.<\/figcaption><\/figure>\n<p class=\"isSelectedEnd\">La inspiraci\u00f3n est\u00e1 en una d\u00e9cada definida por el contraste. Junto a colores intensos y acabados brillantes conviv\u00edan manicuras mucho m\u00e1s discretas, demostrando que la est\u00e9tica ochentera pod\u00eda moverse entre el maximalismo y la elegancia m\u00e1s contenida.<\/p>\n<h2>U\u00f1as de color rojo fuego<\/h2>\n<figure id=\"attachment_176554\" aria-describedby=\"caption-attachment-176554\" style=\"width: 736px\" class=\"wp-caption alignnone\"><img loading=\"lazy\" decoding=\"async\" class=\"size-full wp-image-176554\" src=\"https:\/\/graziamagazine.com\/mx\/wp-content\/uploads\/sites\/13\/2026\/08\/1-12.jpeg\" alt=\"Mano con manicura corta y redondeada en un tono rojo brillante e intenso con acabado ultrabrillante.\" width=\"736\" height=\"920\" srcset=\"https:\/\/graziamagazine.com\/mx\/wp-content\/uploads\/sites\/13\/2026\/08\/1-12.jpeg 736w, https:\/\/graziamagazine.com\/mx\/wp-content\/uploads\/sites\/13\/2026\/08\/1-12-360x450.jpeg 360w, https:\/\/graziamagazine.com\/mx\/wp-content\/uploads\/sites\/13\/2026\/08\/1-12-400x500.jpeg 400w, https:\/\/graziamagazine.com\/mx\/wp-content\/uploads\/sites\/13\/2026\/08\/1-12-155x194.jpeg 155w\" sizes=\"(max-width: 736px) 100vw, 736px\" \/><figcaption id=\"caption-attachment-176554\" class=\"wp-caption-text\">El cl\u00e1sico rojo cereza con acabado glossy evoca la intensidad y el poder visual de las tendencias de belleza de los a\u00f1os ochenta. Fuente: Pinterest.<\/figcaption><\/figure>\n<p class=\"isSelectedEnd\">Al hablar de <strong>las u\u00f1as de los a\u00f1os 80<\/strong>, es imposible no mencionar el esmalte rojo. Intenso, brillante y profundamente cl\u00e1sico, funcionaba igual de bien sobre u\u00f1as largas y almendradas que sobre formas cortas y redondeadas.<\/p>\n<p class=\"isSelectedEnd\">Para el oto\u00f1o de 2026, el rojo regresa con la misma seguridad, aunque con acabados m\u00e1s pulidos y una est\u00e9tica menos recargada. Un rojo cereza, escarlata o ligeramente oscuro funciona como el equivalente beauty de un buen labial rojo: cl\u00e1sico, contundente y pr\u00e1cticamente imposible de ignorar.<\/p>\n<h2>U\u00f1as plateadas nacaradas<\/h2>\n<figure id=\"attachment_176556\" aria-describedby=\"caption-attachment-176556\" style=\"width: 736px\" class=\"wp-caption alignnone\"><img loading=\"lazy\" decoding=\"async\" class=\"size-full wp-image-176556\" src=\"https:\/\/graziamagazine.com\/mx\/wp-content\/uploads\/sites\/13\/2026\/08\/3-8.jpeg\" alt=\"Mano con u\u00f1as cortas y efecto perlescente plateado brillante, luciendo una camiseta blanca estampada.\" width=\"736\" height=\"1139\" srcset=\"https:\/\/graziamagazine.com\/mx\/wp-content\/uploads\/sites\/13\/2026\/08\/3-8.jpeg 736w, https:\/\/graziamagazine.com\/mx\/wp-content\/uploads\/sites\/13\/2026\/08\/3-8-291x450.jpeg 291w, https:\/\/graziamagazine.com\/mx\/wp-content\/uploads\/sites\/13\/2026\/08\/3-8-662x1024.jpeg 662w, https:\/\/graziamagazine.com\/mx\/wp-content\/uploads\/sites\/13\/2026\/08\/3-8-400x619.jpeg 400w, https:\/\/graziamagazine.com\/mx\/wp-content\/uploads\/sites\/13\/2026\/08\/3-8-139x215.jpeg 139w\" sizes=\"(max-width: 736px) 100vw, 736px\" \/><figcaption id=\"caption-attachment-176556\" class=\"wp-caption-text\">El acabado metalizado perlado reinterpreta el futurismo y la excentricidad disco caracter\u00edstica de la d\u00e9cada de 1980. Fuente: Pinterest.<\/figcaption><\/figure>\n<p class=\"isSelectedEnd\">Las <strong>u\u00f1as plateadas nacaradas<\/strong> recuperan la faceta m\u00e1s futurista y disco de los a\u00f1os 80. Su acabado iridiscente captura la luz y aporta una dimensi\u00f3n casi met\u00e1lica a las manos, convirtiendo un color cl\u00e1sico en una propuesta mucho m\u00e1s llamativa.<\/p>\n<p class=\"isSelectedEnd\">Hoy, esta manicura vuelve a sentirse especialmente vigente. El acabado perlado permite recuperar el esp\u00edritu maximalista de la d\u00e9cada sin necesidad de recurrir a dise\u00f1os complejos. El resultado es una u\u00f1a luminosa, sofisticada y ligeramente futurista.<\/p>\n<h2>U\u00f1as naturales cortas<\/h2>\n<figure id=\"attachment_176557\" aria-describedby=\"caption-attachment-176557\" style=\"width: 736px\" class=\"wp-caption alignnone\"><img loading=\"lazy\" decoding=\"async\" class=\"size-full wp-image-176557\" src=\"https:\/\/graziamagazine.com\/mx\/wp-content\/uploads\/sites\/13\/2026\/08\/4-3.jpeg\" alt=\"Mano con manicura minimalista de acabado natural, ultra limpio y pulido en tono nude lechoso.\" width=\"736\" height=\"1104\" srcset=\"https:\/\/graziamagazine.com\/mx\/wp-content\/uploads\/sites\/13\/2026\/08\/4-3.jpeg 736w, https:\/\/graziamagazine.com\/mx\/wp-content\/uploads\/sites\/13\/2026\/08\/4-3-300x450.jpeg 300w, https:\/\/graziamagazine.com\/mx\/wp-content\/uploads\/sites\/13\/2026\/08\/4-3-683x1024.jpeg 683w, https:\/\/graziamagazine.com\/mx\/wp-content\/uploads\/sites\/13\/2026\/08\/4-3-400x600.jpeg 400w, https:\/\/graziamagazine.com\/mx\/wp-content\/uploads\/sites\/13\/2026\/08\/4-3-143x215.jpeg 143w\" sizes=\"(max-width: 736px) 100vw, 736px\" \/><figcaption id=\"caption-attachment-176557\" class=\"wp-caption-text\">La sencillez sofisticada de las u\u00f1as efecto &#8220;clean girl&#8221; encuentra su inspiraci\u00f3n en la elegancia pulida de los iconos ochenteros. Fuente: Pinterest.<\/figcaption><\/figure>\n<p class=\"isSelectedEnd\">No todo en los a\u00f1os 80 era exceso. La d\u00e9cada tambi\u00e9n tuvo una vertiente mucho m\u00e1s contenida, representada por <strong>u\u00f1as cortas, cuidadas y pr\u00e1cticamente naturales<\/strong>.<\/p>\n<p class=\"isSelectedEnd\">No cabe duda de que las tendencias de belleza de 2026 se han centrado en un aspecto en particular: el regreso a la naturalidad. Una tendencia que tambi\u00e9n se ha extendido al mundo de las manicuras, con <strong>u\u00f1as cortas cubiertas apenas por una capa de brillo<\/strong>. La propuesta recupera una idea sencilla pero poderosa: unas manos perfectamente cuidadas no necesitan demasiado para verse elegantes.<\/p>\n<h2>Manicura francesa<\/h2>\n<figure id=\"attachment_176558\" aria-describedby=\"caption-attachment-176558\" style=\"width: 736px\" class=\"wp-caption alignnone\"><img loading=\"lazy\" decoding=\"async\" class=\"size-full wp-image-176558\" src=\"https:\/\/graziamagazine.com\/mx\/wp-content\/uploads\/sites\/13\/2026\/08\/bright-french-tip-nails-Bright-Clean_-The-Perfect-Modern-French-Manicure-\u2601\ufe0f\u2728.jpeg\" alt=\"Mano con manicura francesa cl\u00e1sica de base rosada transl\u00facida y l\u00edneas blancas definidas en las puntas, luciendo un anillo sutil.\" width=\"736\" height=\"1104\" srcset=\"https:\/\/graziamagazine.com\/mx\/wp-content\/uploads\/sites\/13\/2026\/08\/bright-french-tip-nails-Bright-Clean_-The-Perfect-Modern-French-Manicure-\u2601\ufe0f\u2728.jpeg 736w, https:\/\/graziamagazine.com\/mx\/wp-content\/uploads\/sites\/13\/2026\/08\/bright-french-tip-nails-Bright-Clean_-The-Perfect-Modern-French-Manicure-\u2601\ufe0f\u2728-300x450.jpeg 300w, https:\/\/graziamagazine.com\/mx\/wp-content\/uploads\/sites\/13\/2026\/08\/bright-french-tip-nails-Bright-Clean_-The-Perfect-Modern-French-Manicure-\u2601\ufe0f\u2728-683x1024.jpeg 683w, https:\/\/graziamagazine.com\/mx\/wp-content\/uploads\/sites\/13\/2026\/08\/bright-french-tip-nails-Bright-Clean_-The-Perfect-Modern-French-Manicure-\u2601\ufe0f\u2728-400x600.jpeg 400w, https:\/\/graziamagazine.com\/mx\/wp-content\/uploads\/sites\/13\/2026\/08\/bright-french-tip-nails-Bright-Clean_-The-Perfect-Modern-French-Manicure-\u2601\ufe0f\u2728-143x215.jpeg 143w\" sizes=\"(max-width: 736px) 100vw, 736px\" \/><figcaption id=\"caption-attachment-176558\" class=\"wp-caption-text\">La manicura francesa tradicional se consolida como el comod\u00edn atemporal que domin\u00f3 las manos de las grandes estrellas de los a\u00f1os ochenta. Fuente: Pinterest.<\/figcaption><\/figure>\n<p class=\"isSelectedEnd\">La <strong>manicura francesa<\/strong> puede considerarse uno de los grandes b\u00e1sicos del mundo de las u\u00f1as. Esencialmente atemporal, se reinterpreta de forma diferente en cada d\u00e9cada.<\/p>\n<p class=\"isSelectedEnd\">En los a\u00f1os 80, la vimos con una l\u00ednea blanca mucho m\u00e1s ancha que la que asociamos actualmente con la manicura francesa. La punta blanca sobre una base nude y las u\u00f1as largas, ligeramente ovaladas, constru\u00edan una versi\u00f3n m\u00e1s marcada de este cl\u00e1sico.<\/p>\n<p class=\"isSelectedEnd\">La tendencia regresa ahora en distintas versiones, desde la francesa invisible, con una base transparente y una punta blanca lechosa, hasta dise\u00f1os con puntas de color. La clave est\u00e1 en conservar la estructura reconocible de la manicura y cambiar \u00fanicamente su proporci\u00f3n, acabado o tonalidad.<\/p>\n<h2>U\u00f1as rosa chicle<\/h2>\n<figure id=\"attachment_176555\" aria-describedby=\"caption-attachment-176555\" style=\"width: 736px\" class=\"wp-caption alignnone\"><img loading=\"lazy\" decoding=\"async\" class=\"size-full wp-image-176555\" src=\"https:\/\/graziamagazine.com\/mx\/wp-content\/uploads\/sites\/13\/2026\/08\/2-11.jpeg\" alt=\"Mano con u\u00f1as cortas almendradas en tono rosa pastel s\u00f3lido, posando sobre un su\u00e9ter tejido de punto color beige.\" width=\"736\" height=\"893\" srcset=\"https:\/\/graziamagazine.com\/mx\/wp-content\/uploads\/sites\/13\/2026\/08\/2-11.jpeg 736w, https:\/\/graziamagazine.com\/mx\/wp-content\/uploads\/sites\/13\/2026\/08\/2-11-371x450.jpeg 371w, https:\/\/graziamagazine.com\/mx\/wp-content\/uploads\/sites\/13\/2026\/08\/2-11-400x485.jpeg 400w, https:\/\/graziamagazine.com\/mx\/wp-content\/uploads\/sites\/13\/2026\/08\/2-11-155x188.jpeg 155w\" sizes=\"(max-width: 736px) 100vw, 736px\" \/><figcaption id=\"caption-attachment-176555\" class=\"wp-caption-text\">Los tonos pastel vibrantes y cremosos regresan con fuerza, aportando un toque retro y delicado inspirado en la est\u00e9tica pop de la \u00e9poca. Fuente: Pinterest.<\/figcaption><\/figure>\n<p class=\"isSelectedEnd\">El <strong>rosa chicle<\/strong> representa otra de las caras m\u00e1s divertidas de la manicura ochentera. Intenso, femenino y deliberadamente llamativo, el tono acompa\u00f1aba la est\u00e9tica exuberante de la \u00e9poca y convert\u00eda las u\u00f1as en un elemento protagonista del look.<\/p>\n<p class=\"isSelectedEnd\">Para el oto\u00f1o de 2026, el rosa regresa con una lectura m\u00e1s sofisticada. Puede llevarse en su versi\u00f3n m\u00e1s vibrante para recuperar el esp\u00edritu pop de la d\u00e9cada, pero tambi\u00e9n en tonalidades ligeramente empolvadas o cremosas que suavizan su intensidad. En u\u00f1as cortas, medias o ligeramente almendradas, el resultado conserva ese punto juguet\u00f3n de los 80 sin sentirse disfrazado.<\/p>\n<p>La verdadera actualizaci\u00f3n est\u00e1 precisamente ah\u00ed: <strong>no se trata de copiar la d\u00e9cada, sino de recuperar su actitud<\/strong>. Porque si algo define el regreso de esta est\u00e9tica es la libertad para elegir entre lo discreto y lo llamativo. Este oto\u00f1o, las u\u00f1as vuelven a ocupar un lugar protagonista en el look.<\/p>\n","protected":false},"author":28953,"featured_media":176561,"template":"","format":"standard","categories":[3],"acf":[],"yoast_head":"<!-- This site is optimized with the Yoast SEO Premium plugin v18.5 (Yoast SEO v20.4) - https:\/\/yoast.com\/wordpress\/plugins\/seo\/ -->\n<title>U\u00f1as ochenteras: el regreso m\u00e1s nost\u00e1lgico del oto\u00f1o 2026<\/title>\n<meta name=\"description\" content=\"Colores intensos, acabados brillantes y una dosis de dramatismo recuperan el glamour ochentero para convertir las manos en protagonistas\" \/>\n<meta name=\"robots\" content=\"index, follow, max-snippet:-1, max-image-preview:large, max-video-preview:-1\" \/>\n<link rel=\"canonical\" href=\"https:\/\/graziamagazine.com\/mx\/articles\/manicura-anos-80-otono-2026\/\" \/>\n<meta property=\"og:locale\" content=\"es_MX\" \/>\n<meta property=\"og:type\" content=\"article\" \/>\n<meta property=\"og:title\" content=\"U\u00f1as ochenteras: el regreso m\u00e1s nost\u00e1lgico del oto\u00f1o 2026\" \/>\n<meta property=\"og:description\" content=\"Colores intensos, acabados brillantes y una dosis de dramatismo recuperan el glamour ochentero para convertir las manos en protagonistas\" \/>\n<meta property=\"og:url\" content=\"https:\/\/graziamagazine.com\/mx\/articles\/manicura-anos-80-otono-2026\/\" \/>\n<meta property=\"og:site_name\" content=\"Grazia M\u00e9xico y Latinoam\u00e9rica\" \/>\n<meta property=\"article:modified_time\" content=\"2026-08-31T21:36:00+00:00\" \/>\n<meta property=\"og:image\" content=\"https:\/\/graziamagazine.com\/mx\/wp-content\/uploads\/sites\/13\/2026\/08\/sheena-easton-un\u0303as-rojas-1985-e1788206607732.jpeg\" \/>\n\t<meta property=\"og:image:width\" content=\"1600\" \/>\n\t<meta property=\"og:image:height\" content=\"1312\" \/>\n\t<meta property=\"og:image:type\" content=\"image\/jpeg\" \/>\n<meta name=\"twitter:card\" content=\"summary_large_image\" \/>\n<meta name=\"twitter:label1\" content=\"Est. reading time\" \/>\n\t<meta name=\"twitter:data1\" content=\"5 minutos\" \/>\n<script type=\"application\/ld+json\" class=\"yoast-schema-graph\">{\"@context\":\"https:\/\/schema.org\",\"@graph\":[{\"@type\":\"WebPage\",\"@id\":\"https:\/\/graziamagazine.com\/mx\/articles\/manicura-anos-80-otono-2026\/\",\"url\":\"https:\/\/graziamagazine.com\/mx\/articles\/manicura-anos-80-otono-2026\/\",\"name\":\"U\u00f1as ochenteras: el regreso m\u00e1s nost\u00e1lgico del oto\u00f1o 2026\",\"isPartOf\":{\"@id\":\"https:\/\/graziamagazine.com\/mx\/#website\"},\"datePublished\":\"2026-08-31T16:27:36+00:00\",\"dateModified\":\"2026-08-31T21:36:00+00:00\",\"description\":\"Colores intensos, acabados brillantes y una dosis de dramatismo recuperan el glamour ochentero para convertir las manos en protagonistas\",\"breadcrumb\":{\"@id\":\"https:\/\/graziamagazine.com\/mx\/articles\/manicura-anos-80-otono-2026\/#breadcrumb\"},\"inLanguage\":\"es-MX\",\"potentialAction\":[{\"@type\":\"ReadAction\",\"target\":[\"https:\/\/graziamagazine.com\/mx\/articles\/manicura-anos-80-otono-2026\/\"]}]},{\"@type\":\"BreadcrumbList\",\"@id\":\"https:\/\/graziamagazine.com\/mx\/articles\/manicura-anos-80-otono-2026\/#breadcrumb\",\"itemListElement\":[{\"@type\":\"ListItem\",\"position\":1,\"name\":\"Home\",\"item\":\"https:\/\/graziamagazine.com\/mx\/\"},{\"@type\":\"ListItem\",\"position\":2,\"name\":\"U\u00f1as ochenteras: el regreso m\u00e1s nost\u00e1lgico del oto\u00f1o 2026\"}]},{\"@type\":\"WebSite\",\"@id\":\"https:\/\/graziamagazine.com\/mx\/#website\",\"url\":\"https:\/\/graziamagazine.com\/mx\/\",\"name\":\"Grazia M\u00e9xico y Latinoam\u00e9rica\",\"description\":\"Grazia es moda, belleza y noticias  de actualidad \",\"potentialAction\":[{\"@type\":\"SearchAction\",\"target\":{\"@type\":\"EntryPoint\",\"urlTemplate\":\"https:\/\/graziamagazine.com\/mx\/?s={search_term_string}\"},\"query-input\":\"required name=search_term_string\"}],\"inLanguage\":\"es-MX\"}]}<\/script>\n<!-- \/ Yoast SEO Premium plugin. -->","yoast_head_json":{"title":"U\u00f1as ochenteras: el regreso m\u00e1s nost\u00e1lgico del oto\u00f1o 2026","description":"Colores intensos, acabados brillantes y una dosis de dramatismo recuperan el glamour ochentero para convertir las manos en protagonistas","robots":{"index":"index","follow":"follow","max-snippet":"max-snippet:-1","max-image-preview":"max-image-preview:large","max-video-preview":"max-video-preview:-1"},"canonical":"https:\/\/graziamagazine.com\/mx\/articles\/manicura-anos-80-otono-2026\/","og_locale":"es_MX","og_type":"article","og_title":"U\u00f1as ochenteras: el regreso m\u00e1s nost\u00e1lgico del oto\u00f1o 2026","og_description":"Colores intensos, acabados brillantes y una dosis de dramatismo recuperan el glamour ochentero para convertir las manos en protagonistas","og_url":"https:\/\/graziamagazine.com\/mx\/articles\/manicura-anos-80-otono-2026\/","og_site_name":"Grazia M\u00e9xico y Latinoam\u00e9rica","article_modified_time":"2026-08-31T21:36:00+00:00","og_image":[{"width":1600,"height":1312,"url":"https:\/\/graziamagazine.com\/mx\/wp-content\/uploads\/sites\/13\/2026\/08\/sheena-easton-un\u0303as-rojas-1985-e1788206607732.jpeg","type":"image\/jpeg"}],"twitter_card":"summary_large_image","twitter_misc":{"Est. reading time":"5 minutos"},"schema":{"@context":"https:\/\/schema.org","@graph":[{"@type":"WebPage","@id":"https:\/\/graziamagazine.com\/mx\/articles\/manicura-anos-80-otono-2026\/","url":"https:\/\/graziamagazine.com\/mx\/articles\/manicura-anos-80-otono-2026\/","name":"U\u00f1as ochenteras: el regreso m\u00e1s nost\u00e1lgico del oto\u00f1o 2026","isPartOf":{"@id":"https:\/\/graziamagazine.com\/mx\/#website"},"datePublished":"2026-08-31T16:27:36+00:00","dateModified":"2026-08-31T21:36:00+00:00","description":"Colores intensos, acabados brillantes y una dosis de dramatismo recuperan el glamour ochentero para convertir las manos en protagonistas","breadcrumb":{"@id":"https:\/\/graziamagazine.com\/mx\/articles\/manicura-anos-80-otono-2026\/#breadcrumb"},"inLanguage":"es-MX","potentialAction":[{"@type":"ReadAction","target":["https:\/\/graziamagazine.com\/mx\/articles\/manicura-anos-80-otono-2026\/"]}]},{"@type":"BreadcrumbList","@id":"https:\/\/graziamagazine.com\/mx\/articles\/manicura-anos-80-otono-2026\/#breadcrumb","itemListElement":[{"@type":"ListItem","position":1,"name":"Home","item":"https:\/\/graziamagazine.com\/mx\/"},{"@type":"ListItem","position":2,"name":"U\u00f1as ochenteras: el regreso m\u00e1s nost\u00e1lgico del oto\u00f1o 2026"}]},{"@type":"WebSite","@id":"https:\/\/graziamagazine.com\/mx\/#website","url":"https:\/\/graziamagazine.com\/mx\/","name":"Grazia M\u00e9xico y Latinoam\u00e9rica","description":"Grazia es moda, belleza y noticias  de actualidad ","potentialAction":[{"@type":"SearchAction","target":{"@type":"EntryPoint","urlTemplate":"https:\/\/graziamagazine.com\/mx\/?s={search_term_string}"},"query-input":"required name=search_term_string"}],"inLanguage":"es-MX"}]}},"jetpack_sharing_enabled":true,"distributor_meta":false,"distributor_terms":false,"distributor_media":false,"distributor_original_site_name":"Grazia M\u00e9xico y Latinoam\u00e9rica","distributor_original_site_url":"https:\/\/graziamagazine.com\/mx","push-errors":false,"_links":{"self":[{"href":"https:\/\/graziamagazine.com\/mx\/wp-json\/wp\/v2\/articles\/176533"}],"collection":[{"href":"https:\/\/graziamagazine.com\/mx\/wp-json\/wp\/v2\/articles"}],"about":[{"href":"https:\/\/graziamagazine.com\/mx\/wp-json\/wp\/v2\/types\/articles"}],"author":[{"embeddable":true,"href":"https:\/\/graziamagazine.com\/mx\/wp-json\/wp\/v2\/users\/28953"}],"wp:featuredmedia":[{"embeddable":true,"href":"https:\/\/graziamagazine.com\/mx\/wp-json\/wp\/v2\/media\/176561"}],"wp:attachment":[{"href":"https:\/\/graziamagazine.com\/mx\/wp-json\/wp\/v2\/media?parent=176533"}],"wp:term":[{"taxonomy":"category","embeddable":true,"href":"https:\/\/graziamagazine.com\/mx\/wp-json\/wp\/v2\/categories?post=176533"}],"curies":[{"name":"wp","href":"https:\/\/api.w.org\/{rel}","templated":true}]}}