{"id":176485,"date":"2026-08-30T07:30:41","date_gmt":"2026-08-30T12:30:41","guid":{"rendered":"https:\/\/graziamagazine.com\/mx\/?post_type=articles&#038;p=176485"},"modified":"2026-08-30T17:09:33","modified_gmt":"2026-08-30T22:09:33","slug":"estampado-cuadros-tendencia-otono-invierno-2026","status":"publish","type":"articles","link":"https:\/\/graziamagazine.com\/mx\/articles\/estampado-cuadros-tendencia-otono-invierno-2026\/","title":{"rendered":"El estampado de cuadros es tendencia este oto\u00f1o-invierno 2026 y as\u00ed puedes combinarlo"},"content":{"rendered":"<p>Los <strong>cuadros<\/strong> son uno de esos <strong>estampados<\/strong> que han logrado mantenerse <strong>vigentes<\/strong> <strong>temporada<\/strong> tras temporada, sin perder su esencia, pero adapt\u00e1ndose a la <strong>actualidad.<\/strong> Para <strong>oto\u00f1o-invierno 2026,<\/strong> este cl\u00e1sico regresa con m\u00e1s versiones para demostrar que no hay una sola <strong>f\u00f3rmula para llevarlos.<\/strong> Veremos desde los tradicionales patrones <strong>inspirados<\/strong> en el <strong>tart\u00e1n<\/strong> y el <strong>pr\u00edncipe de Gales,<\/strong> hasta nuevas propuestas con <strong>cuadros<\/strong> mucho m\u00e1s grandes, con m\u00e1s l\u00edneas, m\u00e1s contraste y colores que no est\u00e1bamos esperando esta temporada.<\/p>\n<p>M\u00e1s all\u00e1 de la est\u00e9tica cl\u00e1sica de ellos, hoy encuentran una forma de <strong>incorporarse<\/strong> a nuestro <strong>guardarropa actual.<\/strong> Adem\u00e1s, aparecen en abrigos, blazers, pantalones, faldas, camisas e incluso accesorios.<\/p>\n<h2>El estampado cl\u00e1sico de oto\u00f1o-invierno<\/h2>\n<figure id=\"attachment_176491\" aria-describedby=\"caption-attachment-176491\" style=\"width: 1200px\" class=\"wp-caption alignnone\"><img loading=\"lazy\" decoding=\"async\" class=\"size-full wp-image-176491\" src=\"https:\/\/graziamagazine.com\/mx\/wp-content\/uploads\/sites\/13\/2026\/08\/IMG_7719.jpeg\" alt=\"Falda de cuadros \" width=\"1200\" height=\"1800\" srcset=\"https:\/\/graziamagazine.com\/mx\/wp-content\/uploads\/sites\/13\/2026\/08\/IMG_7719.jpeg 1200w, https:\/\/graziamagazine.com\/mx\/wp-content\/uploads\/sites\/13\/2026\/08\/IMG_7719-300x450.jpeg 300w, https:\/\/graziamagazine.com\/mx\/wp-content\/uploads\/sites\/13\/2026\/08\/IMG_7719-683x1024.jpeg 683w, https:\/\/graziamagazine.com\/mx\/wp-content\/uploads\/sites\/13\/2026\/08\/IMG_7719-768x1152.jpeg 768w, https:\/\/graziamagazine.com\/mx\/wp-content\/uploads\/sites\/13\/2026\/08\/IMG_7719-1024x1536.jpeg 1024w, https:\/\/graziamagazine.com\/mx\/wp-content\/uploads\/sites\/13\/2026\/08\/IMG_7719-400x600.jpeg 400w, https:\/\/graziamagazine.com\/mx\/wp-content\/uploads\/sites\/13\/2026\/08\/IMG_7719-143x215.jpeg 143w\" sizes=\"(max-width: 1200px) 100vw, 1200px\" \/><figcaption id=\"caption-attachment-176491\" class=\"wp-caption-text\">Foto: Pinterest<\/figcaption><\/figure>\n<p>Pensar en oto\u00f1o-invierno inmediatamente nos trae a la mente una prenda con estampado de cuadros. Para este 2026, adoptan una est\u00e9tica mucho m\u00e1s actual que todas est\u00e1n amando tener en sus cl\u00f3sets.<\/p>\n<p>Hoy las casas de moda han explorado distintos tama\u00f1os, proporciones, combinaciones de color y dise\u00f1os, desde muy cargados hasta algo m\u00e1s limpio y simple, haciendo que puedas incorporarlo a tu look, desde el m\u00e1s simple hasta el m\u00e1s cargado y extravagante.<\/p>\n<p>Adem\u00e1s, su versatilidad lo posiciona como el estampado favorito para llevar esta temporada, porque con \u00e9l puedes convertirlo en el mero centro de tu look e incluso combinarlo con otras prendas con distintos estampados.<\/p>\n<h2>As\u00ed puedes combinar cuadros con otros estampados<\/h2>\n<figure id=\"attachment_176495\" aria-describedby=\"caption-attachment-176495\" style=\"width: 1179px\" class=\"wp-caption alignnone\"><img loading=\"lazy\" decoding=\"async\" class=\"size-full wp-image-176495\" src=\"https:\/\/graziamagazine.com\/mx\/wp-content\/uploads\/sites\/13\/2026\/08\/IMG_7724.jpeg\" alt=\"Falda de cuadros \" width=\"1179\" height=\"1673\" srcset=\"https:\/\/graziamagazine.com\/mx\/wp-content\/uploads\/sites\/13\/2026\/08\/IMG_7724.jpeg 1179w, https:\/\/graziamagazine.com\/mx\/wp-content\/uploads\/sites\/13\/2026\/08\/IMG_7724-317x450.jpeg 317w, https:\/\/graziamagazine.com\/mx\/wp-content\/uploads\/sites\/13\/2026\/08\/IMG_7724-722x1024.jpeg 722w, https:\/\/graziamagazine.com\/mx\/wp-content\/uploads\/sites\/13\/2026\/08\/IMG_7724-768x1090.jpeg 768w, https:\/\/graziamagazine.com\/mx\/wp-content\/uploads\/sites\/13\/2026\/08\/IMG_7724-1082x1536.jpeg 1082w, https:\/\/graziamagazine.com\/mx\/wp-content\/uploads\/sites\/13\/2026\/08\/IMG_7724-400x568.jpeg 400w, https:\/\/graziamagazine.com\/mx\/wp-content\/uploads\/sites\/13\/2026\/08\/IMG_7724-152x215.jpeg 152w\" sizes=\"(max-width: 1179px) 100vw, 1179px\" \/><figcaption id=\"caption-attachment-176495\" class=\"wp-caption-text\">Foto Pinterest<\/figcaption><\/figure>\n<h4>#1 Elige 2 estampados distintos con color en com\u00fan<\/h4>\n<p>La apuesta segura ser\u00eda <a href=\"https:\/\/graziamagazine.com\/mx\/articles\/como-combinar-estampados\/\">combinar un estampado<\/a> geom\u00e9trico con otro m\u00e1s abstracto, pero siempre teniendo un color en com\u00fan. Puedes elegir uno m\u00e1s grande y dominante que otro.<\/p>\n<h4>#2 Agrega un color s\u00f3lido<\/h4>\n<p>Despu\u00e9s de haber elegido tus dos estampados, a\u00f1ade un color extra que sea completamente liso y que vaya bien con los dem\u00e1s estampados.<\/p>\n<h4>#3 El toque extra<\/h4>\n<p>Para las m\u00e1s extravagantes y que quieran experimentar, integra un tercer estampado. Puede ser de cuadros, flores, rayas, animal print o polka dot.<\/p>\n<h2>Los mejores estampados para llevar con cuadros<\/h2>\n<p>Aunque mezclar estampados entre s\u00ed es una forma de experimentar y darle nuestro propio toque y estilo a cada uno de nuestros looks, estos son algunos de los mejores estampados que mejor van con los cuadros.<\/p>\n<h4>Cuadros + rayas<br \/>\nAnimal print + cuadros<br \/>\nPolka dot + cuadros<br \/>\nCuadros + cuadros<br \/>\nRombos + cuadros<\/h4>\n<h4>As\u00ed se lleva el estampado de cuadros esta temporada<\/h4>\n<div class=\"content-gallery\"><div class=\"gallery-placeholder\"><div class=\"spinner\"><\/div><\/div><span class=\"gallery-pagination\"><\/span><div id=\"gallery-1\" class=\"gallery galleryid-176485 gallery-columns- gallery-size-\"><figure class=\"gallery-item\"><div class=\"gallery-icon landscape\"><img loading=\"lazy\" decoding=\"async\" width=\"1200\" height=\"1800\" src=\"https:\/\/graziamagazine.com\/mx\/wp-content\/uploads\/sites\/13\/2026\/08\/IMG_7722.jpeg\" class=\"lazy\" alt=\"Camisa de cuadros con falda de cuadros FW 26\" srcset=\"https:\/\/graziamagazine.com\/mx\/wp-content\/uploads\/sites\/13\/2026\/08\/IMG_7722.jpeg 1200w, https:\/\/graziamagazine.com\/mx\/wp-content\/uploads\/sites\/13\/2026\/08\/IMG_7722-300x450.jpeg 300w, https:\/\/graziamagazine.com\/mx\/wp-content\/uploads\/sites\/13\/2026\/08\/IMG_7722-683x1024.jpeg 683w, https:\/\/graziamagazine.com\/mx\/wp-content\/uploads\/sites\/13\/2026\/08\/IMG_7722-768x1152.jpeg 768w, https:\/\/graziamagazine.com\/mx\/wp-content\/uploads\/sites\/13\/2026\/08\/IMG_7722-1024x1536.jpeg 1024w, https:\/\/graziamagazine.com\/mx\/wp-content\/uploads\/sites\/13\/2026\/08\/IMG_7722-400x600.jpeg 400w, https:\/\/graziamagazine.com\/mx\/wp-content\/uploads\/sites\/13\/2026\/08\/IMG_7722-143x215.jpeg 143w\" sizes=\"(max-width: 1200px) 100vw, 1200px\" \/><\/div><figcaption class=\"wp-caption-text gallery-caption\" id=\"gallery-1-176493\">Foto: Pinterest <\/figcaption><\/figure><figure class=\"gallery-item\"><div class=\"gallery-icon landscape\"><img loading=\"lazy\" decoding=\"async\" width=\"736\" height=\"1103\" src=\"https:\/\/graziamagazine.com\/mx\/wp-content\/uploads\/sites\/13\/2026\/08\/IMG_7715.jpeg\" class=\"lazy\" alt=\"Falda de cuadros con chakra de cuadros FW 26\" srcset=\"https:\/\/graziamagazine.com\/mx\/wp-content\/uploads\/sites\/13\/2026\/08\/IMG_7715.jpeg 736w, https:\/\/graziamagazine.com\/mx\/wp-content\/uploads\/sites\/13\/2026\/08\/IMG_7715-300x450.jpeg 300w, https:\/\/graziamagazine.com\/mx\/wp-content\/uploads\/sites\/13\/2026\/08\/IMG_7715-683x1024.jpeg 683w, https:\/\/graziamagazine.com\/mx\/wp-content\/uploads\/sites\/13\/2026\/08\/IMG_7715-400x599.jpeg 400w, https:\/\/graziamagazine.com\/mx\/wp-content\/uploads\/sites\/13\/2026\/08\/IMG_7715-143x215.jpeg 143w\" sizes=\"(max-width: 736px) 100vw, 736px\" \/><\/div><figcaption class=\"wp-caption-text gallery-caption\" id=\"gallery-1-176487\">Foto: Pinterest <\/figcaption><\/figure><figure class=\"gallery-item\"><div class=\"gallery-icon landscape\"><img loading=\"lazy\" decoding=\"async\" width=\"1024\" height=\"1537\" src=\"https:\/\/graziamagazine.com\/mx\/wp-content\/uploads\/sites\/13\/2026\/08\/IMG_7717.jpeg\" class=\"lazy\" alt=\"Chamarra de cuadros\" srcset=\"https:\/\/graziamagazine.com\/mx\/wp-content\/uploads\/sites\/13\/2026\/08\/IMG_7717.jpeg 1024w, https:\/\/graziamagazine.com\/mx\/wp-content\/uploads\/sites\/13\/2026\/08\/IMG_7717-300x450.jpeg 300w, https:\/\/graziamagazine.com\/mx\/wp-content\/uploads\/sites\/13\/2026\/08\/IMG_7717-682x1024.jpeg 682w, https:\/\/graziamagazine.com\/mx\/wp-content\/uploads\/sites\/13\/2026\/08\/IMG_7717-768x1153.jpeg 768w, https:\/\/graziamagazine.com\/mx\/wp-content\/uploads\/sites\/13\/2026\/08\/IMG_7717-400x600.jpeg 400w, https:\/\/graziamagazine.com\/mx\/wp-content\/uploads\/sites\/13\/2026\/08\/IMG_7717-143x215.jpeg 143w\" sizes=\"(max-width: 1024px) 100vw, 1024px\" \/><\/div><figcaption class=\"wp-caption-text gallery-caption\" id=\"gallery-1-176489\">Foto: Pinterest <\/figcaption><\/figure><figure class=\"gallery-item\"><div class=\"gallery-icon landscape\"><img loading=\"lazy\" decoding=\"async\" width=\"1148\" height=\"2042\" src=\"https:\/\/graziamagazine.com\/mx\/wp-content\/uploads\/sites\/13\/2026\/08\/IMG_7714.jpeg\" class=\"lazy\" alt=\"Mujer con chamarra de cuadros y falda de cuero\" srcset=\"https:\/\/graziamagazine.com\/mx\/wp-content\/uploads\/sites\/13\/2026\/08\/IMG_7714.jpeg 1148w, https:\/\/graziamagazine.com\/mx\/wp-content\/uploads\/sites\/13\/2026\/08\/IMG_7714-253x450.jpeg 253w, https:\/\/graziamagazine.com\/mx\/wp-content\/uploads\/sites\/13\/2026\/08\/IMG_7714-576x1024.jpeg 576w, https:\/\/graziamagazine.com\/mx\/wp-content\/uploads\/sites\/13\/2026\/08\/IMG_7714-768x1366.jpeg 768w, https:\/\/graziamagazine.com\/mx\/wp-content\/uploads\/sites\/13\/2026\/08\/IMG_7714-864x1536.jpeg 864w, https:\/\/graziamagazine.com\/mx\/wp-content\/uploads\/sites\/13\/2026\/08\/IMG_7714-400x711.jpeg 400w, https:\/\/graziamagazine.com\/mx\/wp-content\/uploads\/sites\/13\/2026\/08\/IMG_7714-121x215.jpeg 121w\" sizes=\"(max-width: 1148px) 100vw, 1148px\" \/><\/div><figcaption class=\"wp-caption-text gallery-caption\" id=\"gallery-1-176486\">Foto: Pinterest <\/figcaption><\/figure><figure class=\"gallery-item\"><div class=\"gallery-icon landscape\"><img loading=\"lazy\" decoding=\"async\" width=\"1170\" height=\"1448\" src=\"https:\/\/graziamagazine.com\/mx\/wp-content\/uploads\/sites\/13\/2026\/08\/IMG_7718.jpeg\" class=\"lazy\" alt=\"Bomber jacket de cuadros\" srcset=\"https:\/\/graziamagazine.com\/mx\/wp-content\/uploads\/sites\/13\/2026\/08\/IMG_7718.jpeg 1170w, https:\/\/graziamagazine.com\/mx\/wp-content\/uploads\/sites\/13\/2026\/08\/IMG_7718-364x450.jpeg 364w, https:\/\/graziamagazine.com\/mx\/wp-content\/uploads\/sites\/13\/2026\/08\/IMG_7718-827x1024.jpeg 827w, https:\/\/graziamagazine.com\/mx\/wp-content\/uploads\/sites\/13\/2026\/08\/IMG_7718-768x950.jpeg 768w, https:\/\/graziamagazine.com\/mx\/wp-content\/uploads\/sites\/13\/2026\/08\/IMG_7718-400x495.jpeg 400w, https:\/\/graziamagazine.com\/mx\/wp-content\/uploads\/sites\/13\/2026\/08\/IMG_7718-155x192.jpeg 155w\" sizes=\"(max-width: 1170px) 100vw, 1170px\" \/><\/div><figcaption class=\"wp-caption-text gallery-caption\" id=\"gallery-1-176490\">Foto: Pinterest <\/figcaption><\/figure><\/div><\/div>\n<p>Gracias a que esta tendencia est\u00e1 protagonizando todas las prendas, podemos experimentar a\u00fan m\u00e1s y mejor. Podemos elegir una prenda con este estampado y dejar que todo lo dem\u00e1s sea liso o acompa\u00f1arlo de otros <em>prints<\/em>.<\/p>\n<p>La forma m\u00e1s cl\u00e1sica de llevar esta tendencia es acompa\u00f1arla de prendas lisas, dejando como protagonista a este estampado y siguiendo un mismo color en com\u00fan. Esto es, sino que es protagonizar con un look que est\u00e9 repleto de pies a cabeza del mismo estampado y dejar que sea el punto focal de todo el look.<\/p>\n<p>Si prefieres, esta temporada se est\u00e1n mezclando distintos estampados de cuadros entre s\u00ed. Aqu\u00ed lo principal ser\u00eda jugar con las proporciones de ellos y los colores. Esta puede ser la forma m\u00e1s arriesgada y protagonista de llevar este print, pero para 2026 es la clave perfecta, adem\u00e1s de mezclarlo junto con otros estampados.<\/p>\n","protected":false},"author":42774,"featured_media":176492,"template":"","format":"standard","categories":[4],"acf":[],"yoast_head":"<!-- This site is optimized with the Yoast SEO Premium plugin v18.5 (Yoast SEO v20.4) - https:\/\/yoast.com\/wordpress\/plugins\/seo\/ -->\n<title>El estampado de cuadros es tendencia este oto\u00f1o-invierno 2026 y as\u00ed puedes combinarlo | Grazia M\u00e9xico y Latinoam\u00e9rica<\/title>\n<meta name=\"description\" content=\"El estampado de cuadros se reinventa este oto\u00f1o-invierno 2026 y estas son las mejores formas de combinarlo y llevarlo esta temporada\" \/>\n<meta name=\"robots\" content=\"index, follow, max-snippet:-1, max-image-preview:large, max-video-preview:-1\" \/>\n<link rel=\"canonical\" href=\"https:\/\/graziamagazine.com\/mx\/articles\/estampado-cuadros-tendencia-otono-invierno-2026\/\" \/>\n<meta property=\"og:locale\" content=\"es_MX\" \/>\n<meta property=\"og:type\" content=\"article\" \/>\n<meta property=\"og:title\" content=\"El estampado de cuadros es tendencia este oto\u00f1o-invierno 2026 y as\u00ed puedes combinarlo\" \/>\n<meta property=\"og:description\" content=\"El estampado de cuadros se reinventa este oto\u00f1o-invierno 2026 y estas son las mejores formas de combinarlo y llevarlo esta temporada\" \/>\n<meta property=\"og:url\" content=\"https:\/\/graziamagazine.com\/mx\/articles\/estampado-cuadros-tendencia-otono-invierno-2026\/\" \/>\n<meta property=\"og:site_name\" content=\"Grazia M\u00e9xico y Latinoam\u00e9rica\" \/>\n<meta property=\"article:modified_time\" content=\"2026-08-30T22:09:33+00:00\" \/>\n<meta property=\"og:image\" content=\"https:\/\/graziamagazine.com\/mx\/wp-content\/uploads\/sites\/13\/2026\/08\/IMG_7720.jpeg\" \/>\n\t<meta property=\"og:image:width\" content=\"1200\" \/>\n\t<meta property=\"og:image:height\" content=\"1800\" \/>\n\t<meta property=\"og:image:type\" content=\"image\/jpeg\" \/>\n<meta name=\"twitter:card\" content=\"summary_large_image\" \/>\n<meta name=\"twitter:label1\" content=\"Est. reading time\" \/>\n\t<meta name=\"twitter:data1\" content=\"3 minutos\" \/>\n<script type=\"application\/ld+json\" class=\"yoast-schema-graph\">{\"@context\":\"https:\/\/schema.org\",\"@graph\":[{\"@type\":\"WebPage\",\"@id\":\"https:\/\/graziamagazine.com\/mx\/articles\/estampado-cuadros-tendencia-otono-invierno-2026\/\",\"url\":\"https:\/\/graziamagazine.com\/mx\/articles\/estampado-cuadros-tendencia-otono-invierno-2026\/\",\"name\":\"El estampado de cuadros es tendencia este oto\u00f1o-invierno 2026 y as\u00ed puedes combinarlo | Grazia M\u00e9xico y Latinoam\u00e9rica\",\"isPartOf\":{\"@id\":\"https:\/\/graziamagazine.com\/mx\/#website\"},\"datePublished\":\"2026-08-30T12:30:41+00:00\",\"dateModified\":\"2026-08-30T22:09:33+00:00\",\"description\":\"El estampado de cuadros se reinventa este oto\u00f1o-invierno 2026 y estas son las mejores formas de combinarlo y llevarlo esta temporada\",\"breadcrumb\":{\"@id\":\"https:\/\/graziamagazine.com\/mx\/articles\/estampado-cuadros-tendencia-otono-invierno-2026\/#breadcrumb\"},\"inLanguage\":\"es-MX\",\"potentialAction\":[{\"@type\":\"ReadAction\",\"target\":[\"https:\/\/graziamagazine.com\/mx\/articles\/estampado-cuadros-tendencia-otono-invierno-2026\/\"]}]},{\"@type\":\"BreadcrumbList\",\"@id\":\"https:\/\/graziamagazine.com\/mx\/articles\/estampado-cuadros-tendencia-otono-invierno-2026\/#breadcrumb\",\"itemListElement\":[{\"@type\":\"ListItem\",\"position\":1,\"name\":\"Home\",\"item\":\"https:\/\/graziamagazine.com\/mx\/\"},{\"@type\":\"ListItem\",\"position\":2,\"name\":\"El estampado de cuadros es tendencia este oto\u00f1o-invierno 2026 y as\u00ed puedes combinarlo\"}]},{\"@type\":\"WebSite\",\"@id\":\"https:\/\/graziamagazine.com\/mx\/#website\",\"url\":\"https:\/\/graziamagazine.com\/mx\/\",\"name\":\"Grazia M\u00e9xico y Latinoam\u00e9rica\",\"description\":\"Grazia es moda, belleza y noticias  de actualidad \",\"potentialAction\":[{\"@type\":\"SearchAction\",\"target\":{\"@type\":\"EntryPoint\",\"urlTemplate\":\"https:\/\/graziamagazine.com\/mx\/?s={search_term_string}\"},\"query-input\":\"required name=search_term_string\"}],\"inLanguage\":\"es-MX\"}]}<\/script>\n<!-- \/ Yoast SEO Premium plugin. -->","yoast_head_json":{"title":"El estampado de cuadros es tendencia este oto\u00f1o-invierno 2026 y as\u00ed puedes combinarlo | Grazia M\u00e9xico y Latinoam\u00e9rica","description":"El estampado de cuadros se reinventa este oto\u00f1o-invierno 2026 y estas son las mejores formas de combinarlo y llevarlo esta temporada","robots":{"index":"index","follow":"follow","max-snippet":"max-snippet:-1","max-image-preview":"max-image-preview:large","max-video-preview":"max-video-preview:-1"},"canonical":"https:\/\/graziamagazine.com\/mx\/articles\/estampado-cuadros-tendencia-otono-invierno-2026\/","og_locale":"es_MX","og_type":"article","og_title":"El estampado de cuadros es tendencia este oto\u00f1o-invierno 2026 y as\u00ed puedes combinarlo","og_description":"El estampado de cuadros se reinventa este oto\u00f1o-invierno 2026 y estas son las mejores formas de combinarlo y llevarlo esta temporada","og_url":"https:\/\/graziamagazine.com\/mx\/articles\/estampado-cuadros-tendencia-otono-invierno-2026\/","og_site_name":"Grazia M\u00e9xico y Latinoam\u00e9rica","article_modified_time":"2026-08-30T22:09:33+00:00","og_image":[{"width":1200,"height":1800,"url":"https:\/\/graziamagazine.com\/mx\/wp-content\/uploads\/sites\/13\/2026\/08\/IMG_7720.jpeg","type":"image\/jpeg"}],"twitter_card":"summary_large_image","twitter_misc":{"Est. reading time":"3 minutos"},"schema":{"@context":"https:\/\/schema.org","@graph":[{"@type":"WebPage","@id":"https:\/\/graziamagazine.com\/mx\/articles\/estampado-cuadros-tendencia-otono-invierno-2026\/","url":"https:\/\/graziamagazine.com\/mx\/articles\/estampado-cuadros-tendencia-otono-invierno-2026\/","name":"El estampado de cuadros es tendencia este oto\u00f1o-invierno 2026 y as\u00ed puedes combinarlo | Grazia M\u00e9xico y Latinoam\u00e9rica","isPartOf":{"@id":"https:\/\/graziamagazine.com\/mx\/#website"},"datePublished":"2026-08-30T12:30:41+00:00","dateModified":"2026-08-30T22:09:33+00:00","description":"El estampado de cuadros se reinventa este oto\u00f1o-invierno 2026 y estas son las mejores formas de combinarlo y llevarlo esta temporada","breadcrumb":{"@id":"https:\/\/graziamagazine.com\/mx\/articles\/estampado-cuadros-tendencia-otono-invierno-2026\/#breadcrumb"},"inLanguage":"es-MX","potentialAction":[{"@type":"ReadAction","target":["https:\/\/graziamagazine.com\/mx\/articles\/estampado-cuadros-tendencia-otono-invierno-2026\/"]}]},{"@type":"BreadcrumbList","@id":"https:\/\/graziamagazine.com\/mx\/articles\/estampado-cuadros-tendencia-otono-invierno-2026\/#breadcrumb","itemListElement":[{"@type":"ListItem","position":1,"name":"Home","item":"https:\/\/graziamagazine.com\/mx\/"},{"@type":"ListItem","position":2,"name":"El estampado de cuadros es tendencia este oto\u00f1o-invierno 2026 y as\u00ed puedes combinarlo"}]},{"@type":"WebSite","@id":"https:\/\/graziamagazine.com\/mx\/#website","url":"https:\/\/graziamagazine.com\/mx\/","name":"Grazia M\u00e9xico y Latinoam\u00e9rica","description":"Grazia es moda, belleza y noticias  de actualidad ","potentialAction":[{"@type":"SearchAction","target":{"@type":"EntryPoint","urlTemplate":"https:\/\/graziamagazine.com\/mx\/?s={search_term_string}"},"query-input":"required name=search_term_string"}],"inLanguage":"es-MX"}]}},"jetpack_sharing_enabled":true,"distributor_meta":false,"distributor_terms":false,"distributor_media":false,"distributor_original_site_name":"Grazia M\u00e9xico y Latinoam\u00e9rica","distributor_original_site_url":"https:\/\/graziamagazine.com\/mx","push-errors":false,"_links":{"self":[{"href":"https:\/\/graziamagazine.com\/mx\/wp-json\/wp\/v2\/articles\/176485"}],"collection":[{"href":"https:\/\/graziamagazine.com\/mx\/wp-json\/wp\/v2\/articles"}],"about":[{"href":"https:\/\/graziamagazine.com\/mx\/wp-json\/wp\/v2\/types\/articles"}],"author":[{"embeddable":true,"href":"https:\/\/graziamagazine.com\/mx\/wp-json\/wp\/v2\/users\/42774"}],"wp:featuredmedia":[{"embeddable":true,"href":"https:\/\/graziamagazine.com\/mx\/wp-json\/wp\/v2\/media\/176492"}],"wp:attachment":[{"href":"https:\/\/graziamagazine.com\/mx\/wp-json\/wp\/v2\/media?parent=176485"}],"wp:term":[{"taxonomy":"category","embeddable":true,"href":"https:\/\/graziamagazine.com\/mx\/wp-json\/wp\/v2\/categories?post=176485"}],"curies":[{"name":"wp","href":"https:\/\/api.w.org\/{rel}","templated":true}]}}