{"id":1762,"date":"2016-05-06T11:55:42","date_gmt":"2016-05-06T17:55:42","guid":{"rendered":"https:\/\/graziamagazine.com\/mx\/?p=1762"},"modified":"2016-05-06T11:55:42","modified_gmt":"2016-05-06T17:55:42","slug":"facehunter-estuvo-en-mexico","status":"publish","type":"articles","link":"https:\/\/graziamagazine.com\/mx\/articles\/facehunter-estuvo-en-mexico\/","title":{"rendered":"FACEHUNTER ESTUVO EN M\u00c9XICO"},"content":{"rendered":"<p>Yvan Rodic, mejor conocido com Facehunter, estuvo en M\u00e9xico para hablar de nuevas herramientas en la era digital.<\/p>\n<p><!--more--><\/p>\n<p>Lo anterior sucedi\u00f3 durante el <em>Bloggers Day<\/em> organizado por M\u00e9xico Est\u00e1 de Moda. Yvan es colaborador internacional de iModae (Instituto de Moda y empresa) y particip\u00f3 en el evento que convirti\u00f3 un club de la Colonia Roma en un espacio de encuentro entre marcas, bloggers, influencers e invitados especiales, organizado con la finalidad de impulsar el movimiento <em>blogger<\/em> en M\u00e9xico. La tarde fue una celebraci\u00f3n tanto para los amantes de la moda como para los del mundo digital.<\/p>\n<p>&nbsp;<\/p>\n<p><img loading=\"lazy\" decoding=\"async\" class=\"size-full wp-image-1764 aligncenter\" src=\"https:\/\/graziamagazine.com\/mx\/wp-content\/uploads\/sites\/13\/2016\/05\/YVAN-RODIC.jpg\" alt=\"YVAN RODIC\" width=\"660\" height=\"994\" srcset=\"https:\/\/graziamagazine.com\/mx\/wp-content\/uploads\/sites\/13\/2016\/05\/YVAN-RODIC.jpg 660w, https:\/\/graziamagazine.com\/mx\/wp-content\/uploads\/sites\/13\/2016\/05\/YVAN-RODIC.jpg?resize=299,450 299w, https:\/\/graziamagazine.com\/mx\/wp-content\/uploads\/sites\/13\/2016\/05\/YVAN-RODIC.jpg?resize=143,215 143w\" sizes=\"(max-width: 660px) 100vw, 660px\" \/><\/p>\n<p>&nbsp;<\/p>\n<p>&nbsp;<\/p>\n<p>Desde la explicaci\u00f3n detallada de lo que es la profesi\u00f3n de un <em>Community Manager<\/em> y la importancia de c\u00f3mo manejar un blog de moda hasta los secretos para Snapchat del experto en redes sociales, \u00a1los asistentes no pararon de tomar notas!<\/p>\n<p>&nbsp;<\/p>\n<p><img loading=\"lazy\" decoding=\"async\" class=\"size-full wp-image-1765 aligncenter\" src=\"https:\/\/graziamagazine.com\/mx\/wp-content\/uploads\/sites\/13\/2016\/05\/bloggers.jpg\" alt=\"bloggers\" width=\"620\" height=\"414\" srcset=\"https:\/\/graziamagazine.com\/mx\/wp-content\/uploads\/sites\/13\/2016\/05\/bloggers.jpg 620w, https:\/\/graziamagazine.com\/mx\/wp-content\/uploads\/sites\/13\/2016\/05\/bloggers.jpg?resize=450,300 450w, https:\/\/graziamagazine.com\/mx\/wp-content\/uploads\/sites\/13\/2016\/05\/bloggers.jpg?resize=155,104 155w\" sizes=\"(max-width: 620px) 100vw, 620px\" \/><\/p>\n<p>&nbsp;<\/p>\n<p>Claro que no todo fue trabajo, porque el evento cerr\u00f3 con una divertida rifa y un <em>afterparty.<\/em><\/p>\n<p>En la era digital todos tienen al alcance de las manos una manera de labrar su propia carrera, pero no vale hacer cualquier cosa y en el \u00e1mbito s\u00faper competido de los <em>bloggers<\/em> de moda, en el que cada d\u00eda aparece uno nuevo, solo los mejores pueden sobresalir. \u00bfQu\u00e9 significa ser mejor? No solamente tener un conocimiento del mundo de la moda, sino tambi\u00e9n una voz propia y un <em>expertise<\/em> en el manejo de las herramientas que el internet pone a nuestra disposici\u00f3n, algo que sin duda Yvan Rodic tiene.<\/p>\n<p>\u00bfT\u00fa tienes un blog de moda? \u00a1Cu\u00e9ntanos en nuestras redes sociales, queremos conocerte! Estamos como @GraziaMexico en <a href=\"https:\/\/www.facebook.com\/GraziaMexico\" target=\"_blank\">Facebook<\/a>, <a href=\"https:\/\/twitter.com\/graziamexico\" target=\"_blank\">Twitter<\/a> e <a href=\"https:\/\/www.instagram.com\/graziamexico\/\" target=\"_blank\">Instagram.<\/a><\/p>\n","protected":false},"author":11636,"featured_media":1763,"template":"","format":"standard","categories":[5],"acf":[],"yoast_head":"<!-- This site is optimized with the Yoast SEO Premium plugin v18.5 (Yoast SEO v20.4) - https:\/\/yoast.com\/wordpress\/plugins\/seo\/ -->\n<title>FACEHUNTER ESTUVO EN M\u00c9XICO | Grazia M\u00e9xico y Latinoam\u00e9rica<\/title>\n<meta name=\"description\" content=\"Yvan Rodic, mejor conocido com Facehunter, estuvo en M\u00e9xico para hablar de nuevas herramientas en la era digital. Lo anterior sucedi\u00f3 durante el Bloggers\" \/>\n<meta name=\"robots\" content=\"index, follow, max-snippet:-1, max-image-preview:large, max-video-preview:-1\" \/>\n<link rel=\"canonical\" href=\"https:\/\/graziamagazine.com\/mx\/articles\/facehunter-estuvo-en-mexico\/\" \/>\n<meta property=\"og:locale\" content=\"es_MX\" \/>\n<meta property=\"og:type\" content=\"article\" \/>\n<meta property=\"og:title\" content=\"FACEHUNTER ESTUVO EN M\u00c9XICO\" \/>\n<meta property=\"og:description\" content=\"Yvan Rodic, mejor conocido com Facehunter, estuvo en M\u00e9xico para hablar de nuevas herramientas en la era digital. Lo anterior sucedi\u00f3 durante el Bloggers\" \/>\n<meta property=\"og:url\" content=\"https:\/\/graziamagazine.com\/mx\/articles\/facehunter-estuvo-en-mexico\/\" \/>\n<meta property=\"og:site_name\" content=\"Grazia M\u00e9xico y Latinoam\u00e9rica\" \/>\n<meta property=\"og:image\" content=\"https:\/\/graziamagazine.com\/mx\/wp-content\/uploads\/sites\/13\/2016\/05\/yvan-home.jpg?fit=835%2C341\" \/>\n\t<meta property=\"og:image:width\" content=\"835\" \/>\n\t<meta property=\"og:image:height\" content=\"341\" \/>\n\t<meta property=\"og:image:type\" content=\"image\/jpeg\" \/>\n<meta name=\"twitter:card\" content=\"summary_large_image\" \/>\n<meta name=\"twitter:label1\" content=\"Est. reading time\" \/>\n\t<meta name=\"twitter:data1\" content=\"1 minuto\" \/>\n<script type=\"application\/ld+json\" class=\"yoast-schema-graph\">{\"@context\":\"https:\/\/schema.org\",\"@graph\":[{\"@type\":\"WebPage\",\"@id\":\"https:\/\/graziamagazine.com\/mx\/articles\/facehunter-estuvo-en-mexico\/\",\"url\":\"https:\/\/graziamagazine.com\/mx\/articles\/facehunter-estuvo-en-mexico\/\",\"name\":\"FACEHUNTER ESTUVO EN M\u00c9XICO | Grazia M\u00e9xico y Latinoam\u00e9rica\",\"isPartOf\":{\"@id\":\"https:\/\/graziamagazine.com\/mx\/#website\"},\"datePublished\":\"2016-05-06T17:55:42+00:00\",\"dateModified\":\"2016-05-06T17:55:42+00:00\",\"description\":\"Yvan Rodic, mejor conocido com Facehunter, estuvo en M\u00e9xico para hablar de nuevas herramientas en la era digital. Lo anterior sucedi\u00f3 durante el Bloggers\",\"breadcrumb\":{\"@id\":\"https:\/\/graziamagazine.com\/mx\/articles\/facehunter-estuvo-en-mexico\/#breadcrumb\"},\"inLanguage\":\"es-MX\",\"potentialAction\":[{\"@type\":\"ReadAction\",\"target\":[\"https:\/\/graziamagazine.com\/mx\/articles\/facehunter-estuvo-en-mexico\/\"]}]},{\"@type\":\"BreadcrumbList\",\"@id\":\"https:\/\/graziamagazine.com\/mx\/articles\/facehunter-estuvo-en-mexico\/#breadcrumb\",\"itemListElement\":[{\"@type\":\"ListItem\",\"position\":1,\"name\":\"Home\",\"item\":\"https:\/\/graziamagazine.com\/mx\/\"},{\"@type\":\"ListItem\",\"position\":2,\"name\":\"FACEHUNTER ESTUVO EN M\u00c9XICO\"}]},{\"@type\":\"WebSite\",\"@id\":\"https:\/\/graziamagazine.com\/mx\/#website\",\"url\":\"https:\/\/graziamagazine.com\/mx\/\",\"name\":\"Grazia M\u00e9xico y Latinoam\u00e9rica\",\"description\":\"Grazia es moda, belleza y noticias  de actualidad \",\"potentialAction\":[{\"@type\":\"SearchAction\",\"target\":{\"@type\":\"EntryPoint\",\"urlTemplate\":\"https:\/\/graziamagazine.com\/mx\/?s={search_term_string}\"},\"query-input\":\"required name=search_term_string\"}],\"inLanguage\":\"es-MX\"}]}<\/script>\n<!-- \/ Yoast SEO Premium plugin. -->","yoast_head_json":{"title":"FACEHUNTER ESTUVO EN M\u00c9XICO | Grazia M\u00e9xico y Latinoam\u00e9rica","description":"Yvan Rodic, mejor conocido com Facehunter, estuvo en M\u00e9xico para hablar de nuevas herramientas en la era digital. Lo anterior sucedi\u00f3 durante el Bloggers","robots":{"index":"index","follow":"follow","max-snippet":"max-snippet:-1","max-image-preview":"max-image-preview:large","max-video-preview":"max-video-preview:-1"},"canonical":"https:\/\/graziamagazine.com\/mx\/articles\/facehunter-estuvo-en-mexico\/","og_locale":"es_MX","og_type":"article","og_title":"FACEHUNTER ESTUVO EN M\u00c9XICO","og_description":"Yvan Rodic, mejor conocido com Facehunter, estuvo en M\u00e9xico para hablar de nuevas herramientas en la era digital. Lo anterior sucedi\u00f3 durante el Bloggers","og_url":"https:\/\/graziamagazine.com\/mx\/articles\/facehunter-estuvo-en-mexico\/","og_site_name":"Grazia M\u00e9xico y Latinoam\u00e9rica","og_image":[{"width":835,"height":341,"url":"https:\/\/graziamagazine.com\/mx\/wp-content\/uploads\/sites\/13\/2016\/05\/yvan-home.jpg?fit=835%2C341","type":"image\/jpeg"}],"twitter_card":"summary_large_image","twitter_misc":{"Est. reading time":"1 minuto"},"schema":{"@context":"https:\/\/schema.org","@graph":[{"@type":"WebPage","@id":"https:\/\/graziamagazine.com\/mx\/articles\/facehunter-estuvo-en-mexico\/","url":"https:\/\/graziamagazine.com\/mx\/articles\/facehunter-estuvo-en-mexico\/","name":"FACEHUNTER ESTUVO EN M\u00c9XICO | Grazia M\u00e9xico y Latinoam\u00e9rica","isPartOf":{"@id":"https:\/\/graziamagazine.com\/mx\/#website"},"datePublished":"2016-05-06T17:55:42+00:00","dateModified":"2016-05-06T17:55:42+00:00","description":"Yvan Rodic, mejor conocido com Facehunter, estuvo en M\u00e9xico para hablar de nuevas herramientas en la era digital. Lo anterior sucedi\u00f3 durante el Bloggers","breadcrumb":{"@id":"https:\/\/graziamagazine.com\/mx\/articles\/facehunter-estuvo-en-mexico\/#breadcrumb"},"inLanguage":"es-MX","potentialAction":[{"@type":"ReadAction","target":["https:\/\/graziamagazine.com\/mx\/articles\/facehunter-estuvo-en-mexico\/"]}]},{"@type":"BreadcrumbList","@id":"https:\/\/graziamagazine.com\/mx\/articles\/facehunter-estuvo-en-mexico\/#breadcrumb","itemListElement":[{"@type":"ListItem","position":1,"name":"Home","item":"https:\/\/graziamagazine.com\/mx\/"},{"@type":"ListItem","position":2,"name":"FACEHUNTER ESTUVO EN M\u00c9XICO"}]},{"@type":"WebSite","@id":"https:\/\/graziamagazine.com\/mx\/#website","url":"https:\/\/graziamagazine.com\/mx\/","name":"Grazia M\u00e9xico y Latinoam\u00e9rica","description":"Grazia es moda, belleza y noticias  de actualidad ","potentialAction":[{"@type":"SearchAction","target":{"@type":"EntryPoint","urlTemplate":"https:\/\/graziamagazine.com\/mx\/?s={search_term_string}"},"query-input":"required name=search_term_string"}],"inLanguage":"es-MX"}]}},"jetpack_sharing_enabled":true,"distributor_meta":false,"distributor_terms":false,"distributor_media":false,"distributor_original_site_name":"Grazia M\u00e9xico y Latinoam\u00e9rica","distributor_original_site_url":"https:\/\/graziamagazine.com\/mx","push-errors":false,"_links":{"self":[{"href":"https:\/\/graziamagazine.com\/mx\/wp-json\/wp\/v2\/articles\/1762"}],"collection":[{"href":"https:\/\/graziamagazine.com\/mx\/wp-json\/wp\/v2\/articles"}],"about":[{"href":"https:\/\/graziamagazine.com\/mx\/wp-json\/wp\/v2\/types\/articles"}],"author":[{"embeddable":true,"href":"https:\/\/graziamagazine.com\/mx\/wp-json\/wp\/v2\/users\/11636"}],"wp:featuredmedia":[{"embeddable":true,"href":"https:\/\/graziamagazine.com\/mx\/wp-json\/wp\/v2\/media\/1763"}],"wp:attachment":[{"href":"https:\/\/graziamagazine.com\/mx\/wp-json\/wp\/v2\/media?parent=1762"}],"wp:term":[{"taxonomy":"category","embeddable":true,"href":"https:\/\/graziamagazine.com\/mx\/wp-json\/wp\/v2\/categories?post=1762"}],"curies":[{"name":"wp","href":"https:\/\/api.w.org\/{rel}","templated":true}]}}