{"id":175638,"date":"2026-08-30T23:06:33","date_gmt":"2026-08-31T04:06:33","guid":{"rendered":"https:\/\/graziamagazine.com\/mx\/?post_type=articles&#038;p=175638"},"modified":"2026-08-30T23:04:30","modified_gmt":"2026-08-31T04:04:30","slug":"la-rain-collection-de-the-north-face-para-la-temporada-de-lluvia","status":"publish","type":"articles","link":"https:\/\/graziamagazine.com\/mx\/articles\/la-rain-collection-de-the-north-face-para-la-temporada-de-lluvia\/","title":{"rendered":"La Rain Collection de The North Face para la temporada de lluvia"},"content":{"rendered":"<p>Hay climas que te detienen y otros que te desaf\u00edan, pero con la nueva <strong>Rain Collection por The North Face M\u00e9xico<\/strong>, Built for Storms, el clima dejar\u00e1 de ser un obst\u00e1culo para ti sea cual sea el escenario al que te encuentres.<\/p>\n<p class=\"p1\">El clima dejar\u00e1 de dictar el gui\u00f3n de tu vida, ya sea desafiando la intensidad de la monta\u00f1a o o simplemente bajo el ritmo agitado de la ciudad, ahora t\u00fa reclamas el control del escenario gracias a la innovaci\u00f3n t\u00e9cnica y el dise\u00f1o contempor\u00e1neo de la <strong>colecci\u00f3n Built For Storms de The North Face M\u00e9xico<\/strong>, la protecci\u00f3n y la adaptabilidad convergen en una propuesta de estilo en movimiento sin precedentes.<\/p>\n<figure id=\"attachment_176504\" aria-describedby=\"caption-attachment-176504\" style=\"width: 1060px\" class=\"wp-caption alignnone\"><img loading=\"lazy\" decoding=\"async\" class=\"size-full wp-image-176504\" src=\"https:\/\/graziamagazine.com\/mx\/wp-content\/uploads\/sites\/13\/2026\/08\/Rain-Collection-de-The-North-Face-foto.jpg\" alt=\"campa\u00f1a Rain Collection de The North Face foto\" width=\"1060\" height=\"1500\" srcset=\"https:\/\/graziamagazine.com\/mx\/wp-content\/uploads\/sites\/13\/2026\/08\/Rain-Collection-de-The-North-Face-foto.jpg 1060w, https:\/\/graziamagazine.com\/mx\/wp-content\/uploads\/sites\/13\/2026\/08\/Rain-Collection-de-The-North-Face-foto-318x450.jpg 318w, https:\/\/graziamagazine.com\/mx\/wp-content\/uploads\/sites\/13\/2026\/08\/Rain-Collection-de-The-North-Face-foto-724x1024.jpg 724w, https:\/\/graziamagazine.com\/mx\/wp-content\/uploads\/sites\/13\/2026\/08\/Rain-Collection-de-The-North-Face-foto-768x1087.jpg 768w, https:\/\/graziamagazine.com\/mx\/wp-content\/uploads\/sites\/13\/2026\/08\/Rain-Collection-de-The-North-Face-foto-400x566.jpg 400w, https:\/\/graziamagazine.com\/mx\/wp-content\/uploads\/sites\/13\/2026\/08\/Rain-Collection-de-The-North-Face-foto-152x215.jpg 152w\" sizes=\"(max-width: 1060px) 100vw, 1060px\" \/><figcaption id=\"caption-attachment-176504\" class=\"wp-caption-text\">Rain Collection de The North Face. Foto: Cortes\u00eda<\/figcaption><\/figure>\n<p class=\"p1\">Esta din\u00e1mica colecci\u00f3n cuenta con tres siluetas clave que tienes que conocer a fondo, sobre todo porque ha sido desarrollada para adaptarse al ritmo que t\u00fa requieras:<\/p>\n<ul>\n<li class=\"p1\"><strong>Antora Rain Jacket<\/strong>, que es ideal para el d\u00eda a d\u00eda, funcional y perfectamente confiable ante los cambios de clima inesperados que repentinamente puedan surgir.<\/li>\n<li class=\"p1\"><strong>Venture 2 Jacket<\/strong>, ofrece protecci\u00f3n y confort en trayectos mucho m\u00e1s largos y cuenta con mayor rendimiento t\u00e9cnico, te har\u00e1 sentir seguro e invencible.<\/li>\n<li class=\"p1\"><strong>Valley View Jacket<\/strong>, totalmente vers\u00e1til e ideal para cambiar de escenarios entre ciudad y exploraci\u00f3n, el equilibrio perfecto entre est\u00e9tica y protecci\u00f3n. Una misma pieza y diferentes objetivos.<\/li>\n<\/ul>\n<figure id=\"attachment_176501\" aria-describedby=\"caption-attachment-176501\" style=\"width: 1060px\" class=\"wp-caption alignnone\"><img loading=\"lazy\" decoding=\"async\" class=\"size-full wp-image-176501\" src=\"https:\/\/graziamagazine.com\/mx\/wp-content\/uploads\/sites\/13\/2026\/08\/Rain-Collection-de-The-North-Face-hombre.jpg\" alt=\"campa\u00f1a Rain Collection de The North Face foto\" width=\"1060\" height=\"1500\" srcset=\"https:\/\/graziamagazine.com\/mx\/wp-content\/uploads\/sites\/13\/2026\/08\/Rain-Collection-de-The-North-Face-hombre.jpg 1060w, https:\/\/graziamagazine.com\/mx\/wp-content\/uploads\/sites\/13\/2026\/08\/Rain-Collection-de-The-North-Face-hombre-318x450.jpg 318w, https:\/\/graziamagazine.com\/mx\/wp-content\/uploads\/sites\/13\/2026\/08\/Rain-Collection-de-The-North-Face-hombre-724x1024.jpg 724w, https:\/\/graziamagazine.com\/mx\/wp-content\/uploads\/sites\/13\/2026\/08\/Rain-Collection-de-The-North-Face-hombre-768x1087.jpg 768w, https:\/\/graziamagazine.com\/mx\/wp-content\/uploads\/sites\/13\/2026\/08\/Rain-Collection-de-The-North-Face-hombre-400x566.jpg 400w, https:\/\/graziamagazine.com\/mx\/wp-content\/uploads\/sites\/13\/2026\/08\/Rain-Collection-de-The-North-Face-hombre-152x215.jpg 152w\" sizes=\"(max-width: 1060px) 100vw, 1060px\" \/><figcaption id=\"caption-attachment-176501\" class=\"wp-caption-text\">Rain Collection de The North Face. Foto: Cortes\u00eda<\/figcaption><\/figure>\n<p class=\"p1\">Es as\u00ed como el explorador moderno exige un equipo que se mueva a su velocidad y la colecci\u00f3n <strong><em>Built For Storms<\/em><\/strong> de The North Face M\u00e9xico, es la respuesta definitiva. Es la fusi\u00f3n perfecta entre estilo de vida y <strong>alta ingenier\u00eda<\/strong>, donde la conciencia ambiental toma el protagonismo: cada prenda nace de materiales reciclados que reducen el impacto en el planeta sin sacrificar la durabilidad; aunque su verdadera fuerza reside en su blindaje tecnol\u00f3gico usando tejidos de \u00faltima generaci\u00f3n que crean una barrera impenetrable contra la nieve y la lluvia, garantizando que te mantengas seco independientemente de la intensidad del clima. Adem\u00e1s esta protecci\u00f3n se complementa con un sistema transpirable que regula la temperatura corporal, permitiendo que el aire fluya para mantener tu confort en todo momento y por si todo esto no fuera suficiente, tambi\u00e9n bloquea el viento neutralizando el enfriamiento, convirti\u00e9ndose en la herramienta esencial para elevar tu rendimiento en cualquier escenario exterior al que te enfrentes.<\/p>\n<figure id=\"attachment_176500\" aria-describedby=\"caption-attachment-176500\" style=\"width: 1060px\" class=\"wp-caption alignnone\"><img loading=\"lazy\" decoding=\"async\" class=\"size-full wp-image-176500\" src=\"https:\/\/graziamagazine.com\/mx\/wp-content\/uploads\/sites\/13\/2026\/08\/Rain-Collection-de-The-North-Face.jpg\" alt=\"campa\u00f1a Rain Collection de The North Face\" width=\"1060\" height=\"1500\" srcset=\"https:\/\/graziamagazine.com\/mx\/wp-content\/uploads\/sites\/13\/2026\/08\/Rain-Collection-de-The-North-Face.jpg 1060w, https:\/\/graziamagazine.com\/mx\/wp-content\/uploads\/sites\/13\/2026\/08\/Rain-Collection-de-The-North-Face-318x450.jpg 318w, https:\/\/graziamagazine.com\/mx\/wp-content\/uploads\/sites\/13\/2026\/08\/Rain-Collection-de-The-North-Face-724x1024.jpg 724w, https:\/\/graziamagazine.com\/mx\/wp-content\/uploads\/sites\/13\/2026\/08\/Rain-Collection-de-The-North-Face-768x1087.jpg 768w, https:\/\/graziamagazine.com\/mx\/wp-content\/uploads\/sites\/13\/2026\/08\/Rain-Collection-de-The-North-Face-400x566.jpg 400w, https:\/\/graziamagazine.com\/mx\/wp-content\/uploads\/sites\/13\/2026\/08\/Rain-Collection-de-The-North-Face-152x215.jpg 152w\" sizes=\"(max-width: 1060px) 100vw, 1060px\" \/><figcaption id=\"caption-attachment-176500\" class=\"wp-caption-text\">Rain Collection de The North Face. Foto: Cortes\u00eda<\/figcaption><\/figure>\n<p class=\"p1\">Sin duda con Built For Storms de The North Face M\u00e9xico, pones a prueba tu determinaci\u00f3n, eligiendo la mejor forma de conquistar tu pr\u00f3ximo escenario, bajo tus propias reglas y sin preocupaciones.<\/p>\n<p>&nbsp;<\/p>\n","protected":false},"author":11636,"featured_media":176503,"template":"","format":"standard","categories":[4],"acf":[],"yoast_head":"<!-- This site is optimized with the Yoast SEO Premium plugin v18.5 (Yoast SEO v20.4) - https:\/\/yoast.com\/wordpress\/plugins\/seo\/ -->\n<title>La Rain Collection de The North Face para la temporada de lluvia<\/title>\n<meta name=\"description\" content=\"Hay climas que te detienen y otros que te desaf\u00edan, pero con la nueva Rain Collection por The North Face M\u00e9xico, Built for Storms, el clima dejar\u00e1 de ser\" \/>\n<meta name=\"robots\" content=\"index, follow, max-snippet:-1, max-image-preview:large, max-video-preview:-1\" \/>\n<link rel=\"canonical\" href=\"https:\/\/graziamagazine.com\/mx\/articles\/la-rain-collection-de-the-north-face-para-la-temporada-de-lluvia\/\" \/>\n<meta property=\"og:locale\" content=\"es_MX\" \/>\n<meta property=\"og:type\" content=\"article\" \/>\n<meta property=\"og:title\" content=\"La Rain Collection de The North Face para la temporada de lluvia\" \/>\n<meta property=\"og:description\" content=\"Hay climas que te detienen y otros que te desaf\u00edan, pero con la nueva Rain Collection por The North Face M\u00e9xico, Built for Storms, el clima dejar\u00e1 de ser\" \/>\n<meta property=\"og:url\" content=\"https:\/\/graziamagazine.com\/mx\/articles\/la-rain-collection-de-the-north-face-para-la-temporada-de-lluvia\/\" \/>\n<meta property=\"og:site_name\" content=\"Grazia M\u00e9xico y Latinoam\u00e9rica\" \/>\n<meta property=\"article:modified_time\" content=\"2026-08-31T04:04:30+00:00\" \/>\n<meta property=\"og:image\" content=\"https:\/\/graziamagazine.com\/mx\/wp-content\/uploads\/sites\/13\/2026\/08\/Rain-Collection-de-The-North-Face-modelos.jpg\" \/>\n\t<meta property=\"og:image:width\" content=\"1060\" \/>\n\t<meta property=\"og:image:height\" content=\"1500\" \/>\n\t<meta property=\"og:image:type\" content=\"image\/jpeg\" \/>\n<meta name=\"twitter:card\" content=\"summary_large_image\" \/>\n<meta name=\"twitter:label1\" content=\"Est. reading time\" \/>\n\t<meta name=\"twitter:data1\" content=\"3 minutos\" \/>\n<script type=\"application\/ld+json\" class=\"yoast-schema-graph\">{\"@context\":\"https:\/\/schema.org\",\"@graph\":[{\"@type\":\"WebPage\",\"@id\":\"https:\/\/graziamagazine.com\/mx\/articles\/la-rain-collection-de-the-north-face-para-la-temporada-de-lluvia\/\",\"url\":\"https:\/\/graziamagazine.com\/mx\/articles\/la-rain-collection-de-the-north-face-para-la-temporada-de-lluvia\/\",\"name\":\"La Rain Collection de The North Face para la temporada de lluvia\",\"isPartOf\":{\"@id\":\"https:\/\/graziamagazine.com\/mx\/#website\"},\"datePublished\":\"2026-08-31T04:06:33+00:00\",\"dateModified\":\"2026-08-31T04:04:30+00:00\",\"description\":\"Hay climas que te detienen y otros que te desaf\u00edan, pero con la nueva Rain Collection por The North Face M\u00e9xico, Built for Storms, el clima dejar\u00e1 de ser\",\"breadcrumb\":{\"@id\":\"https:\/\/graziamagazine.com\/mx\/articles\/la-rain-collection-de-the-north-face-para-la-temporada-de-lluvia\/#breadcrumb\"},\"inLanguage\":\"es-MX\",\"potentialAction\":[{\"@type\":\"ReadAction\",\"target\":[\"https:\/\/graziamagazine.com\/mx\/articles\/la-rain-collection-de-the-north-face-para-la-temporada-de-lluvia\/\"]}]},{\"@type\":\"BreadcrumbList\",\"@id\":\"https:\/\/graziamagazine.com\/mx\/articles\/la-rain-collection-de-the-north-face-para-la-temporada-de-lluvia\/#breadcrumb\",\"itemListElement\":[{\"@type\":\"ListItem\",\"position\":1,\"name\":\"Home\",\"item\":\"https:\/\/graziamagazine.com\/mx\/\"},{\"@type\":\"ListItem\",\"position\":2,\"name\":\"La Rain Collection de The North Face para la temporada de lluvia\"}]},{\"@type\":\"WebSite\",\"@id\":\"https:\/\/graziamagazine.com\/mx\/#website\",\"url\":\"https:\/\/graziamagazine.com\/mx\/\",\"name\":\"Grazia M\u00e9xico y Latinoam\u00e9rica\",\"description\":\"Grazia es moda, belleza y noticias  de actualidad \",\"potentialAction\":[{\"@type\":\"SearchAction\",\"target\":{\"@type\":\"EntryPoint\",\"urlTemplate\":\"https:\/\/graziamagazine.com\/mx\/?s={search_term_string}\"},\"query-input\":\"required name=search_term_string\"}],\"inLanguage\":\"es-MX\"}]}<\/script>\n<!-- \/ Yoast SEO Premium plugin. -->","yoast_head_json":{"title":"La Rain Collection de The North Face para la temporada de lluvia","description":"Hay climas que te detienen y otros que te desaf\u00edan, pero con la nueva Rain Collection por The North Face M\u00e9xico, Built for Storms, el clima dejar\u00e1 de ser","robots":{"index":"index","follow":"follow","max-snippet":"max-snippet:-1","max-image-preview":"max-image-preview:large","max-video-preview":"max-video-preview:-1"},"canonical":"https:\/\/graziamagazine.com\/mx\/articles\/la-rain-collection-de-the-north-face-para-la-temporada-de-lluvia\/","og_locale":"es_MX","og_type":"article","og_title":"La Rain Collection de The North Face para la temporada de lluvia","og_description":"Hay climas que te detienen y otros que te desaf\u00edan, pero con la nueva Rain Collection por The North Face M\u00e9xico, Built for Storms, el clima dejar\u00e1 de ser","og_url":"https:\/\/graziamagazine.com\/mx\/articles\/la-rain-collection-de-the-north-face-para-la-temporada-de-lluvia\/","og_site_name":"Grazia M\u00e9xico y Latinoam\u00e9rica","article_modified_time":"2026-08-31T04:04:30+00:00","og_image":[{"width":1060,"height":1500,"url":"https:\/\/graziamagazine.com\/mx\/wp-content\/uploads\/sites\/13\/2026\/08\/Rain-Collection-de-The-North-Face-modelos.jpg","type":"image\/jpeg"}],"twitter_card":"summary_large_image","twitter_misc":{"Est. reading time":"3 minutos"},"schema":{"@context":"https:\/\/schema.org","@graph":[{"@type":"WebPage","@id":"https:\/\/graziamagazine.com\/mx\/articles\/la-rain-collection-de-the-north-face-para-la-temporada-de-lluvia\/","url":"https:\/\/graziamagazine.com\/mx\/articles\/la-rain-collection-de-the-north-face-para-la-temporada-de-lluvia\/","name":"La Rain Collection de The North Face para la temporada de lluvia","isPartOf":{"@id":"https:\/\/graziamagazine.com\/mx\/#website"},"datePublished":"2026-08-31T04:06:33+00:00","dateModified":"2026-08-31T04:04:30+00:00","description":"Hay climas que te detienen y otros que te desaf\u00edan, pero con la nueva Rain Collection por The North Face M\u00e9xico, Built for Storms, el clima dejar\u00e1 de ser","breadcrumb":{"@id":"https:\/\/graziamagazine.com\/mx\/articles\/la-rain-collection-de-the-north-face-para-la-temporada-de-lluvia\/#breadcrumb"},"inLanguage":"es-MX","potentialAction":[{"@type":"ReadAction","target":["https:\/\/graziamagazine.com\/mx\/articles\/la-rain-collection-de-the-north-face-para-la-temporada-de-lluvia\/"]}]},{"@type":"BreadcrumbList","@id":"https:\/\/graziamagazine.com\/mx\/articles\/la-rain-collection-de-the-north-face-para-la-temporada-de-lluvia\/#breadcrumb","itemListElement":[{"@type":"ListItem","position":1,"name":"Home","item":"https:\/\/graziamagazine.com\/mx\/"},{"@type":"ListItem","position":2,"name":"La Rain Collection de The North Face para la temporada de lluvia"}]},{"@type":"WebSite","@id":"https:\/\/graziamagazine.com\/mx\/#website","url":"https:\/\/graziamagazine.com\/mx\/","name":"Grazia M\u00e9xico y Latinoam\u00e9rica","description":"Grazia es moda, belleza y noticias  de actualidad ","potentialAction":[{"@type":"SearchAction","target":{"@type":"EntryPoint","urlTemplate":"https:\/\/graziamagazine.com\/mx\/?s={search_term_string}"},"query-input":"required name=search_term_string"}],"inLanguage":"es-MX"}]}},"jetpack_sharing_enabled":true,"distributor_meta":false,"distributor_terms":false,"distributor_media":false,"distributor_original_site_name":"Grazia M\u00e9xico y Latinoam\u00e9rica","distributor_original_site_url":"https:\/\/graziamagazine.com\/mx","push-errors":false,"_links":{"self":[{"href":"https:\/\/graziamagazine.com\/mx\/wp-json\/wp\/v2\/articles\/175638"}],"collection":[{"href":"https:\/\/graziamagazine.com\/mx\/wp-json\/wp\/v2\/articles"}],"about":[{"href":"https:\/\/graziamagazine.com\/mx\/wp-json\/wp\/v2\/types\/articles"}],"author":[{"embeddable":true,"href":"https:\/\/graziamagazine.com\/mx\/wp-json\/wp\/v2\/users\/11636"}],"wp:featuredmedia":[{"embeddable":true,"href":"https:\/\/graziamagazine.com\/mx\/wp-json\/wp\/v2\/media\/176503"}],"wp:attachment":[{"href":"https:\/\/graziamagazine.com\/mx\/wp-json\/wp\/v2\/media?parent=175638"}],"wp:term":[{"taxonomy":"category","embeddable":true,"href":"https:\/\/graziamagazine.com\/mx\/wp-json\/wp\/v2\/categories?post=175638"}],"curies":[{"name":"wp","href":"https:\/\/api.w.org\/{rel}","templated":true}]}}