{"id":174,"date":"2016-03-31T19:15:19","date_gmt":"2016-04-01T01:15:19","guid":{"rendered":"http:\/\/grazia.dab.media\/?p=174"},"modified":"2016-03-31T19:39:53","modified_gmt":"2016-04-01T01:39:53","slug":"queen-of-seduction-por-antonio-banderas","status":"publish","type":"articles","link":"https:\/\/graziamagazine.com\/mx\/articles\/queen-of-seduction-por-antonio-banderas\/","title":{"rendered":"QUEEN OF SEDUCTION, POR ANTONIO BANDERAS"},"content":{"rendered":"<p>Ayer por la ma\u00f1ana desayunamos con Antonio Banderas. \u00bfEl pretexto? Aunque cualquiera ser\u00eda bueno, la cita fue para conocer la nueva fragancia de la colecci\u00f3n del actor espa\u00f1ol. Se trata de una propuesta femenina llamada Queen of Seduction.<\/p>\n<p><!--more--><\/p>\n<p><img loading=\"lazy\" decoding=\"async\" class=\"alignnone size-full wp-image-284\" src=\"http:\/\/grazia.dab.media\/wp-content\/uploads\/sites\/13\/2016\/03\/PORTADA-antonio-banderas.jpg\" alt=\"PORTADA-antonio-banderas\" width=\"386\" height=\"386\" srcset=\"https:\/\/graziamagazine.com\/mx\/wp-content\/uploads\/sites\/13\/2016\/03\/PORTADA-antonio-banderas.jpg 386w, https:\/\/graziamagazine.com\/mx\/wp-content\/uploads\/sites\/13\/2016\/03\/PORTADA-antonio-banderas.jpg?resize=150,150 150w, https:\/\/graziamagazine.com\/mx\/wp-content\/uploads\/sites\/13\/2016\/03\/PORTADA-antonio-banderas.jpg?resize=155,155 155w\" sizes=\"(max-width: 386px) 100vw, 386px\" \/><\/p>\n<p>Fresca y a la vez refinada, Queen of Seduction es el complemento (\u00bfla pareja perfecta?) de King of Seduction, lanzado anteriormente. Las notas que te har\u00e1n sentir como una reina son maderas, \u00e1mbar y piel, aunque la estrella es la toronja.<\/p>\n<p><img loading=\"lazy\" decoding=\"async\" class=\"size-full wp-image-282 aligncenter\" src=\"http:\/\/grazia.dab.media\/wp-content\/uploads\/sites\/13\/2016\/03\/1-12822140_10156525333095277_1448871347_n-1.jpg\" alt=\"1-12822140_10156525333095277_1448871347_n\" width=\"640\" height=\"852\" srcset=\"https:\/\/graziamagazine.com\/mx\/wp-content\/uploads\/sites\/13\/2016\/03\/1-12822140_10156525333095277_1448871347_n-1.jpg 640w, https:\/\/graziamagazine.com\/mx\/wp-content\/uploads\/sites\/13\/2016\/03\/1-12822140_10156525333095277_1448871347_n-1.jpg?resize=338,450 338w, https:\/\/graziamagazine.com\/mx\/wp-content\/uploads\/sites\/13\/2016\/03\/1-12822140_10156525333095277_1448871347_n-1.jpg?resize=155,206 155w\" sizes=\"(max-width: 640px) 100vw, 640px\" \/><\/p>\n<p>\u00bfSab\u00edas que actualmente Antonio Banderas se encuentra estudiando moda en la prestigiosa Central Saint Martins, en Londres? Esto es porque \u00e9l piensa que el mundo de la perfumer\u00eda y la moda est\u00e1n muy conectados. Mientras que Antonio ya tiene una larga trayectoria en el primero -20 a\u00f1os lleva involucrado en el lanzamiento de distintas fragancias-, ahora le interesa lanzar una colecci\u00f3n de moda para hombres.<\/p>\n<p>&nbsp;<\/p>\n<p>El mundo de la moda est\u00e1 repleto de celebs que se han lanzado a dise\u00f1ar con distinta fortuna, pero Antonio Banderas quiere asegurarse de hacerlo bien. Su colecci\u00f3n ya se encuentra avanzada, pues ya ha dibujado los patrones y cortado y cosido varias piezas. \u00a1Esperamos con ansia para ver el resultado!<\/p>\n<p>Volviendo a Queen of Seduction, Antonio nos dijo que espera que el perfume sea \u201cun gui\u00f1o suave de seducci\u00f3n\u201d porque no cree en los aromas demasiado intensos.<\/p>\n<p>Obviamente le preguntamos qui\u00e9nes son su inspiraci\u00f3n en la moda y nos dijo que tanto el dise\u00f1ador Paul Smith como Tom Ford, a quien considera un amigo cercano. Con esas referencias, sabemos que no puede fallar.<\/p>\n<p><img loading=\"lazy\" decoding=\"async\" class=\"size-full wp-image-285 aligncenter\" src=\"http:\/\/grazia.dab.media\/wp-content\/uploads\/sites\/13\/2016\/03\/2-antonio-banderas1.jpg\" alt=\"2-antonio-banderas1\" width=\"644\" height=\"799\" srcset=\"https:\/\/graziamagazine.com\/mx\/wp-content\/uploads\/sites\/13\/2016\/03\/2-antonio-banderas1.jpg 644w, https:\/\/graziamagazine.com\/mx\/wp-content\/uploads\/sites\/13\/2016\/03\/2-antonio-banderas1.jpg?resize=363,450 363w, https:\/\/graziamagazine.com\/mx\/wp-content\/uploads\/sites\/13\/2016\/03\/2-antonio-banderas1.jpg?resize=155,192 155w\" sizes=\"(max-width: 644px) 100vw, 644px\" \/><\/p>\n<p>\u00a1Confiesa! \u00bfTe gustar\u00eda ser la reina de la seducci\u00f3n?<\/p>\n","protected":false},"author":11629,"featured_media":281,"template":"","format":"standard","categories":[2],"acf":[],"yoast_head":"<!-- This site is optimized with the Yoast SEO Premium plugin v18.5 (Yoast SEO v20.4) - https:\/\/yoast.com\/wordpress\/plugins\/seo\/ -->\n<title>QUEEN OF SEDUCTION, POR ANTONIO BANDERAS | Grazia M\u00e9xico y Latinoam\u00e9rica<\/title>\n<meta name=\"description\" content=\"Ayer por la ma\u00f1ana desayunamos con Antonio Banderas. \u00bfEl pretexto? Aunque cualquiera ser\u00eda bueno, la cita fue para conocer la nueva fragancia de la\" \/>\n<meta name=\"robots\" content=\"index, follow, max-snippet:-1, max-image-preview:large, max-video-preview:-1\" \/>\n<link rel=\"canonical\" href=\"https:\/\/graziamagazine.com\/mx\/articles\/queen-of-seduction-por-antonio-banderas\/\" \/>\n<meta property=\"og:locale\" content=\"es_MX\" \/>\n<meta property=\"og:type\" content=\"article\" \/>\n<meta property=\"og:title\" content=\"QUEEN OF SEDUCTION, POR ANTONIO BANDERAS\" \/>\n<meta property=\"og:description\" content=\"Ayer por la ma\u00f1ana desayunamos con Antonio Banderas. \u00bfEl pretexto? Aunque cualquiera ser\u00eda bueno, la cita fue para conocer la nueva fragancia de la\" \/>\n<meta property=\"og:url\" content=\"https:\/\/graziamagazine.com\/mx\/articles\/queen-of-seduction-por-antonio-banderas\/\" \/>\n<meta property=\"og:site_name\" content=\"Grazia M\u00e9xico y Latinoam\u00e9rica\" \/>\n<meta property=\"article:modified_time\" content=\"2016-04-01T01:39:53+00:00\" \/>\n<meta property=\"og:image\" content=\"https:\/\/graziamagazine.com\/mx\/wp-content\/uploads\/sites\/13\/2016\/03\/PORTADA-3.jpg?fit=835%2C341\" \/>\n\t<meta property=\"og:image:width\" content=\"835\" \/>\n\t<meta property=\"og:image:height\" content=\"341\" \/>\n\t<meta property=\"og:image:type\" content=\"image\/jpeg\" \/>\n<meta name=\"twitter:card\" content=\"summary_large_image\" \/>\n<meta name=\"twitter:label1\" content=\"Est. reading time\" \/>\n\t<meta name=\"twitter:data1\" content=\"1 minuto\" \/>\n<script type=\"application\/ld+json\" class=\"yoast-schema-graph\">{\"@context\":\"https:\/\/schema.org\",\"@graph\":[{\"@type\":\"WebPage\",\"@id\":\"https:\/\/graziamagazine.com\/mx\/articles\/queen-of-seduction-por-antonio-banderas\/\",\"url\":\"https:\/\/graziamagazine.com\/mx\/articles\/queen-of-seduction-por-antonio-banderas\/\",\"name\":\"QUEEN OF SEDUCTION, POR ANTONIO BANDERAS | Grazia M\u00e9xico y Latinoam\u00e9rica\",\"isPartOf\":{\"@id\":\"https:\/\/graziamagazine.com\/mx\/#website\"},\"datePublished\":\"2016-04-01T01:15:19+00:00\",\"dateModified\":\"2016-04-01T01:39:53+00:00\",\"description\":\"Ayer por la ma\u00f1ana desayunamos con Antonio Banderas. \u00bfEl pretexto? Aunque cualquiera ser\u00eda bueno, la cita fue para conocer la nueva fragancia de la\",\"breadcrumb\":{\"@id\":\"https:\/\/graziamagazine.com\/mx\/articles\/queen-of-seduction-por-antonio-banderas\/#breadcrumb\"},\"inLanguage\":\"es-MX\",\"potentialAction\":[{\"@type\":\"ReadAction\",\"target\":[\"https:\/\/graziamagazine.com\/mx\/articles\/queen-of-seduction-por-antonio-banderas\/\"]}]},{\"@type\":\"BreadcrumbList\",\"@id\":\"https:\/\/graziamagazine.com\/mx\/articles\/queen-of-seduction-por-antonio-banderas\/#breadcrumb\",\"itemListElement\":[{\"@type\":\"ListItem\",\"position\":1,\"name\":\"Home\",\"item\":\"https:\/\/graziamagazine.com\/mx\/\"},{\"@type\":\"ListItem\",\"position\":2,\"name\":\"QUEEN OF SEDUCTION, POR ANTONIO BANDERAS\"}]},{\"@type\":\"WebSite\",\"@id\":\"https:\/\/graziamagazine.com\/mx\/#website\",\"url\":\"https:\/\/graziamagazine.com\/mx\/\",\"name\":\"Grazia M\u00e9xico y Latinoam\u00e9rica\",\"description\":\"Grazia es moda, belleza y noticias  de actualidad \",\"potentialAction\":[{\"@type\":\"SearchAction\",\"target\":{\"@type\":\"EntryPoint\",\"urlTemplate\":\"https:\/\/graziamagazine.com\/mx\/?s={search_term_string}\"},\"query-input\":\"required name=search_term_string\"}],\"inLanguage\":\"es-MX\"}]}<\/script>\n<!-- \/ Yoast SEO Premium plugin. -->","yoast_head_json":{"title":"QUEEN OF SEDUCTION, POR ANTONIO BANDERAS | Grazia M\u00e9xico y Latinoam\u00e9rica","description":"Ayer por la ma\u00f1ana desayunamos con Antonio Banderas. \u00bfEl pretexto? Aunque cualquiera ser\u00eda bueno, la cita fue para conocer la nueva fragancia de la","robots":{"index":"index","follow":"follow","max-snippet":"max-snippet:-1","max-image-preview":"max-image-preview:large","max-video-preview":"max-video-preview:-1"},"canonical":"https:\/\/graziamagazine.com\/mx\/articles\/queen-of-seduction-por-antonio-banderas\/","og_locale":"es_MX","og_type":"article","og_title":"QUEEN OF SEDUCTION, POR ANTONIO BANDERAS","og_description":"Ayer por la ma\u00f1ana desayunamos con Antonio Banderas. \u00bfEl pretexto? Aunque cualquiera ser\u00eda bueno, la cita fue para conocer la nueva fragancia de la","og_url":"https:\/\/graziamagazine.com\/mx\/articles\/queen-of-seduction-por-antonio-banderas\/","og_site_name":"Grazia M\u00e9xico y Latinoam\u00e9rica","article_modified_time":"2016-04-01T01:39:53+00:00","og_image":[{"width":835,"height":341,"url":"https:\/\/graziamagazine.com\/mx\/wp-content\/uploads\/sites\/13\/2016\/03\/PORTADA-3.jpg?fit=835%2C341","type":"image\/jpeg"}],"twitter_card":"summary_large_image","twitter_misc":{"Est. reading time":"1 minuto"},"schema":{"@context":"https:\/\/schema.org","@graph":[{"@type":"WebPage","@id":"https:\/\/graziamagazine.com\/mx\/articles\/queen-of-seduction-por-antonio-banderas\/","url":"https:\/\/graziamagazine.com\/mx\/articles\/queen-of-seduction-por-antonio-banderas\/","name":"QUEEN OF SEDUCTION, POR ANTONIO BANDERAS | Grazia M\u00e9xico y Latinoam\u00e9rica","isPartOf":{"@id":"https:\/\/graziamagazine.com\/mx\/#website"},"datePublished":"2016-04-01T01:15:19+00:00","dateModified":"2016-04-01T01:39:53+00:00","description":"Ayer por la ma\u00f1ana desayunamos con Antonio Banderas. \u00bfEl pretexto? Aunque cualquiera ser\u00eda bueno, la cita fue para conocer la nueva fragancia de la","breadcrumb":{"@id":"https:\/\/graziamagazine.com\/mx\/articles\/queen-of-seduction-por-antonio-banderas\/#breadcrumb"},"inLanguage":"es-MX","potentialAction":[{"@type":"ReadAction","target":["https:\/\/graziamagazine.com\/mx\/articles\/queen-of-seduction-por-antonio-banderas\/"]}]},{"@type":"BreadcrumbList","@id":"https:\/\/graziamagazine.com\/mx\/articles\/queen-of-seduction-por-antonio-banderas\/#breadcrumb","itemListElement":[{"@type":"ListItem","position":1,"name":"Home","item":"https:\/\/graziamagazine.com\/mx\/"},{"@type":"ListItem","position":2,"name":"QUEEN OF SEDUCTION, POR ANTONIO BANDERAS"}]},{"@type":"WebSite","@id":"https:\/\/graziamagazine.com\/mx\/#website","url":"https:\/\/graziamagazine.com\/mx\/","name":"Grazia M\u00e9xico y Latinoam\u00e9rica","description":"Grazia es moda, belleza y noticias  de actualidad ","potentialAction":[{"@type":"SearchAction","target":{"@type":"EntryPoint","urlTemplate":"https:\/\/graziamagazine.com\/mx\/?s={search_term_string}"},"query-input":"required name=search_term_string"}],"inLanguage":"es-MX"}]}},"jetpack_sharing_enabled":true,"distributor_meta":false,"distributor_terms":false,"distributor_media":false,"distributor_original_site_name":"Grazia M\u00e9xico y Latinoam\u00e9rica","distributor_original_site_url":"https:\/\/graziamagazine.com\/mx","push-errors":false,"_links":{"self":[{"href":"https:\/\/graziamagazine.com\/mx\/wp-json\/wp\/v2\/articles\/174"}],"collection":[{"href":"https:\/\/graziamagazine.com\/mx\/wp-json\/wp\/v2\/articles"}],"about":[{"href":"https:\/\/graziamagazine.com\/mx\/wp-json\/wp\/v2\/types\/articles"}],"author":[{"embeddable":true,"href":"https:\/\/graziamagazine.com\/mx\/wp-json\/wp\/v2\/users\/11629"}],"wp:featuredmedia":[{"embeddable":true,"href":"https:\/\/graziamagazine.com\/mx\/wp-json\/wp\/v2\/media\/281"}],"wp:attachment":[{"href":"https:\/\/graziamagazine.com\/mx\/wp-json\/wp\/v2\/media?parent=174"}],"wp:term":[{"taxonomy":"category","embeddable":true,"href":"https:\/\/graziamagazine.com\/mx\/wp-json\/wp\/v2\/categories?post=174"}],"curies":[{"name":"wp","href":"https:\/\/api.w.org\/{rel}","templated":true}]}}