{"id":170722,"date":"2026-04-30T10:03:09","date_gmt":"2026-04-30T15:03:09","guid":{"rendered":"https:\/\/graziamagazine.com\/mx\/?post_type=articles&#038;p=170722"},"modified":"2026-04-30T10:18:07","modified_gmt":"2026-04-30T15:18:07","slug":"como-llevar-faldas-a-en-verano-2026","status":"publish","type":"articles","link":"https:\/\/graziamagazine.com\/mx\/articles\/como-llevar-faldas-a-en-verano-2026\/","title":{"rendered":"Faldas corte A: la tendencia chic del verano"},"content":{"rendered":"<p data-start=\"296\" data-end=\"683\">Las faldas corte A se posicionan como una de las tendencias m\u00e1s elegantes y vers\u00e1tiles del verano 2026, reafirmando el poder de las siluetas cl\u00e1sicas dentro de la moda contempor\u00e1nea. En una temporada marcada por la b\u00fasqueda de equilibrio entre comodidad y sofisticaci\u00f3n, esta prenda resurge con una fuerza renovada, adapt\u00e1ndose a las necesidades actuales sin perder su esencia atemporal.<\/p>\n<p data-start=\"685\" data-end=\"1087\">Caracterizadas por ajustarse a la cintura y abrirse progresivamente hacia el bajo, las faldas corte A crean una forma armoniosa que estiliza la figura de manera natural. Este dise\u00f1o, que recuerda a las l\u00edneas estructuradas de mediados del siglo XX, encuentra hoy una nueva interpretaci\u00f3n a trav\u00e9s de tejidos ligeros y acabados m\u00e1s fluidos, pensados para acompa\u00f1ar el movimiento del cuerpo con suavidad.<img loading=\"lazy\" decoding=\"async\" class=\"alignnone wp-image-170724\" src=\"https:\/\/graziamagazine.com\/mx\/wp-content\/uploads\/sites\/13\/2026\/04\/falda-larga-maxi-primavera-verano-2025-683x1024.png\" alt=\"\" width=\"700\" height=\"1050\" srcset=\"https:\/\/graziamagazine.com\/mx\/wp-content\/uploads\/sites\/13\/2026\/04\/falda-larga-maxi-primavera-verano-2025-683x1024.png 683w, https:\/\/graziamagazine.com\/mx\/wp-content\/uploads\/sites\/13\/2026\/04\/falda-larga-maxi-primavera-verano-2025-300x450.png 300w, https:\/\/graziamagazine.com\/mx\/wp-content\/uploads\/sites\/13\/2026\/04\/falda-larga-maxi-primavera-verano-2025-768x1152.png 768w, https:\/\/graziamagazine.com\/mx\/wp-content\/uploads\/sites\/13\/2026\/04\/falda-larga-maxi-primavera-verano-2025-1024x1536.png 1024w, https:\/\/graziamagazine.com\/mx\/wp-content\/uploads\/sites\/13\/2026\/04\/falda-larga-maxi-primavera-verano-2025-1365x2048.png 1365w, https:\/\/graziamagazine.com\/mx\/wp-content\/uploads\/sites\/13\/2026\/04\/falda-larga-maxi-primavera-verano-2025-400x600.png 400w, https:\/\/graziamagazine.com\/mx\/wp-content\/uploads\/sites\/13\/2026\/04\/falda-larga-maxi-primavera-verano-2025-143x215.png 143w\" sizes=\"(max-width: 700px) 100vw, 700px\" \/><\/p>\n<p data-start=\"1089\" data-end=\"1537\">Su \u00e9xito radica, en gran medida, en su capacidad para adaptarse a diferentes contextos. Desde entornos formales hasta ocasiones m\u00e1s relajadas, la falda corte A funciona como una base s\u00f3lida sobre la cual construir estilismos variados. Combinada con camisas estructuradas o tops minimalistas, puede proyectar una imagen pulida y profesional. Por otro lado, integrada con prendas m\u00e1s informales, adquiere un car\u00e1cter desenfadado sin perder elegancia.<\/p>\n<p data-start=\"1539\" data-end=\"1908\">Durante la primavera verano 2026, las versiones maxi cobran especial protagonismo. Amplias y fluidas, estas faldas aportan un sentido de movimiento que resulta particularmente atractivo en climas c\u00e1lidos. El volumen se convierte en un elemento expresivo, capaz de transformar un look sencillo en una propuesta visualmente impactante sin necesidad de recurrir a excesos.<img loading=\"lazy\" decoding=\"async\" class=\"alignnone wp-image-170727\" src=\"https:\/\/graziamagazine.com\/mx\/wp-content\/uploads\/sites\/13\/2026\/04\/Mujer-con-falda-midi-de-mezclilla-y-botas-negras-con-plataforma-GettyImages-1717162774-683x1024.png\" alt=\"\" width=\"700\" height=\"1050\" srcset=\"https:\/\/graziamagazine.com\/mx\/wp-content\/uploads\/sites\/13\/2026\/04\/Mujer-con-falda-midi-de-mezclilla-y-botas-negras-con-plataforma-GettyImages-1717162774-683x1024.png 683w, https:\/\/graziamagazine.com\/mx\/wp-content\/uploads\/sites\/13\/2026\/04\/Mujer-con-falda-midi-de-mezclilla-y-botas-negras-con-plataforma-GettyImages-1717162774-300x450.png 300w, https:\/\/graziamagazine.com\/mx\/wp-content\/uploads\/sites\/13\/2026\/04\/Mujer-con-falda-midi-de-mezclilla-y-botas-negras-con-plataforma-GettyImages-1717162774-768x1152.png 768w, https:\/\/graziamagazine.com\/mx\/wp-content\/uploads\/sites\/13\/2026\/04\/Mujer-con-falda-midi-de-mezclilla-y-botas-negras-con-plataforma-GettyImages-1717162774-400x600.png 400w, https:\/\/graziamagazine.com\/mx\/wp-content\/uploads\/sites\/13\/2026\/04\/Mujer-con-falda-midi-de-mezclilla-y-botas-negras-con-plataforma-GettyImages-1717162774-143x215.png 143w\" sizes=\"(max-width: 700px) 100vw, 700px\" \/><\/p>\n<p data-start=\"1910\" data-end=\"2261\">Los materiales juegan un papel fundamental en esta evoluci\u00f3n. El denim aporta una dimensi\u00f3n m\u00e1s casual y contempor\u00e1nea, mientras que el algod\u00f3n y la seda introducen ligereza y sofisticaci\u00f3n. Esta variedad permite que la prenda se adapte a diferentes estilos personales, manteniendo siempre una coherencia est\u00e9tica basada en la simplicidad de su forma.<\/p>\n<p data-start=\"2263\" data-end=\"2618\">En cuanto a los detalles, las faldas corte A se enriquecen con elementos que aportan profundidad sin alterar su estructura. Pliegues delicados, encajes sutiles o aberturas estrat\u00e9gicas a\u00f1aden dinamismo y car\u00e1cter, elevando la prenda m\u00e1s all\u00e1 de su apariencia b\u00e1sica. Estos recursos permiten reinterpretar una silueta conocida desde una perspectiva actual.<\/p>\n<p data-start=\"2263\" data-end=\"2618\"><img loading=\"lazy\" decoding=\"async\" class=\"alignnone wp-image-170725\" src=\"https:\/\/graziamagazine.com\/mx\/wp-content\/uploads\/sites\/13\/2026\/04\/GettyImages-1211153507-683x1024.jpg\" alt=\"\" width=\"700\" height=\"1050\" srcset=\"https:\/\/graziamagazine.com\/mx\/wp-content\/uploads\/sites\/13\/2026\/04\/GettyImages-1211153507-683x1024.jpg 683w, https:\/\/graziamagazine.com\/mx\/wp-content\/uploads\/sites\/13\/2026\/04\/GettyImages-1211153507-300x450.jpg 300w, https:\/\/graziamagazine.com\/mx\/wp-content\/uploads\/sites\/13\/2026\/04\/GettyImages-1211153507-768x1152.jpg 768w, https:\/\/graziamagazine.com\/mx\/wp-content\/uploads\/sites\/13\/2026\/04\/GettyImages-1211153507-1024x1536.jpg 1024w, https:\/\/graziamagazine.com\/mx\/wp-content\/uploads\/sites\/13\/2026\/04\/GettyImages-1211153507-1365x2048.jpg 1365w, https:\/\/graziamagazine.com\/mx\/wp-content\/uploads\/sites\/13\/2026\/04\/GettyImages-1211153507-400x600.jpg 400w, https:\/\/graziamagazine.com\/mx\/wp-content\/uploads\/sites\/13\/2026\/04\/GettyImages-1211153507-143x215.jpg 143w, https:\/\/graziamagazine.com\/mx\/wp-content\/uploads\/sites\/13\/2026\/04\/GettyImages-1211153507.jpg 1600w\" sizes=\"(max-width: 700px) 100vw, 700px\" \/><\/p>\n<p data-start=\"2620\" data-end=\"3032\">El calzado tambi\u00e9n juega un papel clave en la construcci\u00f3n del look. Los tacones y slingbacks ayudan a estilizar la figura, reforzando la verticalidad de la silueta. Por otro lado, opciones como mocasines o zapatillas introducen un contraste interesante que equilibra elegancia y comodidad. Esta dualidad es precisamente lo que convierte a la falda corte A en una pieza tan relevante en el armario contempor\u00e1neo.<\/p>\n<p data-start=\"3034\" data-end=\"3431\">Esta prenda responde a una tendencia m\u00e1s amplia que valora la funcionalidad sin renunciar al estilo. En un contexto donde la moda se orienta hacia elecciones m\u00e1s conscientes y duraderas, las faldas corte A destacan por su capacidad de trascender temporadas. No se trata de una tendencia ef\u00edmera, sino de una reafirmaci\u00f3n de valores como la versatilidad y la atemporalidad.<img loading=\"lazy\" decoding=\"async\" class=\"alignnone wp-image-170723\" src=\"https:\/\/graziamagazine.com\/mx\/wp-content\/uploads\/sites\/13\/2026\/04\/falda-con-blusas-primavera-verano-2023-1.png\" alt=\"\" width=\"700\" height=\"1050\" srcset=\"https:\/\/graziamagazine.com\/mx\/wp-content\/uploads\/sites\/13\/2026\/04\/falda-con-blusas-primavera-verano-2023-1.png 6667w, https:\/\/graziamagazine.com\/mx\/wp-content\/uploads\/sites\/13\/2026\/04\/falda-con-blusas-primavera-verano-2023-1-300x450.png 300w, https:\/\/graziamagazine.com\/mx\/wp-content\/uploads\/sites\/13\/2026\/04\/falda-con-blusas-primavera-verano-2023-1-683x1024.png 683w, https:\/\/graziamagazine.com\/mx\/wp-content\/uploads\/sites\/13\/2026\/04\/falda-con-blusas-primavera-verano-2023-1-768x1152.png 768w, https:\/\/graziamagazine.com\/mx\/wp-content\/uploads\/sites\/13\/2026\/04\/falda-con-blusas-primavera-verano-2023-1-1024x1536.png 1024w, https:\/\/graziamagazine.com\/mx\/wp-content\/uploads\/sites\/13\/2026\/04\/falda-con-blusas-primavera-verano-2023-1-400x600.png 400w, https:\/\/graziamagazine.com\/mx\/wp-content\/uploads\/sites\/13\/2026\/04\/falda-con-blusas-primavera-verano-2023-1-143x215.png 143w\" sizes=\"(max-width: 700px) 100vw, 700px\" \/><\/p>\n<p data-start=\"3433\" data-end=\"3800\">Adem\u00e1s, su presencia en el estilo urbano confirma su adaptabilidad. Lejos de limitarse a las pasarelas, estas faldas se integran con naturalidad en el d\u00eda a d\u00eda, ofreciendo soluciones pr\u00e1cticas sin sacrificar el impacto visual. Son prendas que acompa\u00f1an, que se ajustan al ritmo de quien las lleva, y que permiten construir una imagen coherente sin esfuerzo aparente.<\/p>\n<p data-start=\"3802\" data-end=\"4215\">Las faldas corte A representan una s\u00edntesis perfecta entre tradici\u00f3n y modernidad. Su regreso en el verano 2026 no solo responde a una tendencia est\u00e9tica, sino a una necesidad real dentro del vestuario actual. Una pieza que demuestra que la elegancia puede ser sencilla, y que la verdadera sofisticaci\u00f3n reside en la forma en que una prenda se mueve con el cuerpo y se integra en la vida cotidiana.<\/p>\n","protected":false},"author":28953,"featured_media":170726,"template":"","format":"standard","categories":[4],"acf":[],"yoast_head":"<!-- This site is optimized with the Yoast SEO Premium plugin v18.5 (Yoast SEO v20.4) - https:\/\/yoast.com\/wordpress\/plugins\/seo\/ -->\n<title>Faldas corte A: la tendencia chic del verano<\/title>\n<meta name=\"description\" content=\"La falda corte A regresa en verano 2026 con volumen elegante y versatilidad para looks sofisticados y actuales\" \/>\n<meta name=\"robots\" content=\"index, follow, max-snippet:-1, max-image-preview:large, max-video-preview:-1\" \/>\n<link rel=\"canonical\" href=\"https:\/\/graziamagazine.com\/mx\/articles\/como-llevar-faldas-a-en-verano-2026\/\" \/>\n<meta property=\"og:locale\" content=\"es_MX\" \/>\n<meta property=\"og:type\" content=\"article\" \/>\n<meta property=\"og:title\" content=\"Faldas corte A: la tendencia chic del verano\" \/>\n<meta property=\"og:description\" content=\"La falda corte A regresa en verano 2026 con volumen elegante y versatilidad para looks sofisticados y actuales\" \/>\n<meta property=\"og:url\" content=\"https:\/\/graziamagazine.com\/mx\/articles\/como-llevar-faldas-a-en-verano-2026\/\" \/>\n<meta property=\"og:site_name\" content=\"Grazia M\u00e9xico y Latinoam\u00e9rica\" \/>\n<meta property=\"article:modified_time\" content=\"2026-04-30T15:18:07+00:00\" \/>\n<meta property=\"og:image\" content=\"https:\/\/graziamagazine.com\/mx\/wp-content\/uploads\/sites\/13\/2026\/04\/gonna-maxi-a-ruota-2-e1777562066408-1024x755.png\" \/>\n\t<meta property=\"og:image:width\" content=\"1024\" \/>\n\t<meta property=\"og:image:height\" content=\"755\" \/>\n\t<meta property=\"og:image:type\" content=\"image\/png\" \/>\n<meta name=\"twitter:card\" content=\"summary_large_image\" \/>\n<meta name=\"twitter:label1\" content=\"Est. reading time\" \/>\n\t<meta name=\"twitter:data1\" content=\"4 minutos\" \/>\n<script type=\"application\/ld+json\" class=\"yoast-schema-graph\">{\"@context\":\"https:\/\/schema.org\",\"@graph\":[{\"@type\":\"WebPage\",\"@id\":\"https:\/\/graziamagazine.com\/mx\/articles\/como-llevar-faldas-a-en-verano-2026\/\",\"url\":\"https:\/\/graziamagazine.com\/mx\/articles\/como-llevar-faldas-a-en-verano-2026\/\",\"name\":\"Faldas corte A: la tendencia chic del verano\",\"isPartOf\":{\"@id\":\"https:\/\/graziamagazine.com\/mx\/#website\"},\"datePublished\":\"2026-04-30T15:03:09+00:00\",\"dateModified\":\"2026-04-30T15:18:07+00:00\",\"description\":\"La falda corte A regresa en verano 2026 con volumen elegante y versatilidad para looks sofisticados y actuales\",\"breadcrumb\":{\"@id\":\"https:\/\/graziamagazine.com\/mx\/articles\/como-llevar-faldas-a-en-verano-2026\/#breadcrumb\"},\"inLanguage\":\"es-MX\",\"potentialAction\":[{\"@type\":\"ReadAction\",\"target\":[\"https:\/\/graziamagazine.com\/mx\/articles\/como-llevar-faldas-a-en-verano-2026\/\"]}]},{\"@type\":\"BreadcrumbList\",\"@id\":\"https:\/\/graziamagazine.com\/mx\/articles\/como-llevar-faldas-a-en-verano-2026\/#breadcrumb\",\"itemListElement\":[{\"@type\":\"ListItem\",\"position\":1,\"name\":\"Home\",\"item\":\"https:\/\/graziamagazine.com\/mx\/\"},{\"@type\":\"ListItem\",\"position\":2,\"name\":\"Faldas corte A: la tendencia chic del verano\"}]},{\"@type\":\"WebSite\",\"@id\":\"https:\/\/graziamagazine.com\/mx\/#website\",\"url\":\"https:\/\/graziamagazine.com\/mx\/\",\"name\":\"Grazia M\u00e9xico y Latinoam\u00e9rica\",\"description\":\"Grazia es moda, belleza y noticias  de actualidad \",\"potentialAction\":[{\"@type\":\"SearchAction\",\"target\":{\"@type\":\"EntryPoint\",\"urlTemplate\":\"https:\/\/graziamagazine.com\/mx\/?s={search_term_string}\"},\"query-input\":\"required name=search_term_string\"}],\"inLanguage\":\"es-MX\"}]}<\/script>\n<!-- \/ Yoast SEO Premium plugin. -->","yoast_head_json":{"title":"Faldas corte A: la tendencia chic del verano","description":"La falda corte A regresa en verano 2026 con volumen elegante y versatilidad para looks sofisticados y actuales","robots":{"index":"index","follow":"follow","max-snippet":"max-snippet:-1","max-image-preview":"max-image-preview:large","max-video-preview":"max-video-preview:-1"},"canonical":"https:\/\/graziamagazine.com\/mx\/articles\/como-llevar-faldas-a-en-verano-2026\/","og_locale":"es_MX","og_type":"article","og_title":"Faldas corte A: la tendencia chic del verano","og_description":"La falda corte A regresa en verano 2026 con volumen elegante y versatilidad para looks sofisticados y actuales","og_url":"https:\/\/graziamagazine.com\/mx\/articles\/como-llevar-faldas-a-en-verano-2026\/","og_site_name":"Grazia M\u00e9xico y Latinoam\u00e9rica","article_modified_time":"2026-04-30T15:18:07+00:00","og_image":[{"width":1024,"height":755,"url":"https:\/\/graziamagazine.com\/mx\/wp-content\/uploads\/sites\/13\/2026\/04\/gonna-maxi-a-ruota-2-e1777562066408-1024x755.png","type":"image\/png"}],"twitter_card":"summary_large_image","twitter_misc":{"Est. reading time":"4 minutos"},"schema":{"@context":"https:\/\/schema.org","@graph":[{"@type":"WebPage","@id":"https:\/\/graziamagazine.com\/mx\/articles\/como-llevar-faldas-a-en-verano-2026\/","url":"https:\/\/graziamagazine.com\/mx\/articles\/como-llevar-faldas-a-en-verano-2026\/","name":"Faldas corte A: la tendencia chic del verano","isPartOf":{"@id":"https:\/\/graziamagazine.com\/mx\/#website"},"datePublished":"2026-04-30T15:03:09+00:00","dateModified":"2026-04-30T15:18:07+00:00","description":"La falda corte A regresa en verano 2026 con volumen elegante y versatilidad para looks sofisticados y actuales","breadcrumb":{"@id":"https:\/\/graziamagazine.com\/mx\/articles\/como-llevar-faldas-a-en-verano-2026\/#breadcrumb"},"inLanguage":"es-MX","potentialAction":[{"@type":"ReadAction","target":["https:\/\/graziamagazine.com\/mx\/articles\/como-llevar-faldas-a-en-verano-2026\/"]}]},{"@type":"BreadcrumbList","@id":"https:\/\/graziamagazine.com\/mx\/articles\/como-llevar-faldas-a-en-verano-2026\/#breadcrumb","itemListElement":[{"@type":"ListItem","position":1,"name":"Home","item":"https:\/\/graziamagazine.com\/mx\/"},{"@type":"ListItem","position":2,"name":"Faldas corte A: la tendencia chic del verano"}]},{"@type":"WebSite","@id":"https:\/\/graziamagazine.com\/mx\/#website","url":"https:\/\/graziamagazine.com\/mx\/","name":"Grazia M\u00e9xico y Latinoam\u00e9rica","description":"Grazia es moda, belleza y noticias  de actualidad ","potentialAction":[{"@type":"SearchAction","target":{"@type":"EntryPoint","urlTemplate":"https:\/\/graziamagazine.com\/mx\/?s={search_term_string}"},"query-input":"required name=search_term_string"}],"inLanguage":"es-MX"}]}},"jetpack_sharing_enabled":true,"distributor_meta":false,"distributor_terms":false,"distributor_media":false,"distributor_original_site_name":"Grazia M\u00e9xico y Latinoam\u00e9rica","distributor_original_site_url":"https:\/\/graziamagazine.com\/mx","push-errors":false,"_links":{"self":[{"href":"https:\/\/graziamagazine.com\/mx\/wp-json\/wp\/v2\/articles\/170722"}],"collection":[{"href":"https:\/\/graziamagazine.com\/mx\/wp-json\/wp\/v2\/articles"}],"about":[{"href":"https:\/\/graziamagazine.com\/mx\/wp-json\/wp\/v2\/types\/articles"}],"author":[{"embeddable":true,"href":"https:\/\/graziamagazine.com\/mx\/wp-json\/wp\/v2\/users\/28953"}],"wp:featuredmedia":[{"embeddable":true,"href":"https:\/\/graziamagazine.com\/mx\/wp-json\/wp\/v2\/media\/170726"}],"wp:attachment":[{"href":"https:\/\/graziamagazine.com\/mx\/wp-json\/wp\/v2\/media?parent=170722"}],"wp:term":[{"taxonomy":"category","embeddable":true,"href":"https:\/\/graziamagazine.com\/mx\/wp-json\/wp\/v2\/categories?post=170722"}],"curies":[{"name":"wp","href":"https:\/\/api.w.org\/{rel}","templated":true}]}}