{"id":170713,"date":"2026-04-29T20:03:45","date_gmt":"2026-04-30T01:03:45","guid":{"rendered":"https:\/\/graziamagazine.com\/mx\/?post_type=articles&#038;p=170713"},"modified":"2026-04-29T20:13:48","modified_gmt":"2026-04-30T01:13:48","slug":"joyas-en-la-cabeza-como-usarlas-primavera-2026","status":"publish","type":"articles","link":"https:\/\/graziamagazine.com\/mx\/articles\/joyas-en-la-cabeza-como-usarlas-primavera-2026\/","title":{"rendered":"Joyas en la cabeza, tendencia clave verano 2026"},"content":{"rendered":"<p data-start=\"313\" data-end=\"720\">Las joyas ya no se limitan al cuello, las orejas o las manos. En el verano 2026, el foco se desplaza hacia la cabeza, transform\u00e1ndola en el nuevo territorio de expresi\u00f3n est\u00e9tica dentro del look.<\/p>\n<p data-start=\"313\" data-end=\"720\">Esta evoluci\u00f3n no es casual, sino el reflejo de una moda que busca nuevas formas de destacar sin recurrir a excesos, apostando por puntos de atenci\u00f3n estrat\u00e9gicos que redefinen la silueta y el equilibrio visual.<\/p>\n<figure id=\"attachment_170717\" aria-describedby=\"caption-attachment-170717\" style=\"width: 700px\" class=\"wp-caption alignnone\"><img loading=\"lazy\" decoding=\"async\" class=\"wp-image-170717\" src=\"https:\/\/graziamagazine.com\/mx\/wp-content\/uploads\/sites\/13\/2026\/04\/2646be9b52101e0e21848b9706ada127-683x1024.jpg\" alt=\"Joyas en la cabeza, tendencia clave verano 2026\" width=\"700\" height=\"1050\" srcset=\"https:\/\/graziamagazine.com\/mx\/wp-content\/uploads\/sites\/13\/2026\/04\/2646be9b52101e0e21848b9706ada127-683x1024.jpg 683w, https:\/\/graziamagazine.com\/mx\/wp-content\/uploads\/sites\/13\/2026\/04\/2646be9b52101e0e21848b9706ada127-300x450.jpg 300w, https:\/\/graziamagazine.com\/mx\/wp-content\/uploads\/sites\/13\/2026\/04\/2646be9b52101e0e21848b9706ada127-400x600.jpg 400w, https:\/\/graziamagazine.com\/mx\/wp-content\/uploads\/sites\/13\/2026\/04\/2646be9b52101e0e21848b9706ada127-143x215.jpg 143w, https:\/\/graziamagazine.com\/mx\/wp-content\/uploads\/sites\/13\/2026\/04\/2646be9b52101e0e21848b9706ada127.jpg 736w\" sizes=\"(max-width: 700px) 100vw, 700px\" \/><figcaption id=\"caption-attachment-170717\" class=\"wp-caption-text\">Joyas en la cabeza, tendencia clave verano 2026<\/figcaption><\/figure>\n<p data-start=\"722\" data-end=\"1114\">Coronas delicadas, cadenas sutiles, estructuras met\u00e1licas y piezas envolventes comienzan a ocupar este espacio con una intenci\u00f3n clara: enmarcar el rostro y aportar luz sin saturar el conjunto. Este tipo de joyer\u00eda introduce una dimensi\u00f3n diferente, m\u00e1s cercana a lo ornamental y a lo art\u00edstico, donde el accesorio deja de ser secundario para convertirse en el elemento central del estilismo.<\/p>\n<p data-start=\"1116\" data-end=\"1502\">Dentro de esta tendencia emerge con fuerza el <em data-start=\"1162\" data-end=\"1173\">headpiece<\/em>, una pieza que sintetiza perfectamente esta nueva direcci\u00f3n. Se trata de un accesorio que envuelve la cabeza mediante mallas, cadenas o estructuras ligeras que se adaptan al cabello, creando un efecto visual sofisticado y et\u00e9reo. Su dise\u00f1o no busca ocultar, sino acompa\u00f1ar y resaltar, generando un di\u00e1logo directo con el rostro.<\/p>\n<figure id=\"attachment_170716\" aria-describedby=\"caption-attachment-170716\" style=\"width: 700px\" class=\"wp-caption alignnone\"><img loading=\"lazy\" decoding=\"async\" class=\"wp-image-170716\" src=\"https:\/\/graziamagazine.com\/mx\/wp-content\/uploads\/sites\/13\/2026\/04\/345fd2eca95f6d868ba73917f46fdee2-683x1024.jpg\" alt=\"Joyas en la cabeza, tendencia clave verano 2026\" width=\"700\" height=\"1050\" srcset=\"https:\/\/graziamagazine.com\/mx\/wp-content\/uploads\/sites\/13\/2026\/04\/345fd2eca95f6d868ba73917f46fdee2-683x1024.jpg 683w, https:\/\/graziamagazine.com\/mx\/wp-content\/uploads\/sites\/13\/2026\/04\/345fd2eca95f6d868ba73917f46fdee2-300x450.jpg 300w, https:\/\/graziamagazine.com\/mx\/wp-content\/uploads\/sites\/13\/2026\/04\/345fd2eca95f6d868ba73917f46fdee2-768x1152.jpg 768w, https:\/\/graziamagazine.com\/mx\/wp-content\/uploads\/sites\/13\/2026\/04\/345fd2eca95f6d868ba73917f46fdee2-400x600.jpg 400w, https:\/\/graziamagazine.com\/mx\/wp-content\/uploads\/sites\/13\/2026\/04\/345fd2eca95f6d868ba73917f46fdee2-143x215.jpg 143w, https:\/\/graziamagazine.com\/mx\/wp-content\/uploads\/sites\/13\/2026\/04\/345fd2eca95f6d868ba73917f46fdee2.jpg 850w\" sizes=\"(max-width: 700px) 100vw, 700px\" \/><figcaption id=\"caption-attachment-170716\" class=\"wp-caption-text\">Joyas en la cabeza, tendencia clave verano 2026<\/figcaption><\/figure>\n<p data-start=\"1504\" data-end=\"1871\">El <em data-start=\"1507\" data-end=\"1518\">headpiece<\/em> destaca por su capacidad de transformar cualquier look de forma inmediata. En un momento en el que la moda prioriza la funcionalidad sin renunciar al impacto, esta pieza act\u00faa como un recurso clave. Un conjunto sencillo puede adquirir una nueva dimensi\u00f3n simplemente incorporando este accesorio, que aporta car\u00e1cter sin necesidad de a\u00f1adir complejidad.<\/p>\n<p data-start=\"1873\" data-end=\"2235\">Hist\u00f3ricamente, los adornos en la cabeza han sido s\u00edmbolos de estatus, identidad o pertenencia. Desde los tocados medievales hasta las piezas ic\u00f3nicas de los a\u00f1os veinte, su presencia siempre ha estado ligada a momentos de cambio en la moda. Hoy, su reinterpretaci\u00f3n se aleja de lo r\u00edgido y ceremonial para adoptar una est\u00e9tica m\u00e1s libre, ligera y contempor\u00e1nea.<img loading=\"lazy\" decoding=\"async\" class=\"alignnone wp-image-170715\" src=\"https:\/\/graziamagazine.com\/mx\/wp-content\/uploads\/sites\/13\/2026\/04\/24d604c4fde57d9a88787dc91daf617e-821x1024.jpg\" alt=\"\" width=\"700\" height=\"873\" srcset=\"https:\/\/graziamagazine.com\/mx\/wp-content\/uploads\/sites\/13\/2026\/04\/24d604c4fde57d9a88787dc91daf617e-821x1024.jpg 821w, https:\/\/graziamagazine.com\/mx\/wp-content\/uploads\/sites\/13\/2026\/04\/24d604c4fde57d9a88787dc91daf617e-361x450.jpg 361w, https:\/\/graziamagazine.com\/mx\/wp-content\/uploads\/sites\/13\/2026\/04\/24d604c4fde57d9a88787dc91daf617e-768x958.jpg 768w, https:\/\/graziamagazine.com\/mx\/wp-content\/uploads\/sites\/13\/2026\/04\/24d604c4fde57d9a88787dc91daf617e-400x499.jpg 400w, https:\/\/graziamagazine.com\/mx\/wp-content\/uploads\/sites\/13\/2026\/04\/24d604c4fde57d9a88787dc91daf617e-155x193.jpg 155w, https:\/\/graziamagazine.com\/mx\/wp-content\/uploads\/sites\/13\/2026\/04\/24d604c4fde57d9a88787dc91daf617e.jpg 1199w\" sizes=\"(max-width: 700px) 100vw, 700px\" \/><\/p>\n<p data-start=\"2237\" data-end=\"2660\">En las propuestas actuales, el <em data-start=\"2268\" data-end=\"2279\">headpiece<\/em> se presenta en m\u00faltiples versiones. Algunas apuestan por la m\u00ednima expresi\u00f3n, con l\u00edneas finas casi imperceptibles que aportan un brillo sutil. Otras, en cambio, incorporan detalles m\u00e1s elaborados como cuentas, cristales o aplicaciones que capturan la luz y generan movimiento. Esta diversidad permite que se adapte tanto a estilismos cotidianos como a propuestas m\u00e1s editoriales.<\/p>\n<p data-start=\"2662\" data-end=\"3020\">Su versatilidad es otro de sus puntos fuertes. Aunque puede parecer un accesorio reservado para ocasiones especiales, cada vez es m\u00e1s habitual verlo integrado en looks de d\u00eda. Combinado con prendas sencillas, crea un contraste interesante que eleva el conjunto sin esfuerzo, demostrando que el impacto no siempre depende de la cantidad, sino de la intenci\u00f3n.<img loading=\"lazy\" decoding=\"async\" class=\"alignnone wp-image-170714\" src=\"https:\/\/graziamagazine.com\/mx\/wp-content\/uploads\/sites\/13\/2026\/04\/5baf692e5836343bb430e1e8b518295d-683x1024.jpg\" alt=\"\" width=\"700\" height=\"1050\" srcset=\"https:\/\/graziamagazine.com\/mx\/wp-content\/uploads\/sites\/13\/2026\/04\/5baf692e5836343bb430e1e8b518295d-683x1024.jpg 683w, https:\/\/graziamagazine.com\/mx\/wp-content\/uploads\/sites\/13\/2026\/04\/5baf692e5836343bb430e1e8b518295d-300x450.jpg 300w, https:\/\/graziamagazine.com\/mx\/wp-content\/uploads\/sites\/13\/2026\/04\/5baf692e5836343bb430e1e8b518295d-400x600.jpg 400w, https:\/\/graziamagazine.com\/mx\/wp-content\/uploads\/sites\/13\/2026\/04\/5baf692e5836343bb430e1e8b518295d-143x215.jpg 143w, https:\/\/graziamagazine.com\/mx\/wp-content\/uploads\/sites\/13\/2026\/04\/5baf692e5836343bb430e1e8b518295d.jpg 736w\" sizes=\"(max-width: 700px) 100vw, 700px\" \/><\/p>\n<p data-start=\"3022\" data-end=\"3406\">Adem\u00e1s, el <em data-start=\"3033\" data-end=\"3044\">headpiece<\/em> se alinea con una tendencia m\u00e1s amplia que convierte la cabeza en un espacio creativo. Pa\u00f1uelos, gorros y sombreros han preparado el terreno para esta evoluci\u00f3n, permitiendo que la joyer\u00eda encuentre un nuevo lugar dentro del lenguaje de la moda. El resultado es una est\u00e9tica m\u00e1s equilibrada, donde el protagonismo se concentra en un solo elemento bien definido.<\/p>\n<p data-start=\"3408\" data-end=\"3776\">Las joyas en la cabeza, y en particular el <em data-start=\"3466\" data-end=\"3477\">headpiece<\/em>, representan un cambio significativo en la manera de construir un look. Estas piezas reflejan una nueva sensibilidad est\u00e9tica en la que el accesorio no acompa\u00f1a, sino que define. Una forma de sofisticaci\u00f3n contempor\u00e1nea que apuesta por la precisi\u00f3n, la creatividad y la libertad.<\/p>\n","protected":false},"author":28953,"featured_media":170718,"template":"","format":"standard","categories":[4],"acf":[],"yoast_head":"<!-- This site is optimized with the Yoast SEO Premium plugin v18.5 (Yoast SEO v20.4) - https:\/\/yoast.com\/wordpress\/plugins\/seo\/ -->\n<title>Joyas en la cabeza, tendencia clave verano 2026<\/title>\n<meta name=\"description\" content=\"Las joyas en la cabeza marcan tendencia este verano y redefinen el estilo con propuestas sofisticadas y contempor\u00e1neas\" \/>\n<meta name=\"robots\" content=\"index, follow, max-snippet:-1, max-image-preview:large, max-video-preview:-1\" \/>\n<link rel=\"canonical\" href=\"https:\/\/graziamagazine.com\/mx\/articles\/joyas-en-la-cabeza-como-usarlas-primavera-2026\/\" \/>\n<meta property=\"og:locale\" content=\"es_MX\" \/>\n<meta property=\"og:type\" content=\"article\" \/>\n<meta property=\"og:title\" content=\"Joyas en la cabeza, tendencia clave verano 2026\" \/>\n<meta property=\"og:description\" content=\"Las joyas en la cabeza marcan tendencia este verano y redefinen el estilo con propuestas sofisticadas y contempor\u00e1neas\" \/>\n<meta property=\"og:url\" content=\"https:\/\/graziamagazine.com\/mx\/articles\/joyas-en-la-cabeza-como-usarlas-primavera-2026\/\" \/>\n<meta property=\"og:site_name\" content=\"Grazia M\u00e9xico y Latinoam\u00e9rica\" \/>\n<meta property=\"article:modified_time\" content=\"2026-04-30T01:13:48+00:00\" \/>\n<meta property=\"og:image\" content=\"https:\/\/graziamagazine.com\/mx\/wp-content\/uploads\/sites\/13\/2026\/04\/sandra-murray-poses-backstage-at-the-etro-fashion-show-news-photo-1771057787-e1777511431374.png\" \/>\n\t<meta property=\"og:image:width\" content=\"2845\" \/>\n\t<meta property=\"og:image:height\" content=\"1899\" \/>\n\t<meta property=\"og:image:type\" content=\"image\/png\" \/>\n<meta name=\"twitter:card\" content=\"summary_large_image\" \/>\n<meta name=\"twitter:label1\" content=\"Est. reading time\" \/>\n\t<meta name=\"twitter:data1\" content=\"4 minutos\" \/>\n<script type=\"application\/ld+json\" class=\"yoast-schema-graph\">{\"@context\":\"https:\/\/schema.org\",\"@graph\":[{\"@type\":\"WebPage\",\"@id\":\"https:\/\/graziamagazine.com\/mx\/articles\/joyas-en-la-cabeza-como-usarlas-primavera-2026\/\",\"url\":\"https:\/\/graziamagazine.com\/mx\/articles\/joyas-en-la-cabeza-como-usarlas-primavera-2026\/\",\"name\":\"Joyas en la cabeza, tendencia clave verano 2026\",\"isPartOf\":{\"@id\":\"https:\/\/graziamagazine.com\/mx\/#website\"},\"datePublished\":\"2026-04-30T01:03:45+00:00\",\"dateModified\":\"2026-04-30T01:13:48+00:00\",\"description\":\"Las joyas en la cabeza marcan tendencia este verano y redefinen el estilo con propuestas sofisticadas y contempor\u00e1neas\",\"breadcrumb\":{\"@id\":\"https:\/\/graziamagazine.com\/mx\/articles\/joyas-en-la-cabeza-como-usarlas-primavera-2026\/#breadcrumb\"},\"inLanguage\":\"es-MX\",\"potentialAction\":[{\"@type\":\"ReadAction\",\"target\":[\"https:\/\/graziamagazine.com\/mx\/articles\/joyas-en-la-cabeza-como-usarlas-primavera-2026\/\"]}]},{\"@type\":\"BreadcrumbList\",\"@id\":\"https:\/\/graziamagazine.com\/mx\/articles\/joyas-en-la-cabeza-como-usarlas-primavera-2026\/#breadcrumb\",\"itemListElement\":[{\"@type\":\"ListItem\",\"position\":1,\"name\":\"Home\",\"item\":\"https:\/\/graziamagazine.com\/mx\/\"},{\"@type\":\"ListItem\",\"position\":2,\"name\":\"Joyas en la cabeza, tendencia clave verano 2026\"}]},{\"@type\":\"WebSite\",\"@id\":\"https:\/\/graziamagazine.com\/mx\/#website\",\"url\":\"https:\/\/graziamagazine.com\/mx\/\",\"name\":\"Grazia M\u00e9xico y Latinoam\u00e9rica\",\"description\":\"Grazia es moda, belleza y noticias  de actualidad \",\"potentialAction\":[{\"@type\":\"SearchAction\",\"target\":{\"@type\":\"EntryPoint\",\"urlTemplate\":\"https:\/\/graziamagazine.com\/mx\/?s={search_term_string}\"},\"query-input\":\"required name=search_term_string\"}],\"inLanguage\":\"es-MX\"}]}<\/script>\n<!-- \/ Yoast SEO Premium plugin. -->","yoast_head_json":{"title":"Joyas en la cabeza, tendencia clave verano 2026","description":"Las joyas en la cabeza marcan tendencia este verano y redefinen el estilo con propuestas sofisticadas y contempor\u00e1neas","robots":{"index":"index","follow":"follow","max-snippet":"max-snippet:-1","max-image-preview":"max-image-preview:large","max-video-preview":"max-video-preview:-1"},"canonical":"https:\/\/graziamagazine.com\/mx\/articles\/joyas-en-la-cabeza-como-usarlas-primavera-2026\/","og_locale":"es_MX","og_type":"article","og_title":"Joyas en la cabeza, tendencia clave verano 2026","og_description":"Las joyas en la cabeza marcan tendencia este verano y redefinen el estilo con propuestas sofisticadas y contempor\u00e1neas","og_url":"https:\/\/graziamagazine.com\/mx\/articles\/joyas-en-la-cabeza-como-usarlas-primavera-2026\/","og_site_name":"Grazia M\u00e9xico y Latinoam\u00e9rica","article_modified_time":"2026-04-30T01:13:48+00:00","og_image":[{"width":2845,"height":1899,"url":"https:\/\/graziamagazine.com\/mx\/wp-content\/uploads\/sites\/13\/2026\/04\/sandra-murray-poses-backstage-at-the-etro-fashion-show-news-photo-1771057787-e1777511431374.png","type":"image\/png"}],"twitter_card":"summary_large_image","twitter_misc":{"Est. reading time":"4 minutos"},"schema":{"@context":"https:\/\/schema.org","@graph":[{"@type":"WebPage","@id":"https:\/\/graziamagazine.com\/mx\/articles\/joyas-en-la-cabeza-como-usarlas-primavera-2026\/","url":"https:\/\/graziamagazine.com\/mx\/articles\/joyas-en-la-cabeza-como-usarlas-primavera-2026\/","name":"Joyas en la cabeza, tendencia clave verano 2026","isPartOf":{"@id":"https:\/\/graziamagazine.com\/mx\/#website"},"datePublished":"2026-04-30T01:03:45+00:00","dateModified":"2026-04-30T01:13:48+00:00","description":"Las joyas en la cabeza marcan tendencia este verano y redefinen el estilo con propuestas sofisticadas y contempor\u00e1neas","breadcrumb":{"@id":"https:\/\/graziamagazine.com\/mx\/articles\/joyas-en-la-cabeza-como-usarlas-primavera-2026\/#breadcrumb"},"inLanguage":"es-MX","potentialAction":[{"@type":"ReadAction","target":["https:\/\/graziamagazine.com\/mx\/articles\/joyas-en-la-cabeza-como-usarlas-primavera-2026\/"]}]},{"@type":"BreadcrumbList","@id":"https:\/\/graziamagazine.com\/mx\/articles\/joyas-en-la-cabeza-como-usarlas-primavera-2026\/#breadcrumb","itemListElement":[{"@type":"ListItem","position":1,"name":"Home","item":"https:\/\/graziamagazine.com\/mx\/"},{"@type":"ListItem","position":2,"name":"Joyas en la cabeza, tendencia clave verano 2026"}]},{"@type":"WebSite","@id":"https:\/\/graziamagazine.com\/mx\/#website","url":"https:\/\/graziamagazine.com\/mx\/","name":"Grazia M\u00e9xico y Latinoam\u00e9rica","description":"Grazia es moda, belleza y noticias  de actualidad ","potentialAction":[{"@type":"SearchAction","target":{"@type":"EntryPoint","urlTemplate":"https:\/\/graziamagazine.com\/mx\/?s={search_term_string}"},"query-input":"required name=search_term_string"}],"inLanguage":"es-MX"}]}},"jetpack_sharing_enabled":true,"distributor_meta":false,"distributor_terms":false,"distributor_media":false,"distributor_original_site_name":"Grazia M\u00e9xico y Latinoam\u00e9rica","distributor_original_site_url":"https:\/\/graziamagazine.com\/mx","push-errors":false,"_links":{"self":[{"href":"https:\/\/graziamagazine.com\/mx\/wp-json\/wp\/v2\/articles\/170713"}],"collection":[{"href":"https:\/\/graziamagazine.com\/mx\/wp-json\/wp\/v2\/articles"}],"about":[{"href":"https:\/\/graziamagazine.com\/mx\/wp-json\/wp\/v2\/types\/articles"}],"author":[{"embeddable":true,"href":"https:\/\/graziamagazine.com\/mx\/wp-json\/wp\/v2\/users\/28953"}],"wp:featuredmedia":[{"embeddable":true,"href":"https:\/\/graziamagazine.com\/mx\/wp-json\/wp\/v2\/media\/170718"}],"wp:attachment":[{"href":"https:\/\/graziamagazine.com\/mx\/wp-json\/wp\/v2\/media?parent=170713"}],"wp:term":[{"taxonomy":"category","embeddable":true,"href":"https:\/\/graziamagazine.com\/mx\/wp-json\/wp\/v2\/categories?post=170713"}],"curies":[{"name":"wp","href":"https:\/\/api.w.org\/{rel}","templated":true}]}}