{"id":170684,"date":"2026-04-29T15:16:34","date_gmt":"2026-04-29T20:16:34","guid":{"rendered":"https:\/\/graziamagazine.com\/mx\/?post_type=articles&#038;p=170684"},"modified":"2026-04-29T15:41:31","modified_gmt":"2026-04-29T20:41:31","slug":"collares-chunky-tendencia-primavera-verano-2026","status":"publish","type":"articles","link":"https:\/\/graziamagazine.com\/mx\/articles\/collares-chunky-tendencia-primavera-verano-2026\/","title":{"rendered":"Los collares chunky: el must de esta primavera-verano 2026"},"content":{"rendered":"<p class=\"p3\"><span class=\"s2\">Los <a href=\"https:\/\/graziamagazine.com\/mx\/articles\/mascada-panuelo-de-flecos-primavera-verano-2026\/\">accesorios<\/a> tienen la capacidad de ser <strong>el centro de todo un look<\/strong>. Desde hace mucho tiempo, los dejamos de ver solo como un complemento, convirti\u00e9ndose en los <strong>protagonistas<\/strong>. Y s\u00ed, unos son m\u00e1s llamativos que otros, pero esta <strong>primavera-verano<\/strong>, <strong>los collares chunky<\/strong> se apoderan de todo y se consolidan como el <strong>must absoluto<\/strong>. <\/span><\/p>\n<p class=\"p3\"><span class=\"s2\">No solo por su gran tama\u00f1o, tambi\u00e9n por sus materiales y colores, que los hacen tener una presencia contundente, con <strong>car\u00e1cter<\/strong> y <strong>que no pasa desapercibida<\/strong>. <\/span><span class=\"s2\">Y, especialmente ahora, hablamos de unos en espec\u00edfico, los collares de <strong>piedras de colores.<\/strong> Si no tienes uno para esta temporada, te est\u00e1s tardando, y m\u00e1s all\u00e1 de la <strong>tendencia<\/strong>, es por la est\u00e9tica tan \u00fanica que tienen.<\/span><\/p>\n<h2 class=\"p3\"><span class=\"s3\">El regreso del maximalismo<\/span><\/h2>\n<div class=\"content-gallery\"><div class=\"gallery-placeholder\"><div class=\"spinner\"><\/div><\/div><span class=\"gallery-pagination\"><\/span><div id=\"gallery-1\" class=\"gallery galleryid-170684 gallery-columns- gallery-size-\"><figure class=\"gallery-item\"><div class=\"gallery-icon landscape\"><img loading=\"lazy\" decoding=\"async\" width=\"1179\" height=\"1570\" src=\"https:\/\/graziamagazine.com\/mx\/wp-content\/uploads\/sites\/13\/2026\/04\/IMG_2129.jpeg\" class=\"lazy\" alt=\"Los collares chunky: el must de esta primavera-verano 2026\" srcset=\"https:\/\/graziamagazine.com\/mx\/wp-content\/uploads\/sites\/13\/2026\/04\/IMG_2129.jpeg 1179w, https:\/\/graziamagazine.com\/mx\/wp-content\/uploads\/sites\/13\/2026\/04\/IMG_2129-338x450.jpeg 338w, https:\/\/graziamagazine.com\/mx\/wp-content\/uploads\/sites\/13\/2026\/04\/IMG_2129-769x1024.jpeg 769w, https:\/\/graziamagazine.com\/mx\/wp-content\/uploads\/sites\/13\/2026\/04\/IMG_2129-768x1023.jpeg 768w, https:\/\/graziamagazine.com\/mx\/wp-content\/uploads\/sites\/13\/2026\/04\/IMG_2129-1153x1536.jpeg 1153w, https:\/\/graziamagazine.com\/mx\/wp-content\/uploads\/sites\/13\/2026\/04\/IMG_2129-400x533.jpeg 400w, https:\/\/graziamagazine.com\/mx\/wp-content\/uploads\/sites\/13\/2026\/04\/IMG_2129-155x206.jpeg 155w\" sizes=\"(max-width: 1179px) 100vw, 1179px\" \/><\/div><figcaption class=\"wp-caption-text gallery-caption\" id=\"gallery-1-170686\">Pinterest<\/figcaption><\/figure><figure class=\"gallery-item\"><div class=\"gallery-icon landscape\"><img loading=\"lazy\" decoding=\"async\" width=\"1200\" height=\"1600\" src=\"https:\/\/graziamagazine.com\/mx\/wp-content\/uploads\/sites\/13\/2026\/04\/IMG_2130.jpeg\" class=\"lazy\" alt=\"\" srcset=\"https:\/\/graziamagazine.com\/mx\/wp-content\/uploads\/sites\/13\/2026\/04\/IMG_2130.jpeg 1200w, https:\/\/graziamagazine.com\/mx\/wp-content\/uploads\/sites\/13\/2026\/04\/IMG_2130-338x450.jpeg 338w, https:\/\/graziamagazine.com\/mx\/wp-content\/uploads\/sites\/13\/2026\/04\/IMG_2130-768x1024.jpeg 768w, https:\/\/graziamagazine.com\/mx\/wp-content\/uploads\/sites\/13\/2026\/04\/IMG_2130-1152x1536.jpeg 1152w, https:\/\/graziamagazine.com\/mx\/wp-content\/uploads\/sites\/13\/2026\/04\/IMG_2130-400x533.jpeg 400w, https:\/\/graziamagazine.com\/mx\/wp-content\/uploads\/sites\/13\/2026\/04\/IMG_2130-155x207.jpeg 155w\" sizes=\"(max-width: 1200px) 100vw, 1200px\" \/><\/div><\/figure><figure class=\"gallery-item\"><div class=\"gallery-icon landscape\"><img loading=\"lazy\" decoding=\"async\" width=\"1200\" height=\"1500\" src=\"https:\/\/graziamagazine.com\/mx\/wp-content\/uploads\/sites\/13\/2026\/04\/IMG_3545.jpeg\" class=\"lazy\" alt=\"\" srcset=\"https:\/\/graziamagazine.com\/mx\/wp-content\/uploads\/sites\/13\/2026\/04\/IMG_3545.jpeg 1200w, https:\/\/graziamagazine.com\/mx\/wp-content\/uploads\/sites\/13\/2026\/04\/IMG_3545-360x450.jpeg 360w, https:\/\/graziamagazine.com\/mx\/wp-content\/uploads\/sites\/13\/2026\/04\/IMG_3545-819x1024.jpeg 819w, https:\/\/graziamagazine.com\/mx\/wp-content\/uploads\/sites\/13\/2026\/04\/IMG_3545-768x960.jpeg 768w, https:\/\/graziamagazine.com\/mx\/wp-content\/uploads\/sites\/13\/2026\/04\/IMG_3545-400x500.jpeg 400w, https:\/\/graziamagazine.com\/mx\/wp-content\/uploads\/sites\/13\/2026\/04\/IMG_3545-155x194.jpeg 155w\" sizes=\"(max-width: 1200px) 100vw, 1200px\" \/><\/div><\/figure><figure class=\"gallery-item\"><div class=\"gallery-icon landscape\"><img loading=\"lazy\" decoding=\"async\" width=\"1200\" height=\"1600\" src=\"https:\/\/graziamagazine.com\/mx\/wp-content\/uploads\/sites\/13\/2026\/04\/IMG_3543.jpeg\" class=\"lazy\" alt=\"Los collares chunky: el must de esta primavera-verano 2026\" srcset=\"https:\/\/graziamagazine.com\/mx\/wp-content\/uploads\/sites\/13\/2026\/04\/IMG_3543.jpeg 1200w, https:\/\/graziamagazine.com\/mx\/wp-content\/uploads\/sites\/13\/2026\/04\/IMG_3543-338x450.jpeg 338w, https:\/\/graziamagazine.com\/mx\/wp-content\/uploads\/sites\/13\/2026\/04\/IMG_3543-768x1024.jpeg 768w, https:\/\/graziamagazine.com\/mx\/wp-content\/uploads\/sites\/13\/2026\/04\/IMG_3543-1152x1536.jpeg 1152w, https:\/\/graziamagazine.com\/mx\/wp-content\/uploads\/sites\/13\/2026\/04\/IMG_3543-400x533.jpeg 400w, https:\/\/graziamagazine.com\/mx\/wp-content\/uploads\/sites\/13\/2026\/04\/IMG_3543-155x207.jpeg 155w\" sizes=\"(max-width: 1200px) 100vw, 1200px\" \/><\/div><figcaption class=\"wp-caption-text gallery-caption\" id=\"gallery-1-170699\">Pinterest<\/figcaption><\/figure><\/div><\/div>\n<p class=\"p3\"><span class=\"s2\">Hemos hablado mucho del minimalismo, del lujo silencioso, pero esto es un recordatorio de que el maximalismo sigue teniendo presencia esta temporada. Porque hoy la moda, m\u00e1s all\u00e1 de las tendencias, apuesta por lo que comunica sin necesidad de palabras, por lo que se ve y se lleva con estilo e intenci\u00f3n. Y los collares chunky responden a esta idea: piezas voluminosas, con distintas texturas, materiales y colores que directamente se vuelven el punto focal.<\/span><\/p>\n<p class=\"p3\"><span class=\"s2\">Y no solo lo vemos con pedrer\u00eda, tambi\u00e9n los collares XL con charms abundantes y grandes, que nuevamente no necesitan decir una sola palabra para transmitir algo, simplemente existen. Tambi\u00e9n hablamos de los collares de cadenas maxi e incluso piezas de bisuter\u00eda en tama\u00f1o grande. Los hemos visto por todos lados, ya sea en desfiles o en street style, y eso solo confirma la popularidad que tendr\u00e1n durante un largo tiempo gracias al poder de adaptaci\u00f3n que tienen, desde looks minimalistas hasta algo m\u00e1s sofisticado e incluso algo experimental.<\/span><\/p>\n<h2 class=\"p3\"><span class=\"s3\">El favorito por excelencia<\/span><\/h2>\n<div class=\"content-gallery\"><div class=\"gallery-placeholder\"><div class=\"spinner\"><\/div><\/div><span class=\"gallery-pagination\"><\/span><div id=\"gallery-2\" class=\"gallery galleryid-170684 gallery-columns- gallery-size-\"><figure class=\"gallery-item\"><div class=\"gallery-icon landscape\"><img loading=\"lazy\" decoding=\"async\" width=\"1200\" height=\"1598\" src=\"https:\/\/graziamagazine.com\/mx\/wp-content\/uploads\/sites\/13\/2026\/04\/IMG_3551.jpeg\" class=\"lazy\" alt=\"Los collares chunky: el must de esta primavera-verano 2026\" srcset=\"https:\/\/graziamagazine.com\/mx\/wp-content\/uploads\/sites\/13\/2026\/04\/IMG_3551.jpeg 1200w, https:\/\/graziamagazine.com\/mx\/wp-content\/uploads\/sites\/13\/2026\/04\/IMG_3551-338x450.jpeg 338w, https:\/\/graziamagazine.com\/mx\/wp-content\/uploads\/sites\/13\/2026\/04\/IMG_3551-769x1024.jpeg 769w, https:\/\/graziamagazine.com\/mx\/wp-content\/uploads\/sites\/13\/2026\/04\/IMG_3551-768x1023.jpeg 768w, https:\/\/graziamagazine.com\/mx\/wp-content\/uploads\/sites\/13\/2026\/04\/IMG_3551-1153x1536.jpeg 1153w, https:\/\/graziamagazine.com\/mx\/wp-content\/uploads\/sites\/13\/2026\/04\/IMG_3551-400x533.jpeg 400w, https:\/\/graziamagazine.com\/mx\/wp-content\/uploads\/sites\/13\/2026\/04\/IMG_3551-155x206.jpeg 155w\" sizes=\"(max-width: 1200px) 100vw, 1200px\" \/><\/div><figcaption class=\"wp-caption-text gallery-caption\" id=\"gallery-2-170691\">Pinterest<\/figcaption><\/figure><figure class=\"gallery-item\"><div class=\"gallery-icon landscape\"><img loading=\"lazy\" decoding=\"async\" width=\"1200\" height=\"1500\" src=\"https:\/\/graziamagazine.com\/mx\/wp-content\/uploads\/sites\/13\/2026\/04\/IMG_3546.jpeg\" class=\"lazy\" alt=\"Los collares chunky: el must de esta primavera-verano 2026\" srcset=\"https:\/\/graziamagazine.com\/mx\/wp-content\/uploads\/sites\/13\/2026\/04\/IMG_3546.jpeg 1200w, https:\/\/graziamagazine.com\/mx\/wp-content\/uploads\/sites\/13\/2026\/04\/IMG_3546-360x450.jpeg 360w, https:\/\/graziamagazine.com\/mx\/wp-content\/uploads\/sites\/13\/2026\/04\/IMG_3546-819x1024.jpeg 819w, https:\/\/graziamagazine.com\/mx\/wp-content\/uploads\/sites\/13\/2026\/04\/IMG_3546-768x960.jpeg 768w, https:\/\/graziamagazine.com\/mx\/wp-content\/uploads\/sites\/13\/2026\/04\/IMG_3546-400x500.jpeg 400w, https:\/\/graziamagazine.com\/mx\/wp-content\/uploads\/sites\/13\/2026\/04\/IMG_3546-155x194.jpeg 155w\" sizes=\"(max-width: 1200px) 100vw, 1200px\" \/><\/div><figcaption class=\"wp-caption-text gallery-caption\" id=\"gallery-2-170696\">Pinterest<\/figcaption><\/figure><figure class=\"gallery-item\"><div class=\"gallery-icon landscape\"><img loading=\"lazy\" decoding=\"async\" width=\"1080\" height=\"1620\" src=\"https:\/\/graziamagazine.com\/mx\/wp-content\/uploads\/sites\/13\/2026\/04\/IMG_2126.jpeg\" class=\"lazy\" alt=\"\" srcset=\"https:\/\/graziamagazine.com\/mx\/wp-content\/uploads\/sites\/13\/2026\/04\/IMG_2126.jpeg 1080w, https:\/\/graziamagazine.com\/mx\/wp-content\/uploads\/sites\/13\/2026\/04\/IMG_2126-300x450.jpeg 300w, https:\/\/graziamagazine.com\/mx\/wp-content\/uploads\/sites\/13\/2026\/04\/IMG_2126-683x1024.jpeg 683w, https:\/\/graziamagazine.com\/mx\/wp-content\/uploads\/sites\/13\/2026\/04\/IMG_2126-768x1152.jpeg 768w, https:\/\/graziamagazine.com\/mx\/wp-content\/uploads\/sites\/13\/2026\/04\/IMG_2126-1024x1536.jpeg 1024w, https:\/\/graziamagazine.com\/mx\/wp-content\/uploads\/sites\/13\/2026\/04\/IMG_2126-400x600.jpeg 400w, https:\/\/graziamagazine.com\/mx\/wp-content\/uploads\/sites\/13\/2026\/04\/IMG_2126-143x215.jpeg 143w\" sizes=\"(max-width: 1080px) 100vw, 1080px\" \/><\/div><\/figure><\/div><\/div>\n<p class=\"p3\"><span class=\"s2\">Dentro de toda esta tendencia, los collares chunky de pedrer\u00eda se posicionan como el favorito indiscutible de toda la temporada. Son estas piezas llenas de car\u00e1cter, con combinaciones de color y dinamismo.<\/span><\/p>\n<p class=\"p3\"><span class=\"s2\">Un solo concepto, distintas versiones. Este tipo de collares se presenta en cristales transl\u00facidos, piedras artificiales o naturales, pero siempre coloridas, con acabados distintos que juegan con este dinamismo. Es ese toque extra que podemos dar a cualquier look, sin esfuerzo.<\/span><\/p>\n<p class=\"p3\"><span class=\"s2\">Hablemos del color. Autom\u00e1ticamente, cuando pensamos en <a href=\"https:\/\/graziamagazine.com\/mx\/search\/?search=primavera%20%2F%20verano&amp;tags=primavera%20\/%20verano\">primavera-verano<\/a>, pensamos en colores vibrantes y llenos de vida. Hoy tambi\u00e9n se integran a la joyer\u00eda para responder a esta misma idea. Porque gran parte de su popularidad es gracias al color, por el simple protagonismo que tienen.<\/span><\/p>\n<h2 class=\"p3\"><span class=\"s3\">C\u00f3mo se lleva esta temporada<\/span><\/h2>\n<div class=\"content-gallery\"><div class=\"gallery-placeholder\"><div class=\"spinner\"><\/div><\/div><span class=\"gallery-pagination\"><\/span><div id=\"gallery-3\" class=\"gallery galleryid-170684 gallery-columns- gallery-size-\"><figure class=\"gallery-item\"><div class=\"gallery-icon landscape\"><img loading=\"lazy\" decoding=\"async\" width=\"828\" height=\"1654\" src=\"https:\/\/graziamagazine.com\/mx\/wp-content\/uploads\/sites\/13\/2026\/04\/IMG_2135.jpeg\" class=\"lazy\" alt=\"Los collares chunky: el must de esta primavera-verano 2026\" srcset=\"https:\/\/graziamagazine.com\/mx\/wp-content\/uploads\/sites\/13\/2026\/04\/IMG_2135.jpeg 828w, https:\/\/graziamagazine.com\/mx\/wp-content\/uploads\/sites\/13\/2026\/04\/IMG_2135-225x450.jpeg 225w, https:\/\/graziamagazine.com\/mx\/wp-content\/uploads\/sites\/13\/2026\/04\/IMG_2135-513x1024.jpeg 513w, https:\/\/graziamagazine.com\/mx\/wp-content\/uploads\/sites\/13\/2026\/04\/IMG_2135-768x1534.jpeg 768w, https:\/\/graziamagazine.com\/mx\/wp-content\/uploads\/sites\/13\/2026\/04\/IMG_2135-769x1536.jpeg 769w, https:\/\/graziamagazine.com\/mx\/wp-content\/uploads\/sites\/13\/2026\/04\/IMG_2135-400x799.jpeg 400w, https:\/\/graziamagazine.com\/mx\/wp-content\/uploads\/sites\/13\/2026\/04\/IMG_2135-108x215.jpeg 108w\" sizes=\"(max-width: 828px) 100vw, 828px\" \/><\/div><figcaption class=\"wp-caption-text gallery-caption\" id=\"gallery-3-170703\">Pinterest <\/figcaption><\/figure><figure class=\"gallery-item\"><div class=\"gallery-icon landscape\"><img loading=\"lazy\" decoding=\"async\" width=\"1200\" height=\"1500\" src=\"https:\/\/graziamagazine.com\/mx\/wp-content\/uploads\/sites\/13\/2026\/04\/IMG_3547.jpeg\" class=\"lazy\" alt=\"Los collares chunky: el must de esta primavera-verano 2026\" srcset=\"https:\/\/graziamagazine.com\/mx\/wp-content\/uploads\/sites\/13\/2026\/04\/IMG_3547.jpeg 1200w, https:\/\/graziamagazine.com\/mx\/wp-content\/uploads\/sites\/13\/2026\/04\/IMG_3547-360x450.jpeg 360w, https:\/\/graziamagazine.com\/mx\/wp-content\/uploads\/sites\/13\/2026\/04\/IMG_3547-819x1024.jpeg 819w, https:\/\/graziamagazine.com\/mx\/wp-content\/uploads\/sites\/13\/2026\/04\/IMG_3547-768x960.jpeg 768w, https:\/\/graziamagazine.com\/mx\/wp-content\/uploads\/sites\/13\/2026\/04\/IMG_3547-400x500.jpeg 400w, https:\/\/graziamagazine.com\/mx\/wp-content\/uploads\/sites\/13\/2026\/04\/IMG_3547-155x194.jpeg 155w\" sizes=\"(max-width: 1200px) 100vw, 1200px\" \/><\/div><figcaption class=\"wp-caption-text gallery-caption\" id=\"gallery-3-170695\">Pinterest<\/figcaption><\/figure><figure class=\"gallery-item\"><div class=\"gallery-icon landscape\"><img loading=\"lazy\" decoding=\"async\" width=\"1200\" height=\"1347\" src=\"https:\/\/graziamagazine.com\/mx\/wp-content\/uploads\/sites\/13\/2026\/04\/IMG_2133.jpeg\" class=\"lazy\" alt=\"\" srcset=\"https:\/\/graziamagazine.com\/mx\/wp-content\/uploads\/sites\/13\/2026\/04\/IMG_2133.jpeg 1200w, https:\/\/graziamagazine.com\/mx\/wp-content\/uploads\/sites\/13\/2026\/04\/IMG_2133-401x450.jpeg 401w, https:\/\/graziamagazine.com\/mx\/wp-content\/uploads\/sites\/13\/2026\/04\/IMG_2133-912x1024.jpeg 912w, https:\/\/graziamagazine.com\/mx\/wp-content\/uploads\/sites\/13\/2026\/04\/IMG_2133-768x862.jpeg 768w, https:\/\/graziamagazine.com\/mx\/wp-content\/uploads\/sites\/13\/2026\/04\/IMG_2133-400x449.jpeg 400w, https:\/\/graziamagazine.com\/mx\/wp-content\/uploads\/sites\/13\/2026\/04\/IMG_2133-155x174.jpeg 155w\" sizes=\"(max-width: 1200px) 100vw, 1200px\" \/><\/div><\/figure><figure class=\"gallery-item\"><div class=\"gallery-icon landscape\"><img loading=\"lazy\" decoding=\"async\" width=\"600\" height=\"1200\" src=\"https:\/\/graziamagazine.com\/mx\/wp-content\/uploads\/sites\/13\/2026\/04\/IMG_3549.jpeg\" class=\"lazy\" alt=\"\" srcset=\"https:\/\/graziamagazine.com\/mx\/wp-content\/uploads\/sites\/13\/2026\/04\/IMG_3549.jpeg 600w, https:\/\/graziamagazine.com\/mx\/wp-content\/uploads\/sites\/13\/2026\/04\/IMG_3549-225x450.jpeg 225w, https:\/\/graziamagazine.com\/mx\/wp-content\/uploads\/sites\/13\/2026\/04\/IMG_3549-512x1024.jpeg 512w, https:\/\/graziamagazine.com\/mx\/wp-content\/uploads\/sites\/13\/2026\/04\/IMG_3549-400x800.jpeg 400w, https:\/\/graziamagazine.com\/mx\/wp-content\/uploads\/sites\/13\/2026\/04\/IMG_3549-108x215.jpeg 108w\" sizes=\"(max-width: 600px) 100vw, 600px\" \/><\/div><\/figure><\/div><\/div>\n<p class=\"p3\"><span class=\"s2\">Para llevarlos con estilo, tienes que entender algo, no necesitan competir con otras piezas. Funcionan cuando se convierten en el centro de todo un look, as\u00ed que si lo llevas, no pienses en qu\u00e9 otro accesorio protagonista deber\u00edas agregar. Aunque s\u00ed, si tienes un estilo maximalista, definitivamente llevar\u00edas otro collar que le haga juego.<\/span><\/p>\n<p class=\"p3\"><span class=\"s2\">Funcionan mejor de d\u00eda, pero tu creatividad puede ir m\u00e1s all\u00e1, porque este tipo de collares no deja de sorprenderte. Puedes llevarlo con prendas b\u00e1sicas como camisetas o camisas, siempre funcionan. Para looks un poco m\u00e1s elevados, si quieres que tu collar sea a\u00fan m\u00e1s protagonista pero que se vea est\u00e9tico, los tops strapless o escotes m\u00e1s pronunciados funcionan muy bien.<\/span><\/p>\n<p class=\"p3\"><span class=\"s2\">Si quieres un look mucho m\u00e1s divertido, igual que tu collar, juega con las capas de ropa, pero siempre ten claro lo que quieres lograr porque puedes romper el punto de equilibrio. Aunque es claro, cada quien tiene sus gustos y, si a ti te gusta, s\u00e9 aut\u00e9ntica y ll\u00e9valo con car\u00e1cter siempre, esa es la clave para llevar cualquier cosa.<\/span><\/p>\n<p class=\"p3\"><span class=\"s2\">Aunque parece ser una tendencia pasajera, yo considero que, las piedras tienen su propio encanto y siempre que compres algo, si a ti te gusta, siempre lo seguir\u00e1s usando. Entonces, m\u00e1s que verlo como una tendencia, la clave est\u00e1 en saberlo adaptar a distintas temporadas y estilos.<\/span><\/p>\n","protected":false},"author":42774,"featured_media":170692,"template":"","format":"standard","categories":[14502,4],"acf":[],"yoast_head":"<!-- This site is optimized with the Yoast SEO Premium plugin v18.5 (Yoast SEO v20.4) - https:\/\/yoast.com\/wordpress\/plugins\/seo\/ -->\n<title>Los collares chunky: el must de esta primavera-verano 2026 | Grazia M\u00e9xico y Latinoam\u00e9rica<\/title>\n<meta name=\"description\" content=\"El maximalismo no desaparece del todo y los collares chunky reafirman su lugar como uno de los accesorios clave del momento.\" \/>\n<meta name=\"robots\" content=\"index, follow, max-snippet:-1, max-image-preview:large, max-video-preview:-1\" \/>\n<link rel=\"canonical\" href=\"https:\/\/graziamagazine.com\/mx\/articles\/collares-chunky-tendencia-primavera-verano-2026\/\" \/>\n<meta property=\"og:locale\" content=\"es_MX\" \/>\n<meta property=\"og:type\" content=\"article\" \/>\n<meta property=\"og:title\" content=\"Los collares chunky: el must de esta primavera-verano 2026\" \/>\n<meta property=\"og:description\" content=\"El maximalismo no desaparece del todo y los collares chunky reafirman su lugar como uno de los accesorios clave del momento.\" \/>\n<meta property=\"og:url\" content=\"https:\/\/graziamagazine.com\/mx\/articles\/collares-chunky-tendencia-primavera-verano-2026\/\" \/>\n<meta property=\"og:site_name\" content=\"Grazia M\u00e9xico y Latinoam\u00e9rica\" \/>\n<meta property=\"article:modified_time\" content=\"2026-04-29T20:41:31+00:00\" \/>\n<meta property=\"og:image\" content=\"https:\/\/graziamagazine.com\/mx\/wp-content\/uploads\/sites\/13\/2026\/04\/IMG_3550.jpeg\" \/>\n\t<meta property=\"og:image:width\" content=\"735\" \/>\n\t<meta property=\"og:image:height\" content=\"1030\" \/>\n\t<meta property=\"og:image:type\" content=\"image\/jpeg\" \/>\n<meta name=\"twitter:card\" content=\"summary_large_image\" \/>\n<meta name=\"twitter:label1\" content=\"Est. reading time\" \/>\n\t<meta name=\"twitter:data1\" content=\"3 minutos\" \/>\n<script type=\"application\/ld+json\" class=\"yoast-schema-graph\">{\"@context\":\"https:\/\/schema.org\",\"@graph\":[{\"@type\":\"WebPage\",\"@id\":\"https:\/\/graziamagazine.com\/mx\/articles\/collares-chunky-tendencia-primavera-verano-2026\/\",\"url\":\"https:\/\/graziamagazine.com\/mx\/articles\/collares-chunky-tendencia-primavera-verano-2026\/\",\"name\":\"Los collares chunky: el must de esta primavera-verano 2026 | Grazia M\u00e9xico y Latinoam\u00e9rica\",\"isPartOf\":{\"@id\":\"https:\/\/graziamagazine.com\/mx\/#website\"},\"datePublished\":\"2026-04-29T20:16:34+00:00\",\"dateModified\":\"2026-04-29T20:41:31+00:00\",\"description\":\"El maximalismo no desaparece del todo y los collares chunky reafirman su lugar como uno de los accesorios clave del momento.\",\"breadcrumb\":{\"@id\":\"https:\/\/graziamagazine.com\/mx\/articles\/collares-chunky-tendencia-primavera-verano-2026\/#breadcrumb\"},\"inLanguage\":\"es-MX\",\"potentialAction\":[{\"@type\":\"ReadAction\",\"target\":[\"https:\/\/graziamagazine.com\/mx\/articles\/collares-chunky-tendencia-primavera-verano-2026\/\"]}]},{\"@type\":\"BreadcrumbList\",\"@id\":\"https:\/\/graziamagazine.com\/mx\/articles\/collares-chunky-tendencia-primavera-verano-2026\/#breadcrumb\",\"itemListElement\":[{\"@type\":\"ListItem\",\"position\":1,\"name\":\"Home\",\"item\":\"https:\/\/graziamagazine.com\/mx\/\"},{\"@type\":\"ListItem\",\"position\":2,\"name\":\"Los collares chunky: el must de esta primavera-verano 2026\"}]},{\"@type\":\"WebSite\",\"@id\":\"https:\/\/graziamagazine.com\/mx\/#website\",\"url\":\"https:\/\/graziamagazine.com\/mx\/\",\"name\":\"Grazia M\u00e9xico y Latinoam\u00e9rica\",\"description\":\"Grazia es moda, belleza y noticias  de actualidad \",\"potentialAction\":[{\"@type\":\"SearchAction\",\"target\":{\"@type\":\"EntryPoint\",\"urlTemplate\":\"https:\/\/graziamagazine.com\/mx\/?s={search_term_string}\"},\"query-input\":\"required name=search_term_string\"}],\"inLanguage\":\"es-MX\"}]}<\/script>\n<!-- \/ Yoast SEO Premium plugin. -->","yoast_head_json":{"title":"Los collares chunky: el must de esta primavera-verano 2026 | Grazia M\u00e9xico y Latinoam\u00e9rica","description":"El maximalismo no desaparece del todo y los collares chunky reafirman su lugar como uno de los accesorios clave del momento.","robots":{"index":"index","follow":"follow","max-snippet":"max-snippet:-1","max-image-preview":"max-image-preview:large","max-video-preview":"max-video-preview:-1"},"canonical":"https:\/\/graziamagazine.com\/mx\/articles\/collares-chunky-tendencia-primavera-verano-2026\/","og_locale":"es_MX","og_type":"article","og_title":"Los collares chunky: el must de esta primavera-verano 2026","og_description":"El maximalismo no desaparece del todo y los collares chunky reafirman su lugar como uno de los accesorios clave del momento.","og_url":"https:\/\/graziamagazine.com\/mx\/articles\/collares-chunky-tendencia-primavera-verano-2026\/","og_site_name":"Grazia M\u00e9xico y Latinoam\u00e9rica","article_modified_time":"2026-04-29T20:41:31+00:00","og_image":[{"width":735,"height":1030,"url":"https:\/\/graziamagazine.com\/mx\/wp-content\/uploads\/sites\/13\/2026\/04\/IMG_3550.jpeg","type":"image\/jpeg"}],"twitter_card":"summary_large_image","twitter_misc":{"Est. reading time":"3 minutos"},"schema":{"@context":"https:\/\/schema.org","@graph":[{"@type":"WebPage","@id":"https:\/\/graziamagazine.com\/mx\/articles\/collares-chunky-tendencia-primavera-verano-2026\/","url":"https:\/\/graziamagazine.com\/mx\/articles\/collares-chunky-tendencia-primavera-verano-2026\/","name":"Los collares chunky: el must de esta primavera-verano 2026 | Grazia M\u00e9xico y Latinoam\u00e9rica","isPartOf":{"@id":"https:\/\/graziamagazine.com\/mx\/#website"},"datePublished":"2026-04-29T20:16:34+00:00","dateModified":"2026-04-29T20:41:31+00:00","description":"El maximalismo no desaparece del todo y los collares chunky reafirman su lugar como uno de los accesorios clave del momento.","breadcrumb":{"@id":"https:\/\/graziamagazine.com\/mx\/articles\/collares-chunky-tendencia-primavera-verano-2026\/#breadcrumb"},"inLanguage":"es-MX","potentialAction":[{"@type":"ReadAction","target":["https:\/\/graziamagazine.com\/mx\/articles\/collares-chunky-tendencia-primavera-verano-2026\/"]}]},{"@type":"BreadcrumbList","@id":"https:\/\/graziamagazine.com\/mx\/articles\/collares-chunky-tendencia-primavera-verano-2026\/#breadcrumb","itemListElement":[{"@type":"ListItem","position":1,"name":"Home","item":"https:\/\/graziamagazine.com\/mx\/"},{"@type":"ListItem","position":2,"name":"Los collares chunky: el must de esta primavera-verano 2026"}]},{"@type":"WebSite","@id":"https:\/\/graziamagazine.com\/mx\/#website","url":"https:\/\/graziamagazine.com\/mx\/","name":"Grazia M\u00e9xico y Latinoam\u00e9rica","description":"Grazia es moda, belleza y noticias  de actualidad ","potentialAction":[{"@type":"SearchAction","target":{"@type":"EntryPoint","urlTemplate":"https:\/\/graziamagazine.com\/mx\/?s={search_term_string}"},"query-input":"required name=search_term_string"}],"inLanguage":"es-MX"}]}},"jetpack_sharing_enabled":true,"distributor_meta":false,"distributor_terms":false,"distributor_media":false,"distributor_original_site_name":"Grazia M\u00e9xico y Latinoam\u00e9rica","distributor_original_site_url":"https:\/\/graziamagazine.com\/mx","push-errors":false,"_links":{"self":[{"href":"https:\/\/graziamagazine.com\/mx\/wp-json\/wp\/v2\/articles\/170684"}],"collection":[{"href":"https:\/\/graziamagazine.com\/mx\/wp-json\/wp\/v2\/articles"}],"about":[{"href":"https:\/\/graziamagazine.com\/mx\/wp-json\/wp\/v2\/types\/articles"}],"author":[{"embeddable":true,"href":"https:\/\/graziamagazine.com\/mx\/wp-json\/wp\/v2\/users\/42774"}],"wp:featuredmedia":[{"embeddable":true,"href":"https:\/\/graziamagazine.com\/mx\/wp-json\/wp\/v2\/media\/170692"}],"wp:attachment":[{"href":"https:\/\/graziamagazine.com\/mx\/wp-json\/wp\/v2\/media?parent=170684"}],"wp:term":[{"taxonomy":"category","embeddable":true,"href":"https:\/\/graziamagazine.com\/mx\/wp-json\/wp\/v2\/categories?post=170684"}],"curies":[{"name":"wp","href":"https:\/\/api.w.org\/{rel}","templated":true}]}}