{"id":170669,"date":"2026-04-29T11:35:30","date_gmt":"2026-04-29T16:35:30","guid":{"rendered":"https:\/\/graziamagazine.com\/mx\/?post_type=articles&#038;p=170669"},"modified":"2026-04-29T11:50:27","modified_gmt":"2026-04-29T16:50:27","slug":"como-lucir-el-vestido-denim-verano-2026","status":"publish","type":"articles","link":"https:\/\/graziamagazine.com\/mx\/articles\/como-lucir-el-vestido-denim-verano-2026\/","title":{"rendered":"Vestido denim, la pieza que resuelve todo look en verano"},"content":{"rendered":"<p data-start=\"296\" data-end=\"723\">El vestido denim se reafirma en la primavera verano de 2026 como una de las piezas m\u00e1s vers\u00e1tiles y resolutivas del armario contempor\u00e1neo. Lejos de su imagen r\u00edgida del pasado, esta prenda evoluciona hacia versiones m\u00e1s ligeras, fluidas y sofisticadas, capaces de adaptarse a cualquier contexto con naturalidad. Hoy, el denim abandona su car\u00e1cter utilitario para convertirse en una expresi\u00f3n de estilo relajado pero consciente.<\/p>\n<p data-start=\"725\" data-end=\"1138\">Durante a\u00f1os, el vestido vaquero fue visto como una opci\u00f3n pr\u00e1ctica, casi secundaria. Sin embargo, las nuevas reinterpretaciones lo posicionan como protagonista absoluto. Su mayor fortaleza radica en su capacidad de construir un look completo en segundos, sin necesidad de grandes esfuerzos estil\u00edsticos. Es precisamente esta facilidad lo que lo convierte en una pieza esencial dentro del ritmo actual de la moda.<\/p>\n<figure id=\"attachment_170679\" aria-describedby=\"caption-attachment-170679\" style=\"width: 683px\" class=\"wp-caption alignnone\"><img loading=\"lazy\" decoding=\"async\" class=\"size-large wp-image-170679\" src=\"https:\/\/graziamagazine.com\/mx\/wp-content\/uploads\/sites\/13\/2026\/04\/temp-3-683x1024.png\" alt=\"Vestido denim, la pieza que resuelve todo look en verano\" width=\"683\" height=\"1024\" srcset=\"https:\/\/graziamagazine.com\/mx\/wp-content\/uploads\/sites\/13\/2026\/04\/temp-3-683x1024.png 683w, https:\/\/graziamagazine.com\/mx\/wp-content\/uploads\/sites\/13\/2026\/04\/temp-3-300x450.png 300w, https:\/\/graziamagazine.com\/mx\/wp-content\/uploads\/sites\/13\/2026\/04\/temp-3-768x1152.png 768w, https:\/\/graziamagazine.com\/mx\/wp-content\/uploads\/sites\/13\/2026\/04\/temp-3-1024x1536.png 1024w, https:\/\/graziamagazine.com\/mx\/wp-content\/uploads\/sites\/13\/2026\/04\/temp-3-400x600.png 400w, https:\/\/graziamagazine.com\/mx\/wp-content\/uploads\/sites\/13\/2026\/04\/temp-3-143x215.png 143w\" sizes=\"(max-width: 683px) 100vw, 683px\" \/><figcaption id=\"caption-attachment-170679\" class=\"wp-caption-text\">Vestido denim, la pieza que resuelve todo look en verano<\/figcaption><\/figure>\n<p data-start=\"1140\" data-end=\"1723\">En las pasarelas de primavera verano 2026, firmas como <span class=\"hover:entity-accent entity-underline inline cursor-pointer align-baseline\"><span class=\"whitespace-normal\">Zimmermann<\/span><\/span> y <span class=\"hover:entity-accent entity-underline inline cursor-pointer align-baseline\"><span class=\"whitespace-normal\">Gabriela Hearst<\/span><\/span> han demostrado la amplitud de posibilidades que ofrece el vestido denim. Desde siluetas estructuradas hasta versiones et\u00e9reas, el tejido se transforma para responder a distintas sensibilidades est\u00e9ticas.<\/p>\n<p data-start=\"1140\" data-end=\"1723\">En el primer caso, el denim adquiere volumen y presencia, con cortes definidos que marcan la cintura y aportan car\u00e1cter. En el segundo, se vuelve casi imperceptible, ligero y en movimiento, elevando su percepci\u00f3n hacia una elegancia m\u00e1s depurada.<\/p>\n<p data-start=\"1725\" data-end=\"2113\">El vestido corto se posiciona como una de las opciones m\u00e1s din\u00e1micas de la temporada. De l\u00edneas limpias y esp\u00edritu minimalista, funciona perfectamente en estilismos urbanos combinados con bailarinas o sandalias. Es una propuesta fresca que enfatiza la funcionalidad sin perder sofisticaci\u00f3n. Su simplicidad es su mayor virtud, permitiendo m\u00faltiples lecturas seg\u00fan los accesorios elegidos.<\/p>\n<figure id=\"attachment_170680\" aria-describedby=\"caption-attachment-170680\" style=\"width: 683px\" class=\"wp-caption alignnone\"><img loading=\"lazy\" decoding=\"async\" class=\"size-large wp-image-170680\" src=\"https:\/\/graziamagazine.com\/mx\/wp-content\/uploads\/sites\/13\/2026\/04\/vestido-vaquero-camisero-683x1024.png\" alt=\"Vestido denim, la pieza que resuelve todo look en verano\" width=\"683\" height=\"1024\" srcset=\"https:\/\/graziamagazine.com\/mx\/wp-content\/uploads\/sites\/13\/2026\/04\/vestido-vaquero-camisero-683x1024.png 683w, https:\/\/graziamagazine.com\/mx\/wp-content\/uploads\/sites\/13\/2026\/04\/vestido-vaquero-camisero-300x450.png 300w, https:\/\/graziamagazine.com\/mx\/wp-content\/uploads\/sites\/13\/2026\/04\/vestido-vaquero-camisero-768x1152.png 768w, https:\/\/graziamagazine.com\/mx\/wp-content\/uploads\/sites\/13\/2026\/04\/vestido-vaquero-camisero-400x600.png 400w, https:\/\/graziamagazine.com\/mx\/wp-content\/uploads\/sites\/13\/2026\/04\/vestido-vaquero-camisero-143x215.png 143w\" sizes=\"(max-width: 683px) 100vw, 683px\" \/><figcaption id=\"caption-attachment-170680\" class=\"wp-caption-text\">Vestido denim, la pieza que resuelve todo look en verano<\/figcaption><\/figure>\n<p data-start=\"2115\" data-end=\"2472\">Por su parte, el vestido midi introduce una dimensi\u00f3n m\u00e1s relajada. Su ca\u00edda suelta y su capacidad de adaptarse al cuerpo sin ce\u00f1irse en exceso lo convierten en una elecci\u00f3n c\u00f3moda pero estilizada. Este largo, particularmente favorecedor, se adapta tanto a contextos informales como a ocasiones m\u00e1s pulidas, dependiendo de los complementos que lo acompa\u00f1en.<\/p>\n<p data-start=\"2474\" data-end=\"2893\">En contraste, el vestido largo redefine completamente el lenguaje del denim. Aqu\u00ed, la prenda se acerca a una est\u00e9tica m\u00e1s estructurada y casi uniforme, donde el volumen y la longitud aportan presencia. Combinado con sandalias o calzado m\u00e1s robusto, se convierte en una opci\u00f3n que equilibra fuerza y elegancia. Es una interpretaci\u00f3n m\u00e1s madura del denim, pensada para quienes buscan una silueta con mayor impacto visual.<\/p>\n<p data-start=\"2895\" data-end=\"3314\">M\u00e1s all\u00e1 de sus distintas versiones, el \u00e9xito del vestido denim responde a una tendencia m\u00e1s amplia en la moda contempor\u00e1nea: la b\u00fasqueda de piezas que simplifiquen el proceso de vestir sin sacrificar estilo. En un momento en el que la est\u00e9tica parece cada vez m\u00e1s calculada, esta prenda propone lo contrario. Su esencia radica en la espontaneidad, en la posibilidad de construir una imagen coherente sin sobrepensarla.<\/p>\n<div class=\"content-gallery\"><div class=\"gallery-placeholder\"><div class=\"spinner\"><\/div><\/div><span class=\"gallery-pagination\"><\/span><div id=\"gallery-1\" class=\"gallery galleryid-170669 gallery-columns- gallery-size-\"><figure class=\"gallery-item\"><div class=\"gallery-icon landscape\"><img loading=\"lazy\" decoding=\"async\" width=\"3076\" height=\"4792\" src=\"https:\/\/graziamagazine.com\/mx\/wp-content\/uploads\/sites\/13\/2026\/04\/Captura20de20pantalla202023-03-1320a20las2016.27.36.png\" class=\"lazy\" alt=\"\" srcset=\"https:\/\/graziamagazine.com\/mx\/wp-content\/uploads\/sites\/13\/2026\/04\/Captura20de20pantalla202023-03-1320a20las2016.27.36.png 3076w, https:\/\/graziamagazine.com\/mx\/wp-content\/uploads\/sites\/13\/2026\/04\/Captura20de20pantalla202023-03-1320a20las2016.27.36-289x450.png 289w, https:\/\/graziamagazine.com\/mx\/wp-content\/uploads\/sites\/13\/2026\/04\/Captura20de20pantalla202023-03-1320a20las2016.27.36-657x1024.png 657w, https:\/\/graziamagazine.com\/mx\/wp-content\/uploads\/sites\/13\/2026\/04\/Captura20de20pantalla202023-03-1320a20las2016.27.36-768x1196.png 768w, https:\/\/graziamagazine.com\/mx\/wp-content\/uploads\/sites\/13\/2026\/04\/Captura20de20pantalla202023-03-1320a20las2016.27.36-986x1536.png 986w, https:\/\/graziamagazine.com\/mx\/wp-content\/uploads\/sites\/13\/2026\/04\/Captura20de20pantalla202023-03-1320a20las2016.27.36-1315x2048.png 1315w, https:\/\/graziamagazine.com\/mx\/wp-content\/uploads\/sites\/13\/2026\/04\/Captura20de20pantalla202023-03-1320a20las2016.27.36-400x623.png 400w, https:\/\/graziamagazine.com\/mx\/wp-content\/uploads\/sites\/13\/2026\/04\/Captura20de20pantalla202023-03-1320a20las2016.27.36-138x215.png 138w\" sizes=\"(max-width: 3076px) 100vw, 3076px\" \/><\/div><\/figure><figure class=\"gallery-item\"><div class=\"gallery-icon landscape\"><img loading=\"lazy\" decoding=\"async\" width=\"3493\" height=\"5942\" src=\"https:\/\/graziamagazine.com\/mx\/wp-content\/uploads\/sites\/13\/2026\/04\/Captura20de20pantalla202023-03-1320a20las2016.06.56.png\" class=\"lazy\" alt=\"\" srcset=\"https:\/\/graziamagazine.com\/mx\/wp-content\/uploads\/sites\/13\/2026\/04\/Captura20de20pantalla202023-03-1320a20las2016.06.56.png 3493w, https:\/\/graziamagazine.com\/mx\/wp-content\/uploads\/sites\/13\/2026\/04\/Captura20de20pantalla202023-03-1320a20las2016.06.56-265x450.png 265w, https:\/\/graziamagazine.com\/mx\/wp-content\/uploads\/sites\/13\/2026\/04\/Captura20de20pantalla202023-03-1320a20las2016.06.56-602x1024.png 602w, https:\/\/graziamagazine.com\/mx\/wp-content\/uploads\/sites\/13\/2026\/04\/Captura20de20pantalla202023-03-1320a20las2016.06.56-768x1306.png 768w, https:\/\/graziamagazine.com\/mx\/wp-content\/uploads\/sites\/13\/2026\/04\/Captura20de20pantalla202023-03-1320a20las2016.06.56-903x1536.png 903w, https:\/\/graziamagazine.com\/mx\/wp-content\/uploads\/sites\/13\/2026\/04\/Captura20de20pantalla202023-03-1320a20las2016.06.56-1204x2048.png 1204w, https:\/\/graziamagazine.com\/mx\/wp-content\/uploads\/sites\/13\/2026\/04\/Captura20de20pantalla202023-03-1320a20las2016.06.56-400x680.png 400w, https:\/\/graziamagazine.com\/mx\/wp-content\/uploads\/sites\/13\/2026\/04\/Captura20de20pantalla202023-03-1320a20las2016.06.56-126x215.png 126w\" sizes=\"(max-width: 3493px) 100vw, 3493px\" \/><\/div><\/figure><figure class=\"gallery-item\"><div class=\"gallery-icon landscape\"><img loading=\"lazy\" decoding=\"async\" width=\"2543\" height=\"3818\" src=\"https:\/\/graziamagazine.com\/mx\/wp-content\/uploads\/sites\/13\/2026\/04\/Captura20de20pantalla202023-03-1320a20las2016.09.05.png\" class=\"lazy\" alt=\"\" srcset=\"https:\/\/graziamagazine.com\/mx\/wp-content\/uploads\/sites\/13\/2026\/04\/Captura20de20pantalla202023-03-1320a20las2016.09.05.png 2543w, https:\/\/graziamagazine.com\/mx\/wp-content\/uploads\/sites\/13\/2026\/04\/Captura20de20pantalla202023-03-1320a20las2016.09.05-300x450.png 300w, https:\/\/graziamagazine.com\/mx\/wp-content\/uploads\/sites\/13\/2026\/04\/Captura20de20pantalla202023-03-1320a20las2016.09.05-682x1024.png 682w, https:\/\/graziamagazine.com\/mx\/wp-content\/uploads\/sites\/13\/2026\/04\/Captura20de20pantalla202023-03-1320a20las2016.09.05-768x1153.png 768w, https:\/\/graziamagazine.com\/mx\/wp-content\/uploads\/sites\/13\/2026\/04\/Captura20de20pantalla202023-03-1320a20las2016.09.05-1023x1536.png 1023w, https:\/\/graziamagazine.com\/mx\/wp-content\/uploads\/sites\/13\/2026\/04\/Captura20de20pantalla202023-03-1320a20las2016.09.05-1364x2048.png 1364w, https:\/\/graziamagazine.com\/mx\/wp-content\/uploads\/sites\/13\/2026\/04\/Captura20de20pantalla202023-03-1320a20las2016.09.05-400x601.png 400w, https:\/\/graziamagazine.com\/mx\/wp-content\/uploads\/sites\/13\/2026\/04\/Captura20de20pantalla202023-03-1320a20las2016.09.05-143x215.png 143w\" sizes=\"(max-width: 2543px) 100vw, 2543px\" \/><\/div><\/figure><figure class=\"gallery-item\"><div class=\"gallery-icon landscape\"><img loading=\"lazy\" decoding=\"async\" width=\"3567\" height=\"4992\" src=\"https:\/\/graziamagazine.com\/mx\/wp-content\/uploads\/sites\/13\/2026\/04\/Captura20de20pantalla202023-03-1320a20las2015.59.13.png\" class=\"lazy\" alt=\"\" srcset=\"https:\/\/graziamagazine.com\/mx\/wp-content\/uploads\/sites\/13\/2026\/04\/Captura20de20pantalla202023-03-1320a20las2015.59.13.png 3567w, https:\/\/graziamagazine.com\/mx\/wp-content\/uploads\/sites\/13\/2026\/04\/Captura20de20pantalla202023-03-1320a20las2015.59.13-322x450.png 322w, https:\/\/graziamagazine.com\/mx\/wp-content\/uploads\/sites\/13\/2026\/04\/Captura20de20pantalla202023-03-1320a20las2015.59.13-732x1024.png 732w, https:\/\/graziamagazine.com\/mx\/wp-content\/uploads\/sites\/13\/2026\/04\/Captura20de20pantalla202023-03-1320a20las2015.59.13-768x1075.png 768w, https:\/\/graziamagazine.com\/mx\/wp-content\/uploads\/sites\/13\/2026\/04\/Captura20de20pantalla202023-03-1320a20las2015.59.13-1098x1536.png 1098w, https:\/\/graziamagazine.com\/mx\/wp-content\/uploads\/sites\/13\/2026\/04\/Captura20de20pantalla202023-03-1320a20las2015.59.13-1463x2048.png 1463w, https:\/\/graziamagazine.com\/mx\/wp-content\/uploads\/sites\/13\/2026\/04\/Captura20de20pantalla202023-03-1320a20las2015.59.13-400x560.png 400w\" sizes=\"(max-width: 3567px) 100vw, 3567px\" \/><\/div><\/figure><figure class=\"gallery-item\"><div class=\"gallery-icon landscape\"><img loading=\"lazy\" decoding=\"async\" width=\"2843\" height=\"5376\" src=\"https:\/\/graziamagazine.com\/mx\/wp-content\/uploads\/sites\/13\/2026\/04\/Captura20de20pantalla202023-03-1320a20las2015.54.45.png\" class=\"lazy\" alt=\"\" srcset=\"https:\/\/graziamagazine.com\/mx\/wp-content\/uploads\/sites\/13\/2026\/04\/Captura20de20pantalla202023-03-1320a20las2015.54.45.png 2843w, https:\/\/graziamagazine.com\/mx\/wp-content\/uploads\/sites\/13\/2026\/04\/Captura20de20pantalla202023-03-1320a20las2015.54.45-238x450.png 238w, https:\/\/graziamagazine.com\/mx\/wp-content\/uploads\/sites\/13\/2026\/04\/Captura20de20pantalla202023-03-1320a20las2015.54.45-542x1024.png 542w, https:\/\/graziamagazine.com\/mx\/wp-content\/uploads\/sites\/13\/2026\/04\/Captura20de20pantalla202023-03-1320a20las2015.54.45-768x1452.png 768w, https:\/\/graziamagazine.com\/mx\/wp-content\/uploads\/sites\/13\/2026\/04\/Captura20de20pantalla202023-03-1320a20las2015.54.45-812x1536.png 812w, https:\/\/graziamagazine.com\/mx\/wp-content\/uploads\/sites\/13\/2026\/04\/Captura20de20pantalla202023-03-1320a20las2015.54.45-1083x2048.png 1083w, https:\/\/graziamagazine.com\/mx\/wp-content\/uploads\/sites\/13\/2026\/04\/Captura20de20pantalla202023-03-1320a20las2015.54.45-400x756.png 400w, https:\/\/graziamagazine.com\/mx\/wp-content\/uploads\/sites\/13\/2026\/04\/Captura20de20pantalla202023-03-1320a20las2015.54.45-114x215.png 114w\" sizes=\"(max-width: 2843px) 100vw, 2843px\" \/><\/div><\/figure><\/div><\/div>\n<p data-start=\"3316\" data-end=\"3653\">El tejido denim, adem\u00e1s, aporta una dimensi\u00f3n atemporal que refuerza su valor. A diferencia de otras tendencias ef\u00edmeras, el vestido vaquero mantiene una conexi\u00f3n constante con la historia de la moda, reinvent\u00e1ndose sin perder su identidad. Esta dualidad entre permanencia y cambio es lo que lo mantiene vigente temporada tras temporada.<\/p>\n<p data-start=\"3655\" data-end=\"4040\">El vestido denim no solo regresa, sino que se redefine como una pieza clave del verano 2026. Su capacidad de adaptarse a diferentes estilos, su facilidad de uso y su evoluci\u00f3n est\u00e9tica lo convierten en una inversi\u00f3n segura. M\u00e1s que una tendencia, es una respuesta coherente a las necesidades actuales de la moda: funcionalidad, versatilidad y una elegancia sin esfuerzo.<\/p>\n","protected":false},"author":28953,"featured_media":170682,"template":"","format":"standard","categories":[4],"acf":[],"yoast_head":"<!-- This site is optimized with the Yoast SEO Premium plugin v18.5 (Yoast SEO v20.4) - https:\/\/yoast.com\/wordpress\/plugins\/seo\/ -->\n<title>Vestido denim, la pieza que resuelve todo look en verano<\/title>\n<meta name=\"description\" content=\"Ligero, fluido y moderno, el vestido denim regresa en 2026 como la pieza clave que simplifica cualquier look\" \/>\n<meta name=\"robots\" content=\"index, follow, max-snippet:-1, max-image-preview:large, max-video-preview:-1\" \/>\n<link rel=\"canonical\" href=\"https:\/\/graziamagazine.com\/mx\/articles\/como-lucir-el-vestido-denim-verano-2026\/\" \/>\n<meta property=\"og:locale\" content=\"es_MX\" \/>\n<meta property=\"og:type\" content=\"article\" \/>\n<meta property=\"og:title\" content=\"Vestido denim, la pieza que resuelve todo look en verano\" \/>\n<meta property=\"og:description\" content=\"Ligero, fluido y moderno, el vestido denim regresa en 2026 como la pieza clave que simplifica cualquier look\" \/>\n<meta property=\"og:url\" content=\"https:\/\/graziamagazine.com\/mx\/articles\/como-lucir-el-vestido-denim-verano-2026\/\" \/>\n<meta property=\"og:site_name\" content=\"Grazia M\u00e9xico y Latinoam\u00e9rica\" \/>\n<meta property=\"article:modified_time\" content=\"2026-04-29T16:50:27+00:00\" \/>\n<meta property=\"og:image\" content=\"https:\/\/graziamagazine.com\/mx\/wp-content\/uploads\/sites\/13\/2026\/04\/Captura-de-Pantalla-2026-04-29-a-las-10.48.53.png\" \/>\n\t<meta property=\"og:image:width\" content=\"1154\" \/>\n\t<meta property=\"og:image:height\" content=\"776\" \/>\n\t<meta property=\"og:image:type\" content=\"image\/png\" \/>\n<meta name=\"twitter:card\" content=\"summary_large_image\" \/>\n<meta name=\"twitter:label1\" content=\"Est. reading time\" \/>\n\t<meta name=\"twitter:data1\" content=\"4 minutos\" \/>\n<script type=\"application\/ld+json\" class=\"yoast-schema-graph\">{\"@context\":\"https:\/\/schema.org\",\"@graph\":[{\"@type\":\"WebPage\",\"@id\":\"https:\/\/graziamagazine.com\/mx\/articles\/como-lucir-el-vestido-denim-verano-2026\/\",\"url\":\"https:\/\/graziamagazine.com\/mx\/articles\/como-lucir-el-vestido-denim-verano-2026\/\",\"name\":\"Vestido denim, la pieza que resuelve todo look en verano\",\"isPartOf\":{\"@id\":\"https:\/\/graziamagazine.com\/mx\/#website\"},\"datePublished\":\"2026-04-29T16:35:30+00:00\",\"dateModified\":\"2026-04-29T16:50:27+00:00\",\"description\":\"Ligero, fluido y moderno, el vestido denim regresa en 2026 como la pieza clave que simplifica cualquier look\",\"breadcrumb\":{\"@id\":\"https:\/\/graziamagazine.com\/mx\/articles\/como-lucir-el-vestido-denim-verano-2026\/#breadcrumb\"},\"inLanguage\":\"es-MX\",\"potentialAction\":[{\"@type\":\"ReadAction\",\"target\":[\"https:\/\/graziamagazine.com\/mx\/articles\/como-lucir-el-vestido-denim-verano-2026\/\"]}]},{\"@type\":\"BreadcrumbList\",\"@id\":\"https:\/\/graziamagazine.com\/mx\/articles\/como-lucir-el-vestido-denim-verano-2026\/#breadcrumb\",\"itemListElement\":[{\"@type\":\"ListItem\",\"position\":1,\"name\":\"Home\",\"item\":\"https:\/\/graziamagazine.com\/mx\/\"},{\"@type\":\"ListItem\",\"position\":2,\"name\":\"Vestido denim, la pieza que resuelve todo look en verano\"}]},{\"@type\":\"WebSite\",\"@id\":\"https:\/\/graziamagazine.com\/mx\/#website\",\"url\":\"https:\/\/graziamagazine.com\/mx\/\",\"name\":\"Grazia M\u00e9xico y Latinoam\u00e9rica\",\"description\":\"Grazia es moda, belleza y noticias  de actualidad \",\"potentialAction\":[{\"@type\":\"SearchAction\",\"target\":{\"@type\":\"EntryPoint\",\"urlTemplate\":\"https:\/\/graziamagazine.com\/mx\/?s={search_term_string}\"},\"query-input\":\"required name=search_term_string\"}],\"inLanguage\":\"es-MX\"}]}<\/script>\n<!-- \/ Yoast SEO Premium plugin. -->","yoast_head_json":{"title":"Vestido denim, la pieza que resuelve todo look en verano","description":"Ligero, fluido y moderno, el vestido denim regresa en 2026 como la pieza clave que simplifica cualquier look","robots":{"index":"index","follow":"follow","max-snippet":"max-snippet:-1","max-image-preview":"max-image-preview:large","max-video-preview":"max-video-preview:-1"},"canonical":"https:\/\/graziamagazine.com\/mx\/articles\/como-lucir-el-vestido-denim-verano-2026\/","og_locale":"es_MX","og_type":"article","og_title":"Vestido denim, la pieza que resuelve todo look en verano","og_description":"Ligero, fluido y moderno, el vestido denim regresa en 2026 como la pieza clave que simplifica cualquier look","og_url":"https:\/\/graziamagazine.com\/mx\/articles\/como-lucir-el-vestido-denim-verano-2026\/","og_site_name":"Grazia M\u00e9xico y Latinoam\u00e9rica","article_modified_time":"2026-04-29T16:50:27+00:00","og_image":[{"width":1154,"height":776,"url":"https:\/\/graziamagazine.com\/mx\/wp-content\/uploads\/sites\/13\/2026\/04\/Captura-de-Pantalla-2026-04-29-a-las-10.48.53.png","type":"image\/png"}],"twitter_card":"summary_large_image","twitter_misc":{"Est. reading time":"4 minutos"},"schema":{"@context":"https:\/\/schema.org","@graph":[{"@type":"WebPage","@id":"https:\/\/graziamagazine.com\/mx\/articles\/como-lucir-el-vestido-denim-verano-2026\/","url":"https:\/\/graziamagazine.com\/mx\/articles\/como-lucir-el-vestido-denim-verano-2026\/","name":"Vestido denim, la pieza que resuelve todo look en verano","isPartOf":{"@id":"https:\/\/graziamagazine.com\/mx\/#website"},"datePublished":"2026-04-29T16:35:30+00:00","dateModified":"2026-04-29T16:50:27+00:00","description":"Ligero, fluido y moderno, el vestido denim regresa en 2026 como la pieza clave que simplifica cualquier look","breadcrumb":{"@id":"https:\/\/graziamagazine.com\/mx\/articles\/como-lucir-el-vestido-denim-verano-2026\/#breadcrumb"},"inLanguage":"es-MX","potentialAction":[{"@type":"ReadAction","target":["https:\/\/graziamagazine.com\/mx\/articles\/como-lucir-el-vestido-denim-verano-2026\/"]}]},{"@type":"BreadcrumbList","@id":"https:\/\/graziamagazine.com\/mx\/articles\/como-lucir-el-vestido-denim-verano-2026\/#breadcrumb","itemListElement":[{"@type":"ListItem","position":1,"name":"Home","item":"https:\/\/graziamagazine.com\/mx\/"},{"@type":"ListItem","position":2,"name":"Vestido denim, la pieza que resuelve todo look en verano"}]},{"@type":"WebSite","@id":"https:\/\/graziamagazine.com\/mx\/#website","url":"https:\/\/graziamagazine.com\/mx\/","name":"Grazia M\u00e9xico y Latinoam\u00e9rica","description":"Grazia es moda, belleza y noticias  de actualidad ","potentialAction":[{"@type":"SearchAction","target":{"@type":"EntryPoint","urlTemplate":"https:\/\/graziamagazine.com\/mx\/?s={search_term_string}"},"query-input":"required name=search_term_string"}],"inLanguage":"es-MX"}]}},"jetpack_sharing_enabled":true,"distributor_meta":false,"distributor_terms":false,"distributor_media":false,"distributor_original_site_name":"Grazia M\u00e9xico y Latinoam\u00e9rica","distributor_original_site_url":"https:\/\/graziamagazine.com\/mx","push-errors":false,"_links":{"self":[{"href":"https:\/\/graziamagazine.com\/mx\/wp-json\/wp\/v2\/articles\/170669"}],"collection":[{"href":"https:\/\/graziamagazine.com\/mx\/wp-json\/wp\/v2\/articles"}],"about":[{"href":"https:\/\/graziamagazine.com\/mx\/wp-json\/wp\/v2\/types\/articles"}],"author":[{"embeddable":true,"href":"https:\/\/graziamagazine.com\/mx\/wp-json\/wp\/v2\/users\/28953"}],"wp:featuredmedia":[{"embeddable":true,"href":"https:\/\/graziamagazine.com\/mx\/wp-json\/wp\/v2\/media\/170682"}],"wp:attachment":[{"href":"https:\/\/graziamagazine.com\/mx\/wp-json\/wp\/v2\/media?parent=170669"}],"wp:term":[{"taxonomy":"category","embeddable":true,"href":"https:\/\/graziamagazine.com\/mx\/wp-json\/wp\/v2\/categories?post=170669"}],"curies":[{"name":"wp","href":"https:\/\/api.w.org\/{rel}","templated":true}]}}