{"id":170657,"date":"2026-04-29T11:21:27","date_gmt":"2026-04-29T16:21:27","guid":{"rendered":"https:\/\/graziamagazine.com\/mx\/?post_type=articles&#038;p=170657"},"modified":"2026-04-29T11:32:34","modified_gmt":"2026-04-29T16:32:34","slug":"azul-ceruleo-como-combinarlo","status":"publish","type":"articles","link":"https:\/\/graziamagazine.com\/mx\/articles\/azul-ceruleo-como-combinarlo\/","title":{"rendered":"Azul cer\u00faleo, el tono sofisticado que dominar\u00e1 2026"},"content":{"rendered":"<p data-start=\"302\" data-end=\"763\">El azul cer\u00faleo se impone en 2026 como uno de los tonos m\u00e1s sofisticados y cargados de significado dentro del panorama de la moda contempor\u00e1nea. Lejos de ser un simple matiz dentro de la gama de los azules, este color encierra una narrativa cultural que atraviesa el arte, el cine y la alta costura.<\/p>\n<p data-start=\"302\" data-end=\"763\">Su regreso no responde \u00fanicamente a una tendencia est\u00e9tica, sino a una necesidad de reconectar con c\u00f3digos visuales que evocan historia, elegancia y profundidad.<\/p>\n<figure id=\"attachment_170666\" aria-describedby=\"caption-attachment-170666\" style=\"width: 719px\" class=\"wp-caption alignnone\"><img loading=\"lazy\" decoding=\"async\" class=\"size-large wp-image-170666\" src=\"https:\/\/graziamagazine.com\/mx\/wp-content\/uploads\/sites\/13\/2026\/04\/ceruleo-lanvin-719x1024.png\" alt=\"Azul cer\u00faleo, el tono sofisticado que dominar\u00e1 2026\" width=\"719\" height=\"1024\" srcset=\"https:\/\/graziamagazine.com\/mx\/wp-content\/uploads\/sites\/13\/2026\/04\/ceruleo-lanvin-719x1024.png 719w, https:\/\/graziamagazine.com\/mx\/wp-content\/uploads\/sites\/13\/2026\/04\/ceruleo-lanvin-316x450.png 316w, https:\/\/graziamagazine.com\/mx\/wp-content\/uploads\/sites\/13\/2026\/04\/ceruleo-lanvin-768x1094.png 768w, https:\/\/graziamagazine.com\/mx\/wp-content\/uploads\/sites\/13\/2026\/04\/ceruleo-lanvin-1078x1536.png 1078w, https:\/\/graziamagazine.com\/mx\/wp-content\/uploads\/sites\/13\/2026\/04\/ceruleo-lanvin-400x570.png 400w, https:\/\/graziamagazine.com\/mx\/wp-content\/uploads\/sites\/13\/2026\/04\/ceruleo-lanvin-151x215.png 151w\" sizes=\"(max-width: 719px) 100vw, 719px\" \/><figcaption id=\"caption-attachment-170666\" class=\"wp-caption-text\">Azul cer\u00faleo, el tono sofisticado que dominar\u00e1 2026<\/figcaption><\/figure>\n<p data-start=\"765\" data-end=\"1287\">Popularizado en el imaginario colectivo gracias a <a href=\"https:\/\/graziamagazine.com\/mx\/articles\/the-devil-wears-prada-2-estreno-sinopsis-reparto-trailer\/\"><span class=\"hover:entity-accent entity-underline inline cursor-pointer align-baseline\"><span class=\"whitespace-normal\">El diablo viste de Prada<\/span><\/span><\/a>, el azul cer\u00faleo adquiri\u00f3 una dimensi\u00f3n simb\u00f3lica que trasciende la pantalla.<\/p>\n<p data-start=\"765\" data-end=\"1287\">En una de las escenas m\u00e1s memorables, el personaje interpretado por <span class=\"hover:entity-accent entity-underline inline cursor-pointer align-baseline\"><span class=\"whitespace-normal\">Meryl Streep<\/span><\/span> explica c\u00f3mo este tono aparentemente insignificante es en realidad el resultado de decisiones tomadas en las m\u00e1s altas esferas de la industria. Desde entonces, el cer\u00faleo dej\u00f3 de ser un color m\u00e1s para convertirse en un emblema del sistema de la moda.<\/p>\n<p data-start=\"1289\" data-end=\"1757\">Sin embargo, su historia comienza mucho antes. Fue <span class=\"hover:entity-accent entity-underline inline cursor-pointer align-baseline\"><span class=\"whitespace-normal\">Jeanne Lanvin<\/span><\/span> quien consolid\u00f3 este tono como un sello distintivo dentro de la casa <span class=\"hover:entity-accent entity-underline inline cursor-pointer align-baseline\"><span class=\"whitespace-normal\">Lanvin<\/span><\/span>. Inspirada por los frescos del Renacimiento italiano, especialmente por las obras de <span class=\"hover:entity-accent entity-underline inline cursor-pointer align-baseline\"><span class=\"whitespace-normal\">Beato Angelico<\/span><\/span>, la dise\u00f1adora encontr\u00f3 en este azul una forma de expresar sensibilidad est\u00e9tica y v\u00ednculo emocional. No se trataba solo de color, sino de identidad.<img loading=\"lazy\" decoding=\"async\" class=\"alignnone size-large wp-image-170665\" src=\"https:\/\/graziamagazine.com\/mx\/wp-content\/uploads\/sites\/13\/2026\/04\/ceruleo-colore-tendenza-2026-GettyImages-2265324447-670x1024.png\" alt=\"\" width=\"670\" height=\"1024\" srcset=\"https:\/\/graziamagazine.com\/mx\/wp-content\/uploads\/sites\/13\/2026\/04\/ceruleo-colore-tendenza-2026-GettyImages-2265324447-670x1024.png 670w, https:\/\/graziamagazine.com\/mx\/wp-content\/uploads\/sites\/13\/2026\/04\/ceruleo-colore-tendenza-2026-GettyImages-2265324447-294x450.png 294w, https:\/\/graziamagazine.com\/mx\/wp-content\/uploads\/sites\/13\/2026\/04\/ceruleo-colore-tendenza-2026-GettyImages-2265324447-768x1175.png 768w, https:\/\/graziamagazine.com\/mx\/wp-content\/uploads\/sites\/13\/2026\/04\/ceruleo-colore-tendenza-2026-GettyImages-2265324447-1004x1536.png 1004w, https:\/\/graziamagazine.com\/mx\/wp-content\/uploads\/sites\/13\/2026\/04\/ceruleo-colore-tendenza-2026-GettyImages-2265324447-400x612.png 400w, https:\/\/graziamagazine.com\/mx\/wp-content\/uploads\/sites\/13\/2026\/04\/ceruleo-colore-tendenza-2026-GettyImages-2265324447-141x215.png 141w\" sizes=\"(max-width: 670px) 100vw, 670px\" \/><\/p>\n<p data-start=\"1759\" data-end=\"2132\">En 2026, el azul cer\u00faleo regresa con una fuerza renovada tanto en las pasarelas como en el estilo urbano. Su atractivo radica en su equilibrio perfecto entre neutralidad y car\u00e1cter. Es un tono que no abruma, pero tampoco pasa desapercibido. Su base fr\u00eda, ligeramente gris\u00e1cea, le permite adaptarse a m\u00faltiples combinaciones, desde las m\u00e1s sobrias hasta las m\u00e1s arriesgadas.<\/p>\n<p data-start=\"2134\" data-end=\"2501\">En clave de estilo, el azul cer\u00faleo se posiciona como un aliado vers\u00e1til. En looks monocrom\u00e1ticos transmite serenidad y sofisticaci\u00f3n, mientras que combinado con tonos intensos como rojo o amarillo genera contrastes contempor\u00e1neos y din\u00e1micos. Tambi\u00e9n encuentra su lugar junto a neutros cl\u00e1sicos como blanco, negro o gris, donde despliega toda su elegancia contenida.<img loading=\"lazy\" decoding=\"async\" class=\"alignnone size-large wp-image-170663\" src=\"https:\/\/graziamagazine.com\/mx\/wp-content\/uploads\/sites\/13\/2026\/04\/ceruleo-colore-tendenza-2026-00188-loewe-fall-2026-ready-to-w-683x1024.png\" alt=\"\" width=\"683\" height=\"1024\" srcset=\"https:\/\/graziamagazine.com\/mx\/wp-content\/uploads\/sites\/13\/2026\/04\/ceruleo-colore-tendenza-2026-00188-loewe-fall-2026-ready-to-w-683x1024.png 683w, https:\/\/graziamagazine.com\/mx\/wp-content\/uploads\/sites\/13\/2026\/04\/ceruleo-colore-tendenza-2026-00188-loewe-fall-2026-ready-to-w-300x450.png 300w, https:\/\/graziamagazine.com\/mx\/wp-content\/uploads\/sites\/13\/2026\/04\/ceruleo-colore-tendenza-2026-00188-loewe-fall-2026-ready-to-w-768x1152.png 768w, https:\/\/graziamagazine.com\/mx\/wp-content\/uploads\/sites\/13\/2026\/04\/ceruleo-colore-tendenza-2026-00188-loewe-fall-2026-ready-to-w-1024x1536.png 1024w, https:\/\/graziamagazine.com\/mx\/wp-content\/uploads\/sites\/13\/2026\/04\/ceruleo-colore-tendenza-2026-00188-loewe-fall-2026-ready-to-w-400x600.png 400w, https:\/\/graziamagazine.com\/mx\/wp-content\/uploads\/sites\/13\/2026\/04\/ceruleo-colore-tendenza-2026-00188-loewe-fall-2026-ready-to-w-143x215.png 143w\" sizes=\"(max-width: 683px) 100vw, 683px\" \/><\/p>\n<p data-start=\"2503\" data-end=\"2897\">Las siluetas que mejor lo acompa\u00f1an en esta temporada apuestan por l\u00edneas limpias y estructuras definidas. Su presencia en prendas como abrigos ligeros, camisas fluidas o vestidos midi refuerza una est\u00e9tica minimalista que prioriza la forma y el color sobre el exceso decorativo. Al mismo tiempo, su uso en accesorios permite introducirlo de manera sutil pero efectiva en cualquier guardarropa.<\/p>\n<p data-start=\"2899\" data-end=\"3231\">M\u00e1s all\u00e1 de lo visual, el \u00e9xito del azul cer\u00faleo revela una transformaci\u00f3n en la manera en que se consume la moda. Hoy, el p\u00fablico busca piezas que cuenten historias, que conecten con referencias culturales y que aporten significado. Este color cumple con todas esas expectativas, funcionando como un puente entre pasado y presente.<\/p>\n<p data-start=\"2899\" data-end=\"3231\"><img loading=\"lazy\" decoding=\"async\" class=\"alignnone size-large wp-image-170660\" src=\"https:\/\/graziamagazine.com\/mx\/wp-content\/uploads\/sites\/13\/2026\/04\/ceruleo-colore-tendenza-2026-00029-onitsuka-tiger-fall-2026-r-683x1024.png\" alt=\"\" width=\"683\" height=\"1024\" srcset=\"https:\/\/graziamagazine.com\/mx\/wp-content\/uploads\/sites\/13\/2026\/04\/ceruleo-colore-tendenza-2026-00029-onitsuka-tiger-fall-2026-r-683x1024.png 683w, https:\/\/graziamagazine.com\/mx\/wp-content\/uploads\/sites\/13\/2026\/04\/ceruleo-colore-tendenza-2026-00029-onitsuka-tiger-fall-2026-r-300x450.png 300w, https:\/\/graziamagazine.com\/mx\/wp-content\/uploads\/sites\/13\/2026\/04\/ceruleo-colore-tendenza-2026-00029-onitsuka-tiger-fall-2026-r-768x1152.png 768w, https:\/\/graziamagazine.com\/mx\/wp-content\/uploads\/sites\/13\/2026\/04\/ceruleo-colore-tendenza-2026-00029-onitsuka-tiger-fall-2026-r-1024x1536.png 1024w, https:\/\/graziamagazine.com\/mx\/wp-content\/uploads\/sites\/13\/2026\/04\/ceruleo-colore-tendenza-2026-00029-onitsuka-tiger-fall-2026-r-400x600.png 400w, https:\/\/graziamagazine.com\/mx\/wp-content\/uploads\/sites\/13\/2026\/04\/ceruleo-colore-tendenza-2026-00029-onitsuka-tiger-fall-2026-r-143x215.png 143w\" sizes=\"(max-width: 683px) 100vw, 683px\" \/><\/p>\n<p data-start=\"3233\" data-end=\"3551\">Su capacidad de adaptaci\u00f3n a distintas estaciones tambi\u00e9n lo convierte en una apuesta segura. En primavera y verano se percibe fresco y luminoso, mientras que en oto\u00f1o e invierno adquiere una dimensi\u00f3n m\u00e1s introspectiva y elegante. Esta dualidad refuerza su car\u00e1cter atemporal y su potencial como b\u00e1sico contempor\u00e1neo.<\/p>\n<p data-start=\"3553\" data-end=\"3816\">Este color no es solo una tendencia pasajera, sino una reafirmaci\u00f3n de que el color sigue siendo uno de los lenguajes m\u00e1s poderosos de la moda. Un tono que, como pocos, logra condensar historia, est\u00e9tica y emoci\u00f3n en una sola expresi\u00f3n visual.<\/p>\n","protected":false},"author":28953,"featured_media":170661,"template":"","format":"standard","categories":[4],"acf":[],"yoast_head":"<!-- This site is optimized with the Yoast SEO Premium plugin v18.5 (Yoast SEO v20.4) - https:\/\/yoast.com\/wordpress\/plugins\/seo\/ -->\n<title>Azul cer\u00faleo, el tono sofisticado que dominar\u00e1 2026<\/title>\n<meta name=\"description\" content=\"Del cine a las pasarelas, el azul cer\u00faleo regresa en 2026 como s\u00edmbolo de elegancia moderna y sofisticaci\u00f3n atemporal\" \/>\n<meta name=\"robots\" content=\"index, follow, max-snippet:-1, max-image-preview:large, max-video-preview:-1\" \/>\n<link rel=\"canonical\" href=\"https:\/\/graziamagazine.com\/mx\/articles\/azul-ceruleo-como-combinarlo\/\" \/>\n<meta property=\"og:locale\" content=\"es_MX\" \/>\n<meta property=\"og:type\" content=\"article\" \/>\n<meta property=\"og:title\" content=\"Azul cer\u00faleo, el tono sofisticado que dominar\u00e1 2026\" \/>\n<meta property=\"og:description\" content=\"Del cine a las pasarelas, el azul cer\u00faleo regresa en 2026 como s\u00edmbolo de elegancia moderna y sofisticaci\u00f3n atemporal\" \/>\n<meta property=\"og:url\" content=\"https:\/\/graziamagazine.com\/mx\/articles\/azul-ceruleo-como-combinarlo\/\" \/>\n<meta property=\"og:site_name\" content=\"Grazia M\u00e9xico y Latinoam\u00e9rica\" \/>\n<meta property=\"article:modified_time\" content=\"2026-04-29T16:32:34+00:00\" \/>\n<meta property=\"og:image\" content=\"https:\/\/graziamagazine.com\/mx\/wp-content\/uploads\/sites\/13\/2026\/04\/ceruleo-colore-tendenza-2026-00045-ferragamo-fall-2026-ready-e1777480118875-1024x709.png\" \/>\n\t<meta property=\"og:image:width\" content=\"1024\" \/>\n\t<meta property=\"og:image:height\" content=\"709\" \/>\n\t<meta property=\"og:image:type\" content=\"image\/png\" \/>\n<meta name=\"twitter:card\" content=\"summary_large_image\" \/>\n<meta name=\"twitter:label1\" content=\"Est. reading time\" \/>\n\t<meta name=\"twitter:data1\" content=\"4 minutos\" \/>\n<script type=\"application\/ld+json\" class=\"yoast-schema-graph\">{\"@context\":\"https:\/\/schema.org\",\"@graph\":[{\"@type\":\"WebPage\",\"@id\":\"https:\/\/graziamagazine.com\/mx\/articles\/azul-ceruleo-como-combinarlo\/\",\"url\":\"https:\/\/graziamagazine.com\/mx\/articles\/azul-ceruleo-como-combinarlo\/\",\"name\":\"Azul cer\u00faleo, el tono sofisticado que dominar\u00e1 2026\",\"isPartOf\":{\"@id\":\"https:\/\/graziamagazine.com\/mx\/#website\"},\"datePublished\":\"2026-04-29T16:21:27+00:00\",\"dateModified\":\"2026-04-29T16:32:34+00:00\",\"description\":\"Del cine a las pasarelas, el azul cer\u00faleo regresa en 2026 como s\u00edmbolo de elegancia moderna y sofisticaci\u00f3n atemporal\",\"breadcrumb\":{\"@id\":\"https:\/\/graziamagazine.com\/mx\/articles\/azul-ceruleo-como-combinarlo\/#breadcrumb\"},\"inLanguage\":\"es-MX\",\"potentialAction\":[{\"@type\":\"ReadAction\",\"target\":[\"https:\/\/graziamagazine.com\/mx\/articles\/azul-ceruleo-como-combinarlo\/\"]}]},{\"@type\":\"BreadcrumbList\",\"@id\":\"https:\/\/graziamagazine.com\/mx\/articles\/azul-ceruleo-como-combinarlo\/#breadcrumb\",\"itemListElement\":[{\"@type\":\"ListItem\",\"position\":1,\"name\":\"Home\",\"item\":\"https:\/\/graziamagazine.com\/mx\/\"},{\"@type\":\"ListItem\",\"position\":2,\"name\":\"Azul cer\u00faleo, el tono sofisticado que dominar\u00e1 2026\"}]},{\"@type\":\"WebSite\",\"@id\":\"https:\/\/graziamagazine.com\/mx\/#website\",\"url\":\"https:\/\/graziamagazine.com\/mx\/\",\"name\":\"Grazia M\u00e9xico y Latinoam\u00e9rica\",\"description\":\"Grazia es moda, belleza y noticias  de actualidad \",\"potentialAction\":[{\"@type\":\"SearchAction\",\"target\":{\"@type\":\"EntryPoint\",\"urlTemplate\":\"https:\/\/graziamagazine.com\/mx\/?s={search_term_string}\"},\"query-input\":\"required name=search_term_string\"}],\"inLanguage\":\"es-MX\"}]}<\/script>\n<!-- \/ Yoast SEO Premium plugin. -->","yoast_head_json":{"title":"Azul cer\u00faleo, el tono sofisticado que dominar\u00e1 2026","description":"Del cine a las pasarelas, el azul cer\u00faleo regresa en 2026 como s\u00edmbolo de elegancia moderna y sofisticaci\u00f3n atemporal","robots":{"index":"index","follow":"follow","max-snippet":"max-snippet:-1","max-image-preview":"max-image-preview:large","max-video-preview":"max-video-preview:-1"},"canonical":"https:\/\/graziamagazine.com\/mx\/articles\/azul-ceruleo-como-combinarlo\/","og_locale":"es_MX","og_type":"article","og_title":"Azul cer\u00faleo, el tono sofisticado que dominar\u00e1 2026","og_description":"Del cine a las pasarelas, el azul cer\u00faleo regresa en 2026 como s\u00edmbolo de elegancia moderna y sofisticaci\u00f3n atemporal","og_url":"https:\/\/graziamagazine.com\/mx\/articles\/azul-ceruleo-como-combinarlo\/","og_site_name":"Grazia M\u00e9xico y Latinoam\u00e9rica","article_modified_time":"2026-04-29T16:32:34+00:00","og_image":[{"width":1024,"height":709,"url":"https:\/\/graziamagazine.com\/mx\/wp-content\/uploads\/sites\/13\/2026\/04\/ceruleo-colore-tendenza-2026-00045-ferragamo-fall-2026-ready-e1777480118875-1024x709.png","type":"image\/png"}],"twitter_card":"summary_large_image","twitter_misc":{"Est. reading time":"4 minutos"},"schema":{"@context":"https:\/\/schema.org","@graph":[{"@type":"WebPage","@id":"https:\/\/graziamagazine.com\/mx\/articles\/azul-ceruleo-como-combinarlo\/","url":"https:\/\/graziamagazine.com\/mx\/articles\/azul-ceruleo-como-combinarlo\/","name":"Azul cer\u00faleo, el tono sofisticado que dominar\u00e1 2026","isPartOf":{"@id":"https:\/\/graziamagazine.com\/mx\/#website"},"datePublished":"2026-04-29T16:21:27+00:00","dateModified":"2026-04-29T16:32:34+00:00","description":"Del cine a las pasarelas, el azul cer\u00faleo regresa en 2026 como s\u00edmbolo de elegancia moderna y sofisticaci\u00f3n atemporal","breadcrumb":{"@id":"https:\/\/graziamagazine.com\/mx\/articles\/azul-ceruleo-como-combinarlo\/#breadcrumb"},"inLanguage":"es-MX","potentialAction":[{"@type":"ReadAction","target":["https:\/\/graziamagazine.com\/mx\/articles\/azul-ceruleo-como-combinarlo\/"]}]},{"@type":"BreadcrumbList","@id":"https:\/\/graziamagazine.com\/mx\/articles\/azul-ceruleo-como-combinarlo\/#breadcrumb","itemListElement":[{"@type":"ListItem","position":1,"name":"Home","item":"https:\/\/graziamagazine.com\/mx\/"},{"@type":"ListItem","position":2,"name":"Azul cer\u00faleo, el tono sofisticado que dominar\u00e1 2026"}]},{"@type":"WebSite","@id":"https:\/\/graziamagazine.com\/mx\/#website","url":"https:\/\/graziamagazine.com\/mx\/","name":"Grazia M\u00e9xico y Latinoam\u00e9rica","description":"Grazia es moda, belleza y noticias  de actualidad ","potentialAction":[{"@type":"SearchAction","target":{"@type":"EntryPoint","urlTemplate":"https:\/\/graziamagazine.com\/mx\/?s={search_term_string}"},"query-input":"required name=search_term_string"}],"inLanguage":"es-MX"}]}},"jetpack_sharing_enabled":true,"distributor_meta":false,"distributor_terms":false,"distributor_media":false,"distributor_original_site_name":"Grazia M\u00e9xico y Latinoam\u00e9rica","distributor_original_site_url":"https:\/\/graziamagazine.com\/mx","push-errors":false,"_links":{"self":[{"href":"https:\/\/graziamagazine.com\/mx\/wp-json\/wp\/v2\/articles\/170657"}],"collection":[{"href":"https:\/\/graziamagazine.com\/mx\/wp-json\/wp\/v2\/articles"}],"about":[{"href":"https:\/\/graziamagazine.com\/mx\/wp-json\/wp\/v2\/types\/articles"}],"author":[{"embeddable":true,"href":"https:\/\/graziamagazine.com\/mx\/wp-json\/wp\/v2\/users\/28953"}],"wp:featuredmedia":[{"embeddable":true,"href":"https:\/\/graziamagazine.com\/mx\/wp-json\/wp\/v2\/media\/170661"}],"wp:attachment":[{"href":"https:\/\/graziamagazine.com\/mx\/wp-json\/wp\/v2\/media?parent=170657"}],"wp:term":[{"taxonomy":"category","embeddable":true,"href":"https:\/\/graziamagazine.com\/mx\/wp-json\/wp\/v2\/categories?post=170657"}],"curies":[{"name":"wp","href":"https:\/\/api.w.org\/{rel}","templated":true}]}}