{"id":170644,"date":"2026-04-29T10:12:44","date_gmt":"2026-04-29T15:12:44","guid":{"rendered":"https:\/\/graziamagazine.com\/mx\/?post_type=articles&#038;p=170644"},"modified":"2026-04-29T11:15:33","modified_gmt":"2026-04-29T16:15:33","slug":"clash-de-cartier-coleccion-accesorios-para-un-look-diario","status":"publish","type":"articles","link":"https:\/\/graziamagazine.com\/mx\/articles\/clash-de-cartier-coleccion-accesorios-para-un-look-diario\/","title":{"rendered":"Clash de Cartier se reinventa para los conocedores de estilo\u00a0"},"content":{"rendered":"<p><span style=\"font-weight: 400\">La est\u00e9tica del lujo ha sido reemplazada por la importancia del sentido y por portarlo con orgullo, bajo esta idea, <strong>Cartier<\/strong> ha desafiado los l\u00edmites de <strong>joyer\u00eda<\/strong>, transform\u00e1ndola en algo vivo a trav\u00e9s de <strong>Clash de Cartier<\/strong>. Es en esta colecci\u00f3n, que aporta car\u00e1cter e intenci\u00f3n, que la Maison ha encontrado una nueva forma de expresarse y de reinterpretar los c\u00f3digos de joyer\u00eda desde el movimiento.\u00a0<\/span><\/p>\n<p><span style=\"font-weight: 400\">La clave est\u00e1 en la intenci\u00f3n. Actualmente no se trata de acumular piezas ni de seguir c\u00f3digos r\u00edgidos, sino de elegir <strong>joyas que dialoguen con nuestra personalidad<\/strong>, esas que expongan nuestro estilo ante los dem\u00e1s. Sabemos que hoy un <strong>collar estructurado<\/strong> puede convivir con una camiseta b\u00e1sica; una pulsera articulada, puede acompa\u00f1ar una jornada de trabajo sin perder fuerza ni sofisticaci\u00f3n. En estos contextos, es cuando el lujo deja de ser solemne para volverse din\u00e1mico.<\/span><\/p>\n<p><img loading=\"lazy\" decoding=\"async\" class=\"alignnone size-full wp-image-170649\" src=\"https:\/\/graziamagazine.com\/mx\/wp-content\/uploads\/sites\/13\/2026\/04\/Clash-de-cartier-pareja-con-joyas.jpg\" alt=\"pareja campa\u00f1a Clash de Cartier\" width=\"1080\" height=\"1350\" srcset=\"https:\/\/graziamagazine.com\/mx\/wp-content\/uploads\/sites\/13\/2026\/04\/Clash-de-cartier-pareja-con-joyas.jpg 1080w, https:\/\/graziamagazine.com\/mx\/wp-content\/uploads\/sites\/13\/2026\/04\/Clash-de-cartier-pareja-con-joyas-360x450.jpg 360w, https:\/\/graziamagazine.com\/mx\/wp-content\/uploads\/sites\/13\/2026\/04\/Clash-de-cartier-pareja-con-joyas-819x1024.jpg 819w, https:\/\/graziamagazine.com\/mx\/wp-content\/uploads\/sites\/13\/2026\/04\/Clash-de-cartier-pareja-con-joyas-768x960.jpg 768w, https:\/\/graziamagazine.com\/mx\/wp-content\/uploads\/sites\/13\/2026\/04\/Clash-de-cartier-pareja-con-joyas-400x500.jpg 400w, https:\/\/graziamagazine.com\/mx\/wp-content\/uploads\/sites\/13\/2026\/04\/Clash-de-cartier-pareja-con-joyas-155x194.jpg 155w\" sizes=\"(max-width: 1080px) 100vw, 1080px\" \/><\/p>\n<p><span style=\"font-weight: 400\">Las <strong>piezas de Clash de <a href=\"https:\/\/graziamagazine.com\/mx\/articles\/watches-wonders-2026-novedades-cartier\/\">Cartier<\/a><\/strong> est\u00e1n dise\u00f1adas para adaptarse al cuerpo, responder al ritmo diario y transformar un gesto simple en una declaraci\u00f3n de estilo. Esa flexibilidad no es casual, sino el resultado de una ingenier\u00eda minuciosa que permite que cada joya fluya con quien la lleva.\u00a0<\/span><\/p>\n<p><span style=\"font-weight: 400\">La Maison ha sumado a <strong>Clash de Cartier collares y pulseras en oro amarillo<\/strong>, anteriormente solo disponibles en oro rosa, lo que nos demuestra que no se trata de cambiar los c\u00f3digos distintivos, sino de reinterpretarlos. Hacerlos m\u00e1s evidentes, pero a la vez m\u00e1s naturales.\u00a0<\/span><\/p>\n<h2><strong>El car\u00e1cter audaz de Clash de Cartier est\u00e1 en el color<\/strong><\/h2>\n<p><img loading=\"lazy\" decoding=\"async\" class=\"alignnone size-full wp-image-170650\" src=\"https:\/\/graziamagazine.com\/mx\/wp-content\/uploads\/sites\/13\/2026\/04\/Anillo-clash-de-cartier.jpg\" alt=\"Anillo clash de cartier\" width=\"1080\" height=\"1350\" srcset=\"https:\/\/graziamagazine.com\/mx\/wp-content\/uploads\/sites\/13\/2026\/04\/Anillo-clash-de-cartier.jpg 1080w, https:\/\/graziamagazine.com\/mx\/wp-content\/uploads\/sites\/13\/2026\/04\/Anillo-clash-de-cartier-360x450.jpg 360w, https:\/\/graziamagazine.com\/mx\/wp-content\/uploads\/sites\/13\/2026\/04\/Anillo-clash-de-cartier-819x1024.jpg 819w, https:\/\/graziamagazine.com\/mx\/wp-content\/uploads\/sites\/13\/2026\/04\/Anillo-clash-de-cartier-768x960.jpg 768w, https:\/\/graziamagazine.com\/mx\/wp-content\/uploads\/sites\/13\/2026\/04\/Anillo-clash-de-cartier-400x500.jpg 400w, https:\/\/graziamagazine.com\/mx\/wp-content\/uploads\/sites\/13\/2026\/04\/Anillo-clash-de-cartier-155x194.jpg 155w\" sizes=\"(max-width: 1080px) 100vw, 1080px\" \/><\/p>\n<p><span style=\"font-weight: 400\">Es un hecho que el color tambi\u00e9n juega un papel decisivo a la hora de vestir. Incorporar <strong>piedras como \u00f3nix, \u00e1gatas en rojo y verde o calcedonia rosa<\/strong> en tonos vibrantes no solo aporta car\u00e1cter, sino que facilita transformar una joya en el punto focal de un look sencillo. En lugar de construir un outfit complejo, basta con una pieza potente para definir el conjunto y hacerlo \u00fanico, las nuevas variaciones del universo <strong>Clash de Cartier<\/strong> funcionan como elementos que ayudan a resaltar un atuendo.<\/span><\/p>\n<p><span style=\"font-weight: 400\">Otro gesto contempor\u00e1neo es la versatilidad. Pendientes que se transforman seg\u00fan c\u00f3mo se llevan, anillos que se expanden en varios dedos, vol\u00famenes que se adaptan al momento del d\u00eda. Esta capacidad de cambio responde a una necesidad real, que una misma pieza funcione tanto en un entorno profesional como en uno m\u00e1s relajado porque, sin duda, el lujo siempre est\u00e1 en los detalles.<\/span><\/p>\n<h2>Evolucionar sin perder la esencia que nos distingue<\/h2>\n<p><img loading=\"lazy\" decoding=\"async\" class=\"alignnone size-full wp-image-170656\" src=\"https:\/\/graziamagazine.com\/mx\/wp-content\/uploads\/sites\/13\/2026\/04\/Mujer-con-anillo-clahs-de-cartier.jpg\" alt=\"Mujer con anillo clash de cartier\" width=\"1080\" height=\"1350\" srcset=\"https:\/\/graziamagazine.com\/mx\/wp-content\/uploads\/sites\/13\/2026\/04\/Mujer-con-anillo-clahs-de-cartier.jpg 1080w, https:\/\/graziamagazine.com\/mx\/wp-content\/uploads\/sites\/13\/2026\/04\/Mujer-con-anillo-clahs-de-cartier-360x450.jpg 360w, https:\/\/graziamagazine.com\/mx\/wp-content\/uploads\/sites\/13\/2026\/04\/Mujer-con-anillo-clahs-de-cartier-819x1024.jpg 819w, https:\/\/graziamagazine.com\/mx\/wp-content\/uploads\/sites\/13\/2026\/04\/Mujer-con-anillo-clahs-de-cartier-768x960.jpg 768w, https:\/\/graziamagazine.com\/mx\/wp-content\/uploads\/sites\/13\/2026\/04\/Mujer-con-anillo-clahs-de-cartier-400x500.jpg 400w, https:\/\/graziamagazine.com\/mx\/wp-content\/uploads\/sites\/13\/2026\/04\/Mujer-con-anillo-clahs-de-cartier-155x194.jpg 155w\" sizes=\"(max-width: 1080px) 100vw, 1080px\" \/><\/p>\n<p><span style=\"font-weight: 400\">Desde el siglo XX, <strong>Cartier<\/strong> ha sido sin\u00f3nimo de atreverse frente a los c\u00f3digos de la joyer\u00eda tradicional. La Maison adopt\u00f3 un lenguaje est\u00e9tico y gr\u00e1fico inspirado, en distintas ocasiones, por el mundo industrial, todo a trav\u00e9s de elementos como los <\/span><i><span style=\"font-weight: 400\">picots<\/span><\/i><span style=\"font-weight: 400\"> y los <\/span><i><span style=\"font-weight: 400\">clous<\/span><\/i> <i><span style=\"font-weight: 400\">carr\u00e9s<\/span><\/i><span style=\"font-weight: 400\">, que definieron el car\u00e1cter de sus creaciones relojeras y de joyer\u00eda<\/span><\/p>\n<div class=\"content-gallery\"><div class=\"gallery-placeholder\"><div class=\"spinner\"><\/div><\/div><span class=\"gallery-pagination\"><\/span><div id=\"gallery-1\" class=\"gallery galleryid-170644 gallery-columns- gallery-size-large\"><figure class=\"gallery-item\"><div class=\"gallery-icon landscape\"><img loading=\"lazy\" decoding=\"async\" width=\"1080\" height=\"1350\" src=\"https:\/\/graziamagazine.com\/mx\/wp-content\/uploads\/sites\/13\/2026\/04\/pulsera-clash-de-cartier.jpg\" class=\"lazy\" alt=\"pulsera clash de cartier\" srcset=\"https:\/\/graziamagazine.com\/mx\/wp-content\/uploads\/sites\/13\/2026\/04\/pulsera-clash-de-cartier.jpg 1080w, https:\/\/graziamagazine.com\/mx\/wp-content\/uploads\/sites\/13\/2026\/04\/pulsera-clash-de-cartier-360x450.jpg 360w, https:\/\/graziamagazine.com\/mx\/wp-content\/uploads\/sites\/13\/2026\/04\/pulsera-clash-de-cartier-819x1024.jpg 819w, https:\/\/graziamagazine.com\/mx\/wp-content\/uploads\/sites\/13\/2026\/04\/pulsera-clash-de-cartier-768x960.jpg 768w, https:\/\/graziamagazine.com\/mx\/wp-content\/uploads\/sites\/13\/2026\/04\/pulsera-clash-de-cartier-400x500.jpg 400w, https:\/\/graziamagazine.com\/mx\/wp-content\/uploads\/sites\/13\/2026\/04\/pulsera-clash-de-cartier-155x194.jpg 155w\" sizes=\"(max-width: 1080px) 100vw, 1080px\" \/><\/div><\/figure><figure class=\"gallery-item\"><div class=\"gallery-icon landscape\"><img loading=\"lazy\" decoding=\"async\" width=\"1080\" height=\"1350\" src=\"https:\/\/graziamagazine.com\/mx\/wp-content\/uploads\/sites\/13\/2026\/04\/Clash-de-cartier-con-onix.jpg\" class=\"lazy\" alt=\"Anillo Clash de cartier\" srcset=\"https:\/\/graziamagazine.com\/mx\/wp-content\/uploads\/sites\/13\/2026\/04\/Clash-de-cartier-con-onix.jpg 1080w, https:\/\/graziamagazine.com\/mx\/wp-content\/uploads\/sites\/13\/2026\/04\/Clash-de-cartier-con-onix-360x450.jpg 360w, https:\/\/graziamagazine.com\/mx\/wp-content\/uploads\/sites\/13\/2026\/04\/Clash-de-cartier-con-onix-819x1024.jpg 819w, https:\/\/graziamagazine.com\/mx\/wp-content\/uploads\/sites\/13\/2026\/04\/Clash-de-cartier-con-onix-768x960.jpg 768w, https:\/\/graziamagazine.com\/mx\/wp-content\/uploads\/sites\/13\/2026\/04\/Clash-de-cartier-con-onix-400x500.jpg 400w, https:\/\/graziamagazine.com\/mx\/wp-content\/uploads\/sites\/13\/2026\/04\/Clash-de-cartier-con-onix-155x194.jpg 155w\" sizes=\"(max-width: 1080px) 100vw, 1080px\" \/><\/div><\/figure><figure class=\"gallery-item\"><div class=\"gallery-icon landscape\"><img loading=\"lazy\" decoding=\"async\" width=\"1080\" height=\"1350\" src=\"https:\/\/graziamagazine.com\/mx\/wp-content\/uploads\/sites\/13\/2026\/04\/clash-de-cartier-con-piedra.jpg\" class=\"lazy\" alt=\"clash de cartier con piedra\" srcset=\"https:\/\/graziamagazine.com\/mx\/wp-content\/uploads\/sites\/13\/2026\/04\/clash-de-cartier-con-piedra.jpg 1080w, https:\/\/graziamagazine.com\/mx\/wp-content\/uploads\/sites\/13\/2026\/04\/clash-de-cartier-con-piedra-360x450.jpg 360w, https:\/\/graziamagazine.com\/mx\/wp-content\/uploads\/sites\/13\/2026\/04\/clash-de-cartier-con-piedra-819x1024.jpg 819w, https:\/\/graziamagazine.com\/mx\/wp-content\/uploads\/sites\/13\/2026\/04\/clash-de-cartier-con-piedra-768x960.jpg 768w, https:\/\/graziamagazine.com\/mx\/wp-content\/uploads\/sites\/13\/2026\/04\/clash-de-cartier-con-piedra-400x500.jpg 400w, https:\/\/graziamagazine.com\/mx\/wp-content\/uploads\/sites\/13\/2026\/04\/clash-de-cartier-con-piedra-155x194.jpg 155w\" sizes=\"(max-width: 1080px) 100vw, 1080px\" \/><\/div><\/figure><\/div><\/div>\n<p><span style=\"font-weight: 400\">Hoy, evolucionar tambi\u00e9n es la f\u00f3rmula para impactar de verdad, pero sin perder la esencia que nos distingue.<strong> Las joyas Clash de Cartier<\/strong> reinterpretan este legado desde una mirada contempor\u00e1nea. Sus c\u00f3digos emblem\u00e1ticos se traducen en una colecci\u00f3n que retoma el <strong>ADN hist\u00f3rico de la Maison<\/strong>, proponiendo una nueva forma de entender la joyer\u00eda desde el movimiento y como piezas que se llevan con intenci\u00f3n y car\u00e1cter.<\/span><\/p>\n<p><span style=\"font-weight: 400\">Lucir joyas en la cotidianidad hace que estas tomen un papel protag\u00f3nico, convirti\u00e9ndose en el punto central de tu look diario a elegir.<\/span><\/p>\n","protected":false},"author":11636,"featured_media":170655,"template":"","format":"standard","categories":[4],"acf":[],"yoast_head":"<!-- This site is optimized with the Yoast SEO Premium plugin v18.5 (Yoast SEO v20.4) - https:\/\/yoast.com\/wordpress\/plugins\/seo\/ -->\n<title>Clash de Cartier se reinventa para los conocedores de estilo\u00a0<\/title>\n<meta name=\"description\" content=\"Elige joyas como Clash de Cartier que dialoguen con tu personalidad, esas que expongan tu estilo ante los dem\u00e1s.\" \/>\n<meta name=\"robots\" content=\"index, follow, max-snippet:-1, max-image-preview:large, max-video-preview:-1\" \/>\n<link rel=\"canonical\" href=\"https:\/\/graziamagazine.com\/mx\/articles\/clash-de-cartier-coleccion-accesorios-para-un-look-diario\/\" \/>\n<meta property=\"og:locale\" content=\"es_MX\" \/>\n<meta property=\"og:type\" content=\"article\" \/>\n<meta property=\"og:title\" content=\"Clash de Cartier se reinventa para los conocedores de estilo\u00a0\" \/>\n<meta property=\"og:description\" content=\"Elige joyas como Clash de Cartier que dialoguen con tu personalidad, esas que expongan tu estilo ante los dem\u00e1s.\" \/>\n<meta property=\"og:url\" content=\"https:\/\/graziamagazine.com\/mx\/articles\/clash-de-cartier-coleccion-accesorios-para-un-look-diario\/\" \/>\n<meta property=\"og:site_name\" content=\"Grazia M\u00e9xico y Latinoam\u00e9rica\" \/>\n<meta property=\"article:modified_time\" content=\"2026-04-29T16:15:33+00:00\" \/>\n<meta property=\"og:image\" content=\"https:\/\/graziamagazine.com\/mx\/wp-content\/uploads\/sites\/13\/2026\/04\/Cartier-Clash-e1777479320948.jpg\" \/>\n\t<meta property=\"og:image:width\" content=\"1080\" \/>\n\t<meta property=\"og:image:height\" content=\"735\" \/>\n\t<meta property=\"og:image:type\" content=\"image\/jpeg\" \/>\n<meta name=\"twitter:card\" content=\"summary_large_image\" \/>\n<meta name=\"twitter:label1\" content=\"Est. reading time\" \/>\n\t<meta name=\"twitter:data1\" content=\"4 minutos\" \/>\n<script type=\"application\/ld+json\" class=\"yoast-schema-graph\">{\"@context\":\"https:\/\/schema.org\",\"@graph\":[{\"@type\":\"WebPage\",\"@id\":\"https:\/\/graziamagazine.com\/mx\/articles\/clash-de-cartier-coleccion-accesorios-para-un-look-diario\/\",\"url\":\"https:\/\/graziamagazine.com\/mx\/articles\/clash-de-cartier-coleccion-accesorios-para-un-look-diario\/\",\"name\":\"Clash de Cartier se reinventa para los conocedores de estilo\u00a0\",\"isPartOf\":{\"@id\":\"https:\/\/graziamagazine.com\/mx\/#website\"},\"datePublished\":\"2026-04-29T15:12:44+00:00\",\"dateModified\":\"2026-04-29T16:15:33+00:00\",\"description\":\"Elige joyas como Clash de Cartier que dialoguen con tu personalidad, esas que expongan tu estilo ante los dem\u00e1s.\",\"breadcrumb\":{\"@id\":\"https:\/\/graziamagazine.com\/mx\/articles\/clash-de-cartier-coleccion-accesorios-para-un-look-diario\/#breadcrumb\"},\"inLanguage\":\"es-MX\",\"potentialAction\":[{\"@type\":\"ReadAction\",\"target\":[\"https:\/\/graziamagazine.com\/mx\/articles\/clash-de-cartier-coleccion-accesorios-para-un-look-diario\/\"]}]},{\"@type\":\"BreadcrumbList\",\"@id\":\"https:\/\/graziamagazine.com\/mx\/articles\/clash-de-cartier-coleccion-accesorios-para-un-look-diario\/#breadcrumb\",\"itemListElement\":[{\"@type\":\"ListItem\",\"position\":1,\"name\":\"Home\",\"item\":\"https:\/\/graziamagazine.com\/mx\/\"},{\"@type\":\"ListItem\",\"position\":2,\"name\":\"Clash de Cartier se reinventa para los conocedores de estilo\u00a0\"}]},{\"@type\":\"WebSite\",\"@id\":\"https:\/\/graziamagazine.com\/mx\/#website\",\"url\":\"https:\/\/graziamagazine.com\/mx\/\",\"name\":\"Grazia M\u00e9xico y Latinoam\u00e9rica\",\"description\":\"Grazia es moda, belleza y noticias  de actualidad \",\"potentialAction\":[{\"@type\":\"SearchAction\",\"target\":{\"@type\":\"EntryPoint\",\"urlTemplate\":\"https:\/\/graziamagazine.com\/mx\/?s={search_term_string}\"},\"query-input\":\"required name=search_term_string\"}],\"inLanguage\":\"es-MX\"}]}<\/script>\n<!-- \/ Yoast SEO Premium plugin. -->","yoast_head_json":{"title":"Clash de Cartier se reinventa para los conocedores de estilo\u00a0","description":"Elige joyas como Clash de Cartier que dialoguen con tu personalidad, esas que expongan tu estilo ante los dem\u00e1s.","robots":{"index":"index","follow":"follow","max-snippet":"max-snippet:-1","max-image-preview":"max-image-preview:large","max-video-preview":"max-video-preview:-1"},"canonical":"https:\/\/graziamagazine.com\/mx\/articles\/clash-de-cartier-coleccion-accesorios-para-un-look-diario\/","og_locale":"es_MX","og_type":"article","og_title":"Clash de Cartier se reinventa para los conocedores de estilo\u00a0","og_description":"Elige joyas como Clash de Cartier que dialoguen con tu personalidad, esas que expongan tu estilo ante los dem\u00e1s.","og_url":"https:\/\/graziamagazine.com\/mx\/articles\/clash-de-cartier-coleccion-accesorios-para-un-look-diario\/","og_site_name":"Grazia M\u00e9xico y Latinoam\u00e9rica","article_modified_time":"2026-04-29T16:15:33+00:00","og_image":[{"width":1080,"height":735,"url":"https:\/\/graziamagazine.com\/mx\/wp-content\/uploads\/sites\/13\/2026\/04\/Cartier-Clash-e1777479320948.jpg","type":"image\/jpeg"}],"twitter_card":"summary_large_image","twitter_misc":{"Est. reading time":"4 minutos"},"schema":{"@context":"https:\/\/schema.org","@graph":[{"@type":"WebPage","@id":"https:\/\/graziamagazine.com\/mx\/articles\/clash-de-cartier-coleccion-accesorios-para-un-look-diario\/","url":"https:\/\/graziamagazine.com\/mx\/articles\/clash-de-cartier-coleccion-accesorios-para-un-look-diario\/","name":"Clash de Cartier se reinventa para los conocedores de estilo\u00a0","isPartOf":{"@id":"https:\/\/graziamagazine.com\/mx\/#website"},"datePublished":"2026-04-29T15:12:44+00:00","dateModified":"2026-04-29T16:15:33+00:00","description":"Elige joyas como Clash de Cartier que dialoguen con tu personalidad, esas que expongan tu estilo ante los dem\u00e1s.","breadcrumb":{"@id":"https:\/\/graziamagazine.com\/mx\/articles\/clash-de-cartier-coleccion-accesorios-para-un-look-diario\/#breadcrumb"},"inLanguage":"es-MX","potentialAction":[{"@type":"ReadAction","target":["https:\/\/graziamagazine.com\/mx\/articles\/clash-de-cartier-coleccion-accesorios-para-un-look-diario\/"]}]},{"@type":"BreadcrumbList","@id":"https:\/\/graziamagazine.com\/mx\/articles\/clash-de-cartier-coleccion-accesorios-para-un-look-diario\/#breadcrumb","itemListElement":[{"@type":"ListItem","position":1,"name":"Home","item":"https:\/\/graziamagazine.com\/mx\/"},{"@type":"ListItem","position":2,"name":"Clash de Cartier se reinventa para los conocedores de estilo\u00a0"}]},{"@type":"WebSite","@id":"https:\/\/graziamagazine.com\/mx\/#website","url":"https:\/\/graziamagazine.com\/mx\/","name":"Grazia M\u00e9xico y Latinoam\u00e9rica","description":"Grazia es moda, belleza y noticias  de actualidad ","potentialAction":[{"@type":"SearchAction","target":{"@type":"EntryPoint","urlTemplate":"https:\/\/graziamagazine.com\/mx\/?s={search_term_string}"},"query-input":"required name=search_term_string"}],"inLanguage":"es-MX"}]}},"jetpack_sharing_enabled":true,"distributor_meta":false,"distributor_terms":false,"distributor_media":false,"distributor_original_site_name":"Grazia M\u00e9xico y Latinoam\u00e9rica","distributor_original_site_url":"https:\/\/graziamagazine.com\/mx","push-errors":false,"_links":{"self":[{"href":"https:\/\/graziamagazine.com\/mx\/wp-json\/wp\/v2\/articles\/170644"}],"collection":[{"href":"https:\/\/graziamagazine.com\/mx\/wp-json\/wp\/v2\/articles"}],"about":[{"href":"https:\/\/graziamagazine.com\/mx\/wp-json\/wp\/v2\/types\/articles"}],"author":[{"embeddable":true,"href":"https:\/\/graziamagazine.com\/mx\/wp-json\/wp\/v2\/users\/11636"}],"wp:featuredmedia":[{"embeddable":true,"href":"https:\/\/graziamagazine.com\/mx\/wp-json\/wp\/v2\/media\/170655"}],"wp:attachment":[{"href":"https:\/\/graziamagazine.com\/mx\/wp-json\/wp\/v2\/media?parent=170644"}],"wp:term":[{"taxonomy":"category","embeddable":true,"href":"https:\/\/graziamagazine.com\/mx\/wp-json\/wp\/v2\/categories?post=170644"}],"curies":[{"name":"wp","href":"https:\/\/api.w.org\/{rel}","templated":true}]}}