{"id":170619,"date":"2026-04-28T18:30:05","date_gmt":"2026-04-28T23:30:05","guid":{"rendered":"https:\/\/graziamagazine.com\/mx\/?post_type=articles&#038;p=170619"},"modified":"2026-04-28T19:56:58","modified_gmt":"2026-04-29T00:56:58","slug":"botas-altas-primavera-verano-2026","status":"publish","type":"articles","link":"https:\/\/graziamagazine.com\/mx\/articles\/botas-altas-primavera-verano-2026\/","title":{"rendered":"C\u00f3mo stylear botas altas esta temporada"},"content":{"rendered":"<p class=\"p1\">Normalmente pensar\u00edamos que las botas altas, esta temporada, suelen desaparecer, pero es todo lo contrario, permanecen como uno de los <a href=\"https:\/\/graziamagazine.com\/mx\/articles\/zapatos-en-tendencia-primavera-verano\/\">calzados<\/a> m\u00e1s fuertes de primavera-verano. Nace una nueva forma de jugar con las proporciones, desde la creatividad, el estilo y, sobre todo, la intenci\u00f3n. Se integran a los looks como un contraste clave y diferente frente a prendas ligeras y, especialmente, cortas.<\/p>\n<p class=\"p3\"><span class=\"s2\">La clave de c\u00f3mo llevarlas est\u00e1 en balancear vol\u00famenes y el largo de cada prenda. Pero, sobre todo, hay que mentalizarnos en que las botas no solo funcionan como un complemento, sino que muchas veces son la clave y el punto focal de todo un look. Y lo interesante es ver c\u00f3mo se pueden adaptar a distintos estilos sin perder la esencia de las botas mismas. Tambi\u00e9n es importante considerar materiales m\u00e1s ligeros o siluetas m\u00e1s flexibles para que hagan sentido con la temporada y no se sientan pesadas dentro del outfit.<\/span><\/p>\n<h2 class=\"p3\"><span class=\"s3\">Faldas midi y maxi<\/span><\/h2>\n<div class=\"content-gallery\"><div class=\"gallery-placeholder\"><div class=\"spinner\"><\/div><\/div><span class=\"gallery-pagination\"><\/span><div id=\"gallery-1\" class=\"gallery galleryid-170619 gallery-columns- gallery-size-\"><figure class=\"gallery-item\"><div class=\"gallery-icon landscape\"><img loading=\"lazy\" decoding=\"async\" width=\"1200\" height=\"1425\" src=\"https:\/\/graziamagazine.com\/mx\/wp-content\/uploads\/sites\/13\/2026\/04\/IMG_2093.jpeg\" class=\"lazy\" alt=\"C\u00f3mo stylear botas altas esta temporada\" srcset=\"https:\/\/graziamagazine.com\/mx\/wp-content\/uploads\/sites\/13\/2026\/04\/IMG_2093.jpeg 1200w, https:\/\/graziamagazine.com\/mx\/wp-content\/uploads\/sites\/13\/2026\/04\/IMG_2093-379x450.jpeg 379w, https:\/\/graziamagazine.com\/mx\/wp-content\/uploads\/sites\/13\/2026\/04\/IMG_2093-862x1024.jpeg 862w, https:\/\/graziamagazine.com\/mx\/wp-content\/uploads\/sites\/13\/2026\/04\/IMG_2093-768x912.jpeg 768w, https:\/\/graziamagazine.com\/mx\/wp-content\/uploads\/sites\/13\/2026\/04\/IMG_2093-400x475.jpeg 400w, https:\/\/graziamagazine.com\/mx\/wp-content\/uploads\/sites\/13\/2026\/04\/IMG_2093-155x184.jpeg 155w\" sizes=\"(max-width: 1200px) 100vw, 1200px\" \/><\/div><figcaption class=\"wp-caption-text gallery-caption\" id=\"gallery-1-170626\">Pinterest<\/figcaption><\/figure><figure class=\"gallery-item\"><div class=\"gallery-icon landscape\"><img loading=\"lazy\" decoding=\"async\" width=\"768\" height=\"1024\" src=\"https:\/\/graziamagazine.com\/mx\/wp-content\/uploads\/sites\/13\/2026\/04\/IMG_2100.jpeg\" class=\"lazy\" alt=\"C\u00f3mo stylear botas altas esta temporada\" srcset=\"https:\/\/graziamagazine.com\/mx\/wp-content\/uploads\/sites\/13\/2026\/04\/IMG_2100.jpeg 768w, https:\/\/graziamagazine.com\/mx\/wp-content\/uploads\/sites\/13\/2026\/04\/IMG_2100-338x450.jpeg 338w, https:\/\/graziamagazine.com\/mx\/wp-content\/uploads\/sites\/13\/2026\/04\/IMG_2100-400x533.jpeg 400w, https:\/\/graziamagazine.com\/mx\/wp-content\/uploads\/sites\/13\/2026\/04\/IMG_2100-155x207.jpeg 155w\" sizes=\"(max-width: 768px) 100vw, 768px\" \/><\/div><figcaption class=\"wp-caption-text gallery-caption\" id=\"gallery-1-170632\">Pinterest<\/figcaption><\/figure><figure class=\"gallery-item\"><div class=\"gallery-icon landscape\"><img loading=\"lazy\" decoding=\"async\" width=\"1000\" height=\"1500\" src=\"https:\/\/graziamagazine.com\/mx\/wp-content\/uploads\/sites\/13\/2026\/04\/IMG_2104.jpeg\" class=\"lazy\" alt=\"\" srcset=\"https:\/\/graziamagazine.com\/mx\/wp-content\/uploads\/sites\/13\/2026\/04\/IMG_2104.jpeg 1000w, https:\/\/graziamagazine.com\/mx\/wp-content\/uploads\/sites\/13\/2026\/04\/IMG_2104-300x450.jpeg 300w, https:\/\/graziamagazine.com\/mx\/wp-content\/uploads\/sites\/13\/2026\/04\/IMG_2104-683x1024.jpeg 683w, https:\/\/graziamagazine.com\/mx\/wp-content\/uploads\/sites\/13\/2026\/04\/IMG_2104-768x1152.jpeg 768w, https:\/\/graziamagazine.com\/mx\/wp-content\/uploads\/sites\/13\/2026\/04\/IMG_2104-400x600.jpeg 400w, https:\/\/graziamagazine.com\/mx\/wp-content\/uploads\/sites\/13\/2026\/04\/IMG_2104-143x215.jpeg 143w\" sizes=\"(max-width: 1000px) 100vw, 1000px\" \/><\/div><\/figure><figure class=\"gallery-item\"><div class=\"gallery-icon landscape\"><img loading=\"lazy\" decoding=\"async\" width=\"811\" height=\"1440\" src=\"https:\/\/graziamagazine.com\/mx\/wp-content\/uploads\/sites\/13\/2026\/04\/IMG_2103.jpeg\" class=\"lazy\" alt=\"C\u00f3mo stylear botas altas esta temporada\" srcset=\"https:\/\/graziamagazine.com\/mx\/wp-content\/uploads\/sites\/13\/2026\/04\/IMG_2103.jpeg 811w, https:\/\/graziamagazine.com\/mx\/wp-content\/uploads\/sites\/13\/2026\/04\/IMG_2103-253x450.jpeg 253w, https:\/\/graziamagazine.com\/mx\/wp-content\/uploads\/sites\/13\/2026\/04\/IMG_2103-577x1024.jpeg 577w, https:\/\/graziamagazine.com\/mx\/wp-content\/uploads\/sites\/13\/2026\/04\/IMG_2103-768x1364.jpeg 768w, https:\/\/graziamagazine.com\/mx\/wp-content\/uploads\/sites\/13\/2026\/04\/IMG_2103-400x710.jpeg 400w, https:\/\/graziamagazine.com\/mx\/wp-content\/uploads\/sites\/13\/2026\/04\/IMG_2103-121x215.jpeg 121w\" sizes=\"(max-width: 811px) 100vw, 811px\" \/><\/div><figcaption class=\"wp-caption-text gallery-caption\" id=\"gallery-1-170636\">Pinterest<\/figcaption><\/figure><\/div><\/div>\n<p class=\"p3\"><span class=\"s2\">Una de las favoritas para llevar esta temporada son las faldas, y las favoritas, por excelencia, son las largas. Aqu\u00ed la clave es cuando jugamos con lo que se deja ver y lo que no. Cuando una falda cubre gran parte de una bota, se genera un efecto m\u00e1s estilizado, alargando visualmente la figura.<\/span><\/p>\n<p class=\"p3\"><span class=\"s2\">Y, obviamente, la clave para no morir en el intento es optar por telas ligeras que tengan mucho movimiento, contrastando con la estructura que tiene una bota, haciendo m\u00e1s sentido a la temporada. Especialmente aqu\u00ed, las faldas con aberturas a los lados permiten que la bota se pueda ver un poco m\u00e1s, aportando sensualidad, pero, al mismo tiempo, sin que sea tan evidente. Es una combinaci\u00f3n que se siente fluida, pero con car\u00e1cter.<\/span><\/p>\n<h2 class=\"p3\"><span class=\"s3\">Shorts<\/span><\/h2>\n<div class=\"content-gallery\"><div class=\"gallery-placeholder\"><div class=\"spinner\"><\/div><\/div><span class=\"gallery-pagination\"><\/span><div id=\"gallery-2\" class=\"gallery galleryid-170619 gallery-columns- gallery-size-\"><figure class=\"gallery-item\"><div class=\"gallery-icon landscape\"><img loading=\"lazy\" decoding=\"async\" width=\"1200\" height=\"1499\" src=\"https:\/\/graziamagazine.com\/mx\/wp-content\/uploads\/sites\/13\/2026\/04\/IMG_2099.jpeg\" class=\"lazy\" alt=\"C\u00f3mo stylear botas altas esta temporada\" srcset=\"https:\/\/graziamagazine.com\/mx\/wp-content\/uploads\/sites\/13\/2026\/04\/IMG_2099.jpeg 1200w, https:\/\/graziamagazine.com\/mx\/wp-content\/uploads\/sites\/13\/2026\/04\/IMG_2099-360x450.jpeg 360w, https:\/\/graziamagazine.com\/mx\/wp-content\/uploads\/sites\/13\/2026\/04\/IMG_2099-820x1024.jpeg 820w, https:\/\/graziamagazine.com\/mx\/wp-content\/uploads\/sites\/13\/2026\/04\/IMG_2099-768x959.jpeg 768w, https:\/\/graziamagazine.com\/mx\/wp-content\/uploads\/sites\/13\/2026\/04\/IMG_2099-400x500.jpeg 400w, https:\/\/graziamagazine.com\/mx\/wp-content\/uploads\/sites\/13\/2026\/04\/IMG_2099-155x194.jpeg 155w\" sizes=\"(max-width: 1200px) 100vw, 1200px\" \/><\/div><figcaption class=\"wp-caption-text gallery-caption\" id=\"gallery-2-170631\">Pinterest <\/figcaption><\/figure><figure class=\"gallery-item\"><div class=\"gallery-icon landscape\"><img loading=\"lazy\" decoding=\"async\" width=\"908\" height=\"1548\" src=\"https:\/\/graziamagazine.com\/mx\/wp-content\/uploads\/sites\/13\/2026\/04\/IMG_2096.jpeg\" class=\"lazy\" alt=\"\" srcset=\"https:\/\/graziamagazine.com\/mx\/wp-content\/uploads\/sites\/13\/2026\/04\/IMG_2096.jpeg 908w, https:\/\/graziamagazine.com\/mx\/wp-content\/uploads\/sites\/13\/2026\/04\/IMG_2096-264x450.jpeg 264w, https:\/\/graziamagazine.com\/mx\/wp-content\/uploads\/sites\/13\/2026\/04\/IMG_2096-601x1024.jpeg 601w, https:\/\/graziamagazine.com\/mx\/wp-content\/uploads\/sites\/13\/2026\/04\/IMG_2096-768x1309.jpeg 768w, https:\/\/graziamagazine.com\/mx\/wp-content\/uploads\/sites\/13\/2026\/04\/IMG_2096-901x1536.jpeg 901w, https:\/\/graziamagazine.com\/mx\/wp-content\/uploads\/sites\/13\/2026\/04\/IMG_2096-400x682.jpeg 400w, https:\/\/graziamagazine.com\/mx\/wp-content\/uploads\/sites\/13\/2026\/04\/IMG_2096-126x215.jpeg 126w\" sizes=\"(max-width: 908px) 100vw, 908px\" \/><\/div><\/figure><figure class=\"gallery-item\"><div class=\"gallery-icon landscape\"><img loading=\"lazy\" decoding=\"async\" width=\"739\" height=\"800\" src=\"https:\/\/graziamagazine.com\/mx\/wp-content\/uploads\/sites\/13\/2026\/04\/IMG_2098.jpeg\" class=\"lazy\" alt=\"\" srcset=\"https:\/\/graziamagazine.com\/mx\/wp-content\/uploads\/sites\/13\/2026\/04\/IMG_2098.jpeg 739w, https:\/\/graziamagazine.com\/mx\/wp-content\/uploads\/sites\/13\/2026\/04\/IMG_2098-416x450.jpeg 416w, https:\/\/graziamagazine.com\/mx\/wp-content\/uploads\/sites\/13\/2026\/04\/IMG_2098-400x433.jpeg 400w, https:\/\/graziamagazine.com\/mx\/wp-content\/uploads\/sites\/13\/2026\/04\/IMG_2098-155x168.jpeg 155w\" sizes=\"(max-width: 739px) 100vw, 739px\" \/><\/div><\/figure><figure class=\"gallery-item\"><div class=\"gallery-icon landscape\"><img loading=\"lazy\" decoding=\"async\" width=\"1047\" height=\"1197\" src=\"https:\/\/graziamagazine.com\/mx\/wp-content\/uploads\/sites\/13\/2026\/04\/IMG_2095.jpeg\" class=\"lazy\" alt=\"C\u00f3mo stylear botas altas esta temporada\" srcset=\"https:\/\/graziamagazine.com\/mx\/wp-content\/uploads\/sites\/13\/2026\/04\/IMG_2095.jpeg 1047w, https:\/\/graziamagazine.com\/mx\/wp-content\/uploads\/sites\/13\/2026\/04\/IMG_2095-394x450.jpeg 394w, https:\/\/graziamagazine.com\/mx\/wp-content\/uploads\/sites\/13\/2026\/04\/IMG_2095-896x1024.jpeg 896w, https:\/\/graziamagazine.com\/mx\/wp-content\/uploads\/sites\/13\/2026\/04\/IMG_2095-768x878.jpeg 768w, https:\/\/graziamagazine.com\/mx\/wp-content\/uploads\/sites\/13\/2026\/04\/IMG_2095-400x457.jpeg 400w, https:\/\/graziamagazine.com\/mx\/wp-content\/uploads\/sites\/13\/2026\/04\/IMG_2095-155x177.jpeg 155w\" sizes=\"(max-width: 1047px) 100vw, 1047px\" \/><\/div><figcaption class=\"wp-caption-text gallery-caption\" id=\"gallery-2-170624\">Pinterest<\/figcaption><\/figure><\/div><\/div>\n<p class=\"p3\"><span class=\"s2\">Para aquellas que quieran un look mucho m\u00e1s arriesgado, moderno y con car\u00e1cter, el favorito de las botas siempre ser\u00e1 el contraste entre lo corto y lo largo, como son las botas con unos mini shorts. Y es el favorito porque visualmente alarga las piernas y crea una silueta mucho m\u00e1s definida y estilizada.<\/span><\/p>\n<p class=\"p3\"><span class=\"s2\">Aqu\u00ed la clave est\u00e1 en cuidar las proporciones: balancear piezas oversize con algunas mucho m\u00e1s ajustadas, como un blazer, camisas oversize o una chamarra; esto para dar m\u00e1s volumen en la parte de arriba. Por debajo, unos shorts y botas un poco m\u00e1s ajustadas. Los accesorios siempre ser\u00e1n la clave principal. Puedes jugar con cinturones para marcar la cintura y lograr un mejor equilibrio en el look.<\/span><\/p>\n<h2 class=\"p3\"><span class=\"s3\">Bermudas largas<\/span><\/h2>\n<div class=\"content-gallery\"><div class=\"gallery-placeholder\"><div class=\"spinner\"><\/div><\/div><span class=\"gallery-pagination\"><\/span><div id=\"gallery-3\" class=\"gallery galleryid-170619 gallery-columns- gallery-size-\"><figure class=\"gallery-item\"><div class=\"gallery-icon landscape\"><img loading=\"lazy\" decoding=\"async\" width=\"1080\" height=\"1891\" src=\"https:\/\/graziamagazine.com\/mx\/wp-content\/uploads\/sites\/13\/2026\/04\/IMG_2088-2-e1777423299431.jpeg\" class=\"lazy\" alt=\"C\u00f3mo stylear botas altas esta temporada\" srcset=\"https:\/\/graziamagazine.com\/mx\/wp-content\/uploads\/sites\/13\/2026\/04\/IMG_2088-2-e1777423299431.jpeg 1080w, https:\/\/graziamagazine.com\/mx\/wp-content\/uploads\/sites\/13\/2026\/04\/IMG_2088-2-e1777423299431-257x450.jpeg 257w, https:\/\/graziamagazine.com\/mx\/wp-content\/uploads\/sites\/13\/2026\/04\/IMG_2088-2-e1777423299431-585x1024.jpeg 585w, https:\/\/graziamagazine.com\/mx\/wp-content\/uploads\/sites\/13\/2026\/04\/IMG_2088-2-e1777423299431-768x1345.jpeg 768w, https:\/\/graziamagazine.com\/mx\/wp-content\/uploads\/sites\/13\/2026\/04\/IMG_2088-2-e1777423299431-877x1536.jpeg 877w, https:\/\/graziamagazine.com\/mx\/wp-content\/uploads\/sites\/13\/2026\/04\/IMG_2088-2-e1777423299431-400x700.jpeg 400w, https:\/\/graziamagazine.com\/mx\/wp-content\/uploads\/sites\/13\/2026\/04\/IMG_2088-2-e1777423299431-123x215.jpeg 123w\" sizes=\"(max-width: 1080px) 100vw, 1080px\" \/><\/div><figcaption class=\"wp-caption-text gallery-caption\" id=\"gallery-3-170627\">Pinterest<\/figcaption><\/figure><figure class=\"gallery-item\"><div class=\"gallery-icon landscape\"><img loading=\"lazy\" decoding=\"async\" width=\"919\" height=\"1260\" src=\"https:\/\/graziamagazine.com\/mx\/wp-content\/uploads\/sites\/13\/2026\/04\/IMG_2091.jpeg\" class=\"lazy\" alt=\"\" srcset=\"https:\/\/graziamagazine.com\/mx\/wp-content\/uploads\/sites\/13\/2026\/04\/IMG_2091.jpeg 919w, https:\/\/graziamagazine.com\/mx\/wp-content\/uploads\/sites\/13\/2026\/04\/IMG_2091-328x450.jpeg 328w, https:\/\/graziamagazine.com\/mx\/wp-content\/uploads\/sites\/13\/2026\/04\/IMG_2091-747x1024.jpeg 747w, https:\/\/graziamagazine.com\/mx\/wp-content\/uploads\/sites\/13\/2026\/04\/IMG_2091-768x1053.jpeg 768w, https:\/\/graziamagazine.com\/mx\/wp-content\/uploads\/sites\/13\/2026\/04\/IMG_2091-400x548.jpeg 400w, https:\/\/graziamagazine.com\/mx\/wp-content\/uploads\/sites\/13\/2026\/04\/IMG_2091-155x213.jpeg 155w\" sizes=\"(max-width: 919px) 100vw, 919px\" \/><\/div><\/figure><figure class=\"gallery-item\"><div class=\"gallery-icon landscape\"><img loading=\"lazy\" decoding=\"async\" width=\"1200\" height=\"1629\" src=\"https:\/\/graziamagazine.com\/mx\/wp-content\/uploads\/sites\/13\/2026\/04\/IMG_2089.jpeg\" class=\"lazy\" alt=\"\" srcset=\"https:\/\/graziamagazine.com\/mx\/wp-content\/uploads\/sites\/13\/2026\/04\/IMG_2089.jpeg 1200w, https:\/\/graziamagazine.com\/mx\/wp-content\/uploads\/sites\/13\/2026\/04\/IMG_2089-331x450.jpeg 331w, https:\/\/graziamagazine.com\/mx\/wp-content\/uploads\/sites\/13\/2026\/04\/IMG_2089-754x1024.jpeg 754w, https:\/\/graziamagazine.com\/mx\/wp-content\/uploads\/sites\/13\/2026\/04\/IMG_2089-768x1043.jpeg 768w, https:\/\/graziamagazine.com\/mx\/wp-content\/uploads\/sites\/13\/2026\/04\/IMG_2089-1131x1536.jpeg 1131w, https:\/\/graziamagazine.com\/mx\/wp-content\/uploads\/sites\/13\/2026\/04\/IMG_2089-400x543.jpeg 400w, https:\/\/graziamagazine.com\/mx\/wp-content\/uploads\/sites\/13\/2026\/04\/IMG_2089-155x210.jpeg 155w\" sizes=\"(max-width: 1200px) 100vw, 1200px\" \/><\/div><\/figure><figure class=\"gallery-item\"><div class=\"gallery-icon landscape\"><img loading=\"lazy\" decoding=\"async\" width=\"1080\" height=\"1920\" src=\"https:\/\/graziamagazine.com\/mx\/wp-content\/uploads\/sites\/13\/2026\/04\/IMG_2090.jpeg\" class=\"lazy\" alt=\"C\u00f3mo stylear botas altas esta temporada\" srcset=\"https:\/\/graziamagazine.com\/mx\/wp-content\/uploads\/sites\/13\/2026\/04\/IMG_2090.jpeg 1080w, https:\/\/graziamagazine.com\/mx\/wp-content\/uploads\/sites\/13\/2026\/04\/IMG_2090-253x450.jpeg 253w, https:\/\/graziamagazine.com\/mx\/wp-content\/uploads\/sites\/13\/2026\/04\/IMG_2090-576x1024.jpeg 576w, https:\/\/graziamagazine.com\/mx\/wp-content\/uploads\/sites\/13\/2026\/04\/IMG_2090-768x1365.jpeg 768w, https:\/\/graziamagazine.com\/mx\/wp-content\/uploads\/sites\/13\/2026\/04\/IMG_2090-864x1536.jpeg 864w, https:\/\/graziamagazine.com\/mx\/wp-content\/uploads\/sites\/13\/2026\/04\/IMG_2090-400x711.jpeg 400w, https:\/\/graziamagazine.com\/mx\/wp-content\/uploads\/sites\/13\/2026\/04\/IMG_2090-121x215.jpeg 121w\" sizes=\"(max-width: 1080px) 100vw, 1080px\" \/><\/div><figcaption class=\"wp-caption-text gallery-caption\" id=\"gallery-3-170623\">Pinterest<\/figcaption><\/figure><\/div><\/div>\n<p class=\"p3\"><span class=\"s2\">El favorito, por excelencia, para llevar con botas largas, sin importar en qu\u00e9 temporada del a\u00f1o estemos. Las bermudas reflejan un estilo mucho m\u00e1s relajado y contempor\u00e1neo. Hay que tener cuidado con las proporciones al momento de estilizarlas, porque de la forma correcta puede ser muy favorecedor para la silueta, pero tambi\u00e9n puede jugar en contra.<\/span><\/p>\n<p class=\"p3\"><span class=\"s2\">Una regla de styling clave aqu\u00ed es dejar un espacio entre la rodilla y la bota para estilizar mejor la pierna, especialmente si eres peque\u00f1a. Aunque tambi\u00e9n hemos visto ese encuentro continuo entre la bota y las bermudas, es algo mucho m\u00e1s arriesgado seg\u00fan tu estatura. Siempre puedes elegir cualquiera de las dos, pero si quieres asegurar, yo me ir\u00eda por la primera opci\u00f3n.<\/span><\/p>\n<p class=\"p3\"><span class=\"s2\">Funciona perfecto cuando lo llevas con camisas con blazers, que es cuando m\u00e1s los hemos visto, o, algo seguro, con camisetas b\u00e1sicas. Es una combinaci\u00f3n que logra un punto medio entre lo relajado y lo estructurado.<\/span><\/p>\n<h2 class=\"p3\"><span class=\"s3\">Mini skirts<\/span><\/h2>\n<div class=\"content-gallery\"><div class=\"gallery-placeholder\"><div class=\"spinner\"><\/div><\/div><span class=\"gallery-pagination\"><\/span><div id=\"gallery-4\" class=\"gallery galleryid-170619 gallery-columns- gallery-size-\"><figure class=\"gallery-item\"><div class=\"gallery-icon landscape\"><img loading=\"lazy\" decoding=\"async\" width=\"1199\" height=\"1599\" src=\"https:\/\/graziamagazine.com\/mx\/wp-content\/uploads\/sites\/13\/2026\/04\/IMG_2101.jpeg\" class=\"lazy\" alt=\"C\u00f3mo stylear botas altas esta temporada\" srcset=\"https:\/\/graziamagazine.com\/mx\/wp-content\/uploads\/sites\/13\/2026\/04\/IMG_2101.jpeg 1199w, https:\/\/graziamagazine.com\/mx\/wp-content\/uploads\/sites\/13\/2026\/04\/IMG_2101-337x450.jpeg 337w, https:\/\/graziamagazine.com\/mx\/wp-content\/uploads\/sites\/13\/2026\/04\/IMG_2101-768x1024.jpeg 768w, https:\/\/graziamagazine.com\/mx\/wp-content\/uploads\/sites\/13\/2026\/04\/IMG_2101-1152x1536.jpeg 1152w, https:\/\/graziamagazine.com\/mx\/wp-content\/uploads\/sites\/13\/2026\/04\/IMG_2101-400x533.jpeg 400w, https:\/\/graziamagazine.com\/mx\/wp-content\/uploads\/sites\/13\/2026\/04\/IMG_2101-155x207.jpeg 155w\" sizes=\"(max-width: 1199px) 100vw, 1199px\" \/><\/div><figcaption class=\"wp-caption-text gallery-caption\" id=\"gallery-4-170633\">Pinterest<\/figcaption><\/figure><figure class=\"gallery-item\"><div class=\"gallery-icon landscape\"><img loading=\"lazy\" decoding=\"async\" width=\"1080\" height=\"1920\" src=\"https:\/\/graziamagazine.com\/mx\/wp-content\/uploads\/sites\/13\/2026\/04\/IMG_2108.jpeg\" class=\"lazy\" alt=\"\" srcset=\"https:\/\/graziamagazine.com\/mx\/wp-content\/uploads\/sites\/13\/2026\/04\/IMG_2108.jpeg 1080w, https:\/\/graziamagazine.com\/mx\/wp-content\/uploads\/sites\/13\/2026\/04\/IMG_2108-253x450.jpeg 253w, https:\/\/graziamagazine.com\/mx\/wp-content\/uploads\/sites\/13\/2026\/04\/IMG_2108-576x1024.jpeg 576w, https:\/\/graziamagazine.com\/mx\/wp-content\/uploads\/sites\/13\/2026\/04\/IMG_2108-768x1365.jpeg 768w, https:\/\/graziamagazine.com\/mx\/wp-content\/uploads\/sites\/13\/2026\/04\/IMG_2108-864x1536.jpeg 864w, https:\/\/graziamagazine.com\/mx\/wp-content\/uploads\/sites\/13\/2026\/04\/IMG_2108-400x711.jpeg 400w, https:\/\/graziamagazine.com\/mx\/wp-content\/uploads\/sites\/13\/2026\/04\/IMG_2108-121x215.jpeg 121w\" sizes=\"(max-width: 1080px) 100vw, 1080px\" \/><\/div><\/figure><figure class=\"gallery-item\"><div class=\"gallery-icon landscape\"><img loading=\"lazy\" decoding=\"async\" width=\"821\" height=\"1453\" src=\"https:\/\/graziamagazine.com\/mx\/wp-content\/uploads\/sites\/13\/2026\/04\/IMG_2109.jpeg\" class=\"lazy\" alt=\"\" srcset=\"https:\/\/graziamagazine.com\/mx\/wp-content\/uploads\/sites\/13\/2026\/04\/IMG_2109.jpeg 821w, https:\/\/graziamagazine.com\/mx\/wp-content\/uploads\/sites\/13\/2026\/04\/IMG_2109-254x450.jpeg 254w, https:\/\/graziamagazine.com\/mx\/wp-content\/uploads\/sites\/13\/2026\/04\/IMG_2109-579x1024.jpeg 579w, https:\/\/graziamagazine.com\/mx\/wp-content\/uploads\/sites\/13\/2026\/04\/IMG_2109-768x1359.jpeg 768w, https:\/\/graziamagazine.com\/mx\/wp-content\/uploads\/sites\/13\/2026\/04\/IMG_2109-400x708.jpeg 400w, https:\/\/graziamagazine.com\/mx\/wp-content\/uploads\/sites\/13\/2026\/04\/IMG_2109-121x215.jpeg 121w\" sizes=\"(max-width: 821px) 100vw, 821px\" \/><\/div><\/figure><\/div><\/div>\n<p class=\"p3\"><span class=\"s2\">Esta combinaci\u00f3n es algo parecida a la de los shorts y una de las m\u00e1s cl\u00e1sicas. Funciona de la misma forma, llevar algo corto como una mini falda junto con unas botas largas abajo alarga las piernas y, si quieres lograr eso, deja un espacio entre ellas siempre; es apostar por lo seguro.<\/span><\/p>\n<p class=\"p3\"><span class=\"s2\">\u00bfY qu\u00e9 tipo de mini skirts? Se llevan con absolutamente todo: desde unas con cortes y telas m\u00e1s estructuradas hasta otras con m\u00e1s fluidez y movimiento. Las denim skirts son de las favoritas de siempre. Tambi\u00e9n puedes combinarlas con prendas superiores m\u00e1s amplias para generar contraste y evitar que el look se vea demasiado ajustado.<\/span><\/p>\n<h2 class=\"p3\"><span class=\"s3\">Vestidos<\/span><\/h2>\n<div class=\"content-gallery\"><div class=\"gallery-placeholder\"><div class=\"spinner\"><\/div><\/div><span class=\"gallery-pagination\"><\/span><div id=\"gallery-5\" class=\"gallery galleryid-170619 gallery-columns- gallery-size-\"><figure class=\"gallery-item\"><div class=\"gallery-icon landscape\"><img loading=\"lazy\" decoding=\"async\" width=\"912\" height=\"1274\" src=\"https:\/\/graziamagazine.com\/mx\/wp-content\/uploads\/sites\/13\/2026\/04\/IMG_2112.jpeg\" class=\"lazy\" alt=\"C\u00f3mo stylear botas altas esta temporada\" srcset=\"https:\/\/graziamagazine.com\/mx\/wp-content\/uploads\/sites\/13\/2026\/04\/IMG_2112.jpeg 912w, https:\/\/graziamagazine.com\/mx\/wp-content\/uploads\/sites\/13\/2026\/04\/IMG_2112-322x450.jpeg 322w, https:\/\/graziamagazine.com\/mx\/wp-content\/uploads\/sites\/13\/2026\/04\/IMG_2112-733x1024.jpeg 733w, https:\/\/graziamagazine.com\/mx\/wp-content\/uploads\/sites\/13\/2026\/04\/IMG_2112-768x1073.jpeg 768w, https:\/\/graziamagazine.com\/mx\/wp-content\/uploads\/sites\/13\/2026\/04\/IMG_2112-400x559.jpeg 400w\" sizes=\"(max-width: 912px) 100vw, 912px\" \/><\/div><figcaption class=\"wp-caption-text gallery-caption\" id=\"gallery-5-170641\">Pinterest<\/figcaption><\/figure><figure class=\"gallery-item\"><div class=\"gallery-icon landscape\"><img loading=\"lazy\" decoding=\"async\" width=\"1080\" height=\"1920\" src=\"https:\/\/graziamagazine.com\/mx\/wp-content\/uploads\/sites\/13\/2026\/04\/IMG_2108.jpeg\" class=\"lazy\" alt=\"\" srcset=\"https:\/\/graziamagazine.com\/mx\/wp-content\/uploads\/sites\/13\/2026\/04\/IMG_2108.jpeg 1080w, https:\/\/graziamagazine.com\/mx\/wp-content\/uploads\/sites\/13\/2026\/04\/IMG_2108-253x450.jpeg 253w, https:\/\/graziamagazine.com\/mx\/wp-content\/uploads\/sites\/13\/2026\/04\/IMG_2108-576x1024.jpeg 576w, https:\/\/graziamagazine.com\/mx\/wp-content\/uploads\/sites\/13\/2026\/04\/IMG_2108-768x1365.jpeg 768w, https:\/\/graziamagazine.com\/mx\/wp-content\/uploads\/sites\/13\/2026\/04\/IMG_2108-864x1536.jpeg 864w, https:\/\/graziamagazine.com\/mx\/wp-content\/uploads\/sites\/13\/2026\/04\/IMG_2108-400x711.jpeg 400w, https:\/\/graziamagazine.com\/mx\/wp-content\/uploads\/sites\/13\/2026\/04\/IMG_2108-121x215.jpeg 121w\" sizes=\"(max-width: 1080px) 100vw, 1080px\" \/><\/div><\/figure><figure class=\"gallery-item\"><div class=\"gallery-icon landscape\"><img loading=\"lazy\" decoding=\"async\" width=\"1200\" height=\"1542\" src=\"https:\/\/graziamagazine.com\/mx\/wp-content\/uploads\/sites\/13\/2026\/04\/IMG_2113.jpeg\" class=\"lazy\" alt=\"\" srcset=\"https:\/\/graziamagazine.com\/mx\/wp-content\/uploads\/sites\/13\/2026\/04\/IMG_2113.jpeg 1200w, https:\/\/graziamagazine.com\/mx\/wp-content\/uploads\/sites\/13\/2026\/04\/IMG_2113-350x450.jpeg 350w, https:\/\/graziamagazine.com\/mx\/wp-content\/uploads\/sites\/13\/2026\/04\/IMG_2113-797x1024.jpeg 797w, https:\/\/graziamagazine.com\/mx\/wp-content\/uploads\/sites\/13\/2026\/04\/IMG_2113-768x987.jpeg 768w, https:\/\/graziamagazine.com\/mx\/wp-content\/uploads\/sites\/13\/2026\/04\/IMG_2113-1195x1536.jpeg 1195w, https:\/\/graziamagazine.com\/mx\/wp-content\/uploads\/sites\/13\/2026\/04\/IMG_2113-400x514.jpeg 400w, https:\/\/graziamagazine.com\/mx\/wp-content\/uploads\/sites\/13\/2026\/04\/IMG_2113-155x199.jpeg 155w\" sizes=\"(max-width: 1200px) 100vw, 1200px\" \/><\/div><\/figure><figure class=\"gallery-item\"><div class=\"gallery-icon landscape\"><\/div><\/figure><\/div><\/div>\n<p class=\"p3\"><span class=\"s2\">Esta <a href=\"https:\/\/graziamagazine.com\/mx\/articles\/primavera-verano-2026-tendencias-que-definen-estilo\/\">primavera-verano<\/a>, los vestidos ligeros son uno de los favoritos y de los m\u00e1s populares de la temporada, y llevarlos con botas puede ser la mejor forma de demostrar estilo. Aqu\u00ed el largo del vestido no importa tanto, sino simplemente la combinaci\u00f3n de un vestido con una bota larga ya tiene todo el potencial.<\/span><\/p>\n<p class=\"p3\"><span class=\"s2\">Puedes experimentar con vestidos mini, midi e incluso maxi. Jugar con capas y accesorios es la clave para lograr un buen look aqu\u00ed. Los vestidos con movimiento, transparencias o telas m\u00e1s suaves contrastan muy bien con la estructura de la bota, creando un equilibrio visual interesante y muy actual.<\/span><\/p>\n","protected":false},"author":42774,"featured_media":170625,"template":"","format":"standard","categories":[4],"acf":[],"yoast_head":"<!-- This site is optimized with the Yoast SEO Premium plugin v18.5 (Yoast SEO v20.4) - https:\/\/yoast.com\/wordpress\/plugins\/seo\/ -->\n<title>C\u00f3mo stylear botas altas esta temporada | Grazia M\u00e9xico y Latinoam\u00e9rica<\/title>\n<meta name=\"description\" content=\"Las botas altas no desaparecen esta primavera-verano 2026, sino todo lo contrario, te contamos c\u00f3mo las est\u00e1n llevando todas.\" \/>\n<meta name=\"robots\" content=\"index, follow, max-snippet:-1, max-image-preview:large, max-video-preview:-1\" \/>\n<link rel=\"canonical\" href=\"https:\/\/graziamagazine.com\/mx\/articles\/botas-altas-primavera-verano-2026\/\" \/>\n<meta property=\"og:locale\" content=\"es_MX\" \/>\n<meta property=\"og:type\" content=\"article\" \/>\n<meta property=\"og:title\" content=\"C\u00f3mo stylear botas altas esta temporada\" \/>\n<meta property=\"og:description\" content=\"Las botas altas no desaparecen esta primavera-verano 2026, sino todo lo contrario, te contamos c\u00f3mo las est\u00e1n llevando todas.\" \/>\n<meta property=\"og:url\" content=\"https:\/\/graziamagazine.com\/mx\/articles\/botas-altas-primavera-verano-2026\/\" \/>\n<meta property=\"og:site_name\" content=\"Grazia M\u00e9xico y Latinoam\u00e9rica\" \/>\n<meta property=\"article:modified_time\" content=\"2026-04-29T00:56:58+00:00\" \/>\n<meta property=\"og:image\" content=\"https:\/\/graziamagazine.com\/mx\/wp-content\/uploads\/sites\/13\/2026\/04\/IMG_2094.jpeg\" \/>\n\t<meta property=\"og:image:width\" content=\"708\" \/>\n\t<meta property=\"og:image:height\" content=\"1200\" \/>\n\t<meta property=\"og:image:type\" content=\"image\/jpeg\" \/>\n<meta name=\"twitter:card\" content=\"summary_large_image\" \/>\n<meta name=\"twitter:label1\" content=\"Est. reading time\" \/>\n\t<meta name=\"twitter:data1\" content=\"4 minutos\" \/>\n<script type=\"application\/ld+json\" class=\"yoast-schema-graph\">{\"@context\":\"https:\/\/schema.org\",\"@graph\":[{\"@type\":\"WebPage\",\"@id\":\"https:\/\/graziamagazine.com\/mx\/articles\/botas-altas-primavera-verano-2026\/\",\"url\":\"https:\/\/graziamagazine.com\/mx\/articles\/botas-altas-primavera-verano-2026\/\",\"name\":\"C\u00f3mo stylear botas altas esta temporada | Grazia M\u00e9xico y Latinoam\u00e9rica\",\"isPartOf\":{\"@id\":\"https:\/\/graziamagazine.com\/mx\/#website\"},\"datePublished\":\"2026-04-28T23:30:05+00:00\",\"dateModified\":\"2026-04-29T00:56:58+00:00\",\"description\":\"Las botas altas no desaparecen esta primavera-verano 2026, sino todo lo contrario, te contamos c\u00f3mo las est\u00e1n llevando todas.\",\"breadcrumb\":{\"@id\":\"https:\/\/graziamagazine.com\/mx\/articles\/botas-altas-primavera-verano-2026\/#breadcrumb\"},\"inLanguage\":\"es-MX\",\"potentialAction\":[{\"@type\":\"ReadAction\",\"target\":[\"https:\/\/graziamagazine.com\/mx\/articles\/botas-altas-primavera-verano-2026\/\"]}]},{\"@type\":\"BreadcrumbList\",\"@id\":\"https:\/\/graziamagazine.com\/mx\/articles\/botas-altas-primavera-verano-2026\/#breadcrumb\",\"itemListElement\":[{\"@type\":\"ListItem\",\"position\":1,\"name\":\"Home\",\"item\":\"https:\/\/graziamagazine.com\/mx\/\"},{\"@type\":\"ListItem\",\"position\":2,\"name\":\"C\u00f3mo stylear botas altas esta temporada\"}]},{\"@type\":\"WebSite\",\"@id\":\"https:\/\/graziamagazine.com\/mx\/#website\",\"url\":\"https:\/\/graziamagazine.com\/mx\/\",\"name\":\"Grazia M\u00e9xico y Latinoam\u00e9rica\",\"description\":\"Grazia es moda, belleza y noticias  de actualidad \",\"potentialAction\":[{\"@type\":\"SearchAction\",\"target\":{\"@type\":\"EntryPoint\",\"urlTemplate\":\"https:\/\/graziamagazine.com\/mx\/?s={search_term_string}\"},\"query-input\":\"required name=search_term_string\"}],\"inLanguage\":\"es-MX\"}]}<\/script>\n<!-- \/ Yoast SEO Premium plugin. -->","yoast_head_json":{"title":"C\u00f3mo stylear botas altas esta temporada | Grazia M\u00e9xico y Latinoam\u00e9rica","description":"Las botas altas no desaparecen esta primavera-verano 2026, sino todo lo contrario, te contamos c\u00f3mo las est\u00e1n llevando todas.","robots":{"index":"index","follow":"follow","max-snippet":"max-snippet:-1","max-image-preview":"max-image-preview:large","max-video-preview":"max-video-preview:-1"},"canonical":"https:\/\/graziamagazine.com\/mx\/articles\/botas-altas-primavera-verano-2026\/","og_locale":"es_MX","og_type":"article","og_title":"C\u00f3mo stylear botas altas esta temporada","og_description":"Las botas altas no desaparecen esta primavera-verano 2026, sino todo lo contrario, te contamos c\u00f3mo las est\u00e1n llevando todas.","og_url":"https:\/\/graziamagazine.com\/mx\/articles\/botas-altas-primavera-verano-2026\/","og_site_name":"Grazia M\u00e9xico y Latinoam\u00e9rica","article_modified_time":"2026-04-29T00:56:58+00:00","og_image":[{"width":708,"height":1200,"url":"https:\/\/graziamagazine.com\/mx\/wp-content\/uploads\/sites\/13\/2026\/04\/IMG_2094.jpeg","type":"image\/jpeg"}],"twitter_card":"summary_large_image","twitter_misc":{"Est. reading time":"4 minutos"},"schema":{"@context":"https:\/\/schema.org","@graph":[{"@type":"WebPage","@id":"https:\/\/graziamagazine.com\/mx\/articles\/botas-altas-primavera-verano-2026\/","url":"https:\/\/graziamagazine.com\/mx\/articles\/botas-altas-primavera-verano-2026\/","name":"C\u00f3mo stylear botas altas esta temporada | Grazia M\u00e9xico y Latinoam\u00e9rica","isPartOf":{"@id":"https:\/\/graziamagazine.com\/mx\/#website"},"datePublished":"2026-04-28T23:30:05+00:00","dateModified":"2026-04-29T00:56:58+00:00","description":"Las botas altas no desaparecen esta primavera-verano 2026, sino todo lo contrario, te contamos c\u00f3mo las est\u00e1n llevando todas.","breadcrumb":{"@id":"https:\/\/graziamagazine.com\/mx\/articles\/botas-altas-primavera-verano-2026\/#breadcrumb"},"inLanguage":"es-MX","potentialAction":[{"@type":"ReadAction","target":["https:\/\/graziamagazine.com\/mx\/articles\/botas-altas-primavera-verano-2026\/"]}]},{"@type":"BreadcrumbList","@id":"https:\/\/graziamagazine.com\/mx\/articles\/botas-altas-primavera-verano-2026\/#breadcrumb","itemListElement":[{"@type":"ListItem","position":1,"name":"Home","item":"https:\/\/graziamagazine.com\/mx\/"},{"@type":"ListItem","position":2,"name":"C\u00f3mo stylear botas altas esta temporada"}]},{"@type":"WebSite","@id":"https:\/\/graziamagazine.com\/mx\/#website","url":"https:\/\/graziamagazine.com\/mx\/","name":"Grazia M\u00e9xico y Latinoam\u00e9rica","description":"Grazia es moda, belleza y noticias  de actualidad ","potentialAction":[{"@type":"SearchAction","target":{"@type":"EntryPoint","urlTemplate":"https:\/\/graziamagazine.com\/mx\/?s={search_term_string}"},"query-input":"required name=search_term_string"}],"inLanguage":"es-MX"}]}},"jetpack_sharing_enabled":true,"distributor_meta":false,"distributor_terms":false,"distributor_media":false,"distributor_original_site_name":"Grazia M\u00e9xico y Latinoam\u00e9rica","distributor_original_site_url":"https:\/\/graziamagazine.com\/mx","push-errors":false,"_links":{"self":[{"href":"https:\/\/graziamagazine.com\/mx\/wp-json\/wp\/v2\/articles\/170619"}],"collection":[{"href":"https:\/\/graziamagazine.com\/mx\/wp-json\/wp\/v2\/articles"}],"about":[{"href":"https:\/\/graziamagazine.com\/mx\/wp-json\/wp\/v2\/types\/articles"}],"author":[{"embeddable":true,"href":"https:\/\/graziamagazine.com\/mx\/wp-json\/wp\/v2\/users\/42774"}],"wp:featuredmedia":[{"embeddable":true,"href":"https:\/\/graziamagazine.com\/mx\/wp-json\/wp\/v2\/media\/170625"}],"wp:attachment":[{"href":"https:\/\/graziamagazine.com\/mx\/wp-json\/wp\/v2\/media?parent=170619"}],"wp:term":[{"taxonomy":"category","embeddable":true,"href":"https:\/\/graziamagazine.com\/mx\/wp-json\/wp\/v2\/categories?post=170619"}],"curies":[{"name":"wp","href":"https:\/\/api.w.org\/{rel}","templated":true}]}}