{"id":170590,"date":"2026-04-28T17:30:47","date_gmt":"2026-04-28T22:30:47","guid":{"rendered":"https:\/\/graziamagazine.com\/mx\/?post_type=articles&#038;p=170590"},"modified":"2026-04-28T17:33:51","modified_gmt":"2026-04-28T22:33:51","slug":"anillos-de-compromiso-ovalado-caracteristicas-detalles-tendencia","status":"publish","type":"articles","link":"https:\/\/graziamagazine.com\/mx\/articles\/anillos-de-compromiso-ovalado-caracteristicas-detalles-tendencia\/","title":{"rendered":"\u00bfEs el anillo de compromiso ovalado la tendencia en 2026?"},"content":{"rendered":"<p><span style=\"font-weight: 400\">Zo\u00eb Kravitz y Harry Styles se van a casar tras ocho meses de relaci\u00f3n, y un brillante anillo ovalado ha sellado ese compromiso. Seg\u00fan se informa, la joya podr\u00eda tener entre 10 y 12 quilates, y un valor de hasta 800, 000 d\u00f3lares.<\/span><\/p>\n<p><span style=\"font-weight: 400\">Ese corte ovalado, adem\u00e1s, lo tienen en el dedo anular de la mano izquierda otras famosas de las que te contaremos m\u00e1s adelante.<\/span><\/p>\n<p><img loading=\"lazy\" decoding=\"async\" class=\"alignnone size-full wp-image-170591\" src=\"https:\/\/graziamagazine.com\/mx\/wp-content\/uploads\/sites\/13\/2026\/04\/98929.jpg\" alt=\"\" width=\"274\" height=\"419\" srcset=\"https:\/\/graziamagazine.com\/mx\/wp-content\/uploads\/sites\/13\/2026\/04\/98929.jpg 274w, https:\/\/graziamagazine.com\/mx\/wp-content\/uploads\/sites\/13\/2026\/04\/98929-141x215.jpg 141w\" sizes=\"(max-width: 274px) 100vw, 274px\" \/><\/p>\n<h2><strong>\u00bfC\u00f3mo es el anillo de compromiso ovalado?<\/strong><\/h2>\n<p><span style=\"font-weight: 400\">Como lo dice su nombre, se trata de un corte ovalado en la piedra preciosa que se porte, que tradicionalmente es un diamante, pero puede ser de cualquier otro tipo.<\/span><\/p>\n<p><span style=\"font-weight: 400\">En el caso de Zoe Kravitz, el anillo es de diamante de talla coj\u00edn alargada, de gran tama\u00f1o, y parece estar engastado en oro amarillo, lo que lo hace lucir elegante y discreto, a pesar de su enorme tama\u00f1o., seg\u00fan se pudo ver en la mano de la actriz mientras paseaba por Nueva York.\u00a0<\/span><\/p>\n<p><span style=\"font-weight: 400\">Tambi\u00e9n se cree que puede ser de la marca Loreal Diamonds, ya que Zoe suele lucir las piezas de dicha marca en la alfombra roja, e incluso model\u00f3 un anillo similar en una sesi\u00f3n de fotos en noviembre de 2025.<\/span><\/p>\n<p><span style=\"font-weight: 400\">Expertos se\u00f1alan que el corte ovalado es m\u00e1s rom\u00e1ntico que el tradicional corte de anillo de compromiso octagonal.<\/span><\/p>\n<p><img loading=\"lazy\" decoding=\"async\" class=\"alignnone size-medium wp-image-170592\" src=\"https:\/\/graziamagazine.com\/mx\/wp-content\/uploads\/sites\/13\/2026\/04\/primary-46afa6c386f447b6816837517db1383e-450x360.jpg\" alt=\"\" width=\"450\" height=\"360\" srcset=\"https:\/\/graziamagazine.com\/mx\/wp-content\/uploads\/sites\/13\/2026\/04\/primary-46afa6c386f447b6816837517db1383e-450x360.jpg 450w, https:\/\/graziamagazine.com\/mx\/wp-content\/uploads\/sites\/13\/2026\/04\/primary-46afa6c386f447b6816837517db1383e-1024x819.jpg 1024w, https:\/\/graziamagazine.com\/mx\/wp-content\/uploads\/sites\/13\/2026\/04\/primary-46afa6c386f447b6816837517db1383e-768x614.jpg 768w, https:\/\/graziamagazine.com\/mx\/wp-content\/uploads\/sites\/13\/2026\/04\/primary-46afa6c386f447b6816837517db1383e-400x320.jpg 400w, https:\/\/graziamagazine.com\/mx\/wp-content\/uploads\/sites\/13\/2026\/04\/primary-46afa6c386f447b6816837517db1383e-155x124.jpg 155w, https:\/\/graziamagazine.com\/mx\/wp-content\/uploads\/sites\/13\/2026\/04\/primary-46afa6c386f447b6816837517db1383e.jpg 1500w\" sizes=\"(max-width: 450px) 100vw, 450px\" \/><\/p>\n<h2><strong>\u00bfQu\u00e9 representa un anillo de compromiso ovalado?<\/strong><\/h2>\n<p><span style=\"font-weight: 400\">La casa joyera Michael Hill, explica en su sitio web que \u201ccon su forma infinita e ininterrumpida, un anillo de compromiso ovalado representa un amor y un compromiso que perduran en el tiempo\u201d.<\/span><\/p>\n<p><span style=\"font-weight: 400\">\u201cSu forma sim\u00e9trica tambi\u00e9n se considera un s\u00edmbolo de equilibrio y armon\u00eda en la relaci\u00f3n, donde una persona complementa las cualidades de la otra. Esto puede extenderse a valores de fortaleza y unidad, simbolizando el crecimiento de la pareja a lo largo del tiempo. Los anillos de compromiso ovalados tambi\u00e9n representan una elegancia discreta, atractiva para quienes aprecian la artesan\u00eda atemporal\u201d, agrega.<\/span><\/p>\n<p><span style=\"font-weight: 400\">\u201cLos diferentes estilos de anillos ovalados tienen sus propios significados, como el anillo de compromiso ovalado con halo, que se cree que representa una conexi\u00f3n m\u00e1s profunda y un amor radiante. Los anillos ovalados en metales preciosos c\u00e1lidos como el oro rosa y el oro amarillo reflejan las connotaciones rom\u00e1nticas del corte, mientras que el oro blanco comparte sus valores de compromiso y devoci\u00f3n eternos\u201d, contin\u00faa.<\/span><\/p>\n<p><img loading=\"lazy\" decoding=\"async\" class=\"alignnone size-full wp-image-170593\" src=\"https:\/\/graziamagazine.com\/mx\/wp-content\/uploads\/sites\/13\/2026\/04\/69599.jpg\" alt=\"\" width=\"417\" height=\"422\" srcset=\"https:\/\/graziamagazine.com\/mx\/wp-content\/uploads\/sites\/13\/2026\/04\/69599.jpg 417w, https:\/\/graziamagazine.com\/mx\/wp-content\/uploads\/sites\/13\/2026\/04\/69599-400x405.jpg 400w, https:\/\/graziamagazine.com\/mx\/wp-content\/uploads\/sites\/13\/2026\/04\/69599-155x157.jpg 155w\" sizes=\"(max-width: 417px) 100vw, 417px\" \/><\/p>\n<h2><strong>\u00bfQui\u00e9n m\u00e1s posee un anillo de compromiso ovalado?<\/strong><\/h2>\n<p><span style=\"font-weight: 400\">Otra futura <em>bride-to-be<\/em>, que ya tiene fecha para su boda en el verano de 2026, tambi\u00e9n usa un anillo de compromiso similar. Hablamos de Taylor Swift.<\/span><\/p>\n<p><span style=\"font-weight: 400\">La prometida de Travis Kelce posee un diamante antiguo, ovalado y de talla coj\u00edn, que pesa aproximadamente 10 quilates y tiene un valor aproximado de un mill\u00f3n de d\u00f3lares.<\/span><\/p>\n<p><span style=\"font-weight: 400\">En el caso de este anillo, la banda de oro amarillo tiene detalles que parecen tallados a mano hasta el tono c\u00e1lido de la piedra, por lo que el diamante hace referencia a la artesan\u00eda del tallado a mano de los anillos de hace m\u00e1s de un siglo.<\/span><\/p>\n<p><span style=\"font-weight: 400\">Al parecer, esta joya fue dise\u00f1ada por Kelce con la ayuda de Kindred Lubeck, dise\u00f1adora de Artifex.<\/span><\/p>\n<p><span style=\"font-weight: 400\">Y adem\u00e1s del corte ovalado, el anillo de Swift es un indicio del creciente inter\u00e9s por los diamantes antiguos y las piedras talladas a mano. Otras celebridades que tambi\u00e9n se comprometieron el a\u00f1o pasado lucen anillos de corte ovalado de estilo antiguo. Un ejemplo es Zendaya, quien luci\u00f3 su anillo de compromiso ovalado de estilo georgiano de Jessica McCormack en los Globos de Oro.<\/span><\/p>\n","protected":false},"author":11628,"featured_media":170594,"template":"","format":"standard","categories":[2,17161],"acf":[],"yoast_head":"<!-- This site is optimized with the Yoast SEO Premium plugin v18.5 (Yoast SEO v20.4) - https:\/\/yoast.com\/wordpress\/plugins\/seo\/ -->\n<title>\u00bfEs el anillo de compromiso ovalado la tendencia en 2026?<\/title>\n<meta name=\"description\" content=\"Zo\u00eb Kravitz y Harry Styles se van a casar tras ocho meses de relaci\u00f3n, y un brillante anillo ovalado ha sellado ese compromiso. Seg\u00fan se informa, la joya\" \/>\n<meta name=\"robots\" content=\"index, follow, max-snippet:-1, max-image-preview:large, max-video-preview:-1\" \/>\n<link rel=\"canonical\" href=\"https:\/\/graziamagazine.com\/mx\/articles\/anillos-de-compromiso-ovalado-caracteristicas-detalles-tendencia\/\" \/>\n<meta property=\"og:locale\" content=\"es_MX\" \/>\n<meta property=\"og:type\" content=\"article\" \/>\n<meta property=\"og:title\" content=\"\u00bfEs el anillo de compromiso ovalado la tendencia en 2026?\" \/>\n<meta property=\"og:description\" content=\"Zo\u00eb Kravitz y Harry Styles se van a casar tras ocho meses de relaci\u00f3n, y un brillante anillo ovalado ha sellado ese compromiso. Seg\u00fan se informa, la joya\" \/>\n<meta property=\"og:url\" content=\"https:\/\/graziamagazine.com\/mx\/articles\/anillos-de-compromiso-ovalado-caracteristicas-detalles-tendencia\/\" \/>\n<meta property=\"og:site_name\" content=\"Grazia M\u00e9xico y Latinoam\u00e9rica\" \/>\n<meta property=\"article:modified_time\" content=\"2026-04-28T22:33:51+00:00\" \/>\n<meta property=\"og:image\" content=\"https:\/\/graziamagazine.com\/mx\/wp-content\/uploads\/sites\/13\/2026\/04\/516196-1.jpg\" \/>\n\t<meta property=\"og:image:width\" content=\"802\" \/>\n\t<meta property=\"og:image:height\" content=\"443\" \/>\n\t<meta property=\"og:image:type\" content=\"image\/jpeg\" \/>\n<meta name=\"twitter:card\" content=\"summary_large_image\" \/>\n<meta name=\"twitter:label1\" content=\"Est. reading time\" \/>\n\t<meta name=\"twitter:data1\" content=\"4 minutos\" \/>\n<script type=\"application\/ld+json\" class=\"yoast-schema-graph\">{\"@context\":\"https:\/\/schema.org\",\"@graph\":[{\"@type\":\"WebPage\",\"@id\":\"https:\/\/graziamagazine.com\/mx\/articles\/anillos-de-compromiso-ovalado-caracteristicas-detalles-tendencia\/\",\"url\":\"https:\/\/graziamagazine.com\/mx\/articles\/anillos-de-compromiso-ovalado-caracteristicas-detalles-tendencia\/\",\"name\":\"\u00bfEs el anillo de compromiso ovalado la tendencia en 2026?\",\"isPartOf\":{\"@id\":\"https:\/\/graziamagazine.com\/mx\/#website\"},\"datePublished\":\"2026-04-28T22:30:47+00:00\",\"dateModified\":\"2026-04-28T22:33:51+00:00\",\"description\":\"Zo\u00eb Kravitz y Harry Styles se van a casar tras ocho meses de relaci\u00f3n, y un brillante anillo ovalado ha sellado ese compromiso. Seg\u00fan se informa, la joya\",\"breadcrumb\":{\"@id\":\"https:\/\/graziamagazine.com\/mx\/articles\/anillos-de-compromiso-ovalado-caracteristicas-detalles-tendencia\/#breadcrumb\"},\"inLanguage\":\"es-MX\",\"potentialAction\":[{\"@type\":\"ReadAction\",\"target\":[\"https:\/\/graziamagazine.com\/mx\/articles\/anillos-de-compromiso-ovalado-caracteristicas-detalles-tendencia\/\"]}]},{\"@type\":\"BreadcrumbList\",\"@id\":\"https:\/\/graziamagazine.com\/mx\/articles\/anillos-de-compromiso-ovalado-caracteristicas-detalles-tendencia\/#breadcrumb\",\"itemListElement\":[{\"@type\":\"ListItem\",\"position\":1,\"name\":\"Home\",\"item\":\"https:\/\/graziamagazine.com\/mx\/\"},{\"@type\":\"ListItem\",\"position\":2,\"name\":\"\u00bfEs el anillo de compromiso ovalado la tendencia en 2026?\"}]},{\"@type\":\"WebSite\",\"@id\":\"https:\/\/graziamagazine.com\/mx\/#website\",\"url\":\"https:\/\/graziamagazine.com\/mx\/\",\"name\":\"Grazia M\u00e9xico y Latinoam\u00e9rica\",\"description\":\"Grazia es moda, belleza y noticias  de actualidad \",\"potentialAction\":[{\"@type\":\"SearchAction\",\"target\":{\"@type\":\"EntryPoint\",\"urlTemplate\":\"https:\/\/graziamagazine.com\/mx\/?s={search_term_string}\"},\"query-input\":\"required name=search_term_string\"}],\"inLanguage\":\"es-MX\"}]}<\/script>\n<!-- \/ Yoast SEO Premium plugin. -->","yoast_head_json":{"title":"\u00bfEs el anillo de compromiso ovalado la tendencia en 2026?","description":"Zo\u00eb Kravitz y Harry Styles se van a casar tras ocho meses de relaci\u00f3n, y un brillante anillo ovalado ha sellado ese compromiso. Seg\u00fan se informa, la joya","robots":{"index":"index","follow":"follow","max-snippet":"max-snippet:-1","max-image-preview":"max-image-preview:large","max-video-preview":"max-video-preview:-1"},"canonical":"https:\/\/graziamagazine.com\/mx\/articles\/anillos-de-compromiso-ovalado-caracteristicas-detalles-tendencia\/","og_locale":"es_MX","og_type":"article","og_title":"\u00bfEs el anillo de compromiso ovalado la tendencia en 2026?","og_description":"Zo\u00eb Kravitz y Harry Styles se van a casar tras ocho meses de relaci\u00f3n, y un brillante anillo ovalado ha sellado ese compromiso. Seg\u00fan se informa, la joya","og_url":"https:\/\/graziamagazine.com\/mx\/articles\/anillos-de-compromiso-ovalado-caracteristicas-detalles-tendencia\/","og_site_name":"Grazia M\u00e9xico y Latinoam\u00e9rica","article_modified_time":"2026-04-28T22:33:51+00:00","og_image":[{"width":802,"height":443,"url":"https:\/\/graziamagazine.com\/mx\/wp-content\/uploads\/sites\/13\/2026\/04\/516196-1.jpg","type":"image\/jpeg"}],"twitter_card":"summary_large_image","twitter_misc":{"Est. reading time":"4 minutos"},"schema":{"@context":"https:\/\/schema.org","@graph":[{"@type":"WebPage","@id":"https:\/\/graziamagazine.com\/mx\/articles\/anillos-de-compromiso-ovalado-caracteristicas-detalles-tendencia\/","url":"https:\/\/graziamagazine.com\/mx\/articles\/anillos-de-compromiso-ovalado-caracteristicas-detalles-tendencia\/","name":"\u00bfEs el anillo de compromiso ovalado la tendencia en 2026?","isPartOf":{"@id":"https:\/\/graziamagazine.com\/mx\/#website"},"datePublished":"2026-04-28T22:30:47+00:00","dateModified":"2026-04-28T22:33:51+00:00","description":"Zo\u00eb Kravitz y Harry Styles se van a casar tras ocho meses de relaci\u00f3n, y un brillante anillo ovalado ha sellado ese compromiso. Seg\u00fan se informa, la joya","breadcrumb":{"@id":"https:\/\/graziamagazine.com\/mx\/articles\/anillos-de-compromiso-ovalado-caracteristicas-detalles-tendencia\/#breadcrumb"},"inLanguage":"es-MX","potentialAction":[{"@type":"ReadAction","target":["https:\/\/graziamagazine.com\/mx\/articles\/anillos-de-compromiso-ovalado-caracteristicas-detalles-tendencia\/"]}]},{"@type":"BreadcrumbList","@id":"https:\/\/graziamagazine.com\/mx\/articles\/anillos-de-compromiso-ovalado-caracteristicas-detalles-tendencia\/#breadcrumb","itemListElement":[{"@type":"ListItem","position":1,"name":"Home","item":"https:\/\/graziamagazine.com\/mx\/"},{"@type":"ListItem","position":2,"name":"\u00bfEs el anillo de compromiso ovalado la tendencia en 2026?"}]},{"@type":"WebSite","@id":"https:\/\/graziamagazine.com\/mx\/#website","url":"https:\/\/graziamagazine.com\/mx\/","name":"Grazia M\u00e9xico y Latinoam\u00e9rica","description":"Grazia es moda, belleza y noticias  de actualidad ","potentialAction":[{"@type":"SearchAction","target":{"@type":"EntryPoint","urlTemplate":"https:\/\/graziamagazine.com\/mx\/?s={search_term_string}"},"query-input":"required name=search_term_string"}],"inLanguage":"es-MX"}]}},"jetpack_sharing_enabled":true,"distributor_meta":false,"distributor_terms":false,"distributor_media":false,"distributor_original_site_name":"Grazia M\u00e9xico y Latinoam\u00e9rica","distributor_original_site_url":"https:\/\/graziamagazine.com\/mx","push-errors":false,"_links":{"self":[{"href":"https:\/\/graziamagazine.com\/mx\/wp-json\/wp\/v2\/articles\/170590"}],"collection":[{"href":"https:\/\/graziamagazine.com\/mx\/wp-json\/wp\/v2\/articles"}],"about":[{"href":"https:\/\/graziamagazine.com\/mx\/wp-json\/wp\/v2\/types\/articles"}],"author":[{"embeddable":true,"href":"https:\/\/graziamagazine.com\/mx\/wp-json\/wp\/v2\/users\/11628"}],"wp:featuredmedia":[{"embeddable":true,"href":"https:\/\/graziamagazine.com\/mx\/wp-json\/wp\/v2\/media\/170594"}],"wp:attachment":[{"href":"https:\/\/graziamagazine.com\/mx\/wp-json\/wp\/v2\/media?parent=170590"}],"wp:term":[{"taxonomy":"category","embeddable":true,"href":"https:\/\/graziamagazine.com\/mx\/wp-json\/wp\/v2\/categories?post=170590"}],"curies":[{"name":"wp","href":"https:\/\/api.w.org\/{rel}","templated":true}]}}