{"id":170579,"date":"2026-04-28T13:20:50","date_gmt":"2026-04-28T18:20:50","guid":{"rendered":"https:\/\/graziamagazine.com\/mx\/?post_type=articles&#038;p=170579"},"modified":"2026-04-28T13:23:37","modified_gmt":"2026-04-28T18:23:37","slug":"ariana-grande-anuncia-petal-su-nuevo-album","status":"publish","type":"articles","link":"https:\/\/graziamagazine.com\/mx\/articles\/ariana-grande-anuncia-petal-su-nuevo-album\/","title":{"rendered":"Ariana Grande anuncia &#8216;Petal&#8217;, su nuevo \u00e1lbum"},"content":{"rendered":"<p><span style=\"font-weight: 400\">\u00a1Ariana Grande est\u00e1 de vuelta! La cantante anunci\u00f3 su octavo \u00e1lbum de estudio, Petal, este martes 28 de abril y comparti\u00f3 tanto la portada como la fecha de lanzamiento, antes de su pr\u00f3xima gira &#8220;Eternal Sunshine Tour&#8221;, que comienza en junio.<\/span><\/p>\n<p><span style=\"font-weight: 400\">Con fecha de lanzamiento el 31 de julio a trav\u00e9s de Republic Records, Petal viene acompa\u00f1ado de una portada en blanco y negro en primer plano donde la ganadora del Grammy aparece sonriendo con el cabello cubriendo parte de su rostro.<\/span><\/p>\n        <blockquote class=\"instagram-media \" style=\"background: #ffffff;border: 0;margin: 1px;width: 100%;padding: 0;\"  data-instgrm-permalink=\"https:\/\/www.instagram.com\/p\/DXrfO_NgngI\/\" data-instgrm-version=\"14\"><\/blockquote>\n<p><span style=\"font-weight: 400\">Ariana explic\u00f3 el t\u00edtulo del \u00e1lbum en un comunicado, se\u00f1alando que Petal representa &#8220;algo lleno de vida que crece a trav\u00e9s de las grietas de algo fr\u00edo, duro y desafiante&#8221;.<\/span><\/p>\n<p><span style=\"font-weight: 400\">Ya sospech\u00e1bamos que se aproximaba un nuevo \u00e1lbum, luego de que Ariana causara revuelo entre sus fans el 8 de abril, cuando comparti\u00f3 en Instagram varias fotos en las que se le ve\u00eda trabajando intensamente en el estudio.<\/span><\/p>\n<p><span style=\"font-weight: 400\">El carrusel mostraba a la tambi\u00e9n actriz en diversas poses, incluyendo frente a una consola de mezclas, con un micr\u00f3fono y revisando archivos de audio en una computadora. En la \u00faltima imagen, aparec\u00eda sentada en una silla con los brazos en alto en una pose triunfal. La cantante tambi\u00e9n incluy\u00f3 una imagen con flores, lo que llev\u00f3 a algunos fans a especular si las flores estaban relacionadas de alguna manera con el nuevo \u00e1lbum\u2026 y no se equivocaron.<\/span><\/p>\n<p><span style=\"font-weight: 400\">Petal sucede a su s\u00e9ptimo \u00e1lbum, Eternal Sunshine, que sali\u00f3 en marzo de 2024, y seg\u00fan su p\u00e1gina de cuenta regresiva en Spotify, el \u00e1lbum incluir\u00e1 12 canciones. Eternal Sunshine alcanz\u00f3 el n\u00famero uno en la lista Billboard 200 y gener\u00f3 los \u00e9xitos n\u00famero uno de la lista Billboard Hot 100 <\/span><i><span style=\"font-weight: 400\">Yes, And? <\/span><\/i><span style=\"font-weight: 400\">y <\/span><i><span style=\"font-weight: 400\">We Can&#8217;t Be Friends (Wait for Your Love).<\/span><\/i><span style=\"font-weight: 400\">\u00a0<\/span><\/p>\n        <blockquote class=\"instagram-media \" style=\"background: #ffffff;border: 0;margin: 1px;width: 100%;padding: 0;\"  data-instgrm-permalink=\"https:\/\/www.instagram.com\/p\/DW3_r_NlBl2\/\" data-instgrm-version=\"14\"><\/blockquote>\n<p><span style=\"font-weight: 400\">Aunque la actriz hab\u00eda dicho anteriormente que no era probable que lanzara m\u00fasica nueva pronto, ya que quer\u00eda centrarse en su carrera como actriz, hace unas semanas empez\u00f3 a insinuar que hab\u00eda cambiado de opini\u00f3n. A principios de abril, confirm\u00f3 que hab\u00eda regresado al estudio despu\u00e9s de dejar una pista importante en el mensaje saliente de su l\u00ednea directa Brighter Days que dec\u00eda: &#8220;Estamos contando los 8&#8230; \u00a1ups! Quiero decir, los d\u00edas [hasta la gira]&#8221;.<\/span><\/p>\n<p><span style=\"font-weight: 400\">Ariana tambi\u00e9n comparti\u00f3 que comenzar\u00e1 su gira de presentaci\u00f3n del \u00e1lbum el 6 de junio, su primera gira desde el Sweetener World Tour en 2019. La gira se extender\u00e1 hasta el 1 de septiembre y finalizar\u00e1 con una serie de 10 conciertos en Londres.<\/span><\/p>\n","protected":false},"author":11628,"featured_media":170580,"template":"","format":"standard","categories":[12483],"acf":[],"yoast_head":"<!-- This site is optimized with the Yoast SEO Premium plugin v18.5 (Yoast SEO v20.4) - https:\/\/yoast.com\/wordpress\/plugins\/seo\/ -->\n<title>Ariana Grande anuncia &#039;Petal&#039;, su nuevo \u00e1lbum<\/title>\n<meta name=\"description\" content=\"\u00a1Ariana Grande est\u00e1 de vuelta! La cantante anunci\u00f3 su octavo \u00e1lbum de estudio, Petal, este martes 28 de abril y comparti\u00f3 tanto la portada como la fecha\" \/>\n<meta name=\"robots\" content=\"index, follow, max-snippet:-1, max-image-preview:large, max-video-preview:-1\" \/>\n<link rel=\"canonical\" href=\"https:\/\/graziamagazine.com\/mx\/articles\/ariana-grande-anuncia-petal-su-nuevo-album\/\" \/>\n<meta property=\"og:locale\" content=\"es_MX\" \/>\n<meta property=\"og:type\" content=\"article\" \/>\n<meta property=\"og:title\" content=\"Ariana Grande anuncia &#039;Petal&#039;, su nuevo \u00e1lbum\" \/>\n<meta property=\"og:description\" content=\"\u00a1Ariana Grande est\u00e1 de vuelta! La cantante anunci\u00f3 su octavo \u00e1lbum de estudio, Petal, este martes 28 de abril y comparti\u00f3 tanto la portada como la fecha\" \/>\n<meta property=\"og:url\" content=\"https:\/\/graziamagazine.com\/mx\/articles\/ariana-grande-anuncia-petal-su-nuevo-album\/\" \/>\n<meta property=\"og:site_name\" content=\"Grazia M\u00e9xico y Latinoam\u00e9rica\" \/>\n<meta property=\"article:modified_time\" content=\"2026-04-28T18:23:37+00:00\" \/>\n<meta property=\"og:image\" content=\"https:\/\/graziamagazine.com\/mx\/wp-content\/uploads\/sites\/13\/2026\/04\/62626.jpg\" \/>\n\t<meta property=\"og:image:width\" content=\"639\" \/>\n\t<meta property=\"og:image:height\" content=\"426\" \/>\n\t<meta property=\"og:image:type\" content=\"image\/jpeg\" \/>\n<meta name=\"twitter:card\" content=\"summary_large_image\" \/>\n<meta name=\"twitter:label1\" content=\"Est. reading time\" \/>\n\t<meta name=\"twitter:data1\" content=\"2 minutos\" \/>\n<script type=\"application\/ld+json\" class=\"yoast-schema-graph\">{\"@context\":\"https:\/\/schema.org\",\"@graph\":[{\"@type\":\"WebPage\",\"@id\":\"https:\/\/graziamagazine.com\/mx\/articles\/ariana-grande-anuncia-petal-su-nuevo-album\/\",\"url\":\"https:\/\/graziamagazine.com\/mx\/articles\/ariana-grande-anuncia-petal-su-nuevo-album\/\",\"name\":\"Ariana Grande anuncia 'Petal', su nuevo \u00e1lbum\",\"isPartOf\":{\"@id\":\"https:\/\/graziamagazine.com\/mx\/#website\"},\"datePublished\":\"2026-04-28T18:20:50+00:00\",\"dateModified\":\"2026-04-28T18:23:37+00:00\",\"description\":\"\u00a1Ariana Grande est\u00e1 de vuelta! La cantante anunci\u00f3 su octavo \u00e1lbum de estudio, Petal, este martes 28 de abril y comparti\u00f3 tanto la portada como la fecha\",\"breadcrumb\":{\"@id\":\"https:\/\/graziamagazine.com\/mx\/articles\/ariana-grande-anuncia-petal-su-nuevo-album\/#breadcrumb\"},\"inLanguage\":\"es-MX\",\"potentialAction\":[{\"@type\":\"ReadAction\",\"target\":[\"https:\/\/graziamagazine.com\/mx\/articles\/ariana-grande-anuncia-petal-su-nuevo-album\/\"]}]},{\"@type\":\"BreadcrumbList\",\"@id\":\"https:\/\/graziamagazine.com\/mx\/articles\/ariana-grande-anuncia-petal-su-nuevo-album\/#breadcrumb\",\"itemListElement\":[{\"@type\":\"ListItem\",\"position\":1,\"name\":\"Home\",\"item\":\"https:\/\/graziamagazine.com\/mx\/\"},{\"@type\":\"ListItem\",\"position\":2,\"name\":\"Ariana Grande anuncia &#8216;Petal&#8217;, su nuevo \u00e1lbum\"}]},{\"@type\":\"WebSite\",\"@id\":\"https:\/\/graziamagazine.com\/mx\/#website\",\"url\":\"https:\/\/graziamagazine.com\/mx\/\",\"name\":\"Grazia M\u00e9xico y Latinoam\u00e9rica\",\"description\":\"Grazia es moda, belleza y noticias  de actualidad \",\"potentialAction\":[{\"@type\":\"SearchAction\",\"target\":{\"@type\":\"EntryPoint\",\"urlTemplate\":\"https:\/\/graziamagazine.com\/mx\/?s={search_term_string}\"},\"query-input\":\"required name=search_term_string\"}],\"inLanguage\":\"es-MX\"}]}<\/script>\n<!-- \/ Yoast SEO Premium plugin. -->","yoast_head_json":{"title":"Ariana Grande anuncia 'Petal', su nuevo \u00e1lbum","description":"\u00a1Ariana Grande est\u00e1 de vuelta! La cantante anunci\u00f3 su octavo \u00e1lbum de estudio, Petal, este martes 28 de abril y comparti\u00f3 tanto la portada como la fecha","robots":{"index":"index","follow":"follow","max-snippet":"max-snippet:-1","max-image-preview":"max-image-preview:large","max-video-preview":"max-video-preview:-1"},"canonical":"https:\/\/graziamagazine.com\/mx\/articles\/ariana-grande-anuncia-petal-su-nuevo-album\/","og_locale":"es_MX","og_type":"article","og_title":"Ariana Grande anuncia 'Petal', su nuevo \u00e1lbum","og_description":"\u00a1Ariana Grande est\u00e1 de vuelta! La cantante anunci\u00f3 su octavo \u00e1lbum de estudio, Petal, este martes 28 de abril y comparti\u00f3 tanto la portada como la fecha","og_url":"https:\/\/graziamagazine.com\/mx\/articles\/ariana-grande-anuncia-petal-su-nuevo-album\/","og_site_name":"Grazia M\u00e9xico y Latinoam\u00e9rica","article_modified_time":"2026-04-28T18:23:37+00:00","og_image":[{"width":639,"height":426,"url":"https:\/\/graziamagazine.com\/mx\/wp-content\/uploads\/sites\/13\/2026\/04\/62626.jpg","type":"image\/jpeg"}],"twitter_card":"summary_large_image","twitter_misc":{"Est. reading time":"2 minutos"},"schema":{"@context":"https:\/\/schema.org","@graph":[{"@type":"WebPage","@id":"https:\/\/graziamagazine.com\/mx\/articles\/ariana-grande-anuncia-petal-su-nuevo-album\/","url":"https:\/\/graziamagazine.com\/mx\/articles\/ariana-grande-anuncia-petal-su-nuevo-album\/","name":"Ariana Grande anuncia 'Petal', su nuevo \u00e1lbum","isPartOf":{"@id":"https:\/\/graziamagazine.com\/mx\/#website"},"datePublished":"2026-04-28T18:20:50+00:00","dateModified":"2026-04-28T18:23:37+00:00","description":"\u00a1Ariana Grande est\u00e1 de vuelta! La cantante anunci\u00f3 su octavo \u00e1lbum de estudio, Petal, este martes 28 de abril y comparti\u00f3 tanto la portada como la fecha","breadcrumb":{"@id":"https:\/\/graziamagazine.com\/mx\/articles\/ariana-grande-anuncia-petal-su-nuevo-album\/#breadcrumb"},"inLanguage":"es-MX","potentialAction":[{"@type":"ReadAction","target":["https:\/\/graziamagazine.com\/mx\/articles\/ariana-grande-anuncia-petal-su-nuevo-album\/"]}]},{"@type":"BreadcrumbList","@id":"https:\/\/graziamagazine.com\/mx\/articles\/ariana-grande-anuncia-petal-su-nuevo-album\/#breadcrumb","itemListElement":[{"@type":"ListItem","position":1,"name":"Home","item":"https:\/\/graziamagazine.com\/mx\/"},{"@type":"ListItem","position":2,"name":"Ariana Grande anuncia &#8216;Petal&#8217;, su nuevo \u00e1lbum"}]},{"@type":"WebSite","@id":"https:\/\/graziamagazine.com\/mx\/#website","url":"https:\/\/graziamagazine.com\/mx\/","name":"Grazia M\u00e9xico y Latinoam\u00e9rica","description":"Grazia es moda, belleza y noticias  de actualidad ","potentialAction":[{"@type":"SearchAction","target":{"@type":"EntryPoint","urlTemplate":"https:\/\/graziamagazine.com\/mx\/?s={search_term_string}"},"query-input":"required name=search_term_string"}],"inLanguage":"es-MX"}]}},"jetpack_sharing_enabled":true,"distributor_meta":false,"distributor_terms":false,"distributor_media":false,"distributor_original_site_name":"Grazia M\u00e9xico y Latinoam\u00e9rica","distributor_original_site_url":"https:\/\/graziamagazine.com\/mx","push-errors":false,"_links":{"self":[{"href":"https:\/\/graziamagazine.com\/mx\/wp-json\/wp\/v2\/articles\/170579"}],"collection":[{"href":"https:\/\/graziamagazine.com\/mx\/wp-json\/wp\/v2\/articles"}],"about":[{"href":"https:\/\/graziamagazine.com\/mx\/wp-json\/wp\/v2\/types\/articles"}],"author":[{"embeddable":true,"href":"https:\/\/graziamagazine.com\/mx\/wp-json\/wp\/v2\/users\/11628"}],"wp:featuredmedia":[{"embeddable":true,"href":"https:\/\/graziamagazine.com\/mx\/wp-json\/wp\/v2\/media\/170580"}],"wp:attachment":[{"href":"https:\/\/graziamagazine.com\/mx\/wp-json\/wp\/v2\/media?parent=170579"}],"wp:term":[{"taxonomy":"category","embeddable":true,"href":"https:\/\/graziamagazine.com\/mx\/wp-json\/wp\/v2\/categories?post=170579"}],"curies":[{"name":"wp","href":"https:\/\/api.w.org\/{rel}","templated":true}]}}