{"id":170568,"date":"2026-04-28T11:37:16","date_gmt":"2026-04-28T16:37:16","guid":{"rendered":"https:\/\/graziamagazine.com\/mx\/?post_type=articles&#038;p=170568"},"modified":"2026-04-28T11:51:28","modified_gmt":"2026-04-28T16:51:28","slug":"zapatos-de-malla-primavera-2026","status":"publish","type":"articles","link":"https:\/\/graziamagazine.com\/mx\/articles\/zapatos-de-malla-primavera-2026\/","title":{"rendered":"Zapatos de malla, tendencia ligera primavera verano 2026"},"content":{"rendered":"<p data-start=\"326\" data-end=\"722\">La temporada primavera verano 2026 redefine el concepto de ligereza a trav\u00e9s del calzado. En este nuevo escenario, los zapatos de malla emergen como una de las propuestas m\u00e1s relevantes, fusionando innovaci\u00f3n material con una est\u00e9tica delicada que deja entrever el pie con sutileza. No se trata \u00fanicamente de una tendencia, sino de una evoluci\u00f3n en la forma de entender el dise\u00f1o contempor\u00e1neo.<\/p>\n<p data-start=\"724\" data-end=\"1159\">Sobre las pasarelas, esta propuesta se consolid\u00f3 como una respuesta natural a la necesidad de prendas m\u00e1s funcionales y adaptables. En un contexto donde la comodidad ya no est\u00e1 re\u00f1ida con la elegancia, los materiales transpirables y las estructuras flexibles adquieren protagonismo. La malla, con su transparencia controlada, introduce una nueva relaci\u00f3n entre piel y accesorio, donde lo visible y lo sugerido conviven en equilibrio.<\/p>\n<p data-start=\"1161\" data-end=\"1512\">El auge de este tipo de calzado tambi\u00e9n responde a una transformaci\u00f3n est\u00e9tica m\u00e1s amplia. La moda se inclina hacia lo esencial, hacia piezas que dialogan con el cuerpo en lugar de imponerse sobre \u00e9l. En este sentido, los zapatos de malla ofrecen una experiencia casi imperceptible, como una segunda piel que acompa\u00f1a el movimiento sin restringirlo.<\/p>\n<h3 data-section-id=\"1aiwmt9\" data-start=\"1514\" data-end=\"1553\">Bailarinas et\u00e9reas y minimalistas<img loading=\"lazy\" decoding=\"async\" class=\"alignnone wp-image-170572\" src=\"https:\/\/graziamagazine.com\/mx\/wp-content\/uploads\/sites\/13\/2026\/04\/be66e431163f7abf8bec8b67a9fe354f-820x1024.jpg\" alt=\"\" width=\"600\" height=\"749\" srcset=\"https:\/\/graziamagazine.com\/mx\/wp-content\/uploads\/sites\/13\/2026\/04\/be66e431163f7abf8bec8b67a9fe354f-820x1024.jpg 820w, https:\/\/graziamagazine.com\/mx\/wp-content\/uploads\/sites\/13\/2026\/04\/be66e431163f7abf8bec8b67a9fe354f-360x450.jpg 360w, https:\/\/graziamagazine.com\/mx\/wp-content\/uploads\/sites\/13\/2026\/04\/be66e431163f7abf8bec8b67a9fe354f-768x959.jpg 768w, https:\/\/graziamagazine.com\/mx\/wp-content\/uploads\/sites\/13\/2026\/04\/be66e431163f7abf8bec8b67a9fe354f-400x499.jpg 400w, https:\/\/graziamagazine.com\/mx\/wp-content\/uploads\/sites\/13\/2026\/04\/be66e431163f7abf8bec8b67a9fe354f-155x194.jpg 155w, https:\/\/graziamagazine.com\/mx\/wp-content\/uploads\/sites\/13\/2026\/04\/be66e431163f7abf8bec8b67a9fe354f.jpg 961w\" sizes=\"(max-width: 600px) 100vw, 600px\" \/><\/h3>\n<p data-start=\"1554\" data-end=\"1934\">Las bailarinas de malla se posicionan como el modelo m\u00e1s representativo de esta tendencia. Su dise\u00f1o limpio y ligero enfatiza una elegancia silenciosa, ideal para estilismos cotidianos que buscan sofisticaci\u00f3n sin esfuerzo. La transparencia del material suaviza la silueta, aportando una sensaci\u00f3n de ligereza visual que resulta especialmente atractiva en los meses m\u00e1s c\u00e1lidos.<\/p>\n<h3 data-section-id=\"1we3tp9\" data-start=\"1936\" data-end=\"1977\">Mary Jane con un giro contempor\u00e1neo<img loading=\"lazy\" decoding=\"async\" class=\"alignnone wp-image-170570\" src=\"https:\/\/graziamagazine.com\/mx\/wp-content\/uploads\/sites\/13\/2026\/04\/b059f5ec5c7a28f2ab6b46f69be2caa1-576x1024.jpg\" alt=\"\" width=\"600\" height=\"1066\" srcset=\"https:\/\/graziamagazine.com\/mx\/wp-content\/uploads\/sites\/13\/2026\/04\/b059f5ec5c7a28f2ab6b46f69be2caa1-576x1024.jpg 576w, https:\/\/graziamagazine.com\/mx\/wp-content\/uploads\/sites\/13\/2026\/04\/b059f5ec5c7a28f2ab6b46f69be2caa1-253x450.jpg 253w, https:\/\/graziamagazine.com\/mx\/wp-content\/uploads\/sites\/13\/2026\/04\/b059f5ec5c7a28f2ab6b46f69be2caa1-400x711.jpg 400w, https:\/\/graziamagazine.com\/mx\/wp-content\/uploads\/sites\/13\/2026\/04\/b059f5ec5c7a28f2ab6b46f69be2caa1-121x215.jpg 121w, https:\/\/graziamagazine.com\/mx\/wp-content\/uploads\/sites\/13\/2026\/04\/b059f5ec5c7a28f2ab6b46f69be2caa1.jpg 736w\" sizes=\"(max-width: 600px) 100vw, 600px\" \/><\/h3>\n<p data-start=\"1978\" data-end=\"2337\">Las cl\u00e1sicas Mary Jane encuentran una nueva vida a trav\u00e9s de la malla. Este modelo, tradicionalmente asociado a la inocencia y lo retro, se transforma en una pieza moderna gracias a la incorporaci\u00f3n de materiales t\u00e9cnicos. El resultado es un equilibrio entre nostalgia y vanguardia, donde la estructura cl\u00e1sica se aligera y se adapta a los c\u00f3digos actuales.<\/p>\n<h3 data-section-id=\"4dp6b4\" data-start=\"2339\" data-end=\"2375\">Tacones ligeros y sofisticados<img loading=\"lazy\" decoding=\"async\" class=\"alignnone wp-image-170575\" src=\"https:\/\/graziamagazine.com\/mx\/wp-content\/uploads\/sites\/13\/2026\/04\/dries-683x1024.png\" alt=\"\" width=\"600\" height=\"900\" srcset=\"https:\/\/graziamagazine.com\/mx\/wp-content\/uploads\/sites\/13\/2026\/04\/dries-683x1024.png 683w, https:\/\/graziamagazine.com\/mx\/wp-content\/uploads\/sites\/13\/2026\/04\/dries-300x450.png 300w, https:\/\/graziamagazine.com\/mx\/wp-content\/uploads\/sites\/13\/2026\/04\/dries-768x1152.png 768w, https:\/\/graziamagazine.com\/mx\/wp-content\/uploads\/sites\/13\/2026\/04\/dries-1024x1536.png 1024w, https:\/\/graziamagazine.com\/mx\/wp-content\/uploads\/sites\/13\/2026\/04\/dries-400x600.png 400w, https:\/\/graziamagazine.com\/mx\/wp-content\/uploads\/sites\/13\/2026\/04\/dries-143x215.png 143w\" sizes=\"(max-width: 600px) 100vw, 600px\" \/><\/h3>\n<p data-start=\"2376\" data-end=\"2694\">En su versi\u00f3n m\u00e1s refinada, los zapatos de malla con tac\u00f3n redefinen la elegancia nocturna. Lejos de los dise\u00f1os pesados, estos modelos ofrecen una alternativa m\u00e1s fresca y din\u00e1mica. La transparencia aporta profundidad visual, mientras que la estructura mantiene la sofisticaci\u00f3n necesaria para eventos m\u00e1s formales.<\/p>\n<h3 data-section-id=\"1rokede\" data-start=\"2696\" data-end=\"2731\">Mocasines relajados y urbanos<img loading=\"lazy\" decoding=\"async\" class=\"alignnone wp-image-170576\" src=\"https:\/\/graziamagazine.com\/mx\/wp-content\/uploads\/sites\/13\/2026\/04\/imgi_3_00031-fendi-spring-2026-ready-to-wear-credit-gorunway-683x1024.png\" alt=\"\" width=\"600\" height=\"900\" srcset=\"https:\/\/graziamagazine.com\/mx\/wp-content\/uploads\/sites\/13\/2026\/04\/imgi_3_00031-fendi-spring-2026-ready-to-wear-credit-gorunway-683x1024.png 683w, https:\/\/graziamagazine.com\/mx\/wp-content\/uploads\/sites\/13\/2026\/04\/imgi_3_00031-fendi-spring-2026-ready-to-wear-credit-gorunway-300x450.png 300w, https:\/\/graziamagazine.com\/mx\/wp-content\/uploads\/sites\/13\/2026\/04\/imgi_3_00031-fendi-spring-2026-ready-to-wear-credit-gorunway-768x1152.png 768w, https:\/\/graziamagazine.com\/mx\/wp-content\/uploads\/sites\/13\/2026\/04\/imgi_3_00031-fendi-spring-2026-ready-to-wear-credit-gorunway-1024x1536.png 1024w, https:\/\/graziamagazine.com\/mx\/wp-content\/uploads\/sites\/13\/2026\/04\/imgi_3_00031-fendi-spring-2026-ready-to-wear-credit-gorunway-400x600.png 400w, https:\/\/graziamagazine.com\/mx\/wp-content\/uploads\/sites\/13\/2026\/04\/imgi_3_00031-fendi-spring-2026-ready-to-wear-credit-gorunway-143x215.png 143w\" sizes=\"(max-width: 600px) 100vw, 600px\" \/><\/h3>\n<p data-start=\"2732\" data-end=\"3026\">El mocas\u00edn, s\u00edmbolo de comodidad urbana, tambi\u00e9n adopta la malla como recurso est\u00e9tico. Esta reinterpretaci\u00f3n lo convierte en una opci\u00f3n ideal para looks relajados, donde la funcionalidad se combina con un toque contempor\u00e1neo. Es una pieza que transita f\u00e1cilmente entre lo casual y lo pulido.<\/p>\n<p data-start=\"3028\" data-end=\"3372\">M\u00e1s all\u00e1 de sus diferentes versiones, los zapatos de malla comparten una misma intenci\u00f3n: redefinir el equilibrio entre est\u00e9tica y funcionalidad. Los tonos neutros como negro, beige o marfil dominan la paleta, reforzando su car\u00e1cter vers\u00e1til, mientras que los acabados met\u00e1licos y los colores vibrantes introducen una dimensi\u00f3n m\u00e1s expresiva.<\/p>\n<p data-start=\"3028\" data-end=\"3372\"><img loading=\"lazy\" decoding=\"async\" class=\"alignnone wp-image-170574\" src=\"https:\/\/graziamagazine.com\/mx\/wp-content\/uploads\/sites\/13\/2026\/04\/00131-dries-van-noten-spring-2025-ready-to-wear-detail-credit-gorunway-683x1024.jpg\" alt=\"\" width=\"600\" height=\"900\" srcset=\"https:\/\/graziamagazine.com\/mx\/wp-content\/uploads\/sites\/13\/2026\/04\/00131-dries-van-noten-spring-2025-ready-to-wear-detail-credit-gorunway-683x1024.jpg 683w, https:\/\/graziamagazine.com\/mx\/wp-content\/uploads\/sites\/13\/2026\/04\/00131-dries-van-noten-spring-2025-ready-to-wear-detail-credit-gorunway-300x450.jpg 300w, https:\/\/graziamagazine.com\/mx\/wp-content\/uploads\/sites\/13\/2026\/04\/00131-dries-van-noten-spring-2025-ready-to-wear-detail-credit-gorunway-768x1152.jpg 768w, https:\/\/graziamagazine.com\/mx\/wp-content\/uploads\/sites\/13\/2026\/04\/00131-dries-van-noten-spring-2025-ready-to-wear-detail-credit-gorunway-1024x1536.jpg 1024w, https:\/\/graziamagazine.com\/mx\/wp-content\/uploads\/sites\/13\/2026\/04\/00131-dries-van-noten-spring-2025-ready-to-wear-detail-credit-gorunway-1365x2048.jpg 1365w, https:\/\/graziamagazine.com\/mx\/wp-content\/uploads\/sites\/13\/2026\/04\/00131-dries-van-noten-spring-2025-ready-to-wear-detail-credit-gorunway-400x600.jpg 400w, https:\/\/graziamagazine.com\/mx\/wp-content\/uploads\/sites\/13\/2026\/04\/00131-dries-van-noten-spring-2025-ready-to-wear-detail-credit-gorunway-143x215.jpg 143w, https:\/\/graziamagazine.com\/mx\/wp-content\/uploads\/sites\/13\/2026\/04\/00131-dries-van-noten-spring-2025-ready-to-wear-detail-credit-gorunway.jpg 1600w\" sizes=\"(max-width: 600px) 100vw, 600px\" \/><\/p>\n<p data-start=\"3374\" data-end=\"3720\">Este tipo de calzado no busca protagonismo excesivo, sino integrarse de manera org\u00e1nica en el conjunto. Funciona tanto con prendas estructuradas como con siluetas fluidas, adapt\u00e1ndose a distintos contextos con naturalidad. Desde un look urbano hasta una propuesta m\u00e1s sofisticada, su capacidad de transformaci\u00f3n es uno de sus mayores atributos.<\/p>\n<p data-start=\"3722\" data-end=\"4057\">En definitiva, los zapatos de malla representan una nueva forma de elegancia. Una elegancia que no depende de la opulencia, sino de la ligereza, la precisi\u00f3n y la relaci\u00f3n \u00edntima con el cuerpo. En primavera verano 2026, la transparencia deja de ser un recurso puntual para convertirse en un lenguaje propio dentro del dise\u00f1o de moda.<\/p>\n","protected":false},"author":28953,"featured_media":170569,"template":"","format":"standard","categories":[4],"acf":[],"yoast_head":"<!-- This site is optimized with the Yoast SEO Premium plugin v18.5 (Yoast SEO v20.4) - https:\/\/yoast.com\/wordpress\/plugins\/seo\/ -->\n<title>Zapatos de malla, tendencia ligera primavera verano 2026<\/title>\n<meta name=\"description\" content=\"Ligeros, transl\u00facidos y sofisticados, los zapatos de malla redefinen el calzado de temporada con elegancia contempor\u00e1nea y vers\u00e1til\" \/>\n<meta name=\"robots\" content=\"index, follow, max-snippet:-1, max-image-preview:large, max-video-preview:-1\" \/>\n<link rel=\"canonical\" href=\"https:\/\/graziamagazine.com\/mx\/articles\/zapatos-de-malla-primavera-2026\/\" \/>\n<meta property=\"og:locale\" content=\"es_MX\" \/>\n<meta property=\"og:type\" content=\"article\" \/>\n<meta property=\"og:title\" content=\"Zapatos de malla, tendencia ligera primavera verano 2026\" \/>\n<meta property=\"og:description\" content=\"Ligeros, transl\u00facidos y sofisticados, los zapatos de malla redefinen el calzado de temporada con elegancia contempor\u00e1nea y vers\u00e1til\" \/>\n<meta property=\"og:url\" content=\"https:\/\/graziamagazine.com\/mx\/articles\/zapatos-de-malla-primavera-2026\/\" \/>\n<meta property=\"og:site_name\" content=\"Grazia M\u00e9xico y Latinoam\u00e9rica\" \/>\n<meta property=\"article:modified_time\" content=\"2026-04-28T16:51:28+00:00\" \/>\n<meta property=\"og:image\" content=\"https:\/\/graziamagazine.com\/mx\/wp-content\/uploads\/sites\/13\/2026\/04\/7b498f49363316108e58f36b85d7d089-e1777394807932.jpg\" \/>\n\t<meta property=\"og:image:width\" content=\"1080\" \/>\n\t<meta property=\"og:image:height\" content=\"693\" \/>\n\t<meta property=\"og:image:type\" content=\"image\/jpeg\" \/>\n<meta name=\"twitter:card\" content=\"summary_large_image\" \/>\n<meta name=\"twitter:label1\" content=\"Est. reading time\" \/>\n\t<meta name=\"twitter:data1\" content=\"4 minutos\" \/>\n<script type=\"application\/ld+json\" class=\"yoast-schema-graph\">{\"@context\":\"https:\/\/schema.org\",\"@graph\":[{\"@type\":\"WebPage\",\"@id\":\"https:\/\/graziamagazine.com\/mx\/articles\/zapatos-de-malla-primavera-2026\/\",\"url\":\"https:\/\/graziamagazine.com\/mx\/articles\/zapatos-de-malla-primavera-2026\/\",\"name\":\"Zapatos de malla, tendencia ligera primavera verano 2026\",\"isPartOf\":{\"@id\":\"https:\/\/graziamagazine.com\/mx\/#website\"},\"datePublished\":\"2026-04-28T16:37:16+00:00\",\"dateModified\":\"2026-04-28T16:51:28+00:00\",\"description\":\"Ligeros, transl\u00facidos y sofisticados, los zapatos de malla redefinen el calzado de temporada con elegancia contempor\u00e1nea y vers\u00e1til\",\"breadcrumb\":{\"@id\":\"https:\/\/graziamagazine.com\/mx\/articles\/zapatos-de-malla-primavera-2026\/#breadcrumb\"},\"inLanguage\":\"es-MX\",\"potentialAction\":[{\"@type\":\"ReadAction\",\"target\":[\"https:\/\/graziamagazine.com\/mx\/articles\/zapatos-de-malla-primavera-2026\/\"]}]},{\"@type\":\"BreadcrumbList\",\"@id\":\"https:\/\/graziamagazine.com\/mx\/articles\/zapatos-de-malla-primavera-2026\/#breadcrumb\",\"itemListElement\":[{\"@type\":\"ListItem\",\"position\":1,\"name\":\"Home\",\"item\":\"https:\/\/graziamagazine.com\/mx\/\"},{\"@type\":\"ListItem\",\"position\":2,\"name\":\"Zapatos de malla, tendencia ligera primavera verano 2026\"}]},{\"@type\":\"WebSite\",\"@id\":\"https:\/\/graziamagazine.com\/mx\/#website\",\"url\":\"https:\/\/graziamagazine.com\/mx\/\",\"name\":\"Grazia M\u00e9xico y Latinoam\u00e9rica\",\"description\":\"Grazia es moda, belleza y noticias  de actualidad \",\"potentialAction\":[{\"@type\":\"SearchAction\",\"target\":{\"@type\":\"EntryPoint\",\"urlTemplate\":\"https:\/\/graziamagazine.com\/mx\/?s={search_term_string}\"},\"query-input\":\"required name=search_term_string\"}],\"inLanguage\":\"es-MX\"}]}<\/script>\n<!-- \/ Yoast SEO Premium plugin. -->","yoast_head_json":{"title":"Zapatos de malla, tendencia ligera primavera verano 2026","description":"Ligeros, transl\u00facidos y sofisticados, los zapatos de malla redefinen el calzado de temporada con elegancia contempor\u00e1nea y vers\u00e1til","robots":{"index":"index","follow":"follow","max-snippet":"max-snippet:-1","max-image-preview":"max-image-preview:large","max-video-preview":"max-video-preview:-1"},"canonical":"https:\/\/graziamagazine.com\/mx\/articles\/zapatos-de-malla-primavera-2026\/","og_locale":"es_MX","og_type":"article","og_title":"Zapatos de malla, tendencia ligera primavera verano 2026","og_description":"Ligeros, transl\u00facidos y sofisticados, los zapatos de malla redefinen el calzado de temporada con elegancia contempor\u00e1nea y vers\u00e1til","og_url":"https:\/\/graziamagazine.com\/mx\/articles\/zapatos-de-malla-primavera-2026\/","og_site_name":"Grazia M\u00e9xico y Latinoam\u00e9rica","article_modified_time":"2026-04-28T16:51:28+00:00","og_image":[{"width":1080,"height":693,"url":"https:\/\/graziamagazine.com\/mx\/wp-content\/uploads\/sites\/13\/2026\/04\/7b498f49363316108e58f36b85d7d089-e1777394807932.jpg","type":"image\/jpeg"}],"twitter_card":"summary_large_image","twitter_misc":{"Est. reading time":"4 minutos"},"schema":{"@context":"https:\/\/schema.org","@graph":[{"@type":"WebPage","@id":"https:\/\/graziamagazine.com\/mx\/articles\/zapatos-de-malla-primavera-2026\/","url":"https:\/\/graziamagazine.com\/mx\/articles\/zapatos-de-malla-primavera-2026\/","name":"Zapatos de malla, tendencia ligera primavera verano 2026","isPartOf":{"@id":"https:\/\/graziamagazine.com\/mx\/#website"},"datePublished":"2026-04-28T16:37:16+00:00","dateModified":"2026-04-28T16:51:28+00:00","description":"Ligeros, transl\u00facidos y sofisticados, los zapatos de malla redefinen el calzado de temporada con elegancia contempor\u00e1nea y vers\u00e1til","breadcrumb":{"@id":"https:\/\/graziamagazine.com\/mx\/articles\/zapatos-de-malla-primavera-2026\/#breadcrumb"},"inLanguage":"es-MX","potentialAction":[{"@type":"ReadAction","target":["https:\/\/graziamagazine.com\/mx\/articles\/zapatos-de-malla-primavera-2026\/"]}]},{"@type":"BreadcrumbList","@id":"https:\/\/graziamagazine.com\/mx\/articles\/zapatos-de-malla-primavera-2026\/#breadcrumb","itemListElement":[{"@type":"ListItem","position":1,"name":"Home","item":"https:\/\/graziamagazine.com\/mx\/"},{"@type":"ListItem","position":2,"name":"Zapatos de malla, tendencia ligera primavera verano 2026"}]},{"@type":"WebSite","@id":"https:\/\/graziamagazine.com\/mx\/#website","url":"https:\/\/graziamagazine.com\/mx\/","name":"Grazia M\u00e9xico y Latinoam\u00e9rica","description":"Grazia es moda, belleza y noticias  de actualidad ","potentialAction":[{"@type":"SearchAction","target":{"@type":"EntryPoint","urlTemplate":"https:\/\/graziamagazine.com\/mx\/?s={search_term_string}"},"query-input":"required name=search_term_string"}],"inLanguage":"es-MX"}]}},"jetpack_sharing_enabled":true,"distributor_meta":false,"distributor_terms":false,"distributor_media":false,"distributor_original_site_name":"Grazia M\u00e9xico y Latinoam\u00e9rica","distributor_original_site_url":"https:\/\/graziamagazine.com\/mx","push-errors":false,"_links":{"self":[{"href":"https:\/\/graziamagazine.com\/mx\/wp-json\/wp\/v2\/articles\/170568"}],"collection":[{"href":"https:\/\/graziamagazine.com\/mx\/wp-json\/wp\/v2\/articles"}],"about":[{"href":"https:\/\/graziamagazine.com\/mx\/wp-json\/wp\/v2\/types\/articles"}],"author":[{"embeddable":true,"href":"https:\/\/graziamagazine.com\/mx\/wp-json\/wp\/v2\/users\/28953"}],"wp:featuredmedia":[{"embeddable":true,"href":"https:\/\/graziamagazine.com\/mx\/wp-json\/wp\/v2\/media\/170569"}],"wp:attachment":[{"href":"https:\/\/graziamagazine.com\/mx\/wp-json\/wp\/v2\/media?parent=170568"}],"wp:term":[{"taxonomy":"category","embeddable":true,"href":"https:\/\/graziamagazine.com\/mx\/wp-json\/wp\/v2\/categories?post=170568"}],"curies":[{"name":"wp","href":"https:\/\/api.w.org\/{rel}","templated":true}]}}