{"id":170559,"date":"2026-04-28T10:06:36","date_gmt":"2026-04-28T15:06:36","guid":{"rendered":"https:\/\/graziamagazine.com\/mx\/?post_type=articles&#038;p=170559"},"modified":"2026-04-28T10:22:32","modified_gmt":"2026-04-28T15:22:32","slug":"seis-esmaltes-rosas-primavera-2026","status":"publish","type":"articles","link":"https:\/\/graziamagazine.com\/mx\/articles\/seis-esmaltes-rosas-primavera-2026\/","title":{"rendered":"Seis esmaltes rosas imprescindibles para esta primavera"},"content":{"rendered":"<p data-start=\"308\" data-end=\"750\">La primavera siempre trae consigo una renovaci\u00f3n est\u00e9tica que va m\u00e1s all\u00e1 del guardarropa. En esta temporada, la manicura se convierte en un gesto esencial de estilo, y el rosa, en todas sus interpretaciones, se posiciona como el protagonista indiscutible. Desde acabados transl\u00facidos hasta tonos vibrantes y juguetones, el esmalte rosa se reinventa una vez m\u00e1s, confirmando su estatus como cl\u00e1sico eterno dentro del universo de la belleza.<\/p>\n<p data-start=\"752\" data-end=\"1129\">Lejos de limitarse a una sola interpretaci\u00f3n, el rosa de primavera 2026 se despliega en una paleta rica y vers\u00e1til que dialoga con distintos estados de \u00e1nimo. Es un color que no solo embellece, sino que comunica. Puede ser discreto o audaz, rom\u00e1ntico o contempor\u00e1neo, minimalista o expresivo. En este equilibrio radica su poder: adaptarse a cada estilo sin perder su esencia.<\/p>\n<h3 data-section-id=\"rt81j\" data-start=\"1131\" data-end=\"1154\">Rosa pop vibrante<\/h3>\n<h3 data-section-id=\"rt81j\" data-start=\"1131\" data-end=\"1154\"><img loading=\"lazy\" decoding=\"async\" class=\"alignnone wp-image-170561\" src=\"https:\/\/graziamagazine.com\/mx\/wp-content\/uploads\/sites\/13\/2026\/04\/5d8c1d901f91e0403a8c3ce6eddf5df7-769x1024.jpg\" alt=\"\" width=\"700\" height=\"932\" srcset=\"https:\/\/graziamagazine.com\/mx\/wp-content\/uploads\/sites\/13\/2026\/04\/5d8c1d901f91e0403a8c3ce6eddf5df7-769x1024.jpg 769w, https:\/\/graziamagazine.com\/mx\/wp-content\/uploads\/sites\/13\/2026\/04\/5d8c1d901f91e0403a8c3ce6eddf5df7-338x450.jpg 338w, https:\/\/graziamagazine.com\/mx\/wp-content\/uploads\/sites\/13\/2026\/04\/5d8c1d901f91e0403a8c3ce6eddf5df7-768x1023.jpg 768w, https:\/\/graziamagazine.com\/mx\/wp-content\/uploads\/sites\/13\/2026\/04\/5d8c1d901f91e0403a8c3ce6eddf5df7-1153x1536.jpg 1153w, https:\/\/graziamagazine.com\/mx\/wp-content\/uploads\/sites\/13\/2026\/04\/5d8c1d901f91e0403a8c3ce6eddf5df7-400x533.jpg 400w, https:\/\/graziamagazine.com\/mx\/wp-content\/uploads\/sites\/13\/2026\/04\/5d8c1d901f91e0403a8c3ce6eddf5df7-155x206.jpg 155w, https:\/\/graziamagazine.com\/mx\/wp-content\/uploads\/sites\/13\/2026\/04\/5d8c1d901f91e0403a8c3ce6eddf5df7.jpg 1200w\" sizes=\"(max-width: 700px) 100vw, 700px\" \/><\/h3>\n<p data-start=\"1155\" data-end=\"1526\">Los tonos m\u00e1s intensos irrumpen como una declaraci\u00f3n de intenci\u00f3n. El rosa pop, inspirado en referencias l\u00fadicas y culturales, aporta una energ\u00eda vibrante que transforma la manicura en un punto focal del look. Funciona especialmente bien en u\u00f1as cortas y redondeadas, donde el color se convierte en protagonista absoluto y a\u00f1ade un contraste audaz a estilismos neutros.<\/p>\n<h3 data-section-id=\"vz86l5\" data-start=\"1528\" data-end=\"1559\">Rosa transl\u00facido y acuoso<img loading=\"lazy\" decoding=\"async\" class=\"alignnone wp-image-170563\" src=\"https:\/\/graziamagazine.com\/mx\/wp-content\/uploads\/sites\/13\/2026\/04\/883ab3e47ff9561b093b5d7dd1d5a78f-819x1024.jpg\" alt=\"\" width=\"700\" height=\"875\" srcset=\"https:\/\/graziamagazine.com\/mx\/wp-content\/uploads\/sites\/13\/2026\/04\/883ab3e47ff9561b093b5d7dd1d5a78f-819x1024.jpg 819w, https:\/\/graziamagazine.com\/mx\/wp-content\/uploads\/sites\/13\/2026\/04\/883ab3e47ff9561b093b5d7dd1d5a78f-360x450.jpg 360w, https:\/\/graziamagazine.com\/mx\/wp-content\/uploads\/sites\/13\/2026\/04\/883ab3e47ff9561b093b5d7dd1d5a78f-768x960.jpg 768w, https:\/\/graziamagazine.com\/mx\/wp-content\/uploads\/sites\/13\/2026\/04\/883ab3e47ff9561b093b5d7dd1d5a78f-400x500.jpg 400w, https:\/\/graziamagazine.com\/mx\/wp-content\/uploads\/sites\/13\/2026\/04\/883ab3e47ff9561b093b5d7dd1d5a78f-155x194.jpg 155w, https:\/\/graziamagazine.com\/mx\/wp-content\/uploads\/sites\/13\/2026\/04\/883ab3e47ff9561b093b5d7dd1d5a78f.jpg 1200w\" sizes=\"(max-width: 700px) 100vw, 700px\" \/><\/h3>\n<p data-start=\"1560\" data-end=\"1855\">Las tendencias actuales apuestan por la ligereza visual. Los rosas transl\u00facidos, con efecto casi acuoso, ofrecen una apariencia pulida y natural que realza la u\u00f1a sin saturarla. Son ideales para quienes buscan una est\u00e9tica limpia y sofisticada, donde la belleza reside en los detalles sutiles.<\/p>\n<h3 data-section-id=\"19emmgx\" data-start=\"1857\" data-end=\"1880\">Rosa fresa jugoso<\/h3>\n<h3 data-section-id=\"19emmgx\" data-start=\"1857\" data-end=\"1880\"><img loading=\"lazy\" decoding=\"async\" class=\"alignnone wp-image-170560\" src=\"https:\/\/graziamagazine.com\/mx\/wp-content\/uploads\/sites\/13\/2026\/04\/3aa46d84117d0ce0d0bee096ac2f2591-768x1024.jpg\" alt=\"\" width=\"700\" height=\"934\" srcset=\"https:\/\/graziamagazine.com\/mx\/wp-content\/uploads\/sites\/13\/2026\/04\/3aa46d84117d0ce0d0bee096ac2f2591-768x1025.jpg 768w, https:\/\/graziamagazine.com\/mx\/wp-content\/uploads\/sites\/13\/2026\/04\/3aa46d84117d0ce0d0bee096ac2f2591-337x450.jpg 337w, https:\/\/graziamagazine.com\/mx\/wp-content\/uploads\/sites\/13\/2026\/04\/3aa46d84117d0ce0d0bee096ac2f2591-400x534.jpg 400w, https:\/\/graziamagazine.com\/mx\/wp-content\/uploads\/sites\/13\/2026\/04\/3aa46d84117d0ce0d0bee096ac2f2591-155x207.jpg 155w, https:\/\/graziamagazine.com\/mx\/wp-content\/uploads\/sites\/13\/2026\/04\/3aa46d84117d0ce0d0bee096ac2f2591.jpg 913w\" sizes=\"(max-width: 700px) 100vw, 700px\" \/><\/h3>\n<p data-start=\"1881\" data-end=\"2168\">El rosa fresa introduce una dimensi\u00f3n fresca y expresiva. Es un tono que evoca vitalidad y feminidad, perfecto para complementar looks primaverales con estampados florales o tejidos ligeros. Su intensidad equilibrada lo convierte en una opci\u00f3n vers\u00e1til entre lo cl\u00e1sico y lo divertido.<\/p>\n<h3 data-section-id=\"mmfpws\" data-start=\"2170\" data-end=\"2200\">Rosa lechoso sofisticado<img loading=\"lazy\" decoding=\"async\" class=\"alignnone wp-image-170564\" src=\"https:\/\/graziamagazine.com\/mx\/wp-content\/uploads\/sites\/13\/2026\/04\/e0e8c1fa5b60fa8914c65779a1ae6d8d-819x1024.jpg\" alt=\"\" width=\"700\" height=\"875\" srcset=\"https:\/\/graziamagazine.com\/mx\/wp-content\/uploads\/sites\/13\/2026\/04\/e0e8c1fa5b60fa8914c65779a1ae6d8d-819x1024.jpg 819w, https:\/\/graziamagazine.com\/mx\/wp-content\/uploads\/sites\/13\/2026\/04\/e0e8c1fa5b60fa8914c65779a1ae6d8d-360x450.jpg 360w, https:\/\/graziamagazine.com\/mx\/wp-content\/uploads\/sites\/13\/2026\/04\/e0e8c1fa5b60fa8914c65779a1ae6d8d-768x960.jpg 768w, https:\/\/graziamagazine.com\/mx\/wp-content\/uploads\/sites\/13\/2026\/04\/e0e8c1fa5b60fa8914c65779a1ae6d8d-400x500.jpg 400w, https:\/\/graziamagazine.com\/mx\/wp-content\/uploads\/sites\/13\/2026\/04\/e0e8c1fa5b60fa8914c65779a1ae6d8d-155x194.jpg 155w, https:\/\/graziamagazine.com\/mx\/wp-content\/uploads\/sites\/13\/2026\/04\/e0e8c1fa5b60fa8914c65779a1ae6d8d.jpg 1080w\" sizes=\"(max-width: 700px) 100vw, 700px\" \/><\/h3>\n<p data-start=\"2201\" data-end=\"2476\">Los rosas lechosos contin\u00faan siendo sin\u00f3nimo de elegancia atemporal. Su acabado suave y ligeramente opaco aporta una sensaci\u00f3n de calma y refinamiento, ideal para ocasiones formales o estilismos minimalistas. Es una elecci\u00f3n discreta que eleva cualquier look sin imponerse.<\/p>\n<h3 data-section-id=\"52o5gn\" data-start=\"2478\" data-end=\"2512\">Rosa con destellos luminosos<img loading=\"lazy\" decoding=\"async\" class=\"alignnone wp-image-170562\" src=\"https:\/\/graziamagazine.com\/mx\/wp-content\/uploads\/sites\/13\/2026\/04\/59ea047bf22503378e5176321998072f.jpg\" alt=\"\" width=\"700\" height=\"933\" srcset=\"https:\/\/graziamagazine.com\/mx\/wp-content\/uploads\/sites\/13\/2026\/04\/59ea047bf22503378e5176321998072f.jpg 736w, https:\/\/graziamagazine.com\/mx\/wp-content\/uploads\/sites\/13\/2026\/04\/59ea047bf22503378e5176321998072f-338x450.jpg 338w, https:\/\/graziamagazine.com\/mx\/wp-content\/uploads\/sites\/13\/2026\/04\/59ea047bf22503378e5176321998072f-400x533.jpg 400w, https:\/\/graziamagazine.com\/mx\/wp-content\/uploads\/sites\/13\/2026\/04\/59ea047bf22503378e5176321998072f-155x207.jpg 155w\" sizes=\"(max-width: 700px) 100vw, 700px\" \/><\/h3>\n<p data-start=\"2513\" data-end=\"2798\">Para quienes buscan una propuesta m\u00e1s expresiva, los esmaltes con brillo introducen una dimensi\u00f3n sensorial. La luz se refleja en la superficie de la u\u00f1a, creando movimiento y dinamismo. Este acabado permite experimentar con la manicura, ya sea en su totalidad o como acento puntual.<\/p>\n<h3 data-section-id=\"f58563\" data-start=\"2800\" data-end=\"2827\">Rosa melocot\u00f3n c\u00e1lido<img loading=\"lazy\" decoding=\"async\" class=\"alignnone wp-image-170565\" src=\"https:\/\/graziamagazine.com\/mx\/wp-content\/uploads\/sites\/13\/2026\/04\/bc5773c4d2e96c03b69ba2b2ff8a5724-843x1024.jpg\" alt=\"\" width=\"700\" height=\"850\" srcset=\"https:\/\/graziamagazine.com\/mx\/wp-content\/uploads\/sites\/13\/2026\/04\/bc5773c4d2e96c03b69ba2b2ff8a5724-843x1024.jpg 843w, https:\/\/graziamagazine.com\/mx\/wp-content\/uploads\/sites\/13\/2026\/04\/bc5773c4d2e96c03b69ba2b2ff8a5724-371x450.jpg 371w, https:\/\/graziamagazine.com\/mx\/wp-content\/uploads\/sites\/13\/2026\/04\/bc5773c4d2e96c03b69ba2b2ff8a5724-768x933.jpg 768w, https:\/\/graziamagazine.com\/mx\/wp-content\/uploads\/sites\/13\/2026\/04\/bc5773c4d2e96c03b69ba2b2ff8a5724-400x486.jpg 400w, https:\/\/graziamagazine.com\/mx\/wp-content\/uploads\/sites\/13\/2026\/04\/bc5773c4d2e96c03b69ba2b2ff8a5724-155x188.jpg 155w, https:\/\/graziamagazine.com\/mx\/wp-content\/uploads\/sites\/13\/2026\/04\/bc5773c4d2e96c03b69ba2b2ff8a5724.jpg 988w\" sizes=\"(max-width: 700px) 100vw, 700px\" \/><\/h3>\n<p data-start=\"2828\" data-end=\"3130\">Los tonos cercanos al melocot\u00f3n o al albaricoque aportan calidez a la paleta primaveral. Son colores que dialogan con la piel, resaltando su luminosidad natural y creando armon\u00edas suaves. Representan una interpretaci\u00f3n m\u00e1s org\u00e1nica del rosa, conectada con la naturaleza y la suavidad de la temporada.<\/p>\n<p data-start=\"3132\" data-end=\"3397\">As\u00ed, el esmalte rosa en primavera 2026 no es una tendencia \u00fanica, sino un universo de posibilidades. Cada tono, cada acabado y cada textura construyen una narrativa distinta, permitiendo que la manicura se convierta en una extensi\u00f3n aut\u00e9ntica del estilo personal.<\/p>\n<p data-start=\"3399\" data-end=\"3525\" data-is-last-node=\"\" data-is-only-node=\"\">\n","protected":false},"author":28953,"featured_media":170566,"template":"","format":"standard","categories":[4],"acf":[],"yoast_head":"<!-- This site is optimized with the Yoast SEO Premium plugin v18.5 (Yoast SEO v20.4) - https:\/\/yoast.com\/wordpress\/plugins\/seo\/ -->\n<title>Seis esmaltes rosas imprescindibles para esta primavera<\/title>\n<meta name=\"description\" content=\"Del rosa m\u00e1s sutil al m\u00e1s vibrante, seis esmaltes definen la manicura de primavera con elegancia y creatividad\" \/>\n<meta name=\"robots\" content=\"index, follow, max-snippet:-1, max-image-preview:large, max-video-preview:-1\" \/>\n<link rel=\"canonical\" href=\"https:\/\/graziamagazine.com\/mx\/articles\/seis-esmaltes-rosas-primavera-2026\/\" \/>\n<meta property=\"og:locale\" content=\"es_MX\" \/>\n<meta property=\"og:type\" content=\"article\" \/>\n<meta property=\"og:title\" content=\"Seis esmaltes rosas imprescindibles para esta primavera\" \/>\n<meta property=\"og:description\" content=\"Del rosa m\u00e1s sutil al m\u00e1s vibrante, seis esmaltes definen la manicura de primavera con elegancia y creatividad\" \/>\n<meta property=\"og:url\" content=\"https:\/\/graziamagazine.com\/mx\/articles\/seis-esmaltes-rosas-primavera-2026\/\" \/>\n<meta property=\"og:site_name\" content=\"Grazia M\u00e9xico y Latinoam\u00e9rica\" \/>\n<meta property=\"article:modified_time\" content=\"2026-04-28T15:22:32+00:00\" \/>\n<meta property=\"og:image\" content=\"https:\/\/graziamagazine.com\/mx\/wp-content\/uploads\/sites\/13\/2026\/04\/3dd5ff93dc1b06820475edf2797a89e8-e1777389565534.jpg\" \/>\n\t<meta property=\"og:image:width\" content=\"846\" \/>\n\t<meta property=\"og:image:height\" content=\"564\" \/>\n\t<meta property=\"og:image:type\" content=\"image\/jpeg\" \/>\n<meta name=\"twitter:card\" content=\"summary_large_image\" \/>\n<meta name=\"twitter:label1\" content=\"Est. reading time\" \/>\n\t<meta name=\"twitter:data1\" content=\"4 minutos\" \/>\n<script type=\"application\/ld+json\" class=\"yoast-schema-graph\">{\"@context\":\"https:\/\/schema.org\",\"@graph\":[{\"@type\":\"WebPage\",\"@id\":\"https:\/\/graziamagazine.com\/mx\/articles\/seis-esmaltes-rosas-primavera-2026\/\",\"url\":\"https:\/\/graziamagazine.com\/mx\/articles\/seis-esmaltes-rosas-primavera-2026\/\",\"name\":\"Seis esmaltes rosas imprescindibles para esta primavera\",\"isPartOf\":{\"@id\":\"https:\/\/graziamagazine.com\/mx\/#website\"},\"datePublished\":\"2026-04-28T15:06:36+00:00\",\"dateModified\":\"2026-04-28T15:22:32+00:00\",\"description\":\"Del rosa m\u00e1s sutil al m\u00e1s vibrante, seis esmaltes definen la manicura de primavera con elegancia y creatividad\",\"breadcrumb\":{\"@id\":\"https:\/\/graziamagazine.com\/mx\/articles\/seis-esmaltes-rosas-primavera-2026\/#breadcrumb\"},\"inLanguage\":\"es-MX\",\"potentialAction\":[{\"@type\":\"ReadAction\",\"target\":[\"https:\/\/graziamagazine.com\/mx\/articles\/seis-esmaltes-rosas-primavera-2026\/\"]}]},{\"@type\":\"BreadcrumbList\",\"@id\":\"https:\/\/graziamagazine.com\/mx\/articles\/seis-esmaltes-rosas-primavera-2026\/#breadcrumb\",\"itemListElement\":[{\"@type\":\"ListItem\",\"position\":1,\"name\":\"Home\",\"item\":\"https:\/\/graziamagazine.com\/mx\/\"},{\"@type\":\"ListItem\",\"position\":2,\"name\":\"Seis esmaltes rosas imprescindibles para esta primavera\"}]},{\"@type\":\"WebSite\",\"@id\":\"https:\/\/graziamagazine.com\/mx\/#website\",\"url\":\"https:\/\/graziamagazine.com\/mx\/\",\"name\":\"Grazia M\u00e9xico y Latinoam\u00e9rica\",\"description\":\"Grazia es moda, belleza y noticias  de actualidad \",\"potentialAction\":[{\"@type\":\"SearchAction\",\"target\":{\"@type\":\"EntryPoint\",\"urlTemplate\":\"https:\/\/graziamagazine.com\/mx\/?s={search_term_string}\"},\"query-input\":\"required name=search_term_string\"}],\"inLanguage\":\"es-MX\"}]}<\/script>\n<!-- \/ Yoast SEO Premium plugin. -->","yoast_head_json":{"title":"Seis esmaltes rosas imprescindibles para esta primavera","description":"Del rosa m\u00e1s sutil al m\u00e1s vibrante, seis esmaltes definen la manicura de primavera con elegancia y creatividad","robots":{"index":"index","follow":"follow","max-snippet":"max-snippet:-1","max-image-preview":"max-image-preview:large","max-video-preview":"max-video-preview:-1"},"canonical":"https:\/\/graziamagazine.com\/mx\/articles\/seis-esmaltes-rosas-primavera-2026\/","og_locale":"es_MX","og_type":"article","og_title":"Seis esmaltes rosas imprescindibles para esta primavera","og_description":"Del rosa m\u00e1s sutil al m\u00e1s vibrante, seis esmaltes definen la manicura de primavera con elegancia y creatividad","og_url":"https:\/\/graziamagazine.com\/mx\/articles\/seis-esmaltes-rosas-primavera-2026\/","og_site_name":"Grazia M\u00e9xico y Latinoam\u00e9rica","article_modified_time":"2026-04-28T15:22:32+00:00","og_image":[{"width":846,"height":564,"url":"https:\/\/graziamagazine.com\/mx\/wp-content\/uploads\/sites\/13\/2026\/04\/3dd5ff93dc1b06820475edf2797a89e8-e1777389565534.jpg","type":"image\/jpeg"}],"twitter_card":"summary_large_image","twitter_misc":{"Est. reading time":"4 minutos"},"schema":{"@context":"https:\/\/schema.org","@graph":[{"@type":"WebPage","@id":"https:\/\/graziamagazine.com\/mx\/articles\/seis-esmaltes-rosas-primavera-2026\/","url":"https:\/\/graziamagazine.com\/mx\/articles\/seis-esmaltes-rosas-primavera-2026\/","name":"Seis esmaltes rosas imprescindibles para esta primavera","isPartOf":{"@id":"https:\/\/graziamagazine.com\/mx\/#website"},"datePublished":"2026-04-28T15:06:36+00:00","dateModified":"2026-04-28T15:22:32+00:00","description":"Del rosa m\u00e1s sutil al m\u00e1s vibrante, seis esmaltes definen la manicura de primavera con elegancia y creatividad","breadcrumb":{"@id":"https:\/\/graziamagazine.com\/mx\/articles\/seis-esmaltes-rosas-primavera-2026\/#breadcrumb"},"inLanguage":"es-MX","potentialAction":[{"@type":"ReadAction","target":["https:\/\/graziamagazine.com\/mx\/articles\/seis-esmaltes-rosas-primavera-2026\/"]}]},{"@type":"BreadcrumbList","@id":"https:\/\/graziamagazine.com\/mx\/articles\/seis-esmaltes-rosas-primavera-2026\/#breadcrumb","itemListElement":[{"@type":"ListItem","position":1,"name":"Home","item":"https:\/\/graziamagazine.com\/mx\/"},{"@type":"ListItem","position":2,"name":"Seis esmaltes rosas imprescindibles para esta primavera"}]},{"@type":"WebSite","@id":"https:\/\/graziamagazine.com\/mx\/#website","url":"https:\/\/graziamagazine.com\/mx\/","name":"Grazia M\u00e9xico y Latinoam\u00e9rica","description":"Grazia es moda, belleza y noticias  de actualidad ","potentialAction":[{"@type":"SearchAction","target":{"@type":"EntryPoint","urlTemplate":"https:\/\/graziamagazine.com\/mx\/?s={search_term_string}"},"query-input":"required name=search_term_string"}],"inLanguage":"es-MX"}]}},"jetpack_sharing_enabled":true,"distributor_meta":false,"distributor_terms":false,"distributor_media":false,"distributor_original_site_name":"Grazia M\u00e9xico y Latinoam\u00e9rica","distributor_original_site_url":"https:\/\/graziamagazine.com\/mx","push-errors":false,"_links":{"self":[{"href":"https:\/\/graziamagazine.com\/mx\/wp-json\/wp\/v2\/articles\/170559"}],"collection":[{"href":"https:\/\/graziamagazine.com\/mx\/wp-json\/wp\/v2\/articles"}],"about":[{"href":"https:\/\/graziamagazine.com\/mx\/wp-json\/wp\/v2\/types\/articles"}],"author":[{"embeddable":true,"href":"https:\/\/graziamagazine.com\/mx\/wp-json\/wp\/v2\/users\/28953"}],"wp:featuredmedia":[{"embeddable":true,"href":"https:\/\/graziamagazine.com\/mx\/wp-json\/wp\/v2\/media\/170566"}],"wp:attachment":[{"href":"https:\/\/graziamagazine.com\/mx\/wp-json\/wp\/v2\/media?parent=170559"}],"wp:term":[{"taxonomy":"category","embeddable":true,"href":"https:\/\/graziamagazine.com\/mx\/wp-json\/wp\/v2\/categories?post=170559"}],"curies":[{"name":"wp","href":"https:\/\/api.w.org\/{rel}","templated":true}]}}