{"id":170508,"date":"2026-04-27T19:09:35","date_gmt":"2026-04-28T00:09:35","guid":{"rendered":"https:\/\/graziamagazine.com\/mx\/?post_type=articles&#038;p=170508"},"modified":"2026-04-27T20:44:02","modified_gmt":"2026-04-28T01:44:02","slug":"mascada-panuelo-de-flecos-primavera-verano-2026","status":"publish","type":"articles","link":"https:\/\/graziamagazine.com\/mx\/articles\/mascada-panuelo-de-flecos-primavera-verano-2026\/","title":{"rendered":"Mascada de flecos: el accesorio clave del 2026"},"content":{"rendered":"<p class=\"p1\"><span class=\"s1\">La mascadas o pa\u00f1uelos han sido, una y otra vez, un <a href=\"https:\/\/graziamagazine.com\/mx\/articles\/accesorios-primavera-verano-2026-2027\/\">accesorio<\/a> clave en todos los a\u00f1os, sin importar la temporada. Pero este a\u00f1o llegan reinventadas. Su esencia sigue siendo la misma, pero son a\u00fan m\u00e1s protagonistas y est\u00e1n por todas partes.<\/span><\/p>\n<p class=\"p1\"><span class=\"s1\">Desde el a\u00f1o pasado las hemos visto por todos lados, y lo que le ha dado esa popularidad bien merecida, es que no solo funciona para los looks del <a href=\"https:\/\/graziamagazine.com\/mx\/search\/?search=primavera%20%2F%20verano&amp;tags=primavera%20\/%20verano\">verano<\/a>, sino tambi\u00e9n para invierno. Porque s\u00ed, es esa pieza cl\u00e1sica que agregamos f\u00e1cilmente a un look, pero siempre hace toda la diferencia. Se ve elegante, con estilo y con car\u00e1cter. Y es, precisamente esa versatilidad lo que la ha mantenido vigente durante tantos a\u00f1os. Porque no importa el estilo que tenga un look, la mascada siempre encuentra su lugar para elevar cualquier cosa.<\/span><\/p>\n<h2 class=\"p4\"><span class=\"s2\">Lo que la hace a\u00fan m\u00e1s especial esta primavera-verano<\/span><\/h2>\n<div class=\"content-gallery\"><div class=\"gallery-placeholder\"><div class=\"spinner\"><\/div><\/div><span class=\"gallery-pagination\"><\/span><div id=\"gallery-1\" class=\"gallery galleryid-170508 gallery-columns- gallery-size-\"><figure class=\"gallery-item\"><div class=\"gallery-icon landscape\"><img loading=\"lazy\" decoding=\"async\" width=\"1199\" height=\"1500\" src=\"https:\/\/graziamagazine.com\/mx\/wp-content\/uploads\/sites\/13\/2026\/04\/IMG_2051.jpeg\" class=\"lazy\" alt=\"Mascada de flecos: el accesorio clave del 2026\" srcset=\"https:\/\/graziamagazine.com\/mx\/wp-content\/uploads\/sites\/13\/2026\/04\/IMG_2051.jpeg 1199w, https:\/\/graziamagazine.com\/mx\/wp-content\/uploads\/sites\/13\/2026\/04\/IMG_2051-360x450.jpeg 360w, https:\/\/graziamagazine.com\/mx\/wp-content\/uploads\/sites\/13\/2026\/04\/IMG_2051-819x1024.jpeg 819w, https:\/\/graziamagazine.com\/mx\/wp-content\/uploads\/sites\/13\/2026\/04\/IMG_2051-768x961.jpeg 768w, https:\/\/graziamagazine.com\/mx\/wp-content\/uploads\/sites\/13\/2026\/04\/IMG_2051-400x500.jpeg 400w, https:\/\/graziamagazine.com\/mx\/wp-content\/uploads\/sites\/13\/2026\/04\/IMG_2051-155x194.jpeg 155w\" sizes=\"(max-width: 1199px) 100vw, 1199px\" \/><\/div><figcaption class=\"wp-caption-text gallery-caption\" id=\"gallery-1-170510\">Pinterest<\/figcaption><\/figure><figure class=\"gallery-item\"><div class=\"gallery-icon landscape\"><img loading=\"lazy\" decoding=\"async\" width=\"1200\" height=\"1455\" src=\"https:\/\/graziamagazine.com\/mx\/wp-content\/uploads\/sites\/13\/2026\/04\/IMG_2049.jpeg\" class=\"lazy\" alt=\"\" srcset=\"https:\/\/graziamagazine.com\/mx\/wp-content\/uploads\/sites\/13\/2026\/04\/IMG_2049.jpeg 1200w, https:\/\/graziamagazine.com\/mx\/wp-content\/uploads\/sites\/13\/2026\/04\/IMG_2049-371x450.jpeg 371w, https:\/\/graziamagazine.com\/mx\/wp-content\/uploads\/sites\/13\/2026\/04\/IMG_2049-845x1024.jpeg 845w, https:\/\/graziamagazine.com\/mx\/wp-content\/uploads\/sites\/13\/2026\/04\/IMG_2049-768x931.jpeg 768w, https:\/\/graziamagazine.com\/mx\/wp-content\/uploads\/sites\/13\/2026\/04\/IMG_2049-400x485.jpeg 400w, https:\/\/graziamagazine.com\/mx\/wp-content\/uploads\/sites\/13\/2026\/04\/IMG_2049-155x188.jpeg 155w\" sizes=\"(max-width: 1200px) 100vw, 1200px\" \/><\/div><\/figure><figure class=\"gallery-item\"><div class=\"gallery-icon landscape\"><img loading=\"lazy\" decoding=\"async\" width=\"750\" height=\"1000\" src=\"https:\/\/graziamagazine.com\/mx\/wp-content\/uploads\/sites\/13\/2026\/04\/IMG_2050.jpeg\" class=\"lazy\" alt=\"\" srcset=\"https:\/\/graziamagazine.com\/mx\/wp-content\/uploads\/sites\/13\/2026\/04\/IMG_2050.jpeg 750w, https:\/\/graziamagazine.com\/mx\/wp-content\/uploads\/sites\/13\/2026\/04\/IMG_2050-338x450.jpeg 338w, https:\/\/graziamagazine.com\/mx\/wp-content\/uploads\/sites\/13\/2026\/04\/IMG_2050-400x533.jpeg 400w, https:\/\/graziamagazine.com\/mx\/wp-content\/uploads\/sites\/13\/2026\/04\/IMG_2050-155x207.jpeg 155w\" sizes=\"(max-width: 750px) 100vw, 750px\" \/><\/div><\/figure><figure class=\"gallery-item\"><div class=\"gallery-icon landscape\"><img loading=\"lazy\" decoding=\"async\" width=\"1199\" height=\"1586\" src=\"https:\/\/graziamagazine.com\/mx\/wp-content\/uploads\/sites\/13\/2026\/04\/IMG_2042.jpeg\" class=\"lazy\" alt=\"\" srcset=\"https:\/\/graziamagazine.com\/mx\/wp-content\/uploads\/sites\/13\/2026\/04\/IMG_2042.jpeg 1199w, https:\/\/graziamagazine.com\/mx\/wp-content\/uploads\/sites\/13\/2026\/04\/IMG_2042-340x450.jpeg 340w, https:\/\/graziamagazine.com\/mx\/wp-content\/uploads\/sites\/13\/2026\/04\/IMG_2042-774x1024.jpeg 774w, https:\/\/graziamagazine.com\/mx\/wp-content\/uploads\/sites\/13\/2026\/04\/IMG_2042-768x1016.jpeg 768w, https:\/\/graziamagazine.com\/mx\/wp-content\/uploads\/sites\/13\/2026\/04\/IMG_2042-1161x1536.jpeg 1161w, https:\/\/graziamagazine.com\/mx\/wp-content\/uploads\/sites\/13\/2026\/04\/IMG_2042-400x529.jpeg 400w, https:\/\/graziamagazine.com\/mx\/wp-content\/uploads\/sites\/13\/2026\/04\/IMG_2042-155x205.jpeg 155w\" sizes=\"(max-width: 1199px) 100vw, 1199px\" \/><\/div><\/figure><figure class=\"gallery-item\"><div class=\"gallery-icon landscape\"><img loading=\"lazy\" decoding=\"async\" width=\"1200\" height=\"1600\" src=\"https:\/\/graziamagazine.com\/mx\/wp-content\/uploads\/sites\/13\/2026\/04\/IMG_2041.jpeg\" class=\"lazy\" alt=\"Mascada de flecos: el accesorio clave del 2026\" srcset=\"https:\/\/graziamagazine.com\/mx\/wp-content\/uploads\/sites\/13\/2026\/04\/IMG_2041.jpeg 1200w, https:\/\/graziamagazine.com\/mx\/wp-content\/uploads\/sites\/13\/2026\/04\/IMG_2041-338x450.jpeg 338w, https:\/\/graziamagazine.com\/mx\/wp-content\/uploads\/sites\/13\/2026\/04\/IMG_2041-768x1024.jpeg 768w, https:\/\/graziamagazine.com\/mx\/wp-content\/uploads\/sites\/13\/2026\/04\/IMG_2041-1152x1536.jpeg 1152w, https:\/\/graziamagazine.com\/mx\/wp-content\/uploads\/sites\/13\/2026\/04\/IMG_2041-400x533.jpeg 400w, https:\/\/graziamagazine.com\/mx\/wp-content\/uploads\/sites\/13\/2026\/04\/IMG_2041-155x207.jpeg 155w\" sizes=\"(max-width: 1200px) 100vw, 1200px\" \/><\/div><\/figure><figure class=\"gallery-item\"><div class=\"gallery-icon landscape\"><img loading=\"lazy\" decoding=\"async\" width=\"1199\" height=\"1522\" src=\"https:\/\/graziamagazine.com\/mx\/wp-content\/uploads\/sites\/13\/2026\/04\/IMG_2045.jpeg\" class=\"lazy\" alt=\"Mascada de flecos: el accesorio clave del 2026\" srcset=\"https:\/\/graziamagazine.com\/mx\/wp-content\/uploads\/sites\/13\/2026\/04\/IMG_2045.jpeg 1199w, https:\/\/graziamagazine.com\/mx\/wp-content\/uploads\/sites\/13\/2026\/04\/IMG_2045-355x450.jpeg 355w, https:\/\/graziamagazine.com\/mx\/wp-content\/uploads\/sites\/13\/2026\/04\/IMG_2045-807x1024.jpeg 807w, https:\/\/graziamagazine.com\/mx\/wp-content\/uploads\/sites\/13\/2026\/04\/IMG_2045-768x975.jpeg 768w, https:\/\/graziamagazine.com\/mx\/wp-content\/uploads\/sites\/13\/2026\/04\/IMG_2045-400x508.jpeg 400w, https:\/\/graziamagazine.com\/mx\/wp-content\/uploads\/sites\/13\/2026\/04\/IMG_2045-155x197.jpeg 155w\" sizes=\"(max-width: 1199px) 100vw, 1199px\" \/><\/div><figcaption class=\"wp-caption-text gallery-caption\" id=\"gallery-1-170516\">Pinterest<\/figcaption><\/figure><\/div><\/div>\n<p class=\"p1\"><span class=\"s1\">Estamos en un momento donde la moda busca esa reconexi\u00f3n con lo aut\u00e9ntico y reinventar lo cl\u00e1sico. Esta vez, las pa\u00f1oletas no se quedan atr\u00e1s. Incorporan un nuevo detalle que le da movimiento y protagonismo a cualquier look, <strong>los flecos.<\/strong> Es un complemento aparentemente simple, pero que da a\u00fan m\u00e1s personalidad e impacto visual, no solo a la mascada sino a todo un look.<\/span><\/p>\n<p class=\"p1\"><span class=\"s1\">Cuando lo vi por primera vez, inmediatamente me record\u00f3 al <strong>traje de sevillana<\/strong>, tiene esta misma esencia de los flecos, pero llevado hacia una versi\u00f3n m\u00e1s de streetwear y contempor\u00e1nea para absolutamente todos. La hemos visto por todos lados, y cada vez m\u00e1s firmas est\u00e1n dise\u00f1ando variaciones de ella en distintos estilos. Algunas m\u00e1s minimalistas, otras m\u00e1s llamativas, pero todas con ese mismo elemento en com\u00fan, que le aporta movimiento y car\u00e1cter a cualquier pieza.<\/span><\/p>\n<p class=\"p1\"><span class=\"s1\">Los flecos siempre han sido algo que a todas nos ha gustado y que en alg\u00fan momento hemos llevado. Los hemos visto en faldas, vestidos, blusas, bolsos, botas, tacones, en absolutamente todo. Y hoy protagonizan una pieza inesperada, pero que ya a todos nos encanta. Y tal vez ah\u00ed es donde est\u00e1 la clave. No es un elemento nuevo que no conozcamos, pero s\u00ed reinventado de una forma distinta, alineado con lo que buscamos hoy en la moda.<\/span><\/p>\n<h4 class=\"p4\"><span class=\"s2\">C\u00f3mo implementar estas mascadas a tus looks del 2026<\/span><\/h4>\n<div class=\"content-gallery\"><div class=\"gallery-placeholder\"><div class=\"spinner\"><\/div><\/div><span class=\"gallery-pagination\"><\/span><div id=\"gallery-2\" class=\"gallery galleryid-170508 gallery-columns- gallery-size-\"><figure class=\"gallery-item\"><div class=\"gallery-icon landscape\"><img loading=\"lazy\" decoding=\"async\" width=\"1080\" height=\"1432\" src=\"https:\/\/graziamagazine.com\/mx\/wp-content\/uploads\/sites\/13\/2026\/04\/IMG_2047.jpeg\" class=\"lazy\" alt=\"Mascada de flecos: el accesorio clave del 2026\" srcset=\"https:\/\/graziamagazine.com\/mx\/wp-content\/uploads\/sites\/13\/2026\/04\/IMG_2047.jpeg 1080w, https:\/\/graziamagazine.com\/mx\/wp-content\/uploads\/sites\/13\/2026\/04\/IMG_2047-339x450.jpeg 339w, https:\/\/graziamagazine.com\/mx\/wp-content\/uploads\/sites\/13\/2026\/04\/IMG_2047-772x1024.jpeg 772w, https:\/\/graziamagazine.com\/mx\/wp-content\/uploads\/sites\/13\/2026\/04\/IMG_2047-768x1018.jpeg 768w, https:\/\/graziamagazine.com\/mx\/wp-content\/uploads\/sites\/13\/2026\/04\/IMG_2047-400x530.jpeg 400w, https:\/\/graziamagazine.com\/mx\/wp-content\/uploads\/sites\/13\/2026\/04\/IMG_2047-155x206.jpeg 155w\" sizes=\"(max-width: 1080px) 100vw, 1080px\" \/><\/div><figcaption class=\"wp-caption-text gallery-caption\" id=\"gallery-2-170514\">Pinterest<\/figcaption><\/figure><figure class=\"gallery-item\"><div class=\"gallery-icon landscape\"><img loading=\"lazy\" decoding=\"async\" width=\"1200\" height=\"1800\" src=\"https:\/\/graziamagazine.com\/mx\/wp-content\/uploads\/sites\/13\/2026\/04\/IMG_2043.jpeg\" class=\"lazy\" alt=\"\" srcset=\"https:\/\/graziamagazine.com\/mx\/wp-content\/uploads\/sites\/13\/2026\/04\/IMG_2043.jpeg 1200w, https:\/\/graziamagazine.com\/mx\/wp-content\/uploads\/sites\/13\/2026\/04\/IMG_2043-300x450.jpeg 300w, https:\/\/graziamagazine.com\/mx\/wp-content\/uploads\/sites\/13\/2026\/04\/IMG_2043-683x1024.jpeg 683w, https:\/\/graziamagazine.com\/mx\/wp-content\/uploads\/sites\/13\/2026\/04\/IMG_2043-768x1152.jpeg 768w, https:\/\/graziamagazine.com\/mx\/wp-content\/uploads\/sites\/13\/2026\/04\/IMG_2043-1024x1536.jpeg 1024w, https:\/\/graziamagazine.com\/mx\/wp-content\/uploads\/sites\/13\/2026\/04\/IMG_2043-400x600.jpeg 400w, https:\/\/graziamagazine.com\/mx\/wp-content\/uploads\/sites\/13\/2026\/04\/IMG_2043-143x215.jpeg 143w\" sizes=\"(max-width: 1200px) 100vw, 1200px\" \/><\/div><\/figure><figure class=\"gallery-item\"><div class=\"gallery-icon landscape\"><img loading=\"lazy\" decoding=\"async\" width=\"1080\" height=\"1440\" src=\"https:\/\/graziamagazine.com\/mx\/wp-content\/uploads\/sites\/13\/2026\/04\/IMG_2040.jpeg\" class=\"lazy\" alt=\"Mascada de flecos: el accesorio clave del 2026\" srcset=\"https:\/\/graziamagazine.com\/mx\/wp-content\/uploads\/sites\/13\/2026\/04\/IMG_2040.jpeg 1080w, https:\/\/graziamagazine.com\/mx\/wp-content\/uploads\/sites\/13\/2026\/04\/IMG_2040-338x450.jpeg 338w, https:\/\/graziamagazine.com\/mx\/wp-content\/uploads\/sites\/13\/2026\/04\/IMG_2040-768x1024.jpeg 768w, https:\/\/graziamagazine.com\/mx\/wp-content\/uploads\/sites\/13\/2026\/04\/IMG_2040-400x533.jpeg 400w, https:\/\/graziamagazine.com\/mx\/wp-content\/uploads\/sites\/13\/2026\/04\/IMG_2040-155x207.jpeg 155w\" sizes=\"(max-width: 1080px) 100vw, 1080px\" \/><\/div><\/figure><figure class=\"gallery-item\"><div class=\"gallery-icon landscape\"><img loading=\"lazy\" decoding=\"async\" width=\"1200\" height=\"1617\" src=\"https:\/\/graziamagazine.com\/mx\/wp-content\/uploads\/sites\/13\/2026\/04\/IMG_2046.jpeg\" class=\"lazy\" alt=\"\" srcset=\"https:\/\/graziamagazine.com\/mx\/wp-content\/uploads\/sites\/13\/2026\/04\/IMG_2046.jpeg 1200w, https:\/\/graziamagazine.com\/mx\/wp-content\/uploads\/sites\/13\/2026\/04\/IMG_2046-334x450.jpeg 334w, https:\/\/graziamagazine.com\/mx\/wp-content\/uploads\/sites\/13\/2026\/04\/IMG_2046-760x1024.jpeg 760w, https:\/\/graziamagazine.com\/mx\/wp-content\/uploads\/sites\/13\/2026\/04\/IMG_2046-768x1035.jpeg 768w, https:\/\/graziamagazine.com\/mx\/wp-content\/uploads\/sites\/13\/2026\/04\/IMG_2046-1140x1536.jpeg 1140w, https:\/\/graziamagazine.com\/mx\/wp-content\/uploads\/sites\/13\/2026\/04\/IMG_2046-400x539.jpeg 400w, https:\/\/graziamagazine.com\/mx\/wp-content\/uploads\/sites\/13\/2026\/04\/IMG_2046-155x209.jpeg 155w\" sizes=\"(max-width: 1200px) 100vw, 1200px\" \/><\/div><\/figure><figure class=\"gallery-item\"><div class=\"gallery-icon landscape\"><img loading=\"lazy\" decoding=\"async\" width=\"1200\" height=\"1600\" src=\"https:\/\/graziamagazine.com\/mx\/wp-content\/uploads\/sites\/13\/2026\/04\/IMG_2052.jpeg\" class=\"lazy\" alt=\"Mascada de flecos: el accesorio clave del 2026\" srcset=\"https:\/\/graziamagazine.com\/mx\/wp-content\/uploads\/sites\/13\/2026\/04\/IMG_2052.jpeg 1200w, https:\/\/graziamagazine.com\/mx\/wp-content\/uploads\/sites\/13\/2026\/04\/IMG_2052-338x450.jpeg 338w, https:\/\/graziamagazine.com\/mx\/wp-content\/uploads\/sites\/13\/2026\/04\/IMG_2052-768x1024.jpeg 768w, https:\/\/graziamagazine.com\/mx\/wp-content\/uploads\/sites\/13\/2026\/04\/IMG_2052-1152x1536.jpeg 1152w, https:\/\/graziamagazine.com\/mx\/wp-content\/uploads\/sites\/13\/2026\/04\/IMG_2052-400x533.jpeg 400w, https:\/\/graziamagazine.com\/mx\/wp-content\/uploads\/sites\/13\/2026\/04\/IMG_2052-155x207.jpeg 155w\" sizes=\"(max-width: 1200px) 100vw, 1200px\" \/><\/div><figcaption class=\"wp-caption-text gallery-caption\" id=\"gallery-2-170509\">Pinterest<\/figcaption><\/figure><\/div><\/div>\n<p class=\"p1\"><span class=\"s1\">Especialmente esta temporada, se lleva como estilo bufanda en sus versiones largas y con flecos en las orillas, tambi\u00e9n como cinturones. Y en su versi\u00f3n de triangular se lleva como mascada, tambi\u00e9n como pareo a la cintura, ya sea sobre pantalones, shorts, vestidos o faldas. La clave est\u00e1 en no sobrepensarlo, agr\u00e9galo, siempre ser\u00e1 una pieza que hace su propio trabajo dentro del look. Los colores a\u00fan no var\u00edan tanto. Protagonizan principalmente el negro y el blanco, pero, sabemos que pr\u00f3ximamente tendremos m\u00e1s variedades en cuanto a los colores.\u00a0<\/span><\/p>\n<p class=\"p1\"><span class=\"s1\">Estos \u00faltimos meses, se ha convertido en una declaraci\u00f3n de estilo, simple pero a la vez poderosa. Y es, especialmente, una forma de reinterpretar lo cl\u00e1sico, y de darnos cuenta que la mayor\u00eda de las veces, los detalles m\u00e1s simples son los que hacen toda la diferencia. <\/span><\/p>\n","protected":false},"author":42774,"featured_media":170513,"template":"","format":"standard","categories":[14502,4],"acf":[],"yoast_head":"<!-- This site is optimized with the Yoast SEO Premium plugin v18.5 (Yoast SEO v20.4) - https:\/\/yoast.com\/wordpress\/plugins\/seo\/ -->\n<title>Mascada de flecos: el accesorio clave del 2026 | Grazia M\u00e9xico y Latinoam\u00e9rica<\/title>\n<meta name=\"description\" content=\"La mascada de flecos es el accesorio clave para cualquier look esta temporada, te decimos las formas m\u00e1s actuales de integrarla a tu look.\" \/>\n<meta name=\"robots\" content=\"index, follow, max-snippet:-1, max-image-preview:large, max-video-preview:-1\" \/>\n<link rel=\"canonical\" href=\"https:\/\/graziamagazine.com\/mx\/articles\/mascada-panuelo-de-flecos-primavera-verano-2026\/\" \/>\n<meta property=\"og:locale\" content=\"es_MX\" \/>\n<meta property=\"og:type\" content=\"article\" \/>\n<meta property=\"og:title\" content=\"Mascada de flecos: el accesorio clave del 2026\" \/>\n<meta property=\"og:description\" content=\"La mascada de flecos es el accesorio clave para cualquier look esta temporada, te decimos las formas m\u00e1s actuales de integrarla a tu look.\" \/>\n<meta property=\"og:url\" content=\"https:\/\/graziamagazine.com\/mx\/articles\/mascada-panuelo-de-flecos-primavera-verano-2026\/\" \/>\n<meta property=\"og:site_name\" content=\"Grazia M\u00e9xico y Latinoam\u00e9rica\" \/>\n<meta property=\"article:modified_time\" content=\"2026-04-28T01:44:02+00:00\" \/>\n<meta property=\"og:image\" content=\"https:\/\/graziamagazine.com\/mx\/wp-content\/uploads\/sites\/13\/2026\/04\/IMG_2048.jpeg\" \/>\n\t<meta property=\"og:image:width\" content=\"980\" \/>\n\t<meta property=\"og:image:height\" content=\"1473\" \/>\n\t<meta property=\"og:image:type\" content=\"image\/jpeg\" \/>\n<meta name=\"twitter:card\" content=\"summary_large_image\" \/>\n<meta name=\"twitter:label1\" content=\"Est. reading time\" \/>\n\t<meta name=\"twitter:data1\" content=\"3 minutos\" \/>\n<script type=\"application\/ld+json\" class=\"yoast-schema-graph\">{\"@context\":\"https:\/\/schema.org\",\"@graph\":[{\"@type\":\"WebPage\",\"@id\":\"https:\/\/graziamagazine.com\/mx\/articles\/mascada-panuelo-de-flecos-primavera-verano-2026\/\",\"url\":\"https:\/\/graziamagazine.com\/mx\/articles\/mascada-panuelo-de-flecos-primavera-verano-2026\/\",\"name\":\"Mascada de flecos: el accesorio clave del 2026 | Grazia M\u00e9xico y Latinoam\u00e9rica\",\"isPartOf\":{\"@id\":\"https:\/\/graziamagazine.com\/mx\/#website\"},\"datePublished\":\"2026-04-28T00:09:35+00:00\",\"dateModified\":\"2026-04-28T01:44:02+00:00\",\"description\":\"La mascada de flecos es el accesorio clave para cualquier look esta temporada, te decimos las formas m\u00e1s actuales de integrarla a tu look.\",\"breadcrumb\":{\"@id\":\"https:\/\/graziamagazine.com\/mx\/articles\/mascada-panuelo-de-flecos-primavera-verano-2026\/#breadcrumb\"},\"inLanguage\":\"es-MX\",\"potentialAction\":[{\"@type\":\"ReadAction\",\"target\":[\"https:\/\/graziamagazine.com\/mx\/articles\/mascada-panuelo-de-flecos-primavera-verano-2026\/\"]}]},{\"@type\":\"BreadcrumbList\",\"@id\":\"https:\/\/graziamagazine.com\/mx\/articles\/mascada-panuelo-de-flecos-primavera-verano-2026\/#breadcrumb\",\"itemListElement\":[{\"@type\":\"ListItem\",\"position\":1,\"name\":\"Home\",\"item\":\"https:\/\/graziamagazine.com\/mx\/\"},{\"@type\":\"ListItem\",\"position\":2,\"name\":\"Mascada de flecos: el accesorio clave del 2026\"}]},{\"@type\":\"WebSite\",\"@id\":\"https:\/\/graziamagazine.com\/mx\/#website\",\"url\":\"https:\/\/graziamagazine.com\/mx\/\",\"name\":\"Grazia M\u00e9xico y Latinoam\u00e9rica\",\"description\":\"Grazia es moda, belleza y noticias  de actualidad \",\"potentialAction\":[{\"@type\":\"SearchAction\",\"target\":{\"@type\":\"EntryPoint\",\"urlTemplate\":\"https:\/\/graziamagazine.com\/mx\/?s={search_term_string}\"},\"query-input\":\"required name=search_term_string\"}],\"inLanguage\":\"es-MX\"}]}<\/script>\n<!-- \/ Yoast SEO Premium plugin. -->","yoast_head_json":{"title":"Mascada de flecos: el accesorio clave del 2026 | Grazia M\u00e9xico y Latinoam\u00e9rica","description":"La mascada de flecos es el accesorio clave para cualquier look esta temporada, te decimos las formas m\u00e1s actuales de integrarla a tu look.","robots":{"index":"index","follow":"follow","max-snippet":"max-snippet:-1","max-image-preview":"max-image-preview:large","max-video-preview":"max-video-preview:-1"},"canonical":"https:\/\/graziamagazine.com\/mx\/articles\/mascada-panuelo-de-flecos-primavera-verano-2026\/","og_locale":"es_MX","og_type":"article","og_title":"Mascada de flecos: el accesorio clave del 2026","og_description":"La mascada de flecos es el accesorio clave para cualquier look esta temporada, te decimos las formas m\u00e1s actuales de integrarla a tu look.","og_url":"https:\/\/graziamagazine.com\/mx\/articles\/mascada-panuelo-de-flecos-primavera-verano-2026\/","og_site_name":"Grazia M\u00e9xico y Latinoam\u00e9rica","article_modified_time":"2026-04-28T01:44:02+00:00","og_image":[{"width":980,"height":1473,"url":"https:\/\/graziamagazine.com\/mx\/wp-content\/uploads\/sites\/13\/2026\/04\/IMG_2048.jpeg","type":"image\/jpeg"}],"twitter_card":"summary_large_image","twitter_misc":{"Est. reading time":"3 minutos"},"schema":{"@context":"https:\/\/schema.org","@graph":[{"@type":"WebPage","@id":"https:\/\/graziamagazine.com\/mx\/articles\/mascada-panuelo-de-flecos-primavera-verano-2026\/","url":"https:\/\/graziamagazine.com\/mx\/articles\/mascada-panuelo-de-flecos-primavera-verano-2026\/","name":"Mascada de flecos: el accesorio clave del 2026 | Grazia M\u00e9xico y Latinoam\u00e9rica","isPartOf":{"@id":"https:\/\/graziamagazine.com\/mx\/#website"},"datePublished":"2026-04-28T00:09:35+00:00","dateModified":"2026-04-28T01:44:02+00:00","description":"La mascada de flecos es el accesorio clave para cualquier look esta temporada, te decimos las formas m\u00e1s actuales de integrarla a tu look.","breadcrumb":{"@id":"https:\/\/graziamagazine.com\/mx\/articles\/mascada-panuelo-de-flecos-primavera-verano-2026\/#breadcrumb"},"inLanguage":"es-MX","potentialAction":[{"@type":"ReadAction","target":["https:\/\/graziamagazine.com\/mx\/articles\/mascada-panuelo-de-flecos-primavera-verano-2026\/"]}]},{"@type":"BreadcrumbList","@id":"https:\/\/graziamagazine.com\/mx\/articles\/mascada-panuelo-de-flecos-primavera-verano-2026\/#breadcrumb","itemListElement":[{"@type":"ListItem","position":1,"name":"Home","item":"https:\/\/graziamagazine.com\/mx\/"},{"@type":"ListItem","position":2,"name":"Mascada de flecos: el accesorio clave del 2026"}]},{"@type":"WebSite","@id":"https:\/\/graziamagazine.com\/mx\/#website","url":"https:\/\/graziamagazine.com\/mx\/","name":"Grazia M\u00e9xico y Latinoam\u00e9rica","description":"Grazia es moda, belleza y noticias  de actualidad ","potentialAction":[{"@type":"SearchAction","target":{"@type":"EntryPoint","urlTemplate":"https:\/\/graziamagazine.com\/mx\/?s={search_term_string}"},"query-input":"required name=search_term_string"}],"inLanguage":"es-MX"}]}},"jetpack_sharing_enabled":true,"distributor_meta":false,"distributor_terms":false,"distributor_media":false,"distributor_original_site_name":"Grazia M\u00e9xico y Latinoam\u00e9rica","distributor_original_site_url":"https:\/\/graziamagazine.com\/mx","push-errors":false,"_links":{"self":[{"href":"https:\/\/graziamagazine.com\/mx\/wp-json\/wp\/v2\/articles\/170508"}],"collection":[{"href":"https:\/\/graziamagazine.com\/mx\/wp-json\/wp\/v2\/articles"}],"about":[{"href":"https:\/\/graziamagazine.com\/mx\/wp-json\/wp\/v2\/types\/articles"}],"author":[{"embeddable":true,"href":"https:\/\/graziamagazine.com\/mx\/wp-json\/wp\/v2\/users\/42774"}],"wp:featuredmedia":[{"embeddable":true,"href":"https:\/\/graziamagazine.com\/mx\/wp-json\/wp\/v2\/media\/170513"}],"wp:attachment":[{"href":"https:\/\/graziamagazine.com\/mx\/wp-json\/wp\/v2\/media?parent=170508"}],"wp:term":[{"taxonomy":"category","embeddable":true,"href":"https:\/\/graziamagazine.com\/mx\/wp-json\/wp\/v2\/categories?post=170508"}],"curies":[{"name":"wp","href":"https:\/\/api.w.org\/{rel}","templated":true}]}}