{"id":170487,"date":"2026-04-27T14:00:18","date_gmt":"2026-04-27T19:00:18","guid":{"rendered":"https:\/\/graziamagazine.com\/mx\/?post_type=articles&#038;p=170487"},"modified":"2026-04-27T15:48:00","modified_gmt":"2026-04-27T20:48:00","slug":"pantalones-capri-primavera-verano-2026","status":"publish","type":"articles","link":"https:\/\/graziamagazine.com\/mx\/articles\/pantalones-capri-primavera-verano-2026\/","title":{"rendered":"Pantalones capri: la gu\u00eda para llevarlos esta primavera-verano"},"content":{"rendered":"<p class=\"p1\"><span class=\"s1\">Definitivamente, el <\/span><span class=\"s2\">must<\/span><span class=\"s1\"> m\u00e1s esperado de toda esta temporada. Porque sabemos que cuando llega la <a href=\"https:\/\/graziamagazine.com\/mx\/search\/?search=primavera%20%2F%20verano&amp;tags=primavera%20\/%20verano\">primavera-verano<\/a>, es momento de sacar nuestros pantalones capri. Porque s\u00ed, buscamos <a href=\"https:\/\/graziamagazine.com\/mx\/articles\/las-prendas-indiscutibles-para-esta-primavera-verano\/\">prendas<\/a> que se sientan ligeras, f\u00e1ciles de llevar y que se vean bien. Y ah\u00ed es donde los capri vuelven a tener sentido. Durante mucho tiempo los vimos como una tendencia pasajera, pero tras varias temporadas hemos visto que siempre regresan, coron\u00e1ndose como un b\u00e1sico ya de nuestro cl\u00f3set.<\/span><\/p>\n<h2 class=\"p1\"><span class=\"s3\">Un cl\u00e1sico que nunca se fue<\/span><\/h2>\n<figure id=\"attachment_170503\" aria-describedby=\"caption-attachment-170503\" style=\"width: 338px\" class=\"wp-caption alignnone\"><img loading=\"lazy\" decoding=\"async\" class=\"size-medium wp-image-170503\" src=\"https:\/\/graziamagazine.com\/mx\/wp-content\/uploads\/sites\/13\/2026\/04\/IMG_3447-338x450.jpeg\" alt=\"Pantalones capri: la gu\u00eda para llevarlos esta primavera-verano\" width=\"338\" height=\"450\" srcset=\"https:\/\/graziamagazine.com\/mx\/wp-content\/uploads\/sites\/13\/2026\/04\/IMG_3447-338x450.jpeg 338w, https:\/\/graziamagazine.com\/mx\/wp-content\/uploads\/sites\/13\/2026\/04\/IMG_3447-768x1024.jpeg 768w, https:\/\/graziamagazine.com\/mx\/wp-content\/uploads\/sites\/13\/2026\/04\/IMG_3447-1152x1536.jpeg 1152w, https:\/\/graziamagazine.com\/mx\/wp-content\/uploads\/sites\/13\/2026\/04\/IMG_3447-400x533.jpeg 400w, https:\/\/graziamagazine.com\/mx\/wp-content\/uploads\/sites\/13\/2026\/04\/IMG_3447-155x207.jpeg 155w, https:\/\/graziamagazine.com\/mx\/wp-content\/uploads\/sites\/13\/2026\/04\/IMG_3447.jpeg 1170w\" sizes=\"(max-width: 338px) 100vw, 338px\" \/><figcaption id=\"caption-attachment-170503\" class=\"wp-caption-text\">Pinterest<\/figcaption><\/figure>\n<p class=\"p1\"><span class=\"s1\">Es esa pieza que ha estado presente durante d\u00e9cadas, pero esta vez, <\/span><span class=\"s1\">regresa con mucha m\u00e1s fuerza, porque su reinvenci\u00f3n es inevitable. Ya no solo es por su corte caracter\u00edstico a media pierna, sino por un <\/span><span class=\"s2\">styling<\/span><span class=\"s1\"> mucho m\u00e1s pensado e intencionado. Y esa es la clave que los ha mantenido temporada tras temporada, su esencia se mantiene intacta, pero la manera en la que se construye un look, en el cual es protagonista, hoy permite experimentar en torno a ellos.<\/span><\/p>\n<p class=\"p1\"><span class=\"s1\">En cuanto a los materiales, protagonizan algodones, tejidos el\u00e1sticos y mezclilla. El largo ic\u00f3nico de los capri sigue siendo el mismo, a la mitad o un poco m\u00e1s arriba de la pantorrilla. Y el secreto por el cual todas amamos los capri es que, si los sabes llevar bien, visualmente alargan la silueta.<\/span><\/p>\n<p class=\"p1\"><span class=\"s1\">Esta temporada, m\u00e1s que seguir reglas, propone intenci\u00f3n, como lo hemos visto en todo lo que se habla de <a href=\"https:\/\/graziamagazine.com\/mx\/moda\/\">moda<\/a> este 2026. Es ese balance entre comodidad y est\u00e9tica, y de expresar lo que queremos con lo que llevamos puesto. Y aqu\u00ed es donde los capri son protagonistas, porque s\u00ed, van con todos los estilos, desde looks elevados y pensados hasta unos m\u00e1s simples y minimalistas, incluso algo deportivos.<\/span><\/p>\n<h2 class=\"p1\"><span class=\"s3\">Los capri leggings<\/span><\/h2>\n<div class=\"content-gallery\"><div class=\"gallery-placeholder\"><div class=\"spinner\"><\/div><\/div><span class=\"gallery-pagination\"><\/span><div id=\"gallery-1\" class=\"gallery galleryid-170487 gallery-columns- gallery-size-\"><figure class=\"gallery-item\"><div class=\"gallery-icon landscape\"><img loading=\"lazy\" decoding=\"async\" width=\"1169\" height=\"1560\" src=\"https:\/\/graziamagazine.com\/mx\/wp-content\/uploads\/sites\/13\/2026\/04\/IMG_3452.jpeg\" class=\"lazy\" alt=\"Pantalones capri: la gu\u00eda para llevarlos esta primavera-verano\" srcset=\"https:\/\/graziamagazine.com\/mx\/wp-content\/uploads\/sites\/13\/2026\/04\/IMG_3452.jpeg 1169w, https:\/\/graziamagazine.com\/mx\/wp-content\/uploads\/sites\/13\/2026\/04\/IMG_3452-337x450.jpeg 337w, https:\/\/graziamagazine.com\/mx\/wp-content\/uploads\/sites\/13\/2026\/04\/IMG_3452-767x1024.jpeg 767w, https:\/\/graziamagazine.com\/mx\/wp-content\/uploads\/sites\/13\/2026\/04\/IMG_3452-768x1025.jpeg 768w, https:\/\/graziamagazine.com\/mx\/wp-content\/uploads\/sites\/13\/2026\/04\/IMG_3452-1151x1536.jpeg 1151w, https:\/\/graziamagazine.com\/mx\/wp-content\/uploads\/sites\/13\/2026\/04\/IMG_3452-400x534.jpeg 400w, https:\/\/graziamagazine.com\/mx\/wp-content\/uploads\/sites\/13\/2026\/04\/IMG_3452-155x207.jpeg 155w\" sizes=\"(max-width: 1169px) 100vw, 1169px\" \/><\/div><figcaption class=\"wp-caption-text gallery-caption\" id=\"gallery-1-170499\">Pinterest<\/figcaption><\/figure><figure class=\"gallery-item\"><div class=\"gallery-icon landscape\"><img loading=\"lazy\" decoding=\"async\" width=\"1200\" height=\"1680\" src=\"https:\/\/graziamagazine.com\/mx\/wp-content\/uploads\/sites\/13\/2026\/04\/IMG_3463.jpeg\" class=\"lazy\" alt=\"\" srcset=\"https:\/\/graziamagazine.com\/mx\/wp-content\/uploads\/sites\/13\/2026\/04\/IMG_3463.jpeg 1200w, https:\/\/graziamagazine.com\/mx\/wp-content\/uploads\/sites\/13\/2026\/04\/IMG_3463-321x450.jpeg 321w, https:\/\/graziamagazine.com\/mx\/wp-content\/uploads\/sites\/13\/2026\/04\/IMG_3463-731x1024.jpeg 731w, https:\/\/graziamagazine.com\/mx\/wp-content\/uploads\/sites\/13\/2026\/04\/IMG_3463-768x1075.jpeg 768w, https:\/\/graziamagazine.com\/mx\/wp-content\/uploads\/sites\/13\/2026\/04\/IMG_3463-1097x1536.jpeg 1097w, https:\/\/graziamagazine.com\/mx\/wp-content\/uploads\/sites\/13\/2026\/04\/IMG_3463-400x560.jpeg 400w\" sizes=\"(max-width: 1200px) 100vw, 1200px\" \/><\/div><\/figure><figure class=\"gallery-item\"><div class=\"gallery-icon landscape\"><img loading=\"lazy\" decoding=\"async\" width=\"1200\" height=\"2105\" src=\"https:\/\/graziamagazine.com\/mx\/wp-content\/uploads\/sites\/13\/2026\/04\/IMG_3453.jpeg\" class=\"lazy\" alt=\"Pantalones capri: la gu\u00eda para llevarlos esta primavera-verano\" srcset=\"https:\/\/graziamagazine.com\/mx\/wp-content\/uploads\/sites\/13\/2026\/04\/IMG_3453.jpeg 1200w, https:\/\/graziamagazine.com\/mx\/wp-content\/uploads\/sites\/13\/2026\/04\/IMG_3453-257x450.jpeg 257w, https:\/\/graziamagazine.com\/mx\/wp-content\/uploads\/sites\/13\/2026\/04\/IMG_3453-584x1024.jpeg 584w, https:\/\/graziamagazine.com\/mx\/wp-content\/uploads\/sites\/13\/2026\/04\/IMG_3453-768x1347.jpeg 768w, https:\/\/graziamagazine.com\/mx\/wp-content\/uploads\/sites\/13\/2026\/04\/IMG_3453-876x1536.jpeg 876w, https:\/\/graziamagazine.com\/mx\/wp-content\/uploads\/sites\/13\/2026\/04\/IMG_3453-1168x2048.jpeg 1168w, https:\/\/graziamagazine.com\/mx\/wp-content\/uploads\/sites\/13\/2026\/04\/IMG_3453-400x702.jpeg 400w, https:\/\/graziamagazine.com\/mx\/wp-content\/uploads\/sites\/13\/2026\/04\/IMG_3453-123x215.jpeg 123w\" sizes=\"(max-width: 1200px) 100vw, 1200px\" \/><\/div><figcaption class=\"wp-caption-text gallery-caption\" id=\"gallery-1-170498\">Pinterest<\/figcaption><\/figure><figure class=\"gallery-item\"><div class=\"gallery-icon landscape\"><img loading=\"lazy\" decoding=\"async\" width=\"832\" height=\"1445\" src=\"https:\/\/graziamagazine.com\/mx\/wp-content\/uploads\/sites\/13\/2026\/04\/IMG_3461.jpeg\" class=\"lazy\" alt=\"\" srcset=\"https:\/\/graziamagazine.com\/mx\/wp-content\/uploads\/sites\/13\/2026\/04\/IMG_3461.jpeg 832w, https:\/\/graziamagazine.com\/mx\/wp-content\/uploads\/sites\/13\/2026\/04\/IMG_3461-259x450.jpeg 259w, https:\/\/graziamagazine.com\/mx\/wp-content\/uploads\/sites\/13\/2026\/04\/IMG_3461-590x1024.jpeg 590w, https:\/\/graziamagazine.com\/mx\/wp-content\/uploads\/sites\/13\/2026\/04\/IMG_3461-768x1334.jpeg 768w, https:\/\/graziamagazine.com\/mx\/wp-content\/uploads\/sites\/13\/2026\/04\/IMG_3461-400x695.jpeg 400w, https:\/\/graziamagazine.com\/mx\/wp-content\/uploads\/sites\/13\/2026\/04\/IMG_3461-124x215.jpeg 124w\" sizes=\"(max-width: 832px) 100vw, 832px\" \/><\/div><\/figure><\/div><\/div>\n<p class=\"p1\"><span class=\"s1\">Estos pantalones han sido tan populares durante tantos a\u00f1os que se han reinventado en distintos estilos y cortes. Dentro de toda su evoluci\u00f3n, los capri leggings tambi\u00e9n se llevan esta temporada, pero desde una visi\u00f3n m\u00e1s estilizada y glamorosa.<\/span><\/p>\n<p class=\"p1\"><span class=\"s1\">Se integran a los looks como una base que permite jugar con distintas proporciones. Ya no se limitan a lo deportivo, ahora se elevan con piezas m\u00e1s estructuradas, logrando ese contraste entre lo c\u00f3modo y lo sofisticado que define a la temporada.<\/span><\/p>\n<h2 class=\"p1\"><span class=\"s3\">C\u00f3mo llevarlos ahora<\/span><\/h2>\n<div class=\"content-gallery\"><div class=\"gallery-placeholder\"><div class=\"spinner\"><\/div><\/div><span class=\"gallery-pagination\"><\/span><div id=\"gallery-2\" class=\"gallery galleryid-170487 gallery-columns- gallery-size-\"><figure class=\"gallery-item\"><div class=\"gallery-icon landscape\"><img loading=\"lazy\" decoding=\"async\" width=\"960\" height=\"1280\" src=\"https:\/\/graziamagazine.com\/mx\/wp-content\/uploads\/sites\/13\/2026\/04\/IMG_3451.jpeg\" class=\"lazy\" alt=\"Pantalones capri: la gu\u00eda para llevarlos esta primavera-verano\" srcset=\"https:\/\/graziamagazine.com\/mx\/wp-content\/uploads\/sites\/13\/2026\/04\/IMG_3451.jpeg 960w, https:\/\/graziamagazine.com\/mx\/wp-content\/uploads\/sites\/13\/2026\/04\/IMG_3451-338x450.jpeg 338w, https:\/\/graziamagazine.com\/mx\/wp-content\/uploads\/sites\/13\/2026\/04\/IMG_3451-768x1024.jpeg 768w, https:\/\/graziamagazine.com\/mx\/wp-content\/uploads\/sites\/13\/2026\/04\/IMG_3451-400x533.jpeg 400w, https:\/\/graziamagazine.com\/mx\/wp-content\/uploads\/sites\/13\/2026\/04\/IMG_3451-155x207.jpeg 155w\" sizes=\"(max-width: 960px) 100vw, 960px\" \/><\/div><figcaption class=\"wp-caption-text gallery-caption\" id=\"gallery-2-170500\">Pinterest<\/figcaption><\/figure><figure class=\"gallery-item\"><div class=\"gallery-icon landscape\"><img loading=\"lazy\" decoding=\"async\" width=\"1089\" height=\"1434\" src=\"https:\/\/graziamagazine.com\/mx\/wp-content\/uploads\/sites\/13\/2026\/04\/IMG_3449.jpeg\" class=\"lazy\" alt=\"\" srcset=\"https:\/\/graziamagazine.com\/mx\/wp-content\/uploads\/sites\/13\/2026\/04\/IMG_3449.jpeg 1089w, https:\/\/graziamagazine.com\/mx\/wp-content\/uploads\/sites\/13\/2026\/04\/IMG_3449-342x450.jpeg 342w, https:\/\/graziamagazine.com\/mx\/wp-content\/uploads\/sites\/13\/2026\/04\/IMG_3449-778x1024.jpeg 778w, https:\/\/graziamagazine.com\/mx\/wp-content\/uploads\/sites\/13\/2026\/04\/IMG_3449-768x1011.jpeg 768w, https:\/\/graziamagazine.com\/mx\/wp-content\/uploads\/sites\/13\/2026\/04\/IMG_3449-400x527.jpeg 400w, https:\/\/graziamagazine.com\/mx\/wp-content\/uploads\/sites\/13\/2026\/04\/IMG_3449-155x204.jpeg 155w\" sizes=\"(max-width: 1089px) 100vw, 1089px\" \/><\/div><\/figure><figure class=\"gallery-item\"><div class=\"gallery-icon landscape\"><img loading=\"lazy\" decoding=\"async\" width=\"1080\" height=\"1591\" src=\"https:\/\/graziamagazine.com\/mx\/wp-content\/uploads\/sites\/13\/2026\/04\/IMG_3455.jpeg\" class=\"lazy\" alt=\"\" srcset=\"https:\/\/graziamagazine.com\/mx\/wp-content\/uploads\/sites\/13\/2026\/04\/IMG_3455.jpeg 1080w, https:\/\/graziamagazine.com\/mx\/wp-content\/uploads\/sites\/13\/2026\/04\/IMG_3455-305x450.jpeg 305w, https:\/\/graziamagazine.com\/mx\/wp-content\/uploads\/sites\/13\/2026\/04\/IMG_3455-695x1024.jpeg 695w, https:\/\/graziamagazine.com\/mx\/wp-content\/uploads\/sites\/13\/2026\/04\/IMG_3455-768x1131.jpeg 768w, https:\/\/graziamagazine.com\/mx\/wp-content\/uploads\/sites\/13\/2026\/04\/IMG_3455-1043x1536.jpeg 1043w, https:\/\/graziamagazine.com\/mx\/wp-content\/uploads\/sites\/13\/2026\/04\/IMG_3455-400x589.jpeg 400w, https:\/\/graziamagazine.com\/mx\/wp-content\/uploads\/sites\/13\/2026\/04\/IMG_3455-146x215.jpeg 146w\" sizes=\"(max-width: 1080px) 100vw, 1080px\" \/><\/div><\/figure><figure class=\"gallery-item\"><div class=\"gallery-icon landscape\"><img loading=\"lazy\" decoding=\"async\" width=\"1080\" height=\"1350\" src=\"https:\/\/graziamagazine.com\/mx\/wp-content\/uploads\/sites\/13\/2026\/04\/IMG_3459.jpeg\" class=\"lazy\" alt=\"\" srcset=\"https:\/\/graziamagazine.com\/mx\/wp-content\/uploads\/sites\/13\/2026\/04\/IMG_3459.jpeg 1080w, https:\/\/graziamagazine.com\/mx\/wp-content\/uploads\/sites\/13\/2026\/04\/IMG_3459-360x450.jpeg 360w, https:\/\/graziamagazine.com\/mx\/wp-content\/uploads\/sites\/13\/2026\/04\/IMG_3459-819x1024.jpeg 819w, https:\/\/graziamagazine.com\/mx\/wp-content\/uploads\/sites\/13\/2026\/04\/IMG_3459-768x960.jpeg 768w, https:\/\/graziamagazine.com\/mx\/wp-content\/uploads\/sites\/13\/2026\/04\/IMG_3459-400x500.jpeg 400w, https:\/\/graziamagazine.com\/mx\/wp-content\/uploads\/sites\/13\/2026\/04\/IMG_3459-155x194.jpeg 155w\" sizes=\"(max-width: 1080px) 100vw, 1080px\" \/><\/div><\/figure><figure class=\"gallery-item\"><div class=\"gallery-icon landscape\"><img loading=\"lazy\" decoding=\"async\" width=\"1170\" height=\"1430\" src=\"https:\/\/graziamagazine.com\/mx\/wp-content\/uploads\/sites\/13\/2026\/04\/IMG_3460.jpeg\" class=\"lazy\" alt=\"\" srcset=\"https:\/\/graziamagazine.com\/mx\/wp-content\/uploads\/sites\/13\/2026\/04\/IMG_3460.jpeg 1170w, https:\/\/graziamagazine.com\/mx\/wp-content\/uploads\/sites\/13\/2026\/04\/IMG_3460-368x450.jpeg 368w, https:\/\/graziamagazine.com\/mx\/wp-content\/uploads\/sites\/13\/2026\/04\/IMG_3460-838x1024.jpeg 838w, https:\/\/graziamagazine.com\/mx\/wp-content\/uploads\/sites\/13\/2026\/04\/IMG_3460-768x939.jpeg 768w, https:\/\/graziamagazine.com\/mx\/wp-content\/uploads\/sites\/13\/2026\/04\/IMG_3460-400x489.jpeg 400w, https:\/\/graziamagazine.com\/mx\/wp-content\/uploads\/sites\/13\/2026\/04\/IMG_3460-155x189.jpeg 155w\" sizes=\"(max-width: 1170px) 100vw, 1170px\" \/><\/div><\/figure><figure class=\"gallery-item\"><div class=\"gallery-icon landscape\"><img loading=\"lazy\" decoding=\"async\" width=\"1170\" height=\"1559\" src=\"https:\/\/graziamagazine.com\/mx\/wp-content\/uploads\/sites\/13\/2026\/04\/IMG_3458.jpeg\" class=\"lazy\" alt=\"\" srcset=\"https:\/\/graziamagazine.com\/mx\/wp-content\/uploads\/sites\/13\/2026\/04\/IMG_3458.jpeg 1170w, https:\/\/graziamagazine.com\/mx\/wp-content\/uploads\/sites\/13\/2026\/04\/IMG_3458-338x450.jpeg 338w, https:\/\/graziamagazine.com\/mx\/wp-content\/uploads\/sites\/13\/2026\/04\/IMG_3458-768x1023.jpeg 768w, https:\/\/graziamagazine.com\/mx\/wp-content\/uploads\/sites\/13\/2026\/04\/IMG_3458-1153x1536.jpeg 1153w, https:\/\/graziamagazine.com\/mx\/wp-content\/uploads\/sites\/13\/2026\/04\/IMG_3458-400x533.jpeg 400w, https:\/\/graziamagazine.com\/mx\/wp-content\/uploads\/sites\/13\/2026\/04\/IMG_3458-155x207.jpeg 155w\" sizes=\"(max-width: 1170px) 100vw, 1170px\" \/><\/div><\/figure><figure class=\"gallery-item\"><div class=\"gallery-icon landscape\"><img loading=\"lazy\" decoding=\"async\" width=\"1199\" height=\"1495\" src=\"https:\/\/graziamagazine.com\/mx\/wp-content\/uploads\/sites\/13\/2026\/04\/IMG_3454.jpeg\" class=\"lazy\" alt=\"\" srcset=\"https:\/\/graziamagazine.com\/mx\/wp-content\/uploads\/sites\/13\/2026\/04\/IMG_3454.jpeg 1199w, https:\/\/graziamagazine.com\/mx\/wp-content\/uploads\/sites\/13\/2026\/04\/IMG_3454-361x450.jpeg 361w, https:\/\/graziamagazine.com\/mx\/wp-content\/uploads\/sites\/13\/2026\/04\/IMG_3454-821x1024.jpeg 821w, https:\/\/graziamagazine.com\/mx\/wp-content\/uploads\/sites\/13\/2026\/04\/IMG_3454-768x958.jpeg 768w, https:\/\/graziamagazine.com\/mx\/wp-content\/uploads\/sites\/13\/2026\/04\/IMG_3454-400x499.jpeg 400w, https:\/\/graziamagazine.com\/mx\/wp-content\/uploads\/sites\/13\/2026\/04\/IMG_3454-155x193.jpeg 155w\" sizes=\"(max-width: 1199px) 100vw, 1199px\" \/><\/div><\/figure><figure class=\"gallery-item\"><div class=\"gallery-icon landscape\"><img loading=\"lazy\" decoding=\"async\" width=\"1200\" height=\"2105\" src=\"https:\/\/graziamagazine.com\/mx\/wp-content\/uploads\/sites\/13\/2026\/04\/IMG_3453.jpeg\" class=\"lazy\" alt=\"Pantalones capri: la gu\u00eda para llevarlos esta primavera-verano\" srcset=\"https:\/\/graziamagazine.com\/mx\/wp-content\/uploads\/sites\/13\/2026\/04\/IMG_3453.jpeg 1200w, https:\/\/graziamagazine.com\/mx\/wp-content\/uploads\/sites\/13\/2026\/04\/IMG_3453-257x450.jpeg 257w, https:\/\/graziamagazine.com\/mx\/wp-content\/uploads\/sites\/13\/2026\/04\/IMG_3453-584x1024.jpeg 584w, https:\/\/graziamagazine.com\/mx\/wp-content\/uploads\/sites\/13\/2026\/04\/IMG_3453-768x1347.jpeg 768w, https:\/\/graziamagazine.com\/mx\/wp-content\/uploads\/sites\/13\/2026\/04\/IMG_3453-876x1536.jpeg 876w, https:\/\/graziamagazine.com\/mx\/wp-content\/uploads\/sites\/13\/2026\/04\/IMG_3453-1168x2048.jpeg 1168w, https:\/\/graziamagazine.com\/mx\/wp-content\/uploads\/sites\/13\/2026\/04\/IMG_3453-400x702.jpeg 400w, https:\/\/graziamagazine.com\/mx\/wp-content\/uploads\/sites\/13\/2026\/04\/IMG_3453-123x215.jpeg 123w\" sizes=\"(max-width: 1200px) 100vw, 1200px\" \/><\/div><figcaption class=\"wp-caption-text gallery-caption\" id=\"gallery-2-170498\">Pinterest<\/figcaption><\/figure><figure class=\"gallery-item\"><div class=\"gallery-icon landscape\"><img loading=\"lazy\" decoding=\"async\" width=\"1125\" height=\"1911\" src=\"https:\/\/graziamagazine.com\/mx\/wp-content\/uploads\/sites\/13\/2026\/04\/IMG_3450.jpeg\" class=\"lazy\" alt=\"\" srcset=\"https:\/\/graziamagazine.com\/mx\/wp-content\/uploads\/sites\/13\/2026\/04\/IMG_3450.jpeg 1125w, https:\/\/graziamagazine.com\/mx\/wp-content\/uploads\/sites\/13\/2026\/04\/IMG_3450-265x450.jpeg 265w, https:\/\/graziamagazine.com\/mx\/wp-content\/uploads\/sites\/13\/2026\/04\/IMG_3450-603x1024.jpeg 603w, https:\/\/graziamagazine.com\/mx\/wp-content\/uploads\/sites\/13\/2026\/04\/IMG_3450-768x1305.jpeg 768w, https:\/\/graziamagazine.com\/mx\/wp-content\/uploads\/sites\/13\/2026\/04\/IMG_3450-904x1536.jpeg 904w, https:\/\/graziamagazine.com\/mx\/wp-content\/uploads\/sites\/13\/2026\/04\/IMG_3450-400x679.jpeg 400w, https:\/\/graziamagazine.com\/mx\/wp-content\/uploads\/sites\/13\/2026\/04\/IMG_3450-127x215.jpeg 127w\" sizes=\"(max-width: 1125px) 100vw, 1125px\" \/><\/div><\/figure><figure class=\"gallery-item\"><div class=\"gallery-icon landscape\"><img loading=\"lazy\" decoding=\"async\" width=\"1170\" height=\"1983\" src=\"https:\/\/graziamagazine.com\/mx\/wp-content\/uploads\/sites\/13\/2026\/04\/IMG_3456.jpeg\" class=\"lazy\" alt=\"Pantalones capri: la gu\u00eda para llevarlos esta primavera-verano\" srcset=\"https:\/\/graziamagazine.com\/mx\/wp-content\/uploads\/sites\/13\/2026\/04\/IMG_3456.jpeg 1170w, https:\/\/graziamagazine.com\/mx\/wp-content\/uploads\/sites\/13\/2026\/04\/IMG_3456-266x450.jpeg 266w, https:\/\/graziamagazine.com\/mx\/wp-content\/uploads\/sites\/13\/2026\/04\/IMG_3456-604x1024.jpeg 604w, https:\/\/graziamagazine.com\/mx\/wp-content\/uploads\/sites\/13\/2026\/04\/IMG_3456-768x1302.jpeg 768w, https:\/\/graziamagazine.com\/mx\/wp-content\/uploads\/sites\/13\/2026\/04\/IMG_3456-906x1536.jpeg 906w, https:\/\/graziamagazine.com\/mx\/wp-content\/uploads\/sites\/13\/2026\/04\/IMG_3456-400x678.jpeg 400w, https:\/\/graziamagazine.com\/mx\/wp-content\/uploads\/sites\/13\/2026\/04\/IMG_3456-127x215.jpeg 127w\" sizes=\"(max-width: 1170px) 100vw, 1170px\" \/><\/div><\/figure><\/div><\/div>\n<p class=\"p1\"><span class=\"s1\">La regla de <\/span><span class=\"s2\">styling<\/span><span class=\"s1\"> por excelencia es,<\/span><span class=\"s1\">\u00a0si eliges una pieza ajustada en la parte de abajo, comb\u00ednala con algo m\u00e1s amplio y fluido en la parte de arriba, y viceversa. Como es de saberse, el estampado <\/span><span class=\"s2\">polka dot<\/span><span class=\"s1\"> est\u00e1 de regreso y eso significa que tambi\u00e9n lo veremos en pantalones capri. Firmas como RAT BOI, AEXAE, AFRM o de <\/span><span class=\"s2\">fast fashion<\/span><span class=\"s1\"> como Zara los tienen para esta temporada.<\/span><\/p>\n<p class=\"p1\"><span class=\"s1\">Ya no se llevan solo hacia lo deportivo. En la parte superior se acompa\u00f1an con blazers, camisas, camisetas b\u00e1sicas, cardigans o tops m\u00e1s elevados y elegantes, seg\u00fan el estilo que quieras lograr.<\/span><\/p>\n<p class=\"p1\"><span class=\"s1\">Esta temporada, el calzado es fundamental y la mejor forma de lucir unos buenos zapatos puede ser llev\u00e1ndolos con unos pantalones capri. Hoy se llevan con sandalias planas o de tac\u00f3n para elevar mucho m\u00e1s el look; los mules tambi\u00e9n pueden ser una gran opci\u00f3n, as\u00ed como las Mary Janes o los tacones.<\/span><\/p>\n<p class=\"p1\">Los pantalones capri regresan como una pieza clave que en realidad nunca se ha ido, pero que cobra especial fuerza en primavera-verano.<\/p>\n","protected":false},"author":42774,"featured_media":170489,"template":"","format":"standard","categories":[4],"acf":[],"yoast_head":"<!-- This site is optimized with the Yoast SEO Premium plugin v18.5 (Yoast SEO v20.4) - https:\/\/yoast.com\/wordpress\/plugins\/seo\/ -->\n<title>Pantalones capri: la gu\u00eda para llevarlos esta primavera-verano | Grazia M\u00e9xico y Latinoam\u00e9rica<\/title>\n<meta name=\"description\" content=\"Los pantalones capri regresan esta primavera-verano como el b\u00e1sico m\u00e1s popular y elegante de esta temporada\" \/>\n<meta name=\"robots\" content=\"index, follow, max-snippet:-1, max-image-preview:large, max-video-preview:-1\" \/>\n<link rel=\"canonical\" href=\"https:\/\/graziamagazine.com\/mx\/articles\/pantalones-capri-primavera-verano-2026\/\" \/>\n<meta property=\"og:locale\" content=\"es_MX\" \/>\n<meta property=\"og:type\" content=\"article\" \/>\n<meta property=\"og:title\" content=\"Pantalones capri: la gu\u00eda para llevarlos esta primavera-verano\" \/>\n<meta property=\"og:description\" content=\"Los pantalones capri regresan esta primavera-verano como el b\u00e1sico m\u00e1s popular y elegante de esta temporada\" \/>\n<meta property=\"og:url\" content=\"https:\/\/graziamagazine.com\/mx\/articles\/pantalones-capri-primavera-verano-2026\/\" \/>\n<meta property=\"og:site_name\" content=\"Grazia M\u00e9xico y Latinoam\u00e9rica\" \/>\n<meta property=\"article:modified_time\" content=\"2026-04-27T20:48:00+00:00\" \/>\n<meta property=\"og:image\" content=\"https:\/\/graziamagazine.com\/mx\/wp-content\/uploads\/sites\/13\/2026\/04\/IMG_3462.jpeg\" \/>\n\t<meta property=\"og:image:width\" content=\"736\" \/>\n\t<meta property=\"og:image:height\" content=\"920\" \/>\n\t<meta property=\"og:image:type\" content=\"image\/jpeg\" \/>\n<meta name=\"twitter:card\" content=\"summary_large_image\" \/>\n<meta name=\"twitter:label1\" content=\"Est. reading time\" \/>\n\t<meta name=\"twitter:data1\" content=\"3 minutos\" \/>\n<script type=\"application\/ld+json\" class=\"yoast-schema-graph\">{\"@context\":\"https:\/\/schema.org\",\"@graph\":[{\"@type\":\"WebPage\",\"@id\":\"https:\/\/graziamagazine.com\/mx\/articles\/pantalones-capri-primavera-verano-2026\/\",\"url\":\"https:\/\/graziamagazine.com\/mx\/articles\/pantalones-capri-primavera-verano-2026\/\",\"name\":\"Pantalones capri: la gu\u00eda para llevarlos esta primavera-verano | Grazia M\u00e9xico y Latinoam\u00e9rica\",\"isPartOf\":{\"@id\":\"https:\/\/graziamagazine.com\/mx\/#website\"},\"datePublished\":\"2026-04-27T19:00:18+00:00\",\"dateModified\":\"2026-04-27T20:48:00+00:00\",\"description\":\"Los pantalones capri regresan esta primavera-verano como el b\u00e1sico m\u00e1s popular y elegante de esta temporada\",\"breadcrumb\":{\"@id\":\"https:\/\/graziamagazine.com\/mx\/articles\/pantalones-capri-primavera-verano-2026\/#breadcrumb\"},\"inLanguage\":\"es-MX\",\"potentialAction\":[{\"@type\":\"ReadAction\",\"target\":[\"https:\/\/graziamagazine.com\/mx\/articles\/pantalones-capri-primavera-verano-2026\/\"]}]},{\"@type\":\"BreadcrumbList\",\"@id\":\"https:\/\/graziamagazine.com\/mx\/articles\/pantalones-capri-primavera-verano-2026\/#breadcrumb\",\"itemListElement\":[{\"@type\":\"ListItem\",\"position\":1,\"name\":\"Home\",\"item\":\"https:\/\/graziamagazine.com\/mx\/\"},{\"@type\":\"ListItem\",\"position\":2,\"name\":\"Pantalones capri: la gu\u00eda para llevarlos esta primavera-verano\"}]},{\"@type\":\"WebSite\",\"@id\":\"https:\/\/graziamagazine.com\/mx\/#website\",\"url\":\"https:\/\/graziamagazine.com\/mx\/\",\"name\":\"Grazia M\u00e9xico y Latinoam\u00e9rica\",\"description\":\"Grazia es moda, belleza y noticias  de actualidad \",\"potentialAction\":[{\"@type\":\"SearchAction\",\"target\":{\"@type\":\"EntryPoint\",\"urlTemplate\":\"https:\/\/graziamagazine.com\/mx\/?s={search_term_string}\"},\"query-input\":\"required name=search_term_string\"}],\"inLanguage\":\"es-MX\"}]}<\/script>\n<!-- \/ Yoast SEO Premium plugin. -->","yoast_head_json":{"title":"Pantalones capri: la gu\u00eda para llevarlos esta primavera-verano | Grazia M\u00e9xico y Latinoam\u00e9rica","description":"Los pantalones capri regresan esta primavera-verano como el b\u00e1sico m\u00e1s popular y elegante de esta temporada","robots":{"index":"index","follow":"follow","max-snippet":"max-snippet:-1","max-image-preview":"max-image-preview:large","max-video-preview":"max-video-preview:-1"},"canonical":"https:\/\/graziamagazine.com\/mx\/articles\/pantalones-capri-primavera-verano-2026\/","og_locale":"es_MX","og_type":"article","og_title":"Pantalones capri: la gu\u00eda para llevarlos esta primavera-verano","og_description":"Los pantalones capri regresan esta primavera-verano como el b\u00e1sico m\u00e1s popular y elegante de esta temporada","og_url":"https:\/\/graziamagazine.com\/mx\/articles\/pantalones-capri-primavera-verano-2026\/","og_site_name":"Grazia M\u00e9xico y Latinoam\u00e9rica","article_modified_time":"2026-04-27T20:48:00+00:00","og_image":[{"width":736,"height":920,"url":"https:\/\/graziamagazine.com\/mx\/wp-content\/uploads\/sites\/13\/2026\/04\/IMG_3462.jpeg","type":"image\/jpeg"}],"twitter_card":"summary_large_image","twitter_misc":{"Est. reading time":"3 minutos"},"schema":{"@context":"https:\/\/schema.org","@graph":[{"@type":"WebPage","@id":"https:\/\/graziamagazine.com\/mx\/articles\/pantalones-capri-primavera-verano-2026\/","url":"https:\/\/graziamagazine.com\/mx\/articles\/pantalones-capri-primavera-verano-2026\/","name":"Pantalones capri: la gu\u00eda para llevarlos esta primavera-verano | Grazia M\u00e9xico y Latinoam\u00e9rica","isPartOf":{"@id":"https:\/\/graziamagazine.com\/mx\/#website"},"datePublished":"2026-04-27T19:00:18+00:00","dateModified":"2026-04-27T20:48:00+00:00","description":"Los pantalones capri regresan esta primavera-verano como el b\u00e1sico m\u00e1s popular y elegante de esta temporada","breadcrumb":{"@id":"https:\/\/graziamagazine.com\/mx\/articles\/pantalones-capri-primavera-verano-2026\/#breadcrumb"},"inLanguage":"es-MX","potentialAction":[{"@type":"ReadAction","target":["https:\/\/graziamagazine.com\/mx\/articles\/pantalones-capri-primavera-verano-2026\/"]}]},{"@type":"BreadcrumbList","@id":"https:\/\/graziamagazine.com\/mx\/articles\/pantalones-capri-primavera-verano-2026\/#breadcrumb","itemListElement":[{"@type":"ListItem","position":1,"name":"Home","item":"https:\/\/graziamagazine.com\/mx\/"},{"@type":"ListItem","position":2,"name":"Pantalones capri: la gu\u00eda para llevarlos esta primavera-verano"}]},{"@type":"WebSite","@id":"https:\/\/graziamagazine.com\/mx\/#website","url":"https:\/\/graziamagazine.com\/mx\/","name":"Grazia M\u00e9xico y Latinoam\u00e9rica","description":"Grazia es moda, belleza y noticias  de actualidad ","potentialAction":[{"@type":"SearchAction","target":{"@type":"EntryPoint","urlTemplate":"https:\/\/graziamagazine.com\/mx\/?s={search_term_string}"},"query-input":"required name=search_term_string"}],"inLanguage":"es-MX"}]}},"jetpack_sharing_enabled":true,"distributor_meta":false,"distributor_terms":false,"distributor_media":false,"distributor_original_site_name":"Grazia M\u00e9xico y Latinoam\u00e9rica","distributor_original_site_url":"https:\/\/graziamagazine.com\/mx","push-errors":false,"_links":{"self":[{"href":"https:\/\/graziamagazine.com\/mx\/wp-json\/wp\/v2\/articles\/170487"}],"collection":[{"href":"https:\/\/graziamagazine.com\/mx\/wp-json\/wp\/v2\/articles"}],"about":[{"href":"https:\/\/graziamagazine.com\/mx\/wp-json\/wp\/v2\/types\/articles"}],"author":[{"embeddable":true,"href":"https:\/\/graziamagazine.com\/mx\/wp-json\/wp\/v2\/users\/42774"}],"wp:featuredmedia":[{"embeddable":true,"href":"https:\/\/graziamagazine.com\/mx\/wp-json\/wp\/v2\/media\/170489"}],"wp:attachment":[{"href":"https:\/\/graziamagazine.com\/mx\/wp-json\/wp\/v2\/media?parent=170487"}],"wp:term":[{"taxonomy":"category","embeddable":true,"href":"https:\/\/graziamagazine.com\/mx\/wp-json\/wp\/v2\/categories?post=170487"}],"curies":[{"name":"wp","href":"https:\/\/api.w.org\/{rel}","templated":true}]}}