{"id":170466,"date":"2026-04-27T11:57:16","date_gmt":"2026-04-27T16:57:16","guid":{"rendered":"https:\/\/graziamagazine.com\/mx\/?post_type=articles&#038;p=170466"},"modified":"2026-04-27T12:05:49","modified_gmt":"2026-04-27T17:05:49","slug":"como-llevar-pantalones-verde-militar-2026","status":"publish","type":"articles","link":"https:\/\/graziamagazine.com\/mx\/articles\/como-llevar-pantalones-verde-militar-2026\/","title":{"rendered":"Pantalones verde militar, regreso estilo a\u00f1os 2000"},"content":{"rendered":"<p data-start=\"324\" data-end=\"741\">Cada temporada trae consigo el regreso inesperado de piezas que cre\u00edamos archivadas en la memoria del estilo, y esta primavera 2026 confirma el retorno de un cl\u00e1sico con nueva energ\u00eda: los pantalones verde militar.<\/p>\n<p data-start=\"743\" data-end=\"1144\">Lejos de limitarse a su origen utilitario, el verde militar se transforma en un color sofisticado, c\u00e1lido y sorprendentemente vers\u00e1til. Su capacidad para adaptarse a distintas combinaciones lo convierte en un aliado clave para construir looks que se mueven entre lo casual y lo pulido sin esfuerzo. Es un tono que conecta con la naturaleza, pero tambi\u00e9n con una est\u00e9tica urbana que busca autenticidad.<\/p>\n<p data-start=\"1146\" data-end=\"1535\">En las pasarelas de primavera verano 2026, esta tendencia ha sido reinterpretada con una sensibilidad moderna. Las siluetas se suavizan, los cortes se vuelven m\u00e1s fluidos y el resultado es una prenda que se aleja de lo estrictamente militar para abrazar una elegancia relajada. El pantal\u00f3n verde militar deja de ser r\u00edgido para convertirse en una pieza din\u00e1mica que acompa\u00f1a el movimiento.<\/p>\n<h3 data-section-id=\"1hbbr12\" data-start=\"1537\" data-end=\"1577\">Minimalismo urbano con base neutra<img loading=\"lazy\" decoding=\"async\" class=\"alignnone size-large wp-image-170474\" src=\"https:\/\/graziamagazine.com\/mx\/wp-content\/uploads\/sites\/13\/2026\/04\/Balmain-S26-023-683x1024.png\" alt=\"\" width=\"683\" height=\"1024\" srcset=\"https:\/\/graziamagazine.com\/mx\/wp-content\/uploads\/sites\/13\/2026\/04\/Balmain-S26-023-683x1024.png 683w, https:\/\/graziamagazine.com\/mx\/wp-content\/uploads\/sites\/13\/2026\/04\/Balmain-S26-023-300x450.png 300w, https:\/\/graziamagazine.com\/mx\/wp-content\/uploads\/sites\/13\/2026\/04\/Balmain-S26-023-768x1152.png 768w, https:\/\/graziamagazine.com\/mx\/wp-content\/uploads\/sites\/13\/2026\/04\/Balmain-S26-023-1024x1536.png 1024w, https:\/\/graziamagazine.com\/mx\/wp-content\/uploads\/sites\/13\/2026\/04\/Balmain-S26-023-1365x2048.png 1365w, https:\/\/graziamagazine.com\/mx\/wp-content\/uploads\/sites\/13\/2026\/04\/Balmain-S26-023-400x600.png 400w, https:\/\/graziamagazine.com\/mx\/wp-content\/uploads\/sites\/13\/2026\/04\/Balmain-S26-023-143x215.png 143w\" sizes=\"(max-width: 683px) 100vw, 683px\" \/><\/h3>\n<p data-start=\"1579\" data-end=\"1969\">Una de las formas m\u00e1s actuales de llevar pantalones verde militar es a trav\u00e9s de combinaciones minimalistas. Camisetas b\u00e1sicas, su\u00e9teres ligeros o tops en tonos neutros como blanco, negro o gris permiten que el color destaque sin saturar el conjunto. Este tipo de look apuesta por la simplicidad, donde cada elemento cumple una funci\u00f3n clara y el resultado es limpio, moderno y equilibrado.<\/p>\n<h3 data-section-id=\"16f5wz9\" data-start=\"1971\" data-end=\"2013\">Sofisticaci\u00f3n nocturna con contraste<img loading=\"lazy\" decoding=\"async\" class=\"alignnone size-large wp-image-170477\" src=\"https:\/\/graziamagazine.com\/mx\/wp-content\/uploads\/sites\/13\/2026\/04\/GettyImages-2265998075-683x1024.png\" alt=\"\" width=\"683\" height=\"1024\" srcset=\"https:\/\/graziamagazine.com\/mx\/wp-content\/uploads\/sites\/13\/2026\/04\/GettyImages-2265998075-683x1024.png 683w, https:\/\/graziamagazine.com\/mx\/wp-content\/uploads\/sites\/13\/2026\/04\/GettyImages-2265998075-300x450.png 300w, https:\/\/graziamagazine.com\/mx\/wp-content\/uploads\/sites\/13\/2026\/04\/GettyImages-2265998075-768x1151.png 768w, https:\/\/graziamagazine.com\/mx\/wp-content\/uploads\/sites\/13\/2026\/04\/GettyImages-2265998075-1024x1536.png 1024w, https:\/\/graziamagazine.com\/mx\/wp-content\/uploads\/sites\/13\/2026\/04\/GettyImages-2265998075-400x600.png 400w, https:\/\/graziamagazine.com\/mx\/wp-content\/uploads\/sites\/13\/2026\/04\/GettyImages-2265998075-143x215.png 143w\" sizes=\"(max-width: 683px) 100vw, 683px\" \/><\/h3>\n<p data-start=\"2015\" data-end=\"2356\">Para la noche, el verde militar adquiere una dimensi\u00f3n m\u00e1s elegante. Combinado con blazers estructurados y sandalias de tac\u00f3n, el pantal\u00f3n se transforma en una base inesperada para un look refinado. El contraste entre su origen utilitario y los elementos m\u00e1s formales crea una tensi\u00f3n est\u00e9tica interesante que define el estilo contempor\u00e1neo.<\/p>\n<h3 data-section-id=\"enynf0\" data-start=\"2358\" data-end=\"2399\">Capas tonales y esp\u00edritu utilitario<img loading=\"lazy\" decoding=\"async\" class=\"alignnone size-large wp-image-170475\" src=\"https:\/\/graziamagazine.com\/mx\/wp-content\/uploads\/sites\/13\/2026\/04\/GettyImages-2263470762-683x1024.png\" alt=\"\" width=\"683\" height=\"1024\" srcset=\"https:\/\/graziamagazine.com\/mx\/wp-content\/uploads\/sites\/13\/2026\/04\/GettyImages-2263470762-683x1024.png 683w, https:\/\/graziamagazine.com\/mx\/wp-content\/uploads\/sites\/13\/2026\/04\/GettyImages-2263470762-300x450.png 300w, https:\/\/graziamagazine.com\/mx\/wp-content\/uploads\/sites\/13\/2026\/04\/GettyImages-2263470762-768x1152.png 768w, https:\/\/graziamagazine.com\/mx\/wp-content\/uploads\/sites\/13\/2026\/04\/GettyImages-2263470762-1024x1536.png 1024w, https:\/\/graziamagazine.com\/mx\/wp-content\/uploads\/sites\/13\/2026\/04\/GettyImages-2263470762-400x600.png 400w, https:\/\/graziamagazine.com\/mx\/wp-content\/uploads\/sites\/13\/2026\/04\/GettyImages-2263470762-143x215.png 143w\" sizes=\"(max-width: 683px) 100vw, 683px\" \/><\/h3>\n<p data-start=\"2401\" data-end=\"2749\">Otra interpretaci\u00f3n clave se construye a partir de la superposici\u00f3n de tonos similares. Combinar diferentes matices de verde, desde oliva hasta tonos m\u00e1s profundos, genera un efecto visual rico y coherente. Chaquetas ligeras, camisas amplias o prendas de inspiraci\u00f3n utilitaria completan un conjunto que evoca funcionalidad sin renunciar al estilo.<\/p>\n<h3 data-section-id=\"7kfwuh\" data-start=\"2751\" data-end=\"2785\">Denim y contrastes relajados<img loading=\"lazy\" decoding=\"async\" class=\"alignnone size-large wp-image-170478\" src=\"https:\/\/graziamagazine.com\/mx\/wp-content\/uploads\/sites\/13\/2026\/04\/Marant-S26-001-683x1024.png\" alt=\"\" width=\"683\" height=\"1024\" srcset=\"https:\/\/graziamagazine.com\/mx\/wp-content\/uploads\/sites\/13\/2026\/04\/Marant-S26-001-683x1024.png 683w, https:\/\/graziamagazine.com\/mx\/wp-content\/uploads\/sites\/13\/2026\/04\/Marant-S26-001-300x450.png 300w, https:\/\/graziamagazine.com\/mx\/wp-content\/uploads\/sites\/13\/2026\/04\/Marant-S26-001-768x1152.png 768w, https:\/\/graziamagazine.com\/mx\/wp-content\/uploads\/sites\/13\/2026\/04\/Marant-S26-001-1024x1536.png 1024w, https:\/\/graziamagazine.com\/mx\/wp-content\/uploads\/sites\/13\/2026\/04\/Marant-S26-001-1365x2048.png 1365w, https:\/\/graziamagazine.com\/mx\/wp-content\/uploads\/sites\/13\/2026\/04\/Marant-S26-001-400x600.png 400w, https:\/\/graziamagazine.com\/mx\/wp-content\/uploads\/sites\/13\/2026\/04\/Marant-S26-001-143x215.png 143w\" sizes=\"(max-width: 683px) 100vw, 683px\" \/><\/h3>\n<p data-start=\"2787\" data-end=\"3119\">El pantal\u00f3n verde militar tambi\u00e9n se integra con facilidad en looks m\u00e1s casuales cuando se combina con denim. Chamarras vaqueras o camisas de mezclilla aportan un aire desenfadado que equilibra la intensidad del color. Este tipo de combinaci\u00f3n es ideal para el d\u00eda a d\u00eda, donde la comodidad y la est\u00e9tica conviven de manera natural.<\/p>\n<h3 data-section-id=\"1x2rys1\" data-start=\"3121\" data-end=\"3158\">Detalles que elevan el conjunto<img loading=\"lazy\" decoding=\"async\" class=\"alignnone size-large wp-image-170479\" src=\"https:\/\/graziamagazine.com\/mx\/wp-content\/uploads\/sites\/13\/2026\/04\/Pantaloni-verde-militare-683x1024.png\" alt=\"\" width=\"683\" height=\"1024\" srcset=\"https:\/\/graziamagazine.com\/mx\/wp-content\/uploads\/sites\/13\/2026\/04\/Pantaloni-verde-militare-683x1024.png 683w, https:\/\/graziamagazine.com\/mx\/wp-content\/uploads\/sites\/13\/2026\/04\/Pantaloni-verde-militare-300x450.png 300w, https:\/\/graziamagazine.com\/mx\/wp-content\/uploads\/sites\/13\/2026\/04\/Pantaloni-verde-militare-768x1152.png 768w, https:\/\/graziamagazine.com\/mx\/wp-content\/uploads\/sites\/13\/2026\/04\/Pantaloni-verde-militare-1024x1536.png 1024w, https:\/\/graziamagazine.com\/mx\/wp-content\/uploads\/sites\/13\/2026\/04\/Pantaloni-verde-militare-1365x2048.png 1365w, https:\/\/graziamagazine.com\/mx\/wp-content\/uploads\/sites\/13\/2026\/04\/Pantaloni-verde-militare-400x600.png 400w, https:\/\/graziamagazine.com\/mx\/wp-content\/uploads\/sites\/13\/2026\/04\/Pantaloni-verde-militare-143x215.png 143w\" sizes=\"(max-width: 683px) 100vw, 683px\" \/><\/h3>\n<p data-start=\"3160\" data-end=\"3454\">Los accesorios juegan un papel esencial al momento de definir el look. Zapatos en tonos neutros, bolsos estructurados o incluso piezas en colores vibrantes pueden transformar completamente el resultado. El verde militar act\u00faa como una base s\u00f3lida que permite experimentar sin perder coherencia.<\/p>\n<p data-start=\"3456\" data-end=\"3805\">M\u00e1s all\u00e1 de su valor est\u00e9tico, el regreso de los pantalones verde militar refleja una tendencia m\u00e1s amplia dentro de la moda actual: la b\u00fasqueda de piezas vers\u00e1tiles que trasciendan temporadas. Su capacidad para adaptarse a distintos estilos y contextos los convierte en una inversi\u00f3n inteligente, una prenda que evoluciona junto con quien la lleva.<\/p>\n<p data-start=\"3807\" data-end=\"4113\">En esta primavera 2026, el verde militar no solo vuelve, sino que se redefine. De s\u00edmbolo funcional a pieza clave del estilo contempor\u00e1neo, estos pantalones confirman que la moda siempre encuentra nuevas formas de reinterpretar el pasado, transform\u00e1ndolo en algo actual, relevante y profundamente deseable.<\/p>\n","protected":false},"author":28953,"featured_media":170473,"template":"","format":"standard","categories":[4],"acf":[],"yoast_head":"<!-- This site is optimized with the Yoast SEO Premium plugin v18.5 (Yoast SEO v20.4) - https:\/\/yoast.com\/wordpress\/plugins\/seo\/ -->\n<title>Pantalones verde militar, regreso estilo a\u00f1os 2000<\/title>\n<meta name=\"description\" content=\"El tono oliva redefine la elegancia relajada con looks vers\u00e1tiles que mezclan actitud urbana y sofisticaci\u00f3n contempor\u00e1nea\" \/>\n<meta name=\"robots\" content=\"index, follow, max-snippet:-1, max-image-preview:large, max-video-preview:-1\" \/>\n<link rel=\"canonical\" href=\"https:\/\/graziamagazine.com\/mx\/articles\/como-llevar-pantalones-verde-militar-2026\/\" \/>\n<meta property=\"og:locale\" content=\"es_MX\" \/>\n<meta property=\"og:type\" content=\"article\" \/>\n<meta property=\"og:title\" content=\"Pantalones verde militar, regreso estilo a\u00f1os 2000\" \/>\n<meta property=\"og:description\" content=\"El tono oliva redefine la elegancia relajada con looks vers\u00e1tiles que mezclan actitud urbana y sofisticaci\u00f3n contempor\u00e1nea\" \/>\n<meta property=\"og:url\" content=\"https:\/\/graziamagazine.com\/mx\/articles\/como-llevar-pantalones-verde-militar-2026\/\" \/>\n<meta property=\"og:site_name\" content=\"Grazia M\u00e9xico y Latinoam\u00e9rica\" \/>\n<meta property=\"article:modified_time\" content=\"2026-04-27T17:05:49+00:00\" \/>\n<meta property=\"og:image\" content=\"https:\/\/graziamagazine.com\/mx\/wp-content\/uploads\/sites\/13\/2026\/04\/0c74ae2b5424831513f854091a6d76bc-e1777309373693.jpg\" \/>\n\t<meta property=\"og:image:width\" content=\"1000\" \/>\n\t<meta property=\"og:image:height\" content=\"725\" \/>\n\t<meta property=\"og:image:type\" content=\"image\/jpeg\" \/>\n<meta name=\"twitter:card\" content=\"summary_large_image\" \/>\n<meta name=\"twitter:label1\" content=\"Est. reading time\" \/>\n\t<meta name=\"twitter:data1\" content=\"4 minutos\" \/>\n<script type=\"application\/ld+json\" class=\"yoast-schema-graph\">{\"@context\":\"https:\/\/schema.org\",\"@graph\":[{\"@type\":\"WebPage\",\"@id\":\"https:\/\/graziamagazine.com\/mx\/articles\/como-llevar-pantalones-verde-militar-2026\/\",\"url\":\"https:\/\/graziamagazine.com\/mx\/articles\/como-llevar-pantalones-verde-militar-2026\/\",\"name\":\"Pantalones verde militar, regreso estilo a\u00f1os 2000\",\"isPartOf\":{\"@id\":\"https:\/\/graziamagazine.com\/mx\/#website\"},\"datePublished\":\"2026-04-27T16:57:16+00:00\",\"dateModified\":\"2026-04-27T17:05:49+00:00\",\"description\":\"El tono oliva redefine la elegancia relajada con looks vers\u00e1tiles que mezclan actitud urbana y sofisticaci\u00f3n contempor\u00e1nea\",\"breadcrumb\":{\"@id\":\"https:\/\/graziamagazine.com\/mx\/articles\/como-llevar-pantalones-verde-militar-2026\/#breadcrumb\"},\"inLanguage\":\"es-MX\",\"potentialAction\":[{\"@type\":\"ReadAction\",\"target\":[\"https:\/\/graziamagazine.com\/mx\/articles\/como-llevar-pantalones-verde-militar-2026\/\"]}]},{\"@type\":\"BreadcrumbList\",\"@id\":\"https:\/\/graziamagazine.com\/mx\/articles\/como-llevar-pantalones-verde-militar-2026\/#breadcrumb\",\"itemListElement\":[{\"@type\":\"ListItem\",\"position\":1,\"name\":\"Home\",\"item\":\"https:\/\/graziamagazine.com\/mx\/\"},{\"@type\":\"ListItem\",\"position\":2,\"name\":\"Pantalones verde militar, regreso estilo a\u00f1os 2000\"}]},{\"@type\":\"WebSite\",\"@id\":\"https:\/\/graziamagazine.com\/mx\/#website\",\"url\":\"https:\/\/graziamagazine.com\/mx\/\",\"name\":\"Grazia M\u00e9xico y Latinoam\u00e9rica\",\"description\":\"Grazia es moda, belleza y noticias  de actualidad \",\"potentialAction\":[{\"@type\":\"SearchAction\",\"target\":{\"@type\":\"EntryPoint\",\"urlTemplate\":\"https:\/\/graziamagazine.com\/mx\/?s={search_term_string}\"},\"query-input\":\"required name=search_term_string\"}],\"inLanguage\":\"es-MX\"}]}<\/script>\n<!-- \/ Yoast SEO Premium plugin. -->","yoast_head_json":{"title":"Pantalones verde militar, regreso estilo a\u00f1os 2000","description":"El tono oliva redefine la elegancia relajada con looks vers\u00e1tiles que mezclan actitud urbana y sofisticaci\u00f3n contempor\u00e1nea","robots":{"index":"index","follow":"follow","max-snippet":"max-snippet:-1","max-image-preview":"max-image-preview:large","max-video-preview":"max-video-preview:-1"},"canonical":"https:\/\/graziamagazine.com\/mx\/articles\/como-llevar-pantalones-verde-militar-2026\/","og_locale":"es_MX","og_type":"article","og_title":"Pantalones verde militar, regreso estilo a\u00f1os 2000","og_description":"El tono oliva redefine la elegancia relajada con looks vers\u00e1tiles que mezclan actitud urbana y sofisticaci\u00f3n contempor\u00e1nea","og_url":"https:\/\/graziamagazine.com\/mx\/articles\/como-llevar-pantalones-verde-militar-2026\/","og_site_name":"Grazia M\u00e9xico y Latinoam\u00e9rica","article_modified_time":"2026-04-27T17:05:49+00:00","og_image":[{"width":1000,"height":725,"url":"https:\/\/graziamagazine.com\/mx\/wp-content\/uploads\/sites\/13\/2026\/04\/0c74ae2b5424831513f854091a6d76bc-e1777309373693.jpg","type":"image\/jpeg"}],"twitter_card":"summary_large_image","twitter_misc":{"Est. reading time":"4 minutos"},"schema":{"@context":"https:\/\/schema.org","@graph":[{"@type":"WebPage","@id":"https:\/\/graziamagazine.com\/mx\/articles\/como-llevar-pantalones-verde-militar-2026\/","url":"https:\/\/graziamagazine.com\/mx\/articles\/como-llevar-pantalones-verde-militar-2026\/","name":"Pantalones verde militar, regreso estilo a\u00f1os 2000","isPartOf":{"@id":"https:\/\/graziamagazine.com\/mx\/#website"},"datePublished":"2026-04-27T16:57:16+00:00","dateModified":"2026-04-27T17:05:49+00:00","description":"El tono oliva redefine la elegancia relajada con looks vers\u00e1tiles que mezclan actitud urbana y sofisticaci\u00f3n contempor\u00e1nea","breadcrumb":{"@id":"https:\/\/graziamagazine.com\/mx\/articles\/como-llevar-pantalones-verde-militar-2026\/#breadcrumb"},"inLanguage":"es-MX","potentialAction":[{"@type":"ReadAction","target":["https:\/\/graziamagazine.com\/mx\/articles\/como-llevar-pantalones-verde-militar-2026\/"]}]},{"@type":"BreadcrumbList","@id":"https:\/\/graziamagazine.com\/mx\/articles\/como-llevar-pantalones-verde-militar-2026\/#breadcrumb","itemListElement":[{"@type":"ListItem","position":1,"name":"Home","item":"https:\/\/graziamagazine.com\/mx\/"},{"@type":"ListItem","position":2,"name":"Pantalones verde militar, regreso estilo a\u00f1os 2000"}]},{"@type":"WebSite","@id":"https:\/\/graziamagazine.com\/mx\/#website","url":"https:\/\/graziamagazine.com\/mx\/","name":"Grazia M\u00e9xico y Latinoam\u00e9rica","description":"Grazia es moda, belleza y noticias  de actualidad ","potentialAction":[{"@type":"SearchAction","target":{"@type":"EntryPoint","urlTemplate":"https:\/\/graziamagazine.com\/mx\/?s={search_term_string}"},"query-input":"required name=search_term_string"}],"inLanguage":"es-MX"}]}},"jetpack_sharing_enabled":true,"distributor_meta":false,"distributor_terms":false,"distributor_media":false,"distributor_original_site_name":"Grazia M\u00e9xico y Latinoam\u00e9rica","distributor_original_site_url":"https:\/\/graziamagazine.com\/mx","push-errors":false,"_links":{"self":[{"href":"https:\/\/graziamagazine.com\/mx\/wp-json\/wp\/v2\/articles\/170466"}],"collection":[{"href":"https:\/\/graziamagazine.com\/mx\/wp-json\/wp\/v2\/articles"}],"about":[{"href":"https:\/\/graziamagazine.com\/mx\/wp-json\/wp\/v2\/types\/articles"}],"author":[{"embeddable":true,"href":"https:\/\/graziamagazine.com\/mx\/wp-json\/wp\/v2\/users\/28953"}],"wp:featuredmedia":[{"embeddable":true,"href":"https:\/\/graziamagazine.com\/mx\/wp-json\/wp\/v2\/media\/170473"}],"wp:attachment":[{"href":"https:\/\/graziamagazine.com\/mx\/wp-json\/wp\/v2\/media?parent=170466"}],"wp:term":[{"taxonomy":"category","embeddable":true,"href":"https:\/\/graziamagazine.com\/mx\/wp-json\/wp\/v2\/categories?post=170466"}],"curies":[{"name":"wp","href":"https:\/\/api.w.org\/{rel}","templated":true}]}}