{"id":170457,"date":"2026-04-27T11:05:15","date_gmt":"2026-04-27T16:05:15","guid":{"rendered":"https:\/\/graziamagazine.com\/mx\/?post_type=articles&#038;p=170457"},"modified":"2026-04-27T11:20:01","modified_gmt":"2026-04-27T16:20:01","slug":"total-look-blanco-como-llevarlo-en-primavera-2026","status":"publish","type":"articles","link":"https:\/\/graziamagazine.com\/mx\/articles\/total-look-blanco-como-llevarlo-en-primavera-2026\/","title":{"rendered":"Look totalmente blanco primavera, minimalista y sofisticado"},"content":{"rendered":"<p data-start=\"461\" data-end=\"841\">En un momento donde la moda apuesta por la claridad est\u00e9tica y la intenci\u00f3n detr\u00e1s de cada elecci\u00f3n, el look total white emerge como una de las propuestas m\u00e1s contundentes de la primavera 2026. Lejos de ser una opci\u00f3n simple, vestir de blanco de pies a cabeza se convierte en un ejercicio de estilo que exige precisi\u00f3n, sensibilidad y una comprensi\u00f3n profunda de las proporciones.<\/p>\n<p data-start=\"843\" data-end=\"1178\">El blanco, hist\u00f3ricamente asociado con la pureza y la sofisticaci\u00f3n, adquiere una nueva dimensi\u00f3n cuando se convierte en protagonista absoluto. No hay distracciones crom\u00e1ticas, todo recae en la construcci\u00f3n del look, en la textura de los tejidos y en la actitud de quien lo lleva. Es una declaraci\u00f3n de estilo silenciosa pero poderosa.<\/p>\n<p data-start=\"1180\" data-end=\"1467\">Esta temporada, el total white se reinventa con una est\u00e9tica m\u00e1s relajada. Las siluetas se suavizan, los tejidos se vuelven ligeros y el resultado es una elegancia natural que fluye con el movimiento. El blanco deja de ser r\u00edgido para convertirse en un lenguaje vers\u00e1til y contempor\u00e1neo.<\/p>\n<h3 data-section-id=\"h4d6o1\" data-start=\"1469\" data-end=\"1511\">Sastrer\u00eda blanca de l\u00edneas depuradas<img loading=\"lazy\" decoding=\"async\" class=\"alignnone wp-image-170464\" src=\"https:\/\/graziamagazine.com\/mx\/wp-content\/uploads\/sites\/13\/2026\/04\/0cf7900796883a26e9cb924733d8f962-653x1024.jpg\" alt=\"\" width=\"700\" height=\"1098\" srcset=\"https:\/\/graziamagazine.com\/mx\/wp-content\/uploads\/sites\/13\/2026\/04\/0cf7900796883a26e9cb924733d8f962-653x1024.jpg 653w, https:\/\/graziamagazine.com\/mx\/wp-content\/uploads\/sites\/13\/2026\/04\/0cf7900796883a26e9cb924733d8f962-287x450.jpg 287w, https:\/\/graziamagazine.com\/mx\/wp-content\/uploads\/sites\/13\/2026\/04\/0cf7900796883a26e9cb924733d8f962-400x627.jpg 400w, https:\/\/graziamagazine.com\/mx\/wp-content\/uploads\/sites\/13\/2026\/04\/0cf7900796883a26e9cb924733d8f962-137x215.jpg 137w, https:\/\/graziamagazine.com\/mx\/wp-content\/uploads\/sites\/13\/2026\/04\/0cf7900796883a26e9cb924733d8f962.jpg 736w\" sizes=\"(max-width: 700px) 100vw, 700px\" \/><\/h3>\n<p data-start=\"1513\" data-end=\"1931\">El traje blanco se consolida como una de las opciones m\u00e1s sofisticadas de la temporada. Pantalones de corte limpio combinados con blazers estructurados crean una silueta precisa que transmite seguridad y modernidad. La clave est\u00e1 en elegir tejidos ligeros que suavicen el conjunto y permitan que el look respire. Es una propuesta ideal para el d\u00eda a d\u00eda profesional o eventos donde la elegancia se expresa sin excesos.<\/p>\n<h3 data-section-id=\"30jgtb\" data-start=\"1933\" data-end=\"1974\">Vestido blanco et\u00e9reo en movimiento<img loading=\"lazy\" decoding=\"async\" class=\"alignnone wp-image-170465\" src=\"https:\/\/graziamagazine.com\/mx\/wp-content\/uploads\/sites\/13\/2026\/04\/5e197f80812d04f29b5edcde54d2656f.jpg\" alt=\"\" width=\"700\" height=\"1053\" srcset=\"https:\/\/graziamagazine.com\/mx\/wp-content\/uploads\/sites\/13\/2026\/04\/5e197f80812d04f29b5edcde54d2656f.jpg 638w, https:\/\/graziamagazine.com\/mx\/wp-content\/uploads\/sites\/13\/2026\/04\/5e197f80812d04f29b5edcde54d2656f-299x450.jpg 299w, https:\/\/graziamagazine.com\/mx\/wp-content\/uploads\/sites\/13\/2026\/04\/5e197f80812d04f29b5edcde54d2656f-400x602.jpg 400w, https:\/\/graziamagazine.com\/mx\/wp-content\/uploads\/sites\/13\/2026\/04\/5e197f80812d04f29b5edcde54d2656f-143x215.jpg 143w\" sizes=\"(max-width: 700px) 100vw, 700px\" \/><\/h3>\n<p data-start=\"1976\" data-end=\"2336\">El vestido blanco es, sin duda, el s\u00edmbolo m\u00e1s inmediato de la primavera. En esta temporada se lleva fluido, ligero y con una ca\u00edda natural que acompa\u00f1a cada paso. Las versiones largas evocan un aire rom\u00e1ntico, mientras que las midi o cortas aportan frescura. Es una pieza que no necesita m\u00e1s que unos accesorios bien elegidos para transformarse completamente.<\/p>\n<h3 data-section-id=\"qdw8bg\" data-start=\"2338\" data-end=\"2398\">Falda y blazer: equilibrio entre estructura y ligereza<\/h3>\n<figure id=\"attachment_170461\" aria-describedby=\"caption-attachment-170461\" style=\"width: 700px\" class=\"wp-caption alignnone\"><img loading=\"lazy\" decoding=\"async\" class=\"wp-image-170461\" src=\"https:\/\/graziamagazine.com\/mx\/wp-content\/uploads\/sites\/13\/2026\/04\/79c4b096fa0a2142633d68b3c37d5202.jpg\" alt=\"Look totalmente blanco primavera, minimalista y sofisticado\" width=\"700\" height=\"1049\" srcset=\"https:\/\/graziamagazine.com\/mx\/wp-content\/uploads\/sites\/13\/2026\/04\/79c4b096fa0a2142633d68b3c37d5202.jpg 683w, https:\/\/graziamagazine.com\/mx\/wp-content\/uploads\/sites\/13\/2026\/04\/79c4b096fa0a2142633d68b3c37d5202-300x450.jpg 300w, https:\/\/graziamagazine.com\/mx\/wp-content\/uploads\/sites\/13\/2026\/04\/79c4b096fa0a2142633d68b3c37d5202-400x600.jpg 400w, https:\/\/graziamagazine.com\/mx\/wp-content\/uploads\/sites\/13\/2026\/04\/79c4b096fa0a2142633d68b3c37d5202-143x215.jpg 143w\" sizes=\"(max-width: 700px) 100vw, 700px\" \/><figcaption id=\"caption-attachment-170461\" class=\"wp-caption-text\">Look totalmente blanco primavera, minimalista y sofisticado<\/figcaption><\/figure>\n<p data-start=\"2400\" data-end=\"2738\">La combinaci\u00f3n de falda, ya sea midi o larga, con un blazer blanco introduce un juego interesante entre lo femenino y lo estructurado. Este look funciona especialmente bien cuando se a\u00f1aden peque\u00f1os contrastes a trav\u00e9s de accesorios, creando un conjunto que se percibe pulido pero no r\u00edgido. Es una opci\u00f3n que destaca por su versatilidad.<\/p>\n<h3 data-section-id=\"mpvw7u\" data-start=\"2740\" data-end=\"2786\">Est\u00e9tica colegial en clave contempor\u00e1nea<img loading=\"lazy\" decoding=\"async\" class=\"alignnone wp-image-170460\" src=\"https:\/\/graziamagazine.com\/mx\/wp-content\/uploads\/sites\/13\/2026\/04\/6db8d38cadfb51765aafe7ddc90d0e32.jpg\" alt=\"\" width=\"700\" height=\"1050\" srcset=\"https:\/\/graziamagazine.com\/mx\/wp-content\/uploads\/sites\/13\/2026\/04\/6db8d38cadfb51765aafe7ddc90d0e32.jpg 600w, https:\/\/graziamagazine.com\/mx\/wp-content\/uploads\/sites\/13\/2026\/04\/6db8d38cadfb51765aafe7ddc90d0e32-300x450.jpg 300w, https:\/\/graziamagazine.com\/mx\/wp-content\/uploads\/sites\/13\/2026\/04\/6db8d38cadfb51765aafe7ddc90d0e32-400x600.jpg 400w, https:\/\/graziamagazine.com\/mx\/wp-content\/uploads\/sites\/13\/2026\/04\/6db8d38cadfb51765aafe7ddc90d0e32-143x215.jpg 143w\" sizes=\"(max-width: 700px) 100vw, 700px\" \/><\/h3>\n<p data-start=\"2788\" data-end=\"3084\">La falda corta combinada con su\u00e9ter ligero y blazer propone una interpretaci\u00f3n m\u00e1s juvenil del total white. Este conjunto juega con las proporciones y aporta dinamismo al look, manteniendo siempre la coherencia crom\u00e1tica. Es ideal para quienes buscan una est\u00e9tica fresca con un gui\u00f1o sofisticado.<\/p>\n<h3 data-section-id=\"34lyxq\" data-start=\"3086\" data-end=\"3122\">Denim blanco y capas relajadas<img loading=\"lazy\" decoding=\"async\" class=\"alignnone wp-image-170463\" src=\"https:\/\/graziamagazine.com\/mx\/wp-content\/uploads\/sites\/13\/2026\/04\/3d6b82191556ecfd3183ebccd4cb5e0e-683x1024.jpg\" alt=\"\" width=\"700\" height=\"1050\" srcset=\"https:\/\/graziamagazine.com\/mx\/wp-content\/uploads\/sites\/13\/2026\/04\/3d6b82191556ecfd3183ebccd4cb5e0e-683x1024.jpg 683w, https:\/\/graziamagazine.com\/mx\/wp-content\/uploads\/sites\/13\/2026\/04\/3d6b82191556ecfd3183ebccd4cb5e0e-300x450.jpg 300w, https:\/\/graziamagazine.com\/mx\/wp-content\/uploads\/sites\/13\/2026\/04\/3d6b82191556ecfd3183ebccd4cb5e0e-768x1152.jpg 768w, https:\/\/graziamagazine.com\/mx\/wp-content\/uploads\/sites\/13\/2026\/04\/3d6b82191556ecfd3183ebccd4cb5e0e-1024x1536.jpg 1024w, https:\/\/graziamagazine.com\/mx\/wp-content\/uploads\/sites\/13\/2026\/04\/3d6b82191556ecfd3183ebccd4cb5e0e-400x600.jpg 400w, https:\/\/graziamagazine.com\/mx\/wp-content\/uploads\/sites\/13\/2026\/04\/3d6b82191556ecfd3183ebccd4cb5e0e-143x215.jpg 143w, https:\/\/graziamagazine.com\/mx\/wp-content\/uploads\/sites\/13\/2026\/04\/3d6b82191556ecfd3183ebccd4cb5e0e.jpg 1200w\" sizes=\"(max-width: 700px) 100vw, 700px\" \/><\/h3>\n<p data-start=\"3124\" data-end=\"3402\">El denim blanco introduce una dimensi\u00f3n m\u00e1s casual dentro del total look. Combinado con camisas amplias o chaquetas ligeras, crea una propuesta c\u00f3moda pero estilizada. Es la opci\u00f3n perfecta para trasladar esta tendencia al d\u00eda a d\u00eda, manteniendo una imagen cuidada sin esfuerzo.<\/p>\n<p data-start=\"3404\" data-end=\"3764\">Minimalista pero nunca aburrido, se adapta a cada estilo personal y a cada momento del d\u00eda. En una temporada marcada por la b\u00fasqueda de equilibrio, el blanco se convierte en el lenguaje perfecto para expresar una elegancia contempor\u00e1nea.<\/p>\n","protected":false},"author":28953,"featured_media":170462,"template":"","format":"standard","categories":[4],"acf":[],"yoast_head":"<!-- This site is optimized with the Yoast SEO Premium plugin v18.5 (Yoast SEO v20.4) - https:\/\/yoast.com\/wordpress\/plugins\/seo\/ -->\n<title>Look totalmente blanco primavera, minimalista y sofisticado<\/title>\n<meta name=\"description\" content=\"El blanco absoluto se impone como c\u00f3digo de estilo esencial, luminoso y vers\u00e1til para looks elegantes de primavera\" \/>\n<meta name=\"robots\" content=\"index, follow, max-snippet:-1, max-image-preview:large, max-video-preview:-1\" \/>\n<link rel=\"canonical\" href=\"https:\/\/graziamagazine.com\/mx\/articles\/total-look-blanco-como-llevarlo-en-primavera-2026\/\" \/>\n<meta property=\"og:locale\" content=\"es_MX\" \/>\n<meta property=\"og:type\" content=\"article\" \/>\n<meta property=\"og:title\" content=\"Look totalmente blanco primavera, minimalista y sofisticado\" \/>\n<meta property=\"og:description\" content=\"El blanco absoluto se impone como c\u00f3digo de estilo esencial, luminoso y vers\u00e1til para looks elegantes de primavera\" \/>\n<meta property=\"og:url\" content=\"https:\/\/graziamagazine.com\/mx\/articles\/total-look-blanco-como-llevarlo-en-primavera-2026\/\" \/>\n<meta property=\"og:site_name\" content=\"Grazia M\u00e9xico y Latinoam\u00e9rica\" \/>\n<meta property=\"article:modified_time\" content=\"2026-04-27T16:20:01+00:00\" \/>\n<meta property=\"og:image\" content=\"https:\/\/graziamagazine.com\/mx\/wp-content\/uploads\/sites\/13\/2026\/04\/6519ec9442a42940b314562b5333d3e5-e1777306552681.jpg\" \/>\n\t<meta property=\"og:image:width\" content=\"853\" \/>\n\t<meta property=\"og:image:height\" content=\"659\" \/>\n\t<meta property=\"og:image:type\" content=\"image\/jpeg\" \/>\n<meta name=\"twitter:card\" content=\"summary_large_image\" \/>\n<meta name=\"twitter:label1\" content=\"Est. reading time\" \/>\n\t<meta name=\"twitter:data1\" content=\"4 minutos\" \/>\n<script type=\"application\/ld+json\" class=\"yoast-schema-graph\">{\"@context\":\"https:\/\/schema.org\",\"@graph\":[{\"@type\":\"WebPage\",\"@id\":\"https:\/\/graziamagazine.com\/mx\/articles\/total-look-blanco-como-llevarlo-en-primavera-2026\/\",\"url\":\"https:\/\/graziamagazine.com\/mx\/articles\/total-look-blanco-como-llevarlo-en-primavera-2026\/\",\"name\":\"Look totalmente blanco primavera, minimalista y sofisticado\",\"isPartOf\":{\"@id\":\"https:\/\/graziamagazine.com\/mx\/#website\"},\"datePublished\":\"2026-04-27T16:05:15+00:00\",\"dateModified\":\"2026-04-27T16:20:01+00:00\",\"description\":\"El blanco absoluto se impone como c\u00f3digo de estilo esencial, luminoso y vers\u00e1til para looks elegantes de primavera\",\"breadcrumb\":{\"@id\":\"https:\/\/graziamagazine.com\/mx\/articles\/total-look-blanco-como-llevarlo-en-primavera-2026\/#breadcrumb\"},\"inLanguage\":\"es-MX\",\"potentialAction\":[{\"@type\":\"ReadAction\",\"target\":[\"https:\/\/graziamagazine.com\/mx\/articles\/total-look-blanco-como-llevarlo-en-primavera-2026\/\"]}]},{\"@type\":\"BreadcrumbList\",\"@id\":\"https:\/\/graziamagazine.com\/mx\/articles\/total-look-blanco-como-llevarlo-en-primavera-2026\/#breadcrumb\",\"itemListElement\":[{\"@type\":\"ListItem\",\"position\":1,\"name\":\"Home\",\"item\":\"https:\/\/graziamagazine.com\/mx\/\"},{\"@type\":\"ListItem\",\"position\":2,\"name\":\"Look totalmente blanco primavera, minimalista y sofisticado\"}]},{\"@type\":\"WebSite\",\"@id\":\"https:\/\/graziamagazine.com\/mx\/#website\",\"url\":\"https:\/\/graziamagazine.com\/mx\/\",\"name\":\"Grazia M\u00e9xico y Latinoam\u00e9rica\",\"description\":\"Grazia es moda, belleza y noticias  de actualidad \",\"potentialAction\":[{\"@type\":\"SearchAction\",\"target\":{\"@type\":\"EntryPoint\",\"urlTemplate\":\"https:\/\/graziamagazine.com\/mx\/?s={search_term_string}\"},\"query-input\":\"required name=search_term_string\"}],\"inLanguage\":\"es-MX\"}]}<\/script>\n<!-- \/ Yoast SEO Premium plugin. -->","yoast_head_json":{"title":"Look totalmente blanco primavera, minimalista y sofisticado","description":"El blanco absoluto se impone como c\u00f3digo de estilo esencial, luminoso y vers\u00e1til para looks elegantes de primavera","robots":{"index":"index","follow":"follow","max-snippet":"max-snippet:-1","max-image-preview":"max-image-preview:large","max-video-preview":"max-video-preview:-1"},"canonical":"https:\/\/graziamagazine.com\/mx\/articles\/total-look-blanco-como-llevarlo-en-primavera-2026\/","og_locale":"es_MX","og_type":"article","og_title":"Look totalmente blanco primavera, minimalista y sofisticado","og_description":"El blanco absoluto se impone como c\u00f3digo de estilo esencial, luminoso y vers\u00e1til para looks elegantes de primavera","og_url":"https:\/\/graziamagazine.com\/mx\/articles\/total-look-blanco-como-llevarlo-en-primavera-2026\/","og_site_name":"Grazia M\u00e9xico y Latinoam\u00e9rica","article_modified_time":"2026-04-27T16:20:01+00:00","og_image":[{"width":853,"height":659,"url":"https:\/\/graziamagazine.com\/mx\/wp-content\/uploads\/sites\/13\/2026\/04\/6519ec9442a42940b314562b5333d3e5-e1777306552681.jpg","type":"image\/jpeg"}],"twitter_card":"summary_large_image","twitter_misc":{"Est. reading time":"4 minutos"},"schema":{"@context":"https:\/\/schema.org","@graph":[{"@type":"WebPage","@id":"https:\/\/graziamagazine.com\/mx\/articles\/total-look-blanco-como-llevarlo-en-primavera-2026\/","url":"https:\/\/graziamagazine.com\/mx\/articles\/total-look-blanco-como-llevarlo-en-primavera-2026\/","name":"Look totalmente blanco primavera, minimalista y sofisticado","isPartOf":{"@id":"https:\/\/graziamagazine.com\/mx\/#website"},"datePublished":"2026-04-27T16:05:15+00:00","dateModified":"2026-04-27T16:20:01+00:00","description":"El blanco absoluto se impone como c\u00f3digo de estilo esencial, luminoso y vers\u00e1til para looks elegantes de primavera","breadcrumb":{"@id":"https:\/\/graziamagazine.com\/mx\/articles\/total-look-blanco-como-llevarlo-en-primavera-2026\/#breadcrumb"},"inLanguage":"es-MX","potentialAction":[{"@type":"ReadAction","target":["https:\/\/graziamagazine.com\/mx\/articles\/total-look-blanco-como-llevarlo-en-primavera-2026\/"]}]},{"@type":"BreadcrumbList","@id":"https:\/\/graziamagazine.com\/mx\/articles\/total-look-blanco-como-llevarlo-en-primavera-2026\/#breadcrumb","itemListElement":[{"@type":"ListItem","position":1,"name":"Home","item":"https:\/\/graziamagazine.com\/mx\/"},{"@type":"ListItem","position":2,"name":"Look totalmente blanco primavera, minimalista y sofisticado"}]},{"@type":"WebSite","@id":"https:\/\/graziamagazine.com\/mx\/#website","url":"https:\/\/graziamagazine.com\/mx\/","name":"Grazia M\u00e9xico y Latinoam\u00e9rica","description":"Grazia es moda, belleza y noticias  de actualidad ","potentialAction":[{"@type":"SearchAction","target":{"@type":"EntryPoint","urlTemplate":"https:\/\/graziamagazine.com\/mx\/?s={search_term_string}"},"query-input":"required name=search_term_string"}],"inLanguage":"es-MX"}]}},"jetpack_sharing_enabled":true,"distributor_meta":false,"distributor_terms":false,"distributor_media":false,"distributor_original_site_name":"Grazia M\u00e9xico y Latinoam\u00e9rica","distributor_original_site_url":"https:\/\/graziamagazine.com\/mx","push-errors":false,"_links":{"self":[{"href":"https:\/\/graziamagazine.com\/mx\/wp-json\/wp\/v2\/articles\/170457"}],"collection":[{"href":"https:\/\/graziamagazine.com\/mx\/wp-json\/wp\/v2\/articles"}],"about":[{"href":"https:\/\/graziamagazine.com\/mx\/wp-json\/wp\/v2\/types\/articles"}],"author":[{"embeddable":true,"href":"https:\/\/graziamagazine.com\/mx\/wp-json\/wp\/v2\/users\/28953"}],"wp:featuredmedia":[{"embeddable":true,"href":"https:\/\/graziamagazine.com\/mx\/wp-json\/wp\/v2\/media\/170462"}],"wp:attachment":[{"href":"https:\/\/graziamagazine.com\/mx\/wp-json\/wp\/v2\/media?parent=170457"}],"wp:term":[{"taxonomy":"category","embeddable":true,"href":"https:\/\/graziamagazine.com\/mx\/wp-json\/wp\/v2\/categories?post=170457"}],"curies":[{"name":"wp","href":"https:\/\/api.w.org\/{rel}","templated":true}]}}