{"id":169262,"date":"2026-04-22T13:29:57","date_gmt":"2026-04-22T18:29:57","guid":{"rendered":"https:\/\/graziamagazine.com\/mx\/?post_type=articles&#038;p=169262"},"modified":"2026-04-22T17:10:13","modified_gmt":"2026-04-22T22:10:13","slug":"looks-de-la-gira-el-diablo-viste-a-la-moda-2","status":"publish","type":"articles","link":"https:\/\/graziamagazine.com\/mx\/articles\/looks-de-la-gira-el-diablo-viste-a-la-moda-2\/","title":{"rendered":"Todos los looks que han protagonizado en el press tour de The Devil Wears Prada"},"content":{"rendered":"<p class=\"p2\">Si hay algo de lo que tenemos que hablar en este <em>press tour<\/em> de <a href=\"https:\/\/graziamagazine.com\/mx\/search\/?search=the%20devil%20wears%20prada%202&amp;tags=the%20devil%20wears%20prada%202\"><em data-start=\"63\" data-end=\"86\">The Devil Wears Prada 2<\/em><\/a>, es de todos los <em>looks<\/em> que han protagonizado <strong>Meryl Streep y Anne Hathaway.<\/strong><\/p>\n<p class=\"p2\"><span class=\"s1\">Como es imposible elegir solo uno, estos son todos los <strong><em>fashion looks<\/em> <\/strong>del <\/span><em><strong><span class=\"s4\">The Devil Wears Prada Press Tour<\/span><span class=\"s1\">.<\/span><\/strong><\/em><\/p>\n<p class=\"p2\"><span class=\"s1\">El 30 de marzo, esta gira comenz\u00f3 nada m\u00e1s y nada menos que aqu\u00ed, en <strong>Ciudad de M\u00e9xico.<\/strong> Y tuvo como sede principal el Museo Anahuacalli en Coyoac\u00e1n, donde se realiz\u00f3 una pasarela y presentaci\u00f3n especial. Adem\u00e1s, visitaron la Casa Azul, el Museo Frida Kahlo para una conferencia de prensa.<\/span><\/p>\n<h3 class=\"p2\"><span class=\"s2\">Ciudad de M\u00e9xico<\/span><\/h3>\n<div class=\"content-gallery\"><div class=\"gallery-placeholder\"><div class=\"spinner\"><\/div><\/div><span class=\"gallery-pagination\"><\/span><div id=\"gallery-1\" class=\"gallery galleryid-169262 gallery-columns- gallery-size-\"><figure class=\"gallery-item\"><div class=\"gallery-icon landscape\"><img loading=\"lazy\" decoding=\"async\" width=\"1707\" height=\"2560\" src=\"https:\/\/graziamagazine.com\/mx\/wp-content\/uploads\/sites\/13\/2026\/04\/IMG_2726-scaled.jpeg\" class=\"lazy\" alt=\"Todos los looks que han protagonizado en el press tour de The Devil Wears Prada\" srcset=\"https:\/\/graziamagazine.com\/mx\/wp-content\/uploads\/sites\/13\/2026\/04\/IMG_2726-scaled.jpeg 1707w, https:\/\/graziamagazine.com\/mx\/wp-content\/uploads\/sites\/13\/2026\/04\/IMG_2726-300x450.jpeg 300w, https:\/\/graziamagazine.com\/mx\/wp-content\/uploads\/sites\/13\/2026\/04\/IMG_2726-683x1024.jpeg 683w, https:\/\/graziamagazine.com\/mx\/wp-content\/uploads\/sites\/13\/2026\/04\/IMG_2726-768x1152.jpeg 768w, https:\/\/graziamagazine.com\/mx\/wp-content\/uploads\/sites\/13\/2026\/04\/IMG_2726-1024x1536.jpeg 1024w, https:\/\/graziamagazine.com\/mx\/wp-content\/uploads\/sites\/13\/2026\/04\/IMG_2726-1366x2048.jpeg 1366w, https:\/\/graziamagazine.com\/mx\/wp-content\/uploads\/sites\/13\/2026\/04\/IMG_2726-400x600.jpeg 400w, https:\/\/graziamagazine.com\/mx\/wp-content\/uploads\/sites\/13\/2026\/04\/IMG_2726-143x215.jpeg 143w\" sizes=\"(max-width: 1707px) 100vw, 1707px\" \/><\/div><figcaption class=\"wp-caption-text gallery-caption\" id=\"gallery-1-169268\">fotos: Getty Images<\/figcaption><\/figure><figure class=\"gallery-item\"><div class=\"gallery-icon landscape\"><img loading=\"lazy\" decoding=\"async\" width=\"1707\" height=\"2560\" src=\"https:\/\/graziamagazine.com\/mx\/wp-content\/uploads\/sites\/13\/2026\/04\/IMG_2722-scaled.jpeg\" class=\"lazy\" alt=\"\" srcset=\"https:\/\/graziamagazine.com\/mx\/wp-content\/uploads\/sites\/13\/2026\/04\/IMG_2722-scaled.jpeg 1707w, https:\/\/graziamagazine.com\/mx\/wp-content\/uploads\/sites\/13\/2026\/04\/IMG_2722-300x450.jpeg 300w, https:\/\/graziamagazine.com\/mx\/wp-content\/uploads\/sites\/13\/2026\/04\/IMG_2722-683x1024.jpeg 683w, https:\/\/graziamagazine.com\/mx\/wp-content\/uploads\/sites\/13\/2026\/04\/IMG_2722-768x1152.jpeg 768w, https:\/\/graziamagazine.com\/mx\/wp-content\/uploads\/sites\/13\/2026\/04\/IMG_2722-1024x1536.jpeg 1024w, https:\/\/graziamagazine.com\/mx\/wp-content\/uploads\/sites\/13\/2026\/04\/IMG_2722-1365x2048.jpeg 1365w, https:\/\/graziamagazine.com\/mx\/wp-content\/uploads\/sites\/13\/2026\/04\/IMG_2722-400x600.jpeg 400w, https:\/\/graziamagazine.com\/mx\/wp-content\/uploads\/sites\/13\/2026\/04\/IMG_2722-143x215.jpeg 143w\" sizes=\"(max-width: 1707px) 100vw, 1707px\" \/><\/div><figcaption class=\"wp-caption-text gallery-caption\" id=\"gallery-1-169269\">MEXICO CITY, MEXICO - MARCH 30: Anne Hathaway (L) and Meryl Streep pose for a photo during a conference for the movie 'The Devil Wears Prada 2' at Casa Azul on March 30, 2026 in Mexico City, Mexico. (Photo by Angel Delgado\/Getty Images for Disney)<\/figcaption><\/figure><\/div><\/div>\n<p class=\"p2\"><span class=\"s1\">Aqu\u00ed es donde arranc\u00f3 todo. Anne Hathaway protagoniz\u00f3 un look de Schiaparelli negro con flecos y un cintur\u00f3n con un ojo, ic\u00f3nico de la Maison. Para el desfile, llev\u00f3 un vestido mini de lentejuelas con botas altas de Stella McCartney.<\/span><\/p>\n<p class=\"p2\"><span class=\"s1\">Mientras que Meryl Streep llev\u00f3 un traje rojo de Dolce &amp; Gabbana y una camisa con un lazo en el cuello, tambi\u00e9n rojo. Y para el desfile, un vestido azul satinado de Schiaparelli.<\/span><\/p>\n<h3 class=\"p2\"><span class=\"s2\">Tokio<\/span><\/h3>\n<div class=\"content-gallery\"><div class=\"gallery-placeholder\"><div class=\"spinner\"><\/div><\/div><span class=\"gallery-pagination\"><\/span><div id=\"gallery-2\" class=\"gallery galleryid-169262 gallery-columns- gallery-size-\"><figure class=\"gallery-item\"><div class=\"gallery-icon landscape\"><img loading=\"lazy\" decoding=\"async\" width=\"1080\" height=\"720\" src=\"https:\/\/graziamagazine.com\/mx\/wp-content\/uploads\/sites\/13\/2026\/04\/IMG_2720.jpeg\" class=\"lazy\" alt=\"Todos los looks que han protagonizado en el press tour de The Devil Wears Prada\" srcset=\"https:\/\/graziamagazine.com\/mx\/wp-content\/uploads\/sites\/13\/2026\/04\/IMG_2720.jpeg 1080w, https:\/\/graziamagazine.com\/mx\/wp-content\/uploads\/sites\/13\/2026\/04\/IMG_2720-450x300.jpeg 450w, https:\/\/graziamagazine.com\/mx\/wp-content\/uploads\/sites\/13\/2026\/04\/IMG_2720-1024x683.jpeg 1024w, https:\/\/graziamagazine.com\/mx\/wp-content\/uploads\/sites\/13\/2026\/04\/IMG_2720-768x512.jpeg 768w, https:\/\/graziamagazine.com\/mx\/wp-content\/uploads\/sites\/13\/2026\/04\/IMG_2720-400x267.jpeg 400w, https:\/\/graziamagazine.com\/mx\/wp-content\/uploads\/sites\/13\/2026\/04\/IMG_2720-155x103.jpeg 155w\" sizes=\"(max-width: 1080px) 100vw, 1080px\" \/><\/div><figcaption class=\"wp-caption-text gallery-caption\" id=\"gallery-2-169265\">Fotos: Getty Images<\/figcaption><\/figure><figure class=\"gallery-item\"><div class=\"gallery-icon landscape\"><img loading=\"lazy\" decoding=\"async\" width=\"1080\" height=\"720\" src=\"https:\/\/graziamagazine.com\/mx\/wp-content\/uploads\/sites\/13\/2026\/04\/IMG_2724.jpeg\" class=\"lazy\" alt=\"\" srcset=\"https:\/\/graziamagazine.com\/mx\/wp-content\/uploads\/sites\/13\/2026\/04\/IMG_2724.jpeg 1080w, https:\/\/graziamagazine.com\/mx\/wp-content\/uploads\/sites\/13\/2026\/04\/IMG_2724-450x300.jpeg 450w, https:\/\/graziamagazine.com\/mx\/wp-content\/uploads\/sites\/13\/2026\/04\/IMG_2724-1024x683.jpeg 1024w, https:\/\/graziamagazine.com\/mx\/wp-content\/uploads\/sites\/13\/2026\/04\/IMG_2724-768x512.jpeg 768w, https:\/\/graziamagazine.com\/mx\/wp-content\/uploads\/sites\/13\/2026\/04\/IMG_2724-400x267.jpeg 400w, https:\/\/graziamagazine.com\/mx\/wp-content\/uploads\/sites\/13\/2026\/04\/IMG_2724-155x103.jpeg 155w\" sizes=\"(max-width: 1080px) 100vw, 1080px\" \/><\/div><\/figure><figure class=\"gallery-item\"><div class=\"gallery-icon landscape\"><img loading=\"lazy\" decoding=\"async\" width=\"1080\" height=\"720\" src=\"https:\/\/graziamagazine.com\/mx\/wp-content\/uploads\/sites\/13\/2026\/04\/IMG_2725.jpeg\" class=\"lazy\" alt=\"\" srcset=\"https:\/\/graziamagazine.com\/mx\/wp-content\/uploads\/sites\/13\/2026\/04\/IMG_2725.jpeg 1080w, https:\/\/graziamagazine.com\/mx\/wp-content\/uploads\/sites\/13\/2026\/04\/IMG_2725-450x300.jpeg 450w, https:\/\/graziamagazine.com\/mx\/wp-content\/uploads\/sites\/13\/2026\/04\/IMG_2725-1024x683.jpeg 1024w, https:\/\/graziamagazine.com\/mx\/wp-content\/uploads\/sites\/13\/2026\/04\/IMG_2725-768x512.jpeg 768w, https:\/\/graziamagazine.com\/mx\/wp-content\/uploads\/sites\/13\/2026\/04\/IMG_2725-400x267.jpeg 400w, https:\/\/graziamagazine.com\/mx\/wp-content\/uploads\/sites\/13\/2026\/04\/IMG_2725-155x103.jpeg 155w\" sizes=\"(max-width: 1080px) 100vw, 1080px\" \/><\/div><\/figure><\/div><\/div>\n<p class=\"p2\"><span class=\"s1\">Anne Hathaway luci\u00f3 un vestido de Valentino con olanes negros y blancos y un toque rojo, acompa\u00f1ado de unos stilettos blancos de la misma firma, de la colecci\u00f3n de Alessandro Michele. Este look estuvo acompa\u00f1ado de joyer\u00eda de Bulgari.<\/span><\/p>\n<p class=\"p2\"><span class=\"s1\">Uno de los looks m\u00e1s ic\u00f3nicos y deslumbrantes lo llev\u00f3 Meryl Streep en <a href=\"https:\/\/www.instagram.com\/chanelofficial?igsh=ajVtYmFodG81bTF6\" target=\"_blank\">Chanel<\/a>, con un conjunto de traje y falda rojo con acentos blancos y negros y flecos. Y a este look no pod\u00edan faltar unos de los zapatos de tac\u00f3n bicolor m\u00e1s ic\u00f3nicos de la firma.<\/span><\/p>\n<h3 class=\"p2\"><span class=\"s2\">Se\u00fal<\/span><\/h3>\n<div class=\"content-gallery\"><div class=\"gallery-placeholder\"><div class=\"spinner\"><\/div><\/div><span class=\"gallery-pagination\"><\/span><div id=\"gallery-3\" class=\"gallery galleryid-169262 gallery-columns- gallery-size-\"><figure class=\"gallery-item\"><div class=\"gallery-icon landscape\"><img loading=\"lazy\" decoding=\"async\" width=\"5206\" height=\"7805\" src=\"https:\/\/graziamagazine.com\/mx\/wp-content\/uploads\/sites\/13\/2026\/04\/IMG_2721.jpeg\" class=\"lazy\" alt=\"Todos los looks que han protagonizado en el press tour de The Devil Wears Prada\" srcset=\"https:\/\/graziamagazine.com\/mx\/wp-content\/uploads\/sites\/13\/2026\/04\/IMG_2721.jpeg 5206w, https:\/\/graziamagazine.com\/mx\/wp-content\/uploads\/sites\/13\/2026\/04\/IMG_2721-300x450.jpeg 300w, https:\/\/graziamagazine.com\/mx\/wp-content\/uploads\/sites\/13\/2026\/04\/IMG_2721-683x1024.jpeg 683w, https:\/\/graziamagazine.com\/mx\/wp-content\/uploads\/sites\/13\/2026\/04\/IMG_2721-768x1151.jpeg 768w, https:\/\/graziamagazine.com\/mx\/wp-content\/uploads\/sites\/13\/2026\/04\/IMG_2721-1025x1536.jpeg 1025w, https:\/\/graziamagazine.com\/mx\/wp-content\/uploads\/sites\/13\/2026\/04\/IMG_2721-400x600.jpeg 400w, https:\/\/graziamagazine.com\/mx\/wp-content\/uploads\/sites\/13\/2026\/04\/IMG_2721-143x215.jpeg 143w\" sizes=\"(max-width: 5206px) 100vw, 5206px\" \/><\/div><figcaption class=\"wp-caption-text gallery-caption\" id=\"gallery-3-169267\">SEOUL, SOUTH KOREA - APRIL 08: Meryl Streep and Anne Hathaway attend the press conference for the movie \"The Devil Wears Prada 2\" at the Four Seasons on April 08, 2026 in Seoul, South Korea. (Photo by Han Myung-Gu\/WireImage)<\/figcaption><\/figure><figure class=\"gallery-item\"><div class=\"gallery-icon landscape\"><img loading=\"lazy\" decoding=\"async\" width=\"2560\" height=\"1707\" src=\"https:\/\/graziamagazine.com\/mx\/wp-content\/uploads\/sites\/13\/2026\/04\/IMG_2723-scaled.jpeg\" class=\"lazy\" alt=\"Todos los looks que han protagonizado en el press tour de The Devil Wears Prada\" srcset=\"https:\/\/graziamagazine.com\/mx\/wp-content\/uploads\/sites\/13\/2026\/04\/IMG_2723-scaled.jpeg 2560w, https:\/\/graziamagazine.com\/mx\/wp-content\/uploads\/sites\/13\/2026\/04\/IMG_2723-450x300.jpeg 450w, https:\/\/graziamagazine.com\/mx\/wp-content\/uploads\/sites\/13\/2026\/04\/IMG_2723-1024x683.jpeg 1024w, https:\/\/graziamagazine.com\/mx\/wp-content\/uploads\/sites\/13\/2026\/04\/IMG_2723-768x512.jpeg 768w, https:\/\/graziamagazine.com\/mx\/wp-content\/uploads\/sites\/13\/2026\/04\/IMG_2723-1536x1024.jpeg 1536w, https:\/\/graziamagazine.com\/mx\/wp-content\/uploads\/sites\/13\/2026\/04\/IMG_2723-2048x1366.jpeg 2048w, https:\/\/graziamagazine.com\/mx\/wp-content\/uploads\/sites\/13\/2026\/04\/IMG_2723-400x267.jpeg 400w, https:\/\/graziamagazine.com\/mx\/wp-content\/uploads\/sites\/13\/2026\/04\/IMG_2723-155x103.jpeg 155w\" sizes=\"(max-width: 2560px) 100vw, 2560px\" \/><\/div><figcaption class=\"wp-caption-text gallery-caption\" id=\"gallery-3-169266\">SEOUL, SOUTH KOREA - APRIL 08: Anne Hathaway and Meryl Streep attend 'The Devil Wears Prada 2' - Seoul Premiere at the Times Square on April 08, 2026 in Seoul, South Korea. (Photo by Chung Sung-Jun\/Getty Images)<\/figcaption><\/figure><\/div><\/div>\n<p class=\"p2\"><span class=\"s1\">El look de Anne Hathaway en Se\u00fal fue de la marca 100% mexicana, Vaquera. Y solo ella supo c\u00f3mo llevar un corset tan ic\u00f3nico como este de la mejor manera, en conjunto con unos pantalones de piel negros y un peinado muy acorde al evento, acompa\u00f1ado de joyas de Bulgari. Tambi\u00e9n, otro d\u00eda mostr\u00f3 un total look rojo de piel de Balenciaga, con una chaqueta oversized y una falda.<\/span><\/p>\n<p class=\"p2\"><span class=\"s1\">En uno de sus looks m\u00e1s cl\u00e1sicos, Meryl Streep llev\u00f3 un traje rojo de Prada con tailoring impecable, estilizado con un cintur\u00f3n caf\u00e9, demostrando c\u00f3mo se lleva un traje rojo con tacones dorados. Tambi\u00e9n llev\u00f3 un total look negro de Celine, con una manga tipo capa en conjunto con un pantal\u00f3n recto, acompa\u00f1ado de unos cl\u00e1sicos stilettos negros, simplemente ic\u00f3nica.<\/span><\/p>\n<h3>Shangai<\/h3>\n<div class=\"content-gallery\"><div class=\"gallery-placeholder\"><div class=\"spinner\"><\/div><\/div><span class=\"gallery-pagination\"><\/span><div id=\"gallery-4\" class=\"gallery galleryid-169262 gallery-columns- gallery-size-\"><figure class=\"gallery-item\"><div class=\"gallery-icon landscape\"><img loading=\"lazy\" decoding=\"async\" width=\"1707\" height=\"2560\" src=\"https:\/\/graziamagazine.com\/mx\/wp-content\/uploads\/sites\/13\/2026\/04\/IMG_2866-scaled.jpeg\" class=\"lazy\" alt=\"Todos los looks que han protagonizado en el press tour de The Devil Wears Prada\" srcset=\"https:\/\/graziamagazine.com\/mx\/wp-content\/uploads\/sites\/13\/2026\/04\/IMG_2866-scaled.jpeg 1707w, https:\/\/graziamagazine.com\/mx\/wp-content\/uploads\/sites\/13\/2026\/04\/IMG_2866-300x450.jpeg 300w, https:\/\/graziamagazine.com\/mx\/wp-content\/uploads\/sites\/13\/2026\/04\/IMG_2866-683x1024.jpeg 683w, https:\/\/graziamagazine.com\/mx\/wp-content\/uploads\/sites\/13\/2026\/04\/IMG_2866-768x1152.jpeg 768w, https:\/\/graziamagazine.com\/mx\/wp-content\/uploads\/sites\/13\/2026\/04\/IMG_2866-1024x1536.jpeg 1024w, https:\/\/graziamagazine.com\/mx\/wp-content\/uploads\/sites\/13\/2026\/04\/IMG_2866-1365x2048.jpeg 1365w, https:\/\/graziamagazine.com\/mx\/wp-content\/uploads\/sites\/13\/2026\/04\/IMG_2866-400x600.jpeg 400w, https:\/\/graziamagazine.com\/mx\/wp-content\/uploads\/sites\/13\/2026\/04\/IMG_2866-143x215.jpeg 143w\" sizes=\"(max-width: 1707px) 100vw, 1707px\" \/><\/div><figcaption class=\"wp-caption-text gallery-caption\" id=\"gallery-4-169571\">SHANGHAI, CHINA - APRIL 10: American actress Anne Hathaway (L) and American actress Meryl Streep attend the premiere of film \"The Devil Wears Prada 2\" on April 10, 2026 in Shanghai, China. (Photo by VCG\/VCG via Getty Images)<\/figcaption><\/figure><figure class=\"gallery-item\"><div class=\"gallery-icon landscape\"><img loading=\"lazy\" decoding=\"async\" width=\"1707\" height=\"2560\" src=\"https:\/\/graziamagazine.com\/mx\/wp-content\/uploads\/sites\/13\/2026\/04\/IMG_2867-scaled.jpeg\" class=\"lazy\" alt=\"\" srcset=\"https:\/\/graziamagazine.com\/mx\/wp-content\/uploads\/sites\/13\/2026\/04\/IMG_2867-scaled.jpeg 1707w, https:\/\/graziamagazine.com\/mx\/wp-content\/uploads\/sites\/13\/2026\/04\/IMG_2867-300x450.jpeg 300w, https:\/\/graziamagazine.com\/mx\/wp-content\/uploads\/sites\/13\/2026\/04\/IMG_2867-683x1024.jpeg 683w, https:\/\/graziamagazine.com\/mx\/wp-content\/uploads\/sites\/13\/2026\/04\/IMG_2867-768x1152.jpeg 768w, https:\/\/graziamagazine.com\/mx\/wp-content\/uploads\/sites\/13\/2026\/04\/IMG_2867-1024x1536.jpeg 1024w, https:\/\/graziamagazine.com\/mx\/wp-content\/uploads\/sites\/13\/2026\/04\/IMG_2867-1365x2048.jpeg 1365w, https:\/\/graziamagazine.com\/mx\/wp-content\/uploads\/sites\/13\/2026\/04\/IMG_2867-400x600.jpeg 400w, https:\/\/graziamagazine.com\/mx\/wp-content\/uploads\/sites\/13\/2026\/04\/IMG_2867-143x215.jpeg 143w\" sizes=\"(max-width: 1707px) 100vw, 1707px\" \/><\/div><figcaption class=\"wp-caption-text gallery-caption\" id=\"gallery-4-169572\">SHANGHAI, CHINA - APRIL 10: American actress Meryl Streep attends the premiere of film \"The Devil Wears Prada 2\" on April 10, 2026 in Shanghai, China. (Photo by VCG\/VCG via Getty Images)<\/figcaption><\/figure><\/div><\/div>\n<p class=\"p1\"><span class=\"s1\">Anne Hathaway lleva un vestido midi de Susan Fang lleno de volumen y transparencias, un look sumamente femenino. Mientras que Meryl Streep apuesta por un total look de Saint Laurent, reafirmando ese estilo elegante, estructurado y poderoso que ha definido a la actriz durante toda la gira.<\/span><\/p>\n<h3>Nueva York<\/h3>\n<div class=\"content-gallery\"><div class=\"gallery-placeholder\"><div class=\"spinner\"><\/div><\/div><span class=\"gallery-pagination\"><\/span><div id=\"gallery-5\" class=\"gallery galleryid-169262 gallery-columns- gallery-size-\"><figure class=\"gallery-item\"><div class=\"gallery-icon landscape\"><img loading=\"lazy\" decoding=\"async\" width=\"1080\" height=\"1440\" src=\"https:\/\/graziamagazine.com\/mx\/wp-content\/uploads\/sites\/13\/2026\/04\/IMG_3290.jpeg\" class=\"lazy\" alt=\"Todos los looks que han protagonizado en el press tour de The Devil Wears Prada\" srcset=\"https:\/\/graziamagazine.com\/mx\/wp-content\/uploads\/sites\/13\/2026\/04\/IMG_3290.jpeg 1080w, https:\/\/graziamagazine.com\/mx\/wp-content\/uploads\/sites\/13\/2026\/04\/IMG_3290-338x450.jpeg 338w, https:\/\/graziamagazine.com\/mx\/wp-content\/uploads\/sites\/13\/2026\/04\/IMG_3290-768x1024.jpeg 768w, https:\/\/graziamagazine.com\/mx\/wp-content\/uploads\/sites\/13\/2026\/04\/IMG_3290-400x533.jpeg 400w, https:\/\/graziamagazine.com\/mx\/wp-content\/uploads\/sites\/13\/2026\/04\/IMG_3290-155x207.jpeg 155w\" sizes=\"(max-width: 1080px) 100vw, 1080px\" \/><\/div><figcaption class=\"wp-caption-text gallery-caption\" id=\"gallery-5-170235\">Fotos: Getty Images<\/figcaption><\/figure><figure class=\"gallery-item\"><div class=\"gallery-icon landscape\"><img loading=\"lazy\" decoding=\"async\" width=\"1080\" height=\"1440\" src=\"https:\/\/graziamagazine.com\/mx\/wp-content\/uploads\/sites\/13\/2026\/04\/IMG_3291.jpeg\" class=\"lazy\" alt=\"\" srcset=\"https:\/\/graziamagazine.com\/mx\/wp-content\/uploads\/sites\/13\/2026\/04\/IMG_3291.jpeg 1080w, https:\/\/graziamagazine.com\/mx\/wp-content\/uploads\/sites\/13\/2026\/04\/IMG_3291-338x450.jpeg 338w, https:\/\/graziamagazine.com\/mx\/wp-content\/uploads\/sites\/13\/2026\/04\/IMG_3291-768x1024.jpeg 768w, https:\/\/graziamagazine.com\/mx\/wp-content\/uploads\/sites\/13\/2026\/04\/IMG_3291-400x533.jpeg 400w, https:\/\/graziamagazine.com\/mx\/wp-content\/uploads\/sites\/13\/2026\/04\/IMG_3291-155x207.jpeg 155w\" sizes=\"(max-width: 1080px) 100vw, 1080px\" \/><\/div><\/figure><figure class=\"gallery-item\"><div class=\"gallery-icon landscape\"><img loading=\"lazy\" decoding=\"async\" width=\"1080\" height=\"1441\" src=\"https:\/\/graziamagazine.com\/mx\/wp-content\/uploads\/sites\/13\/2026\/04\/IMG_3292.jpeg\" class=\"lazy\" alt=\"\" srcset=\"https:\/\/graziamagazine.com\/mx\/wp-content\/uploads\/sites\/13\/2026\/04\/IMG_3292.jpeg 1080w, https:\/\/graziamagazine.com\/mx\/wp-content\/uploads\/sites\/13\/2026\/04\/IMG_3292-337x450.jpeg 337w, https:\/\/graziamagazine.com\/mx\/wp-content\/uploads\/sites\/13\/2026\/04\/IMG_3292-767x1024.jpeg 767w, https:\/\/graziamagazine.com\/mx\/wp-content\/uploads\/sites\/13\/2026\/04\/IMG_3292-768x1025.jpeg 768w, https:\/\/graziamagazine.com\/mx\/wp-content\/uploads\/sites\/13\/2026\/04\/IMG_3292-400x534.jpeg 400w, https:\/\/graziamagazine.com\/mx\/wp-content\/uploads\/sites\/13\/2026\/04\/IMG_3292-155x207.jpeg 155w\" sizes=\"(max-width: 1080px) 100vw, 1080px\" \/><\/div><\/figure><\/div><\/div>\n<p>Continuando con el press tour mundial de The Devil Wears Prada 2, la siguiente parada fue Nueva York.<\/p>\n<p>En esta ocasi\u00f3n, Anne Hathaway deslumbra con un vestido bustier strapless de seda roja, con conos plisados en 3D. El look se complementa con plataformas de sat\u00e9n rojo, elevando a\u00fan m\u00e1s su propuesta sofisticada y conceptual.<\/p>\n<p><span class=\"hover:entity-accent entity-underline inline cursor-pointer align-baseline\"><span class=\"whitespace-normal\">Meryl Streep<\/span><\/span> lleva una capa roja dise\u00f1ada por <span class=\"hover:entity-accent entity-underline inline cursor-pointer align-baseline\"><span class=\"whitespace-normal\">Givenchy, <\/span><\/span>bajo la direcci\u00f3n de <span class=\"hover:entity-accent entity-underline inline cursor-pointer align-baseline\"><span class=\"whitespace-normal\">Sarah Burton, <\/span><\/span>este look lo acompa\u00f1a con unos guantes de \u00f3pera avant-garde negros y joyas de <span class=\"hover:entity-accent entity-underline inline cursor-pointer align-baseline\"><span class=\"whitespace-normal\">David Yurman.<\/span><\/span><\/p>\n<h3>Londres<\/h3>\n<div class=\"content-gallery\"><div class=\"gallery-placeholder\"><div class=\"spinner\"><\/div><\/div><span class=\"gallery-pagination\"><\/span><div id=\"gallery-6\" class=\"gallery galleryid-169262 gallery-columns- gallery-size-\"><figure class=\"gallery-item\"><div class=\"gallery-icon landscape\"><img loading=\"lazy\" decoding=\"async\" width=\"1080\" height=\"1440\" src=\"https:\/\/graziamagazine.com\/mx\/wp-content\/uploads\/sites\/13\/2026\/04\/IMG_3340.jpeg\" class=\"lazy\" alt=\"\" srcset=\"https:\/\/graziamagazine.com\/mx\/wp-content\/uploads\/sites\/13\/2026\/04\/IMG_3340.jpeg 1080w, https:\/\/graziamagazine.com\/mx\/wp-content\/uploads\/sites\/13\/2026\/04\/IMG_3340-338x450.jpeg 338w, https:\/\/graziamagazine.com\/mx\/wp-content\/uploads\/sites\/13\/2026\/04\/IMG_3340-768x1024.jpeg 768w, https:\/\/graziamagazine.com\/mx\/wp-content\/uploads\/sites\/13\/2026\/04\/IMG_3340-400x533.jpeg 400w, https:\/\/graziamagazine.com\/mx\/wp-content\/uploads\/sites\/13\/2026\/04\/IMG_3340-155x207.jpeg 155w\" sizes=\"(max-width: 1080px) 100vw, 1080px\" \/><\/div><figcaption class=\"wp-caption-text gallery-caption\" id=\"gallery-6-170316\">Getty Images <\/figcaption><\/figure><figure class=\"gallery-item\"><div class=\"gallery-icon landscape\"><img loading=\"lazy\" decoding=\"async\" width=\"1080\" height=\"1440\" src=\"https:\/\/graziamagazine.com\/mx\/wp-content\/uploads\/sites\/13\/2026\/04\/IMG_3341-1.jpeg\" class=\"lazy\" alt=\"\" srcset=\"https:\/\/graziamagazine.com\/mx\/wp-content\/uploads\/sites\/13\/2026\/04\/IMG_3341-1.jpeg 1080w, https:\/\/graziamagazine.com\/mx\/wp-content\/uploads\/sites\/13\/2026\/04\/IMG_3341-1-338x450.jpeg 338w, https:\/\/graziamagazine.com\/mx\/wp-content\/uploads\/sites\/13\/2026\/04\/IMG_3341-1-768x1024.jpeg 768w, https:\/\/graziamagazine.com\/mx\/wp-content\/uploads\/sites\/13\/2026\/04\/IMG_3341-1-400x533.jpeg 400w, https:\/\/graziamagazine.com\/mx\/wp-content\/uploads\/sites\/13\/2026\/04\/IMG_3341-1-155x207.jpeg 155w\" sizes=\"(max-width: 1080px) 100vw, 1080px\" \/><\/div><\/figure><figure class=\"gallery-item\"><div class=\"gallery-icon landscape\"><img loading=\"lazy\" decoding=\"async\" width=\"1080\" height=\"1440\" src=\"https:\/\/graziamagazine.com\/mx\/wp-content\/uploads\/sites\/13\/2026\/04\/IMG_3342.jpeg\" class=\"lazy\" alt=\"\" srcset=\"https:\/\/graziamagazine.com\/mx\/wp-content\/uploads\/sites\/13\/2026\/04\/IMG_3342.jpeg 1080w, https:\/\/graziamagazine.com\/mx\/wp-content\/uploads\/sites\/13\/2026\/04\/IMG_3342-338x450.jpeg 338w, https:\/\/graziamagazine.com\/mx\/wp-content\/uploads\/sites\/13\/2026\/04\/IMG_3342-768x1024.jpeg 768w, https:\/\/graziamagazine.com\/mx\/wp-content\/uploads\/sites\/13\/2026\/04\/IMG_3342-400x533.jpeg 400w, https:\/\/graziamagazine.com\/mx\/wp-content\/uploads\/sites\/13\/2026\/04\/IMG_3342-155x207.jpeg 155w\" sizes=\"(max-width: 1080px) 100vw, 1080px\" \/><\/div><figcaption class=\"wp-caption-text gallery-caption\" id=\"gallery-6-170318\">Getty Images<\/figcaption><\/figure><\/div><\/div>\n<p>Los looks de <span class=\"hover:entity-accent entity-underline inline cursor-pointer align-baseline\"><span class=\"whitespace-normal\">Anne Hathaway<\/span><\/span> y <span class=\"hover:entity-accent entity-underline inline cursor-pointer align-baseline\"><span class=\"whitespace-normal\">Meryl<\/span><\/span> en Londres, no pod\u00edan pasar desapercibidos. Hathaway deslumbra con un dise\u00f1o de <span class=\"hover:entity-accent entity-underline inline cursor-pointer align-baseline\"><span class=\"whitespace-normal\">Atelier Versace<\/span><\/span>, creado por <span class=\"hover:entity-accent entity-underline inline cursor-pointer align-baseline\"><span class=\"whitespace-normal\">Donatella Versace, quien tambi\u00e9n estuvo presente en la gala. <\/span><\/span>La falda de cola y estructura corset, con cintas laterales que simulan varillas en el vestido. El escote ca\u00eddo tipo americana, cubierto de pedrer\u00eda, se remata con botones dorados.<\/p>\n<p data-start=\"455\" data-end=\"733\" data-is-last-node=\"\" data-is-only-node=\"\">Meryl Streep, por su parte, apuesta por <span class=\"hover:entity-accent entity-underline inline cursor-pointer align-baseline\"><span class=\"whitespace-normal\">Prada<\/span><\/span> con un abrigo satinado rojo midi. Debajo, una blusa blanca con pa\u00f1uelo al cuello y broche de pedrer\u00eda. Este look se completa con pantalones negros rectos y tacones satinados rojos con punta triangular marcada.<\/p>\n","protected":false},"author":42774,"featured_media":170305,"template":"","format":"standard","categories":[12517,2,4],"acf":[],"yoast_head":"<!-- This site is optimized with the Yoast SEO Premium plugin v18.5 (Yoast SEO v20.4) - https:\/\/yoast.com\/wordpress\/plugins\/seo\/ -->\n<title>Todos los looks que han protagonizado en el press tour de The Devil Wears Prada | Grazia M\u00e9xico y Latinoam\u00e9rica<\/title>\n<meta name=\"description\" content=\"Un recorrido por casi todo el mundo con todos los looks de Meryl Streep y Anne Hathaway para The Devil Wears Prada.\" \/>\n<meta name=\"robots\" content=\"index, follow, max-snippet:-1, max-image-preview:large, max-video-preview:-1\" \/>\n<link rel=\"canonical\" href=\"https:\/\/graziamagazine.com\/mx\/articles\/looks-de-la-gira-el-diablo-viste-a-la-moda-2\/\" \/>\n<meta property=\"og:locale\" content=\"es_MX\" \/>\n<meta property=\"og:type\" content=\"article\" \/>\n<meta property=\"og:title\" content=\"Todos los looks que han protagonizado en el press tour de The Devil Wears Prada\" \/>\n<meta property=\"og:description\" content=\"Un recorrido por casi todo el mundo con todos los looks de Meryl Streep y Anne Hathaway para The Devil Wears Prada.\" \/>\n<meta property=\"og:url\" content=\"https:\/\/graziamagazine.com\/mx\/articles\/looks-de-la-gira-el-diablo-viste-a-la-moda-2\/\" \/>\n<meta property=\"og:site_name\" content=\"Grazia M\u00e9xico y Latinoam\u00e9rica\" \/>\n<meta property=\"article:modified_time\" content=\"2026-04-22T22:10:13+00:00\" \/>\n<meta property=\"og:image\" content=\"https:\/\/graziamagazine.com\/mx\/wp-content\/uploads\/sites\/13\/2026\/04\/IMG_3341.jpeg\" \/>\n\t<meta property=\"og:image:width\" content=\"1080\" \/>\n\t<meta property=\"og:image:height\" content=\"1440\" \/>\n\t<meta property=\"og:image:type\" content=\"image\/jpeg\" \/>\n<meta name=\"twitter:card\" content=\"summary_large_image\" \/>\n<meta name=\"twitter:label1\" content=\"Est. reading time\" \/>\n\t<meta name=\"twitter:data1\" content=\"3 minutos\" \/>\n<script type=\"application\/ld+json\" class=\"yoast-schema-graph\">{\"@context\":\"https:\/\/schema.org\",\"@graph\":[{\"@type\":\"WebPage\",\"@id\":\"https:\/\/graziamagazine.com\/mx\/articles\/looks-de-la-gira-el-diablo-viste-a-la-moda-2\/\",\"url\":\"https:\/\/graziamagazine.com\/mx\/articles\/looks-de-la-gira-el-diablo-viste-a-la-moda-2\/\",\"name\":\"Todos los looks que han protagonizado en el press tour de The Devil Wears Prada | Grazia M\u00e9xico y Latinoam\u00e9rica\",\"isPartOf\":{\"@id\":\"https:\/\/graziamagazine.com\/mx\/#website\"},\"datePublished\":\"2026-04-22T18:29:57+00:00\",\"dateModified\":\"2026-04-22T22:10:13+00:00\",\"description\":\"Un recorrido por casi todo el mundo con todos los looks de Meryl Streep y Anne Hathaway para The Devil Wears Prada.\",\"breadcrumb\":{\"@id\":\"https:\/\/graziamagazine.com\/mx\/articles\/looks-de-la-gira-el-diablo-viste-a-la-moda-2\/#breadcrumb\"},\"inLanguage\":\"es-MX\",\"potentialAction\":[{\"@type\":\"ReadAction\",\"target\":[\"https:\/\/graziamagazine.com\/mx\/articles\/looks-de-la-gira-el-diablo-viste-a-la-moda-2\/\"]}]},{\"@type\":\"BreadcrumbList\",\"@id\":\"https:\/\/graziamagazine.com\/mx\/articles\/looks-de-la-gira-el-diablo-viste-a-la-moda-2\/#breadcrumb\",\"itemListElement\":[{\"@type\":\"ListItem\",\"position\":1,\"name\":\"Home\",\"item\":\"https:\/\/graziamagazine.com\/mx\/\"},{\"@type\":\"ListItem\",\"position\":2,\"name\":\"Todos los looks que han protagonizado en el press tour de The Devil Wears Prada\"}]},{\"@type\":\"WebSite\",\"@id\":\"https:\/\/graziamagazine.com\/mx\/#website\",\"url\":\"https:\/\/graziamagazine.com\/mx\/\",\"name\":\"Grazia M\u00e9xico y Latinoam\u00e9rica\",\"description\":\"Grazia es moda, belleza y noticias  de actualidad \",\"potentialAction\":[{\"@type\":\"SearchAction\",\"target\":{\"@type\":\"EntryPoint\",\"urlTemplate\":\"https:\/\/graziamagazine.com\/mx\/?s={search_term_string}\"},\"query-input\":\"required name=search_term_string\"}],\"inLanguage\":\"es-MX\"}]}<\/script>\n<!-- \/ Yoast SEO Premium plugin. -->","yoast_head_json":{"title":"Todos los looks que han protagonizado en el press tour de The Devil Wears Prada | Grazia M\u00e9xico y Latinoam\u00e9rica","description":"Un recorrido por casi todo el mundo con todos los looks de Meryl Streep y Anne Hathaway para The Devil Wears Prada.","robots":{"index":"index","follow":"follow","max-snippet":"max-snippet:-1","max-image-preview":"max-image-preview:large","max-video-preview":"max-video-preview:-1"},"canonical":"https:\/\/graziamagazine.com\/mx\/articles\/looks-de-la-gira-el-diablo-viste-a-la-moda-2\/","og_locale":"es_MX","og_type":"article","og_title":"Todos los looks que han protagonizado en el press tour de The Devil Wears Prada","og_description":"Un recorrido por casi todo el mundo con todos los looks de Meryl Streep y Anne Hathaway para The Devil Wears Prada.","og_url":"https:\/\/graziamagazine.com\/mx\/articles\/looks-de-la-gira-el-diablo-viste-a-la-moda-2\/","og_site_name":"Grazia M\u00e9xico y Latinoam\u00e9rica","article_modified_time":"2026-04-22T22:10:13+00:00","og_image":[{"width":1080,"height":1440,"url":"https:\/\/graziamagazine.com\/mx\/wp-content\/uploads\/sites\/13\/2026\/04\/IMG_3341.jpeg","type":"image\/jpeg"}],"twitter_card":"summary_large_image","twitter_misc":{"Est. reading time":"3 minutos"},"schema":{"@context":"https:\/\/schema.org","@graph":[{"@type":"WebPage","@id":"https:\/\/graziamagazine.com\/mx\/articles\/looks-de-la-gira-el-diablo-viste-a-la-moda-2\/","url":"https:\/\/graziamagazine.com\/mx\/articles\/looks-de-la-gira-el-diablo-viste-a-la-moda-2\/","name":"Todos los looks que han protagonizado en el press tour de The Devil Wears Prada | Grazia M\u00e9xico y Latinoam\u00e9rica","isPartOf":{"@id":"https:\/\/graziamagazine.com\/mx\/#website"},"datePublished":"2026-04-22T18:29:57+00:00","dateModified":"2026-04-22T22:10:13+00:00","description":"Un recorrido por casi todo el mundo con todos los looks de Meryl Streep y Anne Hathaway para The Devil Wears Prada.","breadcrumb":{"@id":"https:\/\/graziamagazine.com\/mx\/articles\/looks-de-la-gira-el-diablo-viste-a-la-moda-2\/#breadcrumb"},"inLanguage":"es-MX","potentialAction":[{"@type":"ReadAction","target":["https:\/\/graziamagazine.com\/mx\/articles\/looks-de-la-gira-el-diablo-viste-a-la-moda-2\/"]}]},{"@type":"BreadcrumbList","@id":"https:\/\/graziamagazine.com\/mx\/articles\/looks-de-la-gira-el-diablo-viste-a-la-moda-2\/#breadcrumb","itemListElement":[{"@type":"ListItem","position":1,"name":"Home","item":"https:\/\/graziamagazine.com\/mx\/"},{"@type":"ListItem","position":2,"name":"Todos los looks que han protagonizado en el press tour de The Devil Wears Prada"}]},{"@type":"WebSite","@id":"https:\/\/graziamagazine.com\/mx\/#website","url":"https:\/\/graziamagazine.com\/mx\/","name":"Grazia M\u00e9xico y Latinoam\u00e9rica","description":"Grazia es moda, belleza y noticias  de actualidad ","potentialAction":[{"@type":"SearchAction","target":{"@type":"EntryPoint","urlTemplate":"https:\/\/graziamagazine.com\/mx\/?s={search_term_string}"},"query-input":"required name=search_term_string"}],"inLanguage":"es-MX"}]}},"jetpack_sharing_enabled":true,"distributor_meta":false,"distributor_terms":false,"distributor_media":false,"distributor_original_site_name":"Grazia M\u00e9xico y Latinoam\u00e9rica","distributor_original_site_url":"https:\/\/graziamagazine.com\/mx","push-errors":false,"_links":{"self":[{"href":"https:\/\/graziamagazine.com\/mx\/wp-json\/wp\/v2\/articles\/169262"}],"collection":[{"href":"https:\/\/graziamagazine.com\/mx\/wp-json\/wp\/v2\/articles"}],"about":[{"href":"https:\/\/graziamagazine.com\/mx\/wp-json\/wp\/v2\/types\/articles"}],"author":[{"embeddable":true,"href":"https:\/\/graziamagazine.com\/mx\/wp-json\/wp\/v2\/users\/42774"}],"wp:featuredmedia":[{"embeddable":true,"href":"https:\/\/graziamagazine.com\/mx\/wp-json\/wp\/v2\/media\/170305"}],"wp:attachment":[{"href":"https:\/\/graziamagazine.com\/mx\/wp-json\/wp\/v2\/media?parent=169262"}],"wp:term":[{"taxonomy":"category","embeddable":true,"href":"https:\/\/graziamagazine.com\/mx\/wp-json\/wp\/v2\/categories?post=169262"}],"curies":[{"name":"wp","href":"https:\/\/api.w.org\/{rel}","templated":true}]}}