{"id":169232,"date":"2026-04-30T06:45:54","date_gmt":"2026-04-30T11:45:54","guid":{"rendered":"https:\/\/graziamagazine.com\/mx\/?post_type=articles&#038;p=169232"},"modified":"2026-04-30T10:42:10","modified_gmt":"2026-04-30T15:42:10","slug":"ana-valeria-becerril-portada-especial-belleza-mayo-2026","status":"publish","type":"articles","link":"https:\/\/graziamagazine.com\/mx\/articles\/ana-valeria-becerril-portada-especial-belleza-mayo-2026\/","title":{"rendered":"Lo m\u00e1s bonito de Ana Valeria Becerril"},"content":{"rendered":"<p class=\"s3\"><span class=\"s4\">Tal vez te vayas con la finta y pienses que son sus <\/span><span class=\"s4\">facciones<\/span> <span class=\"s4\">delicadas<\/span><span class=\"s4\"> o <\/span><span class=\"s4\">su talla<\/span><em><span class=\"s4\"> petite <\/span><\/em><span class=\"s4\">que <\/span><span class=\"s4\">le da un aire de delicadeza<\/span><span class=\"s4\">.<\/span> <span class=\"s4\">E<\/span><span class=\"s4\">n realidad <strong>Ana Valeria Becerril<\/strong> es una mujer que proyecta paz, esa con la que empieza esta entrevista y que define como la belleza<\/span> <span class=\"s4\">pura<\/span><span class=\"s4\">.<\/span><\/p>\n<p>Lejos de los estereotipos y de las ideas prefabricadas, entiende la <strong>belleza como algo que se construye desde adentro<\/strong>. En esta charla, la actriz habla sobre la calma como una forma de belleza, la importancia de los afectos, los est\u00e1ndares actuales y su inclinaci\u00f3n por lo aut\u00e9ntico, tanto en su rutina como en los proyectos que elige.<\/p>\n<figure id=\"attachment_170343\" aria-describedby=\"caption-attachment-170343\" style=\"width: 1080px\" class=\"wp-caption alignnone\"><img loading=\"lazy\" decoding=\"async\" class=\"size-full wp-image-170343\" src=\"https:\/\/graziamagazine.com\/mx\/wp-content\/uploads\/sites\/13\/2026\/04\/Ana-Valeria-Becerril-belleza-especial.jpg\" alt=\"Ana Valeria Becerril para Grazia belleza\" width=\"1080\" height=\"1440\" srcset=\"https:\/\/graziamagazine.com\/mx\/wp-content\/uploads\/sites\/13\/2026\/04\/Ana-Valeria-Becerril-belleza-especial.jpg 1080w, https:\/\/graziamagazine.com\/mx\/wp-content\/uploads\/sites\/13\/2026\/04\/Ana-Valeria-Becerril-belleza-especial-338x450.jpg 338w, https:\/\/graziamagazine.com\/mx\/wp-content\/uploads\/sites\/13\/2026\/04\/Ana-Valeria-Becerril-belleza-especial-768x1024.jpg 768w, https:\/\/graziamagazine.com\/mx\/wp-content\/uploads\/sites\/13\/2026\/04\/Ana-Valeria-Becerril-belleza-especial-400x533.jpg 400w, https:\/\/graziamagazine.com\/mx\/wp-content\/uploads\/sites\/13\/2026\/04\/Ana-Valeria-Becerril-belleza-especial-155x207.jpg 155w\" sizes=\"(max-width: 1080px) 100vw, 1080px\" \/><figcaption id=\"caption-attachment-170343\" class=\"wp-caption-text\"><strong>APASIONADA<\/strong>: Paleta de ojos Pink Riviera, corrector 1N, blush 063 Pink lilac y gloss 015 Cherry, todo <strong>Dior Beauty<\/strong><br \/>Camisa, cuello y falda, <strong>Dior<\/strong><\/figcaption><\/figure>\n<h3 class=\"s3\"><span class=\"s4\">Para ti <\/span><span class=\"s4\">\u00bf<\/span><span class=\"s4\">qu\u00e9 es la belleza<\/span><span class=\"s4\">?<\/span><\/h3>\n<p class=\"s3\"><span class=\"s2\">Para m\u00ed <strong>la belleza se construye<\/strong> y creo que la relacionar<\/span><span class=\"s2\">\u00ed<\/span><span class=\"s2\">a m<\/span><span class=\"s2\">\u00e1<\/span><span class=\"s2\">s con un paisaje, algo <\/span><span class=\"s2\">que se encuentra <\/span><span class=\"s2\">dentro de la naturaleza. <\/span><span class=\"s2\">Tal vez sea l<\/span><span class=\"s2\">a calma. Algo cuidado, algo tranquilo, el cuidado me parece que <\/span><span class=\"s2\">lleva<\/span><span class=\"s2\"> mucha belleza.<\/span><\/p>\n<h3 class=\"s5\"><span class=\"s4\">\u00bf<\/span><span class=\"s4\">Qu\u00e9 es lo que m\u00e1s te gusta de ti<\/span><span class=\"s4\">?<\/span><\/h3>\n<p class=\"s3\"><span class=\"s2\">Las personas que me rodean. Creo que estoy muy orgullosa<\/span><span class=\"s2\"> de eso<\/span><span class=\"s2\">, va a sonar raro, pero <\/span><span class=\"s2\">verdaderamente <\/span><span class=\"s2\">me siento muy orgullosa de las personas que tengo alrededor. Mis amigas mis amigos, mi pareja, mis gatos. Siento que todos ellos <\/span><span class=\"s2\">me definen,<\/span><span class=\"s2\"> dicen mucho de qui<\/span><span class=\"s2\">\u00e9<\/span><span class=\"s2\">n soy yo.<\/span> <span class=\"s2\">F\u00edsicamente lo que m\u00e1s me gusta de m\u00ed son mis ojos.<\/span><\/p>\n<figure id=\"attachment_170341\" aria-describedby=\"caption-attachment-170341\" style=\"width: 1080px\" class=\"wp-caption alignnone\"><img loading=\"lazy\" decoding=\"async\" class=\"size-full wp-image-170341\" src=\"https:\/\/graziamagazine.com\/mx\/wp-content\/uploads\/sites\/13\/2026\/04\/Ana-Valeria-Becerril-con-flor.jpg\" alt=\"Ana Valeria Becerril con flor para especial belleza Grazia\" width=\"1080\" height=\"1440\" srcset=\"https:\/\/graziamagazine.com\/mx\/wp-content\/uploads\/sites\/13\/2026\/04\/Ana-Valeria-Becerril-con-flor.jpg 1080w, https:\/\/graziamagazine.com\/mx\/wp-content\/uploads\/sites\/13\/2026\/04\/Ana-Valeria-Becerril-con-flor-338x450.jpg 338w, https:\/\/graziamagazine.com\/mx\/wp-content\/uploads\/sites\/13\/2026\/04\/Ana-Valeria-Becerril-con-flor-768x1024.jpg 768w, https:\/\/graziamagazine.com\/mx\/wp-content\/uploads\/sites\/13\/2026\/04\/Ana-Valeria-Becerril-con-flor-400x533.jpg 400w, https:\/\/graziamagazine.com\/mx\/wp-content\/uploads\/sites\/13\/2026\/04\/Ana-Valeria-Becerril-con-flor-155x207.jpg 155w\" sizes=\"(max-width: 1080px) 100vw, 1080px\" \/><figcaption id=\"caption-attachment-170341\" class=\"wp-caption-text\"><strong>M\u00cdRAME Y M\u00cdRAME<\/strong>: Paleta de ojos 974 Pink Riviera, corrector 1N, blush 077 Candy y gloss Berry 006, todo <strong>Dior Beauty<\/strong><br \/>Aretes, <strong>Dior.<\/strong><\/figcaption><\/figure>\n<h3 class=\"s5\"><span class=\"s4\">\u00bf<\/span><span class=\"s4\">Los considerar\u00edas tu mejor arma<\/span><span class=\"s4\">?<\/span><\/h3>\n<p class=\"s3\"><span class=\"s2\">S\u00ed<\/span><span class=\"s2\">,<\/span><span class=\"s2\"> porque creo que soy muy expresiva y eso tambi\u00e9n puede jugar en <\/span><span class=\"s2\">mi <\/span><span class=\"s2\">contra<\/span><span class=\"s2\"> (r<\/span><span class=\"s2\">e<\/span><span class=\"s2\">\u00ed<\/span><span class=\"s2\">mos<\/span><span class=\"s2\">)<\/span><span class=\"s2\">, pero <\/span><span class=\"s2\">definitivamente<\/span><span class=\"s2\"> son mi mejor arma.<\/span><\/p>\n<h3 class=\"s5\"><span class=\"s4\">\u00bf<\/span><span class=\"s4\">Crees que los est\u00e1ndares de belleza han cambiado en el s.XXI <\/span><span class=\"s4\">siendo m\u00e1s permisivos <\/span><span class=\"s4\">o seguimos pidiendo imposibles<\/span><span class=\"s4\">?<\/span><\/h3>\n<p class=\"s3\"><span class=\"s2\">Seguimos todav<\/span><span class=\"s2\">\u00ed<\/span><span class=\"s2\">a en una lucha constante de <strong>lo que se espera<\/strong><\/span><strong><span class=\"s2\"> que seamos<\/span><\/strong><span class=\"s2\">, la belleza que se espera de nosotras. <\/span><span class=\"s2\">D<\/span><span class=\"s2\">efinitivamente mientras haya voces m<\/span><span class=\"s2\">\u00e1<\/span><span class=\"s2\">s diversas<\/span><span class=\"s2\">,<\/span><span class=\"s2\"> esa carga y esa expectativa se vuelve m<\/span><span class=\"s2\">\u00e1<\/span><span class=\"s2\">s real, m<\/span><span class=\"s2\">\u00e1<\/span><span class=\"s2\">s alcanzable.<\/span><\/p>\n<figure id=\"attachment_170339\" aria-describedby=\"caption-attachment-170339\" style=\"width: 1440px\" class=\"wp-caption alignnone\"><img loading=\"lazy\" decoding=\"async\" class=\"size-full wp-image-170339\" src=\"https:\/\/graziamagazine.com\/mx\/wp-content\/uploads\/sites\/13\/2026\/04\/Ana-Valeria-Becerril-Belleza.jpg\" alt=\"Ana Valeria Becerril para especial Belleza Grazia\" width=\"1440\" height=\"1080\" srcset=\"https:\/\/graziamagazine.com\/mx\/wp-content\/uploads\/sites\/13\/2026\/04\/Ana-Valeria-Becerril-Belleza.jpg 1440w, https:\/\/graziamagazine.com\/mx\/wp-content\/uploads\/sites\/13\/2026\/04\/Ana-Valeria-Becerril-Belleza-450x338.jpg 450w, https:\/\/graziamagazine.com\/mx\/wp-content\/uploads\/sites\/13\/2026\/04\/Ana-Valeria-Becerril-Belleza-1024x768.jpg 1024w, https:\/\/graziamagazine.com\/mx\/wp-content\/uploads\/sites\/13\/2026\/04\/Ana-Valeria-Becerril-Belleza-768x576.jpg 768w, https:\/\/graziamagazine.com\/mx\/wp-content\/uploads\/sites\/13\/2026\/04\/Ana-Valeria-Becerril-Belleza-400x300.jpg 400w, https:\/\/graziamagazine.com\/mx\/wp-content\/uploads\/sites\/13\/2026\/04\/Ana-Valeria-Becerril-Belleza-155x116.jpg 155w\" sizes=\"(max-width: 1440px) 100vw, 1440px\" \/><figcaption id=\"caption-attachment-170339\" class=\"wp-caption-text\"><strong>SLEEPING BEAUTY<\/strong>: Paleta de ojos 974 Pink Riviera, corrector 1N, blush 077 Candy y gloss Berry 006, todo <strong>Dior Beauty<\/strong>.<br \/>Aretes, <strong>Dior<\/strong>.<\/figcaption><\/figure>\n<h3 class=\"s5\"><span class=\"s4\">\u00bf<\/span><span class=\"s4\">Cu\u00e1l es el producto de makeup o <\/span><span class=\"s4\">pelo<\/span><span class=\"s4\"> que no puedes dejar de usar<\/span><span class=\"s4\">?<\/span><\/h3>\n<p class=\"s3\"><span class=\"s2\">Siempre, siempre<\/span><span class=\"s2\">, siempre<\/span><span class=\"s2\"> voy a priorizar un buen <\/span><em><span class=\"s6\">skincare<\/span><\/em><span class=\"s2\"> a un maquillaje muy elaborado. Pero un buen <em>gloss<\/em> de un color bonito <\/span><span class=\"s2\">tambi\u00e9n <\/span><span class=\"s2\">es <\/span><span class=\"s2\">b\u00e1sico<\/span><span class=\"s2\">.<\/span><\/p>\n<h3 class=\"s5\"><span class=\"s4\">\u00bf<\/span><span class=\"s4\">A qu\u00e9 te gusta oler ana valeria becerril<\/span><span class=\"s4\">?<\/span> <span class=\"s4\">C<\/span><span class=\"s4\">\u00edtricos, flores, maderas<\/span><span class=\"s4\"> o<\/span><span class=\"s4\"> una mezcla de todo. <\/span><span class=\"s4\">\u00bf<\/span><span class=\"s4\">Cambias seguido de perfume o eres de las que solamente usa uno como sello personal<\/span><span class=\"s4\">?<\/span><\/h3>\n<p class=\"s3\"><span class=\"s2\">Soy de buscarme mi olor<\/span><span class=\"s2\"> propio<\/span><span class=\"s2\">, <\/span><a href=\"https:\/\/graziamagazine.com\/mx\/articles\/fragancias-para-primavera\/\"><strong><span class=\"s2\">un aroma<\/span><\/strong><\/a><span class=\"s2\"><a href=\"https:\/\/graziamagazine.com\/mx\/articles\/fragancias-para-primavera\/\"><strong> que me defina<\/strong><\/a>. Antes era muy floral pero ahora me gustan las maderas <\/span><span class=\"s2\">que incluyan alg<\/span><span class=\"s2\">una flor <\/span><span class=\"s2\">que sea <\/span><span class=\"s2\">muy distintiva.<\/span><\/p>\n<figure id=\"attachment_170342\" aria-describedby=\"caption-attachment-170342\" style=\"width: 1080px\" class=\"wp-caption alignnone\"><img loading=\"lazy\" decoding=\"async\" class=\"size-full wp-image-170342\" src=\"https:\/\/graziamagazine.com\/mx\/wp-content\/uploads\/sites\/13\/2026\/04\/Ana-Valeria-Becerril-para-Grazia-belleza.jpg\" alt=\"Ana Valeria Becerril para Grazia belleza\" width=\"1080\" height=\"1440\" srcset=\"https:\/\/graziamagazine.com\/mx\/wp-content\/uploads\/sites\/13\/2026\/04\/Ana-Valeria-Becerril-para-Grazia-belleza.jpg 1080w, https:\/\/graziamagazine.com\/mx\/wp-content\/uploads\/sites\/13\/2026\/04\/Ana-Valeria-Becerril-para-Grazia-belleza-338x450.jpg 338w, https:\/\/graziamagazine.com\/mx\/wp-content\/uploads\/sites\/13\/2026\/04\/Ana-Valeria-Becerril-para-Grazia-belleza-768x1024.jpg 768w, https:\/\/graziamagazine.com\/mx\/wp-content\/uploads\/sites\/13\/2026\/04\/Ana-Valeria-Becerril-para-Grazia-belleza-400x533.jpg 400w, https:\/\/graziamagazine.com\/mx\/wp-content\/uploads\/sites\/13\/2026\/04\/Ana-Valeria-Becerril-para-Grazia-belleza-155x207.jpg 155w\" sizes=\"(max-width: 1080px) 100vw, 1080px\" \/><figcaption id=\"caption-attachment-170342\" class=\"wp-caption-text\"><strong>PINK EMOTION<\/strong>: Paleta de ojos 002 Frosted Opal Glow, paleta de ojos 974 Pink Riviera, corrector 1N, blush 077 Candy y 001 Pink, todo <strong>Dior Beauty<\/strong><br \/>Top, falda y aretes, <strong>Dior<\/strong>.<\/figcaption><\/figure>\n<h3 class=\"s5\"><span class=\"s4\">De todos los h\u00e1bitos de belleza, <\/span><span class=\"s4\">\u00bf<\/span><span class=\"s4\">con cu\u00e1l te quedar\u00edas si tuvieras que escoger uno<\/span><span class=\"s4\">?<\/span><\/h3>\n<p class=\"s3\"><span class=\"s2\">\u00a1<\/span><span class=\"s2\">Dormir bien, siempre<\/span><span class=\"s2\">!<\/span><\/p>\n<h3 class=\"s5\"><span class=\"s4\">\u00bf<\/span><span class=\"s4\">Algo que <\/span><span class=\"s4\">puedas contarnos<\/span> <span class=\"s4\">sobre<\/span><span class=\"s4\"> tus proyectos futuros<\/span><span class=\"s4\">?<\/span><\/h3>\n<p class=\"s3\"><span class=\"s2\">Tengo mucha emoci<\/span><span class=\"s2\">\u00f3<\/span><span class=\"s2\">n y expectativa en los proyectos independientes <\/span><span class=\"s2\">que siempre<\/span><span class=\"s2\"> busco. Hice una serie en Chile que ojal<\/span><span class=\"s2\">\u00e1<\/span><span class=\"s2\"> pronto vea la luz<\/span><span class=\"s2\">,<\/span><span class=\"s2\"> y una pel<\/span><span class=\"s2\">\u00ed<\/span><span class=\"s2\">cula el <\/span><span class=\"s2\">a\u00f1o pasado<\/span><span class=\"s2\">.<\/span> <span class=\"s2\">E<\/span><span class=\"s2\">spero que ambas encuentren su lugar y su momento para <\/span><span class=\"s2\">salir<\/span><span class=\"s2\">. Y le apuesto m\u00e1s a lo independiente, aunque cueste un poco m\u00e1s de trabaj<\/span><span class=\"s2\">o<\/span><span class=\"s2\">, a contar historias diferentes.<\/span><\/p>\n<figure id=\"attachment_170338\" aria-describedby=\"caption-attachment-170338\" style=\"width: 1440px\" class=\"wp-caption alignnone\"><img loading=\"lazy\" decoding=\"async\" class=\"size-full wp-image-170338\" src=\"https:\/\/graziamagazine.com\/mx\/wp-content\/uploads\/sites\/13\/2026\/04\/productos-cover-belleza.jpg\" alt=\"productos de belleza de Dior\" width=\"1440\" height=\"1080\" srcset=\"https:\/\/graziamagazine.com\/mx\/wp-content\/uploads\/sites\/13\/2026\/04\/productos-cover-belleza.jpg 1440w, https:\/\/graziamagazine.com\/mx\/wp-content\/uploads\/sites\/13\/2026\/04\/productos-cover-belleza-450x338.jpg 450w, https:\/\/graziamagazine.com\/mx\/wp-content\/uploads\/sites\/13\/2026\/04\/productos-cover-belleza-1024x768.jpg 1024w, https:\/\/graziamagazine.com\/mx\/wp-content\/uploads\/sites\/13\/2026\/04\/productos-cover-belleza-768x576.jpg 768w, https:\/\/graziamagazine.com\/mx\/wp-content\/uploads\/sites\/13\/2026\/04\/productos-cover-belleza-400x300.jpg 400w, https:\/\/graziamagazine.com\/mx\/wp-content\/uploads\/sites\/13\/2026\/04\/productos-cover-belleza-155x116.jpg 155w\" sizes=\"(max-width: 1440px) 100vw, 1440px\" \/><figcaption id=\"caption-attachment-170338\" class=\"wp-caption-text\"><strong>SPRING SONG<\/strong>: La propuesta de Dior Beauty para la estaci\u00f3n.<\/figcaption><\/figure>\n<h3 class=\"s5\"><span class=\"s4\">Teatro, cine, tele, has viajado en el tiempo gracias a tu trabajo, <\/span><span class=\"s4\">\u00bf<\/span><span class=\"s4\">con qu\u00e9 tipo de belleza te quedas<\/span><span class=\"s4\">?<\/span><\/h3>\n<p class=\"s3\"><span class=\"s2\">Mmm, creo que <\/span><span class=\"s2\">con <\/span><span class=\"s2\">la de antes<\/span><span class=\"s2\">.<\/span> <span class=\"s2\">H<\/span><span class=\"s2\">ace un siglo <\/span><span class=\"s2\">lo importante<\/span><span class=\"s2\"> estaba <\/span><span class=\"s2\">reflejado <\/span><span class=\"s2\">en otras cosas<\/span><span class=\"s2\">, como<\/span><span class=\"s2\"> en el presente, en lo que hac\u00edas, en tu labor<\/span><span class=\"s2\"> diaria,<\/span><span class=\"s2\"> y eso <strong>generaba belleza<\/strong>. Me quedo con eso.<\/span><\/p>\n<p class=\"s3\"><span class=\"s2\"><strong>Ana Valeria Becerril<\/strong> nos platica que su <strong>flor favorita es el iris<\/strong> y que le gusta tomar perspectiva, o cierta distancia cuando las cosas suceden, lo que le ha permitido ver que llegan por una raz\u00f3n y por una causa.<\/span><\/p>\n<hr \/>\n<p style=\"text-align: center\">Fotograf\u00edas: <strong>Enrique Covarrubias<\/strong> | Directora de moda: <strong>Annie Lask<\/strong> | Maquillaje: <strong>Paulo Rom\u00e1n<\/strong> |<br \/>\nPelo:<strong> Ernesto Vargas<\/strong> | Asistentes de moda: <strong>Yessica Salas<\/strong> y <strong>Brenda Miranda<\/strong> |<br \/>\nAsistente de maquillaje: <strong>Ariadna Casta\u00f1eda<\/strong>| Asistente de fotograf\u00eda: <strong>Pablo Valero<\/strong>, <strong>To\u00f1o Paczka <\/strong>y <strong>Enrique Tapi<\/strong><\/p>\n","protected":false},"author":11655,"featured_media":170340,"template":"","format":"standard","categories":[3],"acf":[],"yoast_head":"<!-- This site is optimized with the Yoast SEO Premium plugin v18.5 (Yoast SEO v20.4) - https:\/\/yoast.com\/wordpress\/plugins\/seo\/ -->\n<title>Ana Valeria Becerril nos muestra su belleza interior<\/title>\n<meta name=\"description\" content=\"Entre la introspecci\u00f3n y la autenticidad, Ana Valeria Becerril redefine la belleza como un reflejo de cuidado, v\u00ednculos y paz interior.\" \/>\n<meta name=\"robots\" content=\"index, follow, max-snippet:-1, max-image-preview:large, max-video-preview:-1\" \/>\n<link rel=\"canonical\" href=\"https:\/\/graziamagazine.com\/mx\/articles\/ana-valeria-becerril-portada-especial-belleza-mayo-2026\/\" \/>\n<meta property=\"og:locale\" content=\"es_MX\" \/>\n<meta property=\"og:type\" content=\"article\" \/>\n<meta property=\"og:title\" content=\"Lo m\u00e1s bonito de Ana Valeria Becerril\" \/>\n<meta property=\"og:description\" content=\"Entre la introspecci\u00f3n y la autenticidad, Ana Valeria Becerril redefine la belleza como un reflejo de cuidado, v\u00ednculos y paz interior.\" \/>\n<meta property=\"og:url\" content=\"https:\/\/graziamagazine.com\/mx\/articles\/ana-valeria-becerril-portada-especial-belleza-mayo-2026\/\" \/>\n<meta property=\"og:site_name\" content=\"Grazia M\u00e9xico y Latinoam\u00e9rica\" \/>\n<meta property=\"article:modified_time\" content=\"2026-04-30T15:42:10+00:00\" \/>\n<meta property=\"og:image\" content=\"https:\/\/graziamagazine.com\/mx\/wp-content\/uploads\/sites\/13\/2026\/04\/Ana-Valeria-Becerril-cover-belleza.jpg\" \/>\n\t<meta property=\"og:image:width\" content=\"1280\" \/>\n\t<meta property=\"og:image:height\" content=\"720\" \/>\n\t<meta property=\"og:image:type\" content=\"image\/jpeg\" \/>\n<meta name=\"twitter:card\" content=\"summary_large_image\" \/>\n<meta name=\"twitter:label1\" content=\"Est. reading time\" \/>\n\t<meta name=\"twitter:data1\" content=\"5 minutos\" \/>\n<script type=\"application\/ld+json\" class=\"yoast-schema-graph\">{\"@context\":\"https:\/\/schema.org\",\"@graph\":[{\"@type\":\"WebPage\",\"@id\":\"https:\/\/graziamagazine.com\/mx\/articles\/ana-valeria-becerril-portada-especial-belleza-mayo-2026\/\",\"url\":\"https:\/\/graziamagazine.com\/mx\/articles\/ana-valeria-becerril-portada-especial-belleza-mayo-2026\/\",\"name\":\"Ana Valeria Becerril nos muestra su belleza interior\",\"isPartOf\":{\"@id\":\"https:\/\/graziamagazine.com\/mx\/#website\"},\"datePublished\":\"2026-04-30T11:45:54+00:00\",\"dateModified\":\"2026-04-30T15:42:10+00:00\",\"description\":\"Entre la introspecci\u00f3n y la autenticidad, Ana Valeria Becerril redefine la belleza como un reflejo de cuidado, v\u00ednculos y paz interior.\",\"breadcrumb\":{\"@id\":\"https:\/\/graziamagazine.com\/mx\/articles\/ana-valeria-becerril-portada-especial-belleza-mayo-2026\/#breadcrumb\"},\"inLanguage\":\"es-MX\",\"potentialAction\":[{\"@type\":\"ReadAction\",\"target\":[\"https:\/\/graziamagazine.com\/mx\/articles\/ana-valeria-becerril-portada-especial-belleza-mayo-2026\/\"]}]},{\"@type\":\"BreadcrumbList\",\"@id\":\"https:\/\/graziamagazine.com\/mx\/articles\/ana-valeria-becerril-portada-especial-belleza-mayo-2026\/#breadcrumb\",\"itemListElement\":[{\"@type\":\"ListItem\",\"position\":1,\"name\":\"Home\",\"item\":\"https:\/\/graziamagazine.com\/mx\/\"},{\"@type\":\"ListItem\",\"position\":2,\"name\":\"Lo m\u00e1s bonito de Ana Valeria Becerril\"}]},{\"@type\":\"WebSite\",\"@id\":\"https:\/\/graziamagazine.com\/mx\/#website\",\"url\":\"https:\/\/graziamagazine.com\/mx\/\",\"name\":\"Grazia M\u00e9xico y Latinoam\u00e9rica\",\"description\":\"Grazia es moda, belleza y noticias  de actualidad \",\"potentialAction\":[{\"@type\":\"SearchAction\",\"target\":{\"@type\":\"EntryPoint\",\"urlTemplate\":\"https:\/\/graziamagazine.com\/mx\/?s={search_term_string}\"},\"query-input\":\"required name=search_term_string\"}],\"inLanguage\":\"es-MX\"}]}<\/script>\n<!-- \/ Yoast SEO Premium plugin. -->","yoast_head_json":{"title":"Ana Valeria Becerril nos muestra su belleza interior","description":"Entre la introspecci\u00f3n y la autenticidad, Ana Valeria Becerril redefine la belleza como un reflejo de cuidado, v\u00ednculos y paz interior.","robots":{"index":"index","follow":"follow","max-snippet":"max-snippet:-1","max-image-preview":"max-image-preview:large","max-video-preview":"max-video-preview:-1"},"canonical":"https:\/\/graziamagazine.com\/mx\/articles\/ana-valeria-becerril-portada-especial-belleza-mayo-2026\/","og_locale":"es_MX","og_type":"article","og_title":"Lo m\u00e1s bonito de Ana Valeria Becerril","og_description":"Entre la introspecci\u00f3n y la autenticidad, Ana Valeria Becerril redefine la belleza como un reflejo de cuidado, v\u00ednculos y paz interior.","og_url":"https:\/\/graziamagazine.com\/mx\/articles\/ana-valeria-becerril-portada-especial-belleza-mayo-2026\/","og_site_name":"Grazia M\u00e9xico y Latinoam\u00e9rica","article_modified_time":"2026-04-30T15:42:10+00:00","og_image":[{"width":1280,"height":720,"url":"https:\/\/graziamagazine.com\/mx\/wp-content\/uploads\/sites\/13\/2026\/04\/Ana-Valeria-Becerril-cover-belleza.jpg","type":"image\/jpeg"}],"twitter_card":"summary_large_image","twitter_misc":{"Est. reading time":"5 minutos"},"schema":{"@context":"https:\/\/schema.org","@graph":[{"@type":"WebPage","@id":"https:\/\/graziamagazine.com\/mx\/articles\/ana-valeria-becerril-portada-especial-belleza-mayo-2026\/","url":"https:\/\/graziamagazine.com\/mx\/articles\/ana-valeria-becerril-portada-especial-belleza-mayo-2026\/","name":"Ana Valeria Becerril nos muestra su belleza interior","isPartOf":{"@id":"https:\/\/graziamagazine.com\/mx\/#website"},"datePublished":"2026-04-30T11:45:54+00:00","dateModified":"2026-04-30T15:42:10+00:00","description":"Entre la introspecci\u00f3n y la autenticidad, Ana Valeria Becerril redefine la belleza como un reflejo de cuidado, v\u00ednculos y paz interior.","breadcrumb":{"@id":"https:\/\/graziamagazine.com\/mx\/articles\/ana-valeria-becerril-portada-especial-belleza-mayo-2026\/#breadcrumb"},"inLanguage":"es-MX","potentialAction":[{"@type":"ReadAction","target":["https:\/\/graziamagazine.com\/mx\/articles\/ana-valeria-becerril-portada-especial-belleza-mayo-2026\/"]}]},{"@type":"BreadcrumbList","@id":"https:\/\/graziamagazine.com\/mx\/articles\/ana-valeria-becerril-portada-especial-belleza-mayo-2026\/#breadcrumb","itemListElement":[{"@type":"ListItem","position":1,"name":"Home","item":"https:\/\/graziamagazine.com\/mx\/"},{"@type":"ListItem","position":2,"name":"Lo m\u00e1s bonito de Ana Valeria Becerril"}]},{"@type":"WebSite","@id":"https:\/\/graziamagazine.com\/mx\/#website","url":"https:\/\/graziamagazine.com\/mx\/","name":"Grazia M\u00e9xico y Latinoam\u00e9rica","description":"Grazia es moda, belleza y noticias  de actualidad ","potentialAction":[{"@type":"SearchAction","target":{"@type":"EntryPoint","urlTemplate":"https:\/\/graziamagazine.com\/mx\/?s={search_term_string}"},"query-input":"required name=search_term_string"}],"inLanguage":"es-MX"}]}},"jetpack_sharing_enabled":true,"distributor_meta":false,"distributor_terms":false,"distributor_media":false,"distributor_original_site_name":"Grazia M\u00e9xico y Latinoam\u00e9rica","distributor_original_site_url":"https:\/\/graziamagazine.com\/mx","push-errors":false,"_links":{"self":[{"href":"https:\/\/graziamagazine.com\/mx\/wp-json\/wp\/v2\/articles\/169232"}],"collection":[{"href":"https:\/\/graziamagazine.com\/mx\/wp-json\/wp\/v2\/articles"}],"about":[{"href":"https:\/\/graziamagazine.com\/mx\/wp-json\/wp\/v2\/types\/articles"}],"author":[{"embeddable":true,"href":"https:\/\/graziamagazine.com\/mx\/wp-json\/wp\/v2\/users\/11655"}],"wp:featuredmedia":[{"embeddable":true,"href":"https:\/\/graziamagazine.com\/mx\/wp-json\/wp\/v2\/media\/170340"}],"wp:attachment":[{"href":"https:\/\/graziamagazine.com\/mx\/wp-json\/wp\/v2\/media?parent=169232"}],"wp:term":[{"taxonomy":"category","embeddable":true,"href":"https:\/\/graziamagazine.com\/mx\/wp-json\/wp\/v2\/categories?post=169232"}],"curies":[{"name":"wp","href":"https:\/\/api.w.org\/{rel}","templated":true}]}}