{"id":169231,"date":"2026-04-27T06:50:31","date_gmt":"2026-04-27T11:50:31","guid":{"rendered":"https:\/\/graziamagazine.com\/mx\/?post_type=articles&#038;p=169231"},"modified":"2026-04-27T07:50:06","modified_gmt":"2026-04-27T12:50:06","slug":"barbara-lopez-entrevista-portada-mayo-2026","status":"publish","type":"articles","link":"https:\/\/graziamagazine.com\/mx\/articles\/barbara-lopez-entrevista-portada-mayo-2026\/","title":{"rendered":"B\u00e1rbara L\u00f3pez: aut\u00e9ntica y en ascenso"},"content":{"rendered":"<p>Mientras se arma el set de un bosque imaginario y particular, donde <strong>B\u00e1rbara L\u00f3pez<\/strong> jugar\u00e1 a ser la reina fashionista, nos deja ver su honestidad y fidelidad con ella misma, con su profesi\u00f3n y con sus sue\u00f1os.<\/p>\n<p>Su carrera, <strong>marcada por momentos clave y decisiones valientes<\/strong>, revela a una actriz que ha aprendido a mirar hacia atr\u00e1s con orgullo y hacia adelante con curiosidad. Hoy, m\u00e1s consciente de su voz y sus deseos, <strong>explora nuevos g\u00e9neros<\/strong>, proyectos personales, sue\u00f1os fuera de la pantalla y formas de habitar su profesi\u00f3n. Sin duda, B\u00e1rbara L\u00f3pez abraza cada etapa con una mezcla de disciplina, apertura y una convicci\u00f3n clara, dejando claro que su <strong>objetivo es llegar lejos<\/strong>, sin dejar de ser ella misma.<\/p>\n<figure id=\"attachment_170234\" aria-describedby=\"caption-attachment-170234\" style=\"width: 1440px\" class=\"wp-caption alignnone\"><img loading=\"lazy\" decoding=\"async\" class=\"size-full wp-image-170234\" src=\"https:\/\/graziamagazine.com\/mx\/wp-content\/uploads\/sites\/13\/2026\/04\/Ba\u0301rbara-Lo\u0301pez-conjunyo-Louis-Vuitoon.jpg\" alt=\"Ba\u0301rbara Lo\u0301pez conjunto Louis Vuitton\" width=\"1440\" height=\"1080\" srcset=\"https:\/\/graziamagazine.com\/mx\/wp-content\/uploads\/sites\/13\/2026\/04\/Ba\u0301rbara-Lo\u0301pez-conjunyo-Louis-Vuitoon.jpg 1440w, https:\/\/graziamagazine.com\/mx\/wp-content\/uploads\/sites\/13\/2026\/04\/Ba\u0301rbara-Lo\u0301pez-conjunyo-Louis-Vuitoon-450x338.jpg 450w, https:\/\/graziamagazine.com\/mx\/wp-content\/uploads\/sites\/13\/2026\/04\/Ba\u0301rbara-Lo\u0301pez-conjunyo-Louis-Vuitoon-1024x768.jpg 1024w, https:\/\/graziamagazine.com\/mx\/wp-content\/uploads\/sites\/13\/2026\/04\/Ba\u0301rbara-Lo\u0301pez-conjunyo-Louis-Vuitoon-768x576.jpg 768w, https:\/\/graziamagazine.com\/mx\/wp-content\/uploads\/sites\/13\/2026\/04\/Ba\u0301rbara-Lo\u0301pez-conjunyo-Louis-Vuitoon-400x300.jpg 400w, https:\/\/graziamagazine.com\/mx\/wp-content\/uploads\/sites\/13\/2026\/04\/Ba\u0301rbara-Lo\u0301pez-conjunyo-Louis-Vuitoon-155x116.jpg 155w\" sizes=\"(max-width: 1440px) 100vw, 1440px\" \/><figcaption id=\"caption-attachment-170234\" class=\"wp-caption-text\"><strong>WOODLANDS.<\/strong> Collar Clash XL en oro amarillo y \u00f3nix, anillos Clash en oro rosa (\u00f3nix, \u00e1gata roja, \u00e1gata verde y calcedonia roja), anillo y pulseras LOVE Unlimited, pulseras Clash en oro rosa, todo <strong>Cartier<\/strong>. Top en tejido de punto y shorts de <strong>Louis Vuitton<\/strong><\/figcaption><\/figure>\n<h3>La fama te lleg\u00f3 con la telenovela <em>Amar a muerte<\/em>, por el papel que desempe\u00f1aste junto a Macarena Achaga. \u00bfC\u00f3mo has evolucionado partiendo de all\u00ed hasta participar en proyectos independientes como <em>Se\u00f1orita 89 <\/em>o <em>Chespirito: Sin querer queriendo<\/em>?<\/h3>\n<p>Siento que es s\u00faper bonito ver hacia atr\u00e1s, y ver c\u00f3mo has crecido. En ese preciso momento no lo sabes, est\u00e1s haciendo lo mejor que puedes. Me gusta mucho darme cuenta que todo lo que siempre so\u00f1\u00e9, y todo lo que siempre quise lograr, lo he conseguido, y eso solo lo puedo ver en retrospectiva. Entonces creo que es muy importante tener <strong>claro a d\u00f3nde quieres llegar<\/strong> y <strong>qu\u00e9 quieres hacer porque de una u otra forma sucede.<\/strong><\/p>\n<h3>\u00bfVuelves a ver las series donde act\u00faas o una vez que terminas la grabaci\u00f3n, las ves una vez y ya?<\/h3>\n<p>La verdad s\u00ed me encanta verlas y s\u00ed me gusta ser lo suficientemente valiente para ver qu\u00e9 pude hacer mejor. Y lo veo con mucha objetividad y no me siento mal para nada, al contrario. Suelo ver ciertos proyectos con frecuencia por ejemplo, <strong><em>Desenfrenadas<\/em><\/strong> lo veo muy seguido porque me gusta mucho la serie y porque cada vez que la veo, entiendo nuevamente qu\u00e9 pude hacer mejor. Me pasa adem\u00e1s que cada vez la veo con distintos ojos y eso me sirve mucho.<\/p>\n<figure id=\"attachment_170228\" aria-describedby=\"caption-attachment-170228\" style=\"width: 1080px\" class=\"wp-caption alignnone\"><img loading=\"lazy\" decoding=\"async\" class=\"size-full wp-image-170228\" src=\"https:\/\/graziamagazine.com\/mx\/wp-content\/uploads\/sites\/13\/2026\/04\/Barbara-Lopez-vestido-Fendi.jpg\" alt=\"Barbara Lopez con vestido Fendi para Grazia M\u00e9xico\" width=\"1080\" height=\"1440\" srcset=\"https:\/\/graziamagazine.com\/mx\/wp-content\/uploads\/sites\/13\/2026\/04\/Barbara-Lopez-vestido-Fendi.jpg 1080w, https:\/\/graziamagazine.com\/mx\/wp-content\/uploads\/sites\/13\/2026\/04\/Barbara-Lopez-vestido-Fendi-338x450.jpg 338w, https:\/\/graziamagazine.com\/mx\/wp-content\/uploads\/sites\/13\/2026\/04\/Barbara-Lopez-vestido-Fendi-768x1024.jpg 768w, https:\/\/graziamagazine.com\/mx\/wp-content\/uploads\/sites\/13\/2026\/04\/Barbara-Lopez-vestido-Fendi-400x533.jpg 400w, https:\/\/graziamagazine.com\/mx\/wp-content\/uploads\/sites\/13\/2026\/04\/Barbara-Lopez-vestido-Fendi-155x207.jpg 155w\" sizes=\"(max-width: 1080px) 100vw, 1080px\" \/><figcaption id=\"caption-attachment-170228\" class=\"wp-caption-text\"><strong>DREAM ON.<\/strong> Reloj en oro amarillo Santos small, arracadas y anillos, Clash, pulseras, LOVE Unlimited, todo <strong>Cartier<\/strong>. Vestido en seda con aplicaciones y sandalias de <strong>FENDI<\/strong>.<\/figcaption><\/figure>\n<hr \/>\n<blockquote><p>&#8220;En mi carrera &#8216;se me han complicado&#8217; much\u00edsimas cosas. Una de ellas, ha sido aprender a aceptar un no. Cuando te rechazan tienes que entender que no es personal, que depende de muchas cosas que no tienen que ver con tu trabajo y eso creo que te hace muy fuerte.<\/p>\n<hr \/>\n<\/blockquote>\n<h3>Dentro de tantos g\u00e9neros en los que has participado, cu\u00e1l es el que te gusta m\u00e1s.<\/h3>\n<p>El que m\u00e1s, m\u00e1s me gusta es el drama. Y <strong><em>Se\u00f1orita 89 <\/em><\/strong>fue el proyecto en donde m\u00e1s pude exprimir ese g\u00e9nero. Cada vez que la veo digo \u201c\u00a1uff ya s\u00e9 qu\u00e9 m\u00e1s pude haber hecho!\u201d lo que te hab\u00eda comentado. Siento que el drama te permite explotar y llevar tus emociones a extremos que otros generos no. Entonces por eso me gusta tanto.<\/p>\n<h3>\u00bfTe gustar\u00eda explorar otros g\u00e9neros?<\/h3>\n<p>\u00a1S\u00ed por supuesto! Me encantar\u00eda hacer comedia. Esto no lo dec\u00eda hace tiempo pero ahora siento que ya estoy lista. Creo que he hecho un trabajo personal profundo, y aunque <strong>me falta mucho por hacer,<\/strong> creo que este trabajo personal al que me he enfocado me ha llevado a entender la vida de otra forma. Porque s\u00ed creo que viv\u00ed mucho en el drama. Ahora que lo entiendo desde otro punto de vista pero tambi\u00e9n entiendo <a href=\"https:\/\/graziamagazine.com\/mx\/articles\/15-comedias-romanticas-para-ver-en-san-valentin\/\">la vida como comedia<\/a> o como alegr\u00eda, eso es lo que me ha permitido acercarme mucho m\u00e1s a la idea de sentir que <strong>puedo hacer comedia.<\/strong><\/p>\n<figure id=\"attachment_170229\" aria-describedby=\"caption-attachment-170229\" style=\"width: 1080px\" class=\"wp-caption alignnone\"><img loading=\"lazy\" decoding=\"async\" class=\"size-full wp-image-170229\" src=\"https:\/\/graziamagazine.com\/mx\/wp-content\/uploads\/sites\/13\/2026\/04\/Barbara-Lopez-vestido-Gucci.jpg\" alt=\"Barbara Lopez en vestido Gucci\" width=\"1080\" height=\"1440\" srcset=\"https:\/\/graziamagazine.com\/mx\/wp-content\/uploads\/sites\/13\/2026\/04\/Barbara-Lopez-vestido-Gucci.jpg 1080w, https:\/\/graziamagazine.com\/mx\/wp-content\/uploads\/sites\/13\/2026\/04\/Barbara-Lopez-vestido-Gucci-338x450.jpg 338w, https:\/\/graziamagazine.com\/mx\/wp-content\/uploads\/sites\/13\/2026\/04\/Barbara-Lopez-vestido-Gucci-768x1024.jpg 768w, https:\/\/graziamagazine.com\/mx\/wp-content\/uploads\/sites\/13\/2026\/04\/Barbara-Lopez-vestido-Gucci-400x533.jpg 400w, https:\/\/graziamagazine.com\/mx\/wp-content\/uploads\/sites\/13\/2026\/04\/Barbara-Lopez-vestido-Gucci-155x207.jpg 155w\" sizes=\"(max-width: 1080px) 100vw, 1080px\" \/><figcaption id=\"caption-attachment-170229\" class=\"wp-caption-text\"><strong>ROYAL MOOD.<\/strong> Anillos Clash en oro rosa (\u00e1gata roja, \u00f3nix, \u00e1gata verde y calcedonia rosa), anillo Clash doble en oro blanco, pendientes Clash en oro rosa, \u00f3nix y diamantes, collar Clash doble en oro rosa, collar Clash XL en oro amarillo y \u00f3nix, pulseras Clash en oro rosa y diamantes y en oro rosa, todo <strong>Cartier<\/strong>. Vestido <strong>Gucci<\/strong>.<\/figcaption><\/figure>\n<h3>Profesionalmente hasta d\u00f3nde te ves, tal vez Hollywood, cine independiente, teatro, m\u00e1s tele\u2026<\/h3>\n<p>Darte una respuesta me resulta un poquito dif\u00edcil porque me gusta guardarme esta respuesta como un secreto, no s\u00e9 porqu\u00e9, pero no es ning\u00fan secreto tampoco que todos <strong>los actores queremos llegar lo m\u00e1s lejos posible<\/strong>. Nos encanta lo que hacemos, me encantar\u00eda llegar a Hollywood, pero me encantar\u00eda tambi\u00e9n hacer una pel\u00edcula que vaya a festivales. Aunque la verdad me concentro en ser mejor en lo que hago, llegar cada vez m\u00e1s lejos en los papeles que interpreto. Y tambi\u00e9n he aprendido que la vida siempre te sorprende. La vida te lleva a lugares que no ten\u00edas pensado, que no sab\u00edas que exist\u00edan pero que necesitabas. Me gusta estar abierta a lo que venga. Pero 100% quiero llegar muy lejos.<\/p>\n<figure id=\"attachment_170226\" aria-describedby=\"caption-attachment-170226\" style=\"width: 1080px\" class=\"wp-caption alignnone\"><img loading=\"lazy\" decoding=\"async\" class=\"size-full wp-image-170226\" src=\"https:\/\/graziamagazine.com\/mx\/wp-content\/uploads\/sites\/13\/2026\/04\/Barbara-Lopez-con-Dolce-Gabbana.jpg\" alt=\"B\u00e1rbara L\u00f3pez look Dolce Gabbana\" width=\"1080\" height=\"1440\" srcset=\"https:\/\/graziamagazine.com\/mx\/wp-content\/uploads\/sites\/13\/2026\/04\/Barbara-Lopez-con-Dolce-Gabbana.jpg 1080w, https:\/\/graziamagazine.com\/mx\/wp-content\/uploads\/sites\/13\/2026\/04\/Barbara-Lopez-con-Dolce-Gabbana-338x450.jpg 338w, https:\/\/graziamagazine.com\/mx\/wp-content\/uploads\/sites\/13\/2026\/04\/Barbara-Lopez-con-Dolce-Gabbana-768x1024.jpg 768w, https:\/\/graziamagazine.com\/mx\/wp-content\/uploads\/sites\/13\/2026\/04\/Barbara-Lopez-con-Dolce-Gabbana-400x533.jpg 400w, https:\/\/graziamagazine.com\/mx\/wp-content\/uploads\/sites\/13\/2026\/04\/Barbara-Lopez-con-Dolce-Gabbana-155x207.jpg 155w\" sizes=\"(max-width: 1080px) 100vw, 1080px\" \/><figcaption id=\"caption-attachment-170226\" class=\"wp-caption-text\"><strong>REIVENTARSE<\/strong>. Vestido, bralette y pantal\u00f3n <strong>Dolce&amp;Gabbana<\/strong>. Collares Clash doble en oro rosa, Clash XL en oro rosa y \u00f3nix, pulseras Clash en oro rosa y diamantes, pulseras LOVE Unlimited en oro amarillo y reloj Baignoire en oro amarillo y diamantes, todo <strong>Cartier<\/strong><\/figcaption><\/figure>\n<h3>\u00bfQu\u00e9 te depara el 2026 profesional y personalmente?<\/h3>\n<p>Siento que este a\u00f1o ha sido para m\u00ed muy importante. He concretado proyectos que no tienen que ver con la actuaci\u00f3n. Y para m\u00ed es muy dif\u00edcil porque no s\u00e9 hacer otra cosa. Sin embargo tengo muchas ganas de hacer otros proyectos, por ejemplo montar un estudio de pilates, poner un caf\u00e9\u2026 me encanta el <strong>dise\u00f1o de interiores<\/strong> entonces siento que hacen como un muy buen combo y honestamente soy <strong>una actriz que no est\u00e1 muy interesada en ser productora<\/strong>. Eso no forma parte de m\u00ed ni tampoco quiero escribir una historia. Siento que tengo otra parte mucho m\u00e1s orientada a otro tipo de negocios. Tengo muchas ganas de emprender y creo que este a\u00f1o lo voy a lograr. Claro, en cuanto abra mi caf\u00e9 les voy a avisar.<\/p>\n<p>&nbsp;<\/p>\n<figure id=\"attachment_170231\" aria-describedby=\"caption-attachment-170231\" style=\"width: 1440px\" class=\"wp-caption alignnone\"><img loading=\"lazy\" decoding=\"async\" class=\"size-full wp-image-170231\" src=\"https:\/\/graziamagazine.com\/mx\/wp-content\/uploads\/sites\/13\/2026\/04\/Barbara-Lopez-conjunto-Chanel.jpg\" alt=\"Barbara Lopez con look Chanel\" width=\"1440\" height=\"1080\" srcset=\"https:\/\/graziamagazine.com\/mx\/wp-content\/uploads\/sites\/13\/2026\/04\/Barbara-Lopez-conjunto-Chanel.jpg 1440w, https:\/\/graziamagazine.com\/mx\/wp-content\/uploads\/sites\/13\/2026\/04\/Barbara-Lopez-conjunto-Chanel-450x338.jpg 450w, https:\/\/graziamagazine.com\/mx\/wp-content\/uploads\/sites\/13\/2026\/04\/Barbara-Lopez-conjunto-Chanel-1024x768.jpg 1024w, https:\/\/graziamagazine.com\/mx\/wp-content\/uploads\/sites\/13\/2026\/04\/Barbara-Lopez-conjunto-Chanel-768x576.jpg 768w, https:\/\/graziamagazine.com\/mx\/wp-content\/uploads\/sites\/13\/2026\/04\/Barbara-Lopez-conjunto-Chanel-400x300.jpg 400w, https:\/\/graziamagazine.com\/mx\/wp-content\/uploads\/sites\/13\/2026\/04\/Barbara-Lopez-conjunto-Chanel-155x116.jpg 155w\" sizes=\"(max-width: 1440px) 100vw, 1440px\" \/><figcaption id=\"caption-attachment-170231\" class=\"wp-caption-text\"><strong>DEEP FOREST<\/strong>. Anillos Clash (\u00f3nix, \u00e1gata verde, \u00e1gata roja, calcedonia rosa), pulseras Clash en oro rosa y en oro rosa y diamantes, todo <strong>Cartier<\/strong>. Saco, top y falda tejida de <strong>Chanel<\/strong>.<\/figcaption><\/figure>\n<hr \/>\n<blockquote><p>&#8220;Tengo muchas ganad de hacer otros proyectos, por ejemplo montar un estudio de pilates, poner un caf\u00e9&#8230; adem\u00e1s me encanta el dise\u00f1o de interiores. Tambi\u00e9n quiero ser emprendedora y creo que este a\u00f1o lo voy a lograr&#8221;.<\/p>\n<hr \/>\n<\/blockquote>\n<figure id=\"attachment_170232\" aria-describedby=\"caption-attachment-170232\" style=\"width: 1440px\" class=\"wp-caption alignnone\"><img loading=\"lazy\" decoding=\"async\" class=\"size-full wp-image-170232\" src=\"https:\/\/graziamagazine.com\/mx\/wp-content\/uploads\/sites\/13\/2026\/04\/Reloj-santos-oro-amarillo-cartier-.jpg\" alt=\"Reloj santos de Cartier oro amarillo\" width=\"1440\" height=\"1080\" srcset=\"https:\/\/graziamagazine.com\/mx\/wp-content\/uploads\/sites\/13\/2026\/04\/Reloj-santos-oro-amarillo-cartier-.jpg 1440w, https:\/\/graziamagazine.com\/mx\/wp-content\/uploads\/sites\/13\/2026\/04\/Reloj-santos-oro-amarillo-cartier--450x338.jpg 450w, https:\/\/graziamagazine.com\/mx\/wp-content\/uploads\/sites\/13\/2026\/04\/Reloj-santos-oro-amarillo-cartier--1024x768.jpg 1024w, https:\/\/graziamagazine.com\/mx\/wp-content\/uploads\/sites\/13\/2026\/04\/Reloj-santos-oro-amarillo-cartier--768x576.jpg 768w, https:\/\/graziamagazine.com\/mx\/wp-content\/uploads\/sites\/13\/2026\/04\/Reloj-santos-oro-amarillo-cartier--400x300.jpg 400w, https:\/\/graziamagazine.com\/mx\/wp-content\/uploads\/sites\/13\/2026\/04\/Reloj-santos-oro-amarillo-cartier--155x116.jpg 155w\" sizes=\"(max-width: 1440px) 100vw, 1440px\" \/><figcaption id=\"caption-attachment-170232\" class=\"wp-caption-text\"><strong>OLDEN AGE.<\/strong> Reloj Santos small en oro amarillo de <strong>Cartier<\/strong><\/figcaption><\/figure>\n<h3>\u00bfQu\u00e9 es lo que m\u00e1s se te ha complicado en tu carrera?<\/h3>\n<p>Much\u00edsimas cosas. Una aprender a aceptar un no. Cuando te rechazan, tienes que entender que no es personal, que depende de muchas cosas que no tienen que ver con tu trabajo y eso creo que te hace muy fuerte. Por otro lado la <strong>fuerza de las redes sociales<\/strong>: todo mundo opina sobre c\u00f3mo deber\u00edas de verte y hay una idea generalizada de que nunca somos suficientes, sobre todo como mujeres creo. Hay muchos comentarios tipo: no es suficientemente guapa, no es suficientemente buena, no es suficientemente flaca, bla, bla, bla. Trabajo mucho con eso, trato de ver la vida como realmente es. En tu d\u00eda a d\u00eda, cuando sales a la calle y vas por un caf\u00e9 o al super, la gente no piensa as\u00ed (verte como en las redes). Es una cosa muy de redes (verte m\u00e1s arreglada o glamorosa) entonces aprender a cuidarme como soy, en c\u00f3mo me veo, mi identidad usarla a mi favor para que tambi\u00e9n la gente en redes entienda que no nos puede manejar de esa forma, que es bonito ser quien uno es. De proyectos hace poco hice una novela y ya no me acordaba de c\u00f3mo era trabajar en ellas, de la presi\u00f3n que hay, como est\u00e1s a contra tiempo. Encontrar la manera de sacarle jugo a mi actuaci\u00f3n para m\u00ed fue una ense\u00f1anza dur\u00edsima, grand\u00edsima, padr\u00edsima, lo que agradezco much\u00edsimo. \u00daltimamente he intentado usar las redes a mi favor, que ellas no me utilicen. Soy una <strong>figura p\u00fablica<\/strong>, tengo que subir cosas de pronto, estar conectada con mi audiencia y eso me gusta mucho. Entonces creo que intento cuidar mucho lo que consumo, por ejemplo me da mucha risa que ahora haya apps en las que pagas para que no te permitan usar tu tel\u00e9fono, como para que te bloqueen tus redes sociales y as\u00ed. No he llegado a ese punto mas bien quiero ser consciente y dejar mi tel\u00e9fono de lado. Tengo que reconocer que hoy me da trabajo leer, incluso lo he platicado con mucha gente, me interesa otra vez reconectar con ese momento donde le\u00edamos m\u00e1s libros, est\u00e1bamos menos conectados en el celular y definitivamente, y lo he dicho muchas veces, no tiene caso leer comentarios que no son objetivos y no suman. Todo lo anterior me obliga a hacer un trabajo personal muy importante y muy bonito.<\/p>\n<h3>\u00bfDe todos los personajes que has interpretado, a cu\u00e1l le has aprendido m\u00e1s?<\/h3>\n<p>Tengo dos y me encantan porque son muy diferentes uno del otro. Uno es Dolores, de <em>Se\u00f1orita 89 <\/em>de quien me llevo una gran ense\u00f1anza porque fue <strong>un personaje que ten\u00eda muchos momentos extremos<\/strong>, muchas emociones, un gran coraz\u00f3n y fue delicioso interpretarla como actriz. Y de <em>Desenfrenadas<\/em>, Roc\u00edo, yo creo que es <strong>mi serie favorita<\/strong>. La hicimos con mucho amor y es algo que se ve y se siente. Tuvimos la oportunidad de explorar nuestros personajes como pocas veces se puede y tambi\u00e9n fue algo que viv\u00ed en mi vida personal. Estuvo incre\u00edble.<\/p>\n<figure id=\"attachment_170227\" aria-describedby=\"caption-attachment-170227\" style=\"width: 1080px\" class=\"wp-caption alignnone\"><img loading=\"lazy\" decoding=\"async\" class=\"size-full wp-image-170227\" src=\"https:\/\/graziamagazine.com\/mx\/wp-content\/uploads\/sites\/13\/2026\/04\/Ba\u0301rbara-Lo\u0301pez-look-Dolce-Gabbana.jpg\" alt=\"Ba\u0301rbara Lo\u0301pez look Dolce Gabbana\" width=\"1080\" height=\"1440\" srcset=\"https:\/\/graziamagazine.com\/mx\/wp-content\/uploads\/sites\/13\/2026\/04\/Ba\u0301rbara-Lo\u0301pez-look-Dolce-Gabbana.jpg 1080w, https:\/\/graziamagazine.com\/mx\/wp-content\/uploads\/sites\/13\/2026\/04\/Ba\u0301rbara-Lo\u0301pez-look-Dolce-Gabbana-338x450.jpg 338w, https:\/\/graziamagazine.com\/mx\/wp-content\/uploads\/sites\/13\/2026\/04\/Ba\u0301rbara-Lo\u0301pez-look-Dolce-Gabbana-768x1024.jpg 768w, https:\/\/graziamagazine.com\/mx\/wp-content\/uploads\/sites\/13\/2026\/04\/Ba\u0301rbara-Lo\u0301pez-look-Dolce-Gabbana-400x533.jpg 400w, https:\/\/graziamagazine.com\/mx\/wp-content\/uploads\/sites\/13\/2026\/04\/Ba\u0301rbara-Lo\u0301pez-look-Dolce-Gabbana-155x207.jpg 155w\" sizes=\"(max-width: 1080px) 100vw, 1080px\" \/><figcaption id=\"caption-attachment-170227\" class=\"wp-caption-text\"><strong>ENCANTADA<\/strong>. Anillo Clash XL en oro amarillo y \u00f3nix, anillo Clash doble en oro rosa y diamantes, anillo Clash en oro rosa y en oro rosa con \u00e1gata roja, pendientes Clash en oro rosa \u00f3nix y diamantes, collar Clash en oro blanco, collar Clash doble en oro rosa, reloj Baignoire en oro amarillo y diamantes, pulseras LOVE Unlimited, todo <strong>Cartier<\/strong>. Saco, camisa, pantal\u00f3n y sandalias de <strong>Dolce&amp;Gabbana<\/strong>.<\/figcaption><\/figure>\n<h3>\u00bfCuando no est\u00e1s grabando alguna historia qu\u00e9 es lo que m\u00e1s disfrutas?<\/h3>\n<p>Cuando no estoy grabando siempre me pongo la meta de <strong>aprender algo nuevo<\/strong>. Muchas veces me quedo a la mitad porque llega otro proyecto y suelto lo que estaba haciendo. Pero me gusta siempre aprender algo nuevo, cuidarme, hacer ejercicio, ver a mis amigos, procurarlos, viajar, estar con mi familia, comer\u2026 me fascina comer. Si hay un restaurante nuevo voy, lo conozco y hasta lo califico. Siento que a veces se me va la vida en eso. Pero te confieso que \u00faltimamente tengo ganas de emprender.<\/p>\n<p>Supimos que <strong>B\u00e1rbara L\u00f3pez<\/strong> tiene una relaci\u00f3n incre\u00edble con su mam\u00e1. \u201c\u2026 la amo, es una mujer sumamente dulce, linda y chistosa. Cuando nos vemos nos morimos de risa, me gusta molestarla mucho y eso a ella le fascina. Eso me ense\u00f1a a reirme de m\u00ed. Ella siempre est\u00e1 pendiente de m\u00ed, cuando nos vemos nos abrazamos todo el tiempo, nos hacemos cari\u00f1os\u201d. Cuando le preguntamos qu\u00e9 ser\u00eda fundamental para ella transmitirle a sus hijos cuando sea mam\u00e1 no lo pens\u00f3: \u201c <strong>Lograr una confianza absoluta con mis hijos<\/strong>, como de amigos, quiero que me cuenten todo. Me encantar\u00eda que si necesitan contar algo, yo sea la primera persona a la que se lo pueden decir\u201d. Dejamos a B\u00e1rbara continuar con la sesi\u00f3n de fotos, donde al volumen de la m\u00fasica, vamos contra reloj para poder cerrar esta edici\u00f3n.<\/p>\n<figure id=\"attachment_170230\" aria-describedby=\"caption-attachment-170230\" style=\"width: 1080px\" class=\"wp-caption alignnone\"><img loading=\"lazy\" decoding=\"async\" class=\"size-full wp-image-170230\" src=\"https:\/\/graziamagazine.com\/mx\/wp-content\/uploads\/sites\/13\/2026\/04\/Barbaro-Lopez-vestido-Ferragamo.jpg\" alt=\"Barbara Lopez con vestido Ferragamo\" width=\"1080\" height=\"1440\" srcset=\"https:\/\/graziamagazine.com\/mx\/wp-content\/uploads\/sites\/13\/2026\/04\/Barbaro-Lopez-vestido-Ferragamo.jpg 1080w, https:\/\/graziamagazine.com\/mx\/wp-content\/uploads\/sites\/13\/2026\/04\/Barbaro-Lopez-vestido-Ferragamo-338x450.jpg 338w, https:\/\/graziamagazine.com\/mx\/wp-content\/uploads\/sites\/13\/2026\/04\/Barbaro-Lopez-vestido-Ferragamo-768x1024.jpg 768w, https:\/\/graziamagazine.com\/mx\/wp-content\/uploads\/sites\/13\/2026\/04\/Barbaro-Lopez-vestido-Ferragamo-400x533.jpg 400w, https:\/\/graziamagazine.com\/mx\/wp-content\/uploads\/sites\/13\/2026\/04\/Barbaro-Lopez-vestido-Ferragamo-155x207.jpg 155w\" sizes=\"(max-width: 1080px) 100vw, 1080px\" \/><figcaption id=\"caption-attachment-170230\" class=\"wp-caption-text\"><strong>IMAGINARIO NATURAL<\/strong>. Pendientes Clash en oro rosa, \u00f3nix y diamantes, anillos Clash en oro rosa (\u00f3nix, \u00e1gata verde, \u00e1gata roja, calcedonia rosa), pulseras Clash en oro rosa y collar Clash XL oro amarillo y \u00f3nix, todo <strong>Cartier<\/strong>. Vestido en seda de <strong>Ferragamo<\/strong>.<\/figcaption><\/figure>\n<p>&nbsp;<\/p>\n<hr \/>\n<p style=\"text-align: center\">Fotograf\u00edas: <strong>Oshcar Ceja<\/strong>\u00a0| Directora de moda: <strong>Annie Lask<\/strong> | Maquillaje: <strong>Keren Murillo<\/strong>\u00a0|<\/p>\n<p style=\"text-align: center\">Pelo:<strong> Ernesto Vargas<\/strong> | Asistentes de moda: <strong>Yessica Salas<\/strong> y <strong>Brenda Miranda<\/strong> | Arte:<strong> Todo en Esponja<\/strong><\/p>\n","protected":false},"author":11655,"featured_media":170233,"template":"","format":"standard","categories":[4],"acf":[],"yoast_head":"<!-- This site is optimized with the Yoast SEO Premium plugin v18.5 (Yoast SEO v20.4) - https:\/\/yoast.com\/wordpress\/plugins\/seo\/ -->\n<title>B\u00e1rbara L\u00f3pez: aut\u00e9ntica y en ascenso<\/title>\n<meta name=\"description\" content=\"Entre la introspecci\u00f3n, el riesgo y nuevos sue\u00f1os fuera de c\u00e1mara, B\u00e1rbara L\u00f3pez redefine su camino con honestidad y determinaci\u00f3n.\" \/>\n<meta name=\"robots\" content=\"index, follow, max-snippet:-1, max-image-preview:large, max-video-preview:-1\" \/>\n<link rel=\"canonical\" href=\"https:\/\/graziamagazine.com\/mx\/articles\/barbara-lopez-entrevista-portada-mayo-2026\/\" \/>\n<meta property=\"og:locale\" content=\"es_MX\" \/>\n<meta property=\"og:type\" content=\"article\" \/>\n<meta property=\"og:title\" content=\"B\u00e1rbara L\u00f3pez: aut\u00e9ntica y en ascenso\" \/>\n<meta property=\"og:description\" content=\"Entre la introspecci\u00f3n, el riesgo y nuevos sue\u00f1os fuera de c\u00e1mara, B\u00e1rbara L\u00f3pez redefine su camino con honestidad y determinaci\u00f3n.\" \/>\n<meta property=\"og:url\" content=\"https:\/\/graziamagazine.com\/mx\/articles\/barbara-lopez-entrevista-portada-mayo-2026\/\" \/>\n<meta property=\"og:site_name\" content=\"Grazia M\u00e9xico y Latinoam\u00e9rica\" \/>\n<meta property=\"article:modified_time\" content=\"2026-04-27T12:50:06+00:00\" \/>\n<meta property=\"og:image\" content=\"https:\/\/graziamagazine.com\/mx\/wp-content\/uploads\/sites\/13\/2026\/04\/Ba\u0301rbara-Lopez-portada-grazia-mayo-2026.jpg\" \/>\n\t<meta property=\"og:image:width\" content=\"1280\" \/>\n\t<meta property=\"og:image:height\" content=\"720\" \/>\n\t<meta property=\"og:image:type\" content=\"image\/jpeg\" \/>\n<meta name=\"twitter:card\" content=\"summary_large_image\" \/>\n<meta name=\"twitter:label1\" content=\"Est. reading time\" \/>\n\t<meta name=\"twitter:data1\" content=\"11 minutos\" \/>\n<script type=\"application\/ld+json\" class=\"yoast-schema-graph\">{\"@context\":\"https:\/\/schema.org\",\"@graph\":[{\"@type\":\"WebPage\",\"@id\":\"https:\/\/graziamagazine.com\/mx\/articles\/barbara-lopez-entrevista-portada-mayo-2026\/\",\"url\":\"https:\/\/graziamagazine.com\/mx\/articles\/barbara-lopez-entrevista-portada-mayo-2026\/\",\"name\":\"B\u00e1rbara L\u00f3pez: aut\u00e9ntica y en ascenso\",\"isPartOf\":{\"@id\":\"https:\/\/graziamagazine.com\/mx\/#website\"},\"datePublished\":\"2026-04-27T11:50:31+00:00\",\"dateModified\":\"2026-04-27T12:50:06+00:00\",\"description\":\"Entre la introspecci\u00f3n, el riesgo y nuevos sue\u00f1os fuera de c\u00e1mara, B\u00e1rbara L\u00f3pez redefine su camino con honestidad y determinaci\u00f3n.\",\"breadcrumb\":{\"@id\":\"https:\/\/graziamagazine.com\/mx\/articles\/barbara-lopez-entrevista-portada-mayo-2026\/#breadcrumb\"},\"inLanguage\":\"es-MX\",\"potentialAction\":[{\"@type\":\"ReadAction\",\"target\":[\"https:\/\/graziamagazine.com\/mx\/articles\/barbara-lopez-entrevista-portada-mayo-2026\/\"]}]},{\"@type\":\"BreadcrumbList\",\"@id\":\"https:\/\/graziamagazine.com\/mx\/articles\/barbara-lopez-entrevista-portada-mayo-2026\/#breadcrumb\",\"itemListElement\":[{\"@type\":\"ListItem\",\"position\":1,\"name\":\"Home\",\"item\":\"https:\/\/graziamagazine.com\/mx\/\"},{\"@type\":\"ListItem\",\"position\":2,\"name\":\"B\u00e1rbara L\u00f3pez: aut\u00e9ntica y en ascenso\"}]},{\"@type\":\"WebSite\",\"@id\":\"https:\/\/graziamagazine.com\/mx\/#website\",\"url\":\"https:\/\/graziamagazine.com\/mx\/\",\"name\":\"Grazia M\u00e9xico y Latinoam\u00e9rica\",\"description\":\"Grazia es moda, belleza y noticias  de actualidad \",\"potentialAction\":[{\"@type\":\"SearchAction\",\"target\":{\"@type\":\"EntryPoint\",\"urlTemplate\":\"https:\/\/graziamagazine.com\/mx\/?s={search_term_string}\"},\"query-input\":\"required name=search_term_string\"}],\"inLanguage\":\"es-MX\"}]}<\/script>\n<!-- \/ Yoast SEO Premium plugin. -->","yoast_head_json":{"title":"B\u00e1rbara L\u00f3pez: aut\u00e9ntica y en ascenso","description":"Entre la introspecci\u00f3n, el riesgo y nuevos sue\u00f1os fuera de c\u00e1mara, B\u00e1rbara L\u00f3pez redefine su camino con honestidad y determinaci\u00f3n.","robots":{"index":"index","follow":"follow","max-snippet":"max-snippet:-1","max-image-preview":"max-image-preview:large","max-video-preview":"max-video-preview:-1"},"canonical":"https:\/\/graziamagazine.com\/mx\/articles\/barbara-lopez-entrevista-portada-mayo-2026\/","og_locale":"es_MX","og_type":"article","og_title":"B\u00e1rbara L\u00f3pez: aut\u00e9ntica y en ascenso","og_description":"Entre la introspecci\u00f3n, el riesgo y nuevos sue\u00f1os fuera de c\u00e1mara, B\u00e1rbara L\u00f3pez redefine su camino con honestidad y determinaci\u00f3n.","og_url":"https:\/\/graziamagazine.com\/mx\/articles\/barbara-lopez-entrevista-portada-mayo-2026\/","og_site_name":"Grazia M\u00e9xico y Latinoam\u00e9rica","article_modified_time":"2026-04-27T12:50:06+00:00","og_image":[{"width":1280,"height":720,"url":"https:\/\/graziamagazine.com\/mx\/wp-content\/uploads\/sites\/13\/2026\/04\/Ba\u0301rbara-Lopez-portada-grazia-mayo-2026.jpg","type":"image\/jpeg"}],"twitter_card":"summary_large_image","twitter_misc":{"Est. reading time":"11 minutos"},"schema":{"@context":"https:\/\/schema.org","@graph":[{"@type":"WebPage","@id":"https:\/\/graziamagazine.com\/mx\/articles\/barbara-lopez-entrevista-portada-mayo-2026\/","url":"https:\/\/graziamagazine.com\/mx\/articles\/barbara-lopez-entrevista-portada-mayo-2026\/","name":"B\u00e1rbara L\u00f3pez: aut\u00e9ntica y en ascenso","isPartOf":{"@id":"https:\/\/graziamagazine.com\/mx\/#website"},"datePublished":"2026-04-27T11:50:31+00:00","dateModified":"2026-04-27T12:50:06+00:00","description":"Entre la introspecci\u00f3n, el riesgo y nuevos sue\u00f1os fuera de c\u00e1mara, B\u00e1rbara L\u00f3pez redefine su camino con honestidad y determinaci\u00f3n.","breadcrumb":{"@id":"https:\/\/graziamagazine.com\/mx\/articles\/barbara-lopez-entrevista-portada-mayo-2026\/#breadcrumb"},"inLanguage":"es-MX","potentialAction":[{"@type":"ReadAction","target":["https:\/\/graziamagazine.com\/mx\/articles\/barbara-lopez-entrevista-portada-mayo-2026\/"]}]},{"@type":"BreadcrumbList","@id":"https:\/\/graziamagazine.com\/mx\/articles\/barbara-lopez-entrevista-portada-mayo-2026\/#breadcrumb","itemListElement":[{"@type":"ListItem","position":1,"name":"Home","item":"https:\/\/graziamagazine.com\/mx\/"},{"@type":"ListItem","position":2,"name":"B\u00e1rbara L\u00f3pez: aut\u00e9ntica y en ascenso"}]},{"@type":"WebSite","@id":"https:\/\/graziamagazine.com\/mx\/#website","url":"https:\/\/graziamagazine.com\/mx\/","name":"Grazia M\u00e9xico y Latinoam\u00e9rica","description":"Grazia es moda, belleza y noticias  de actualidad ","potentialAction":[{"@type":"SearchAction","target":{"@type":"EntryPoint","urlTemplate":"https:\/\/graziamagazine.com\/mx\/?s={search_term_string}"},"query-input":"required name=search_term_string"}],"inLanguage":"es-MX"}]}},"jetpack_sharing_enabled":true,"distributor_meta":false,"distributor_terms":false,"distributor_media":false,"distributor_original_site_name":"Grazia M\u00e9xico y Latinoam\u00e9rica","distributor_original_site_url":"https:\/\/graziamagazine.com\/mx","push-errors":false,"_links":{"self":[{"href":"https:\/\/graziamagazine.com\/mx\/wp-json\/wp\/v2\/articles\/169231"}],"collection":[{"href":"https:\/\/graziamagazine.com\/mx\/wp-json\/wp\/v2\/articles"}],"about":[{"href":"https:\/\/graziamagazine.com\/mx\/wp-json\/wp\/v2\/types\/articles"}],"author":[{"embeddable":true,"href":"https:\/\/graziamagazine.com\/mx\/wp-json\/wp\/v2\/users\/11655"}],"wp:featuredmedia":[{"embeddable":true,"href":"https:\/\/graziamagazine.com\/mx\/wp-json\/wp\/v2\/media\/170233"}],"wp:attachment":[{"href":"https:\/\/graziamagazine.com\/mx\/wp-json\/wp\/v2\/media?parent=169231"}],"wp:term":[{"taxonomy":"category","embeddable":true,"href":"https:\/\/graziamagazine.com\/mx\/wp-json\/wp\/v2\/categories?post=169231"}],"curies":[{"name":"wp","href":"https:\/\/api.w.org\/{rel}","templated":true}]}}