{"id":169098,"date":"2026-04-06T16:00:24","date_gmt":"2026-04-06T21:00:24","guid":{"rendered":"https:\/\/graziamagazine.com\/mx\/?post_type=articles&#038;p=169098"},"modified":"2026-04-06T17:30:26","modified_gmt":"2026-04-06T22:30:26","slug":"tenis-tendencia-primavera-2026","status":"publish","type":"articles","link":"https:\/\/graziamagazine.com\/mx\/articles\/tenis-tendencia-primavera-2026\/","title":{"rendered":"Los tenis en tendencia para primavera\/verano"},"content":{"rendered":"<p class=\"p1\"><span class=\"s1\">En las <strong>\u00faltimas temporadas<\/strong>, los tenis han demostrado que su <strong>versatilidad<\/strong> va mucho m\u00e1s all\u00e1 de lo <strong>deportivo<\/strong>. Han dejado de ser una pieza exclusiva de lo casual para formar parte de todos los <strong>estilos de vestimenta<\/strong>, adapt\u00e1ndose con facilidad a distintas formas de llevar un look.<\/span><\/p>\n<p class=\"p1\"><span class=\"s1\">Hoy, m\u00e1s que nunca, se posicionan como el <strong>punto focal<\/strong> de cualquier outfit. Son ese elemento que termina de definir todo, que aporta intenci\u00f3n y que eleva hasta lo m\u00e1s simple.<\/span><\/p>\n<p class=\"p1\"><span class=\"s1\">Hoy vemos propuestas que mezclan esa <strong>herencia deportiva<\/strong> de a\u00f1os con una est\u00e9tica m\u00e1s contempor\u00e1nea y vers\u00e1til. Firmas ic\u00f3nicas que, a lo largo del tiempo, han marcado <strong>tendencias<\/strong> y definido \u00e9pocas, regresan para reinterpretarse dentro de los estilos que hoy protagonizan la moda. Y no se trata solo de lo est\u00e9tico, sino de todo lo que representan esas marcas, <strong>historia y evoluci\u00f3n<\/strong> a lo largo de los a\u00f1os.<\/span><\/p>\n<h3 class=\"p1\"><span class=\"s2\">5 tenis en tendencia esta primavera\/verano 2026<\/span><\/h3>\n<figure id=\"attachment_169079\" aria-describedby=\"caption-attachment-169079\" style=\"width: 300px\" class=\"wp-caption alignnone\"><img loading=\"lazy\" decoding=\"async\" class=\"size-medium wp-image-169079\" src=\"https:\/\/graziamagazine.com\/mx\/wp-content\/uploads\/sites\/13\/2026\/04\/IMG_2588-300x450.jpeg\" alt=\"Los tenis en tendencia para primavera\/verano\" width=\"300\" height=\"450\" srcset=\"https:\/\/graziamagazine.com\/mx\/wp-content\/uploads\/sites\/13\/2026\/04\/IMG_2588-300x450.jpeg 300w, https:\/\/graziamagazine.com\/mx\/wp-content\/uploads\/sites\/13\/2026\/04\/IMG_2588-683x1024.jpeg 683w, https:\/\/graziamagazine.com\/mx\/wp-content\/uploads\/sites\/13\/2026\/04\/IMG_2588-768x1151.jpeg 768w, https:\/\/graziamagazine.com\/mx\/wp-content\/uploads\/sites\/13\/2026\/04\/IMG_2588-400x600.jpeg 400w, https:\/\/graziamagazine.com\/mx\/wp-content\/uploads\/sites\/13\/2026\/04\/IMG_2588-143x215.jpeg 143w, https:\/\/graziamagazine.com\/mx\/wp-content\/uploads\/sites\/13\/2026\/04\/IMG_2588.jpeg 918w\" sizes=\"(max-width: 300px) 100vw, 300px\" \/><figcaption id=\"caption-attachment-169079\" class=\"wp-caption-text\">Foto: <a href=\"https:\/\/www.instagram.com\/pinterest?igsh=MTR4aTQ4djRnZ3VkNg==\" target=\"_blank\">Pinterest<\/a><\/figcaption><\/figure>\n<h4 class=\"p1\"><span class=\"s2\">Onitzuka tiger<\/span><\/h4>\n<div class=\"content-gallery\"><div class=\"gallery-placeholder\"><div class=\"spinner\"><\/div><\/div><span class=\"gallery-pagination\"><\/span><div id=\"gallery-1\" class=\"gallery galleryid-169098 gallery-columns-2 gallery-size-\"><figure class=\"gallery-item\"><div class=\"gallery-icon landscape\"><img loading=\"lazy\" decoding=\"async\" width=\"967\" height=\"1200\" src=\"https:\/\/graziamagazine.com\/mx\/wp-content\/uploads\/sites\/13\/2026\/04\/IMG_2592.jpeg\" class=\"lazy\" alt=\"\" srcset=\"https:\/\/graziamagazine.com\/mx\/wp-content\/uploads\/sites\/13\/2026\/04\/IMG_2592.jpeg 967w, https:\/\/graziamagazine.com\/mx\/wp-content\/uploads\/sites\/13\/2026\/04\/IMG_2592-363x450.jpeg 363w, https:\/\/graziamagazine.com\/mx\/wp-content\/uploads\/sites\/13\/2026\/04\/IMG_2592-825x1024.jpeg 825w, https:\/\/graziamagazine.com\/mx\/wp-content\/uploads\/sites\/13\/2026\/04\/IMG_2592-768x953.jpeg 768w, https:\/\/graziamagazine.com\/mx\/wp-content\/uploads\/sites\/13\/2026\/04\/IMG_2592-400x496.jpeg 400w, https:\/\/graziamagazine.com\/mx\/wp-content\/uploads\/sites\/13\/2026\/04\/IMG_2592-155x192.jpeg 155w\" sizes=\"(max-width: 967px) 100vw, 967px\" \/><\/div><\/figure><figure class=\"gallery-item\"><div class=\"gallery-icon landscape\"><img loading=\"lazy\" decoding=\"async\" width=\"1074\" height=\"1200\" src=\"https:\/\/graziamagazine.com\/mx\/wp-content\/uploads\/sites\/13\/2026\/04\/IMG_2593.jpeg\" class=\"lazy\" alt=\"\" srcset=\"https:\/\/graziamagazine.com\/mx\/wp-content\/uploads\/sites\/13\/2026\/04\/IMG_2593.jpeg 1074w, https:\/\/graziamagazine.com\/mx\/wp-content\/uploads\/sites\/13\/2026\/04\/IMG_2593-403x450.jpeg 403w, https:\/\/graziamagazine.com\/mx\/wp-content\/uploads\/sites\/13\/2026\/04\/IMG_2593-916x1024.jpeg 916w, https:\/\/graziamagazine.com\/mx\/wp-content\/uploads\/sites\/13\/2026\/04\/IMG_2593-768x858.jpeg 768w, https:\/\/graziamagazine.com\/mx\/wp-content\/uploads\/sites\/13\/2026\/04\/IMG_2593-400x447.jpeg 400w, https:\/\/graziamagazine.com\/mx\/wp-content\/uploads\/sites\/13\/2026\/04\/IMG_2593-155x173.jpeg 155w\" sizes=\"(max-width: 1074px) 100vw, 1074px\" \/><\/div><figcaption class=\"wp-caption-text gallery-caption\" id=\"gallery-1-169080\">Fotos: Pinterest<\/figcaption><\/figure><\/div><\/div>\n<p class=\"p1\"><span class=\"s1\">Su inconfundible sello retro, cada uno de los modelos de Onitsuka Tiger se han ido posicionando estas ultimas temporadas como uno de los favoritos en todos los estilos. Es ese aliado vers\u00e1til que se lleva con todo, por su equilibrio entre deportivo y sofisticado. Se hace presente en los looks m\u00e1s effortless, hasta los m\u00e1s sofisticados y pulidos.<\/span><\/p>\n<h4 class=\"p1\"><span class=\"s2\">Adidas Tokio<\/span><\/h4>\n<div class=\"content-gallery\"><div class=\"gallery-placeholder\"><div class=\"spinner\"><\/div><\/div><span class=\"gallery-pagination\"><\/span><div id=\"gallery-2\" class=\"gallery galleryid-169098 gallery-columns-2 gallery-size-\"><figure class=\"gallery-item\"><div class=\"gallery-icon landscape\"><img loading=\"lazy\" decoding=\"async\" width=\"1020\" height=\"1387\" src=\"https:\/\/graziamagazine.com\/mx\/wp-content\/uploads\/sites\/13\/2026\/04\/IMG_2590.jpeg\" class=\"lazy\" alt=\"\" srcset=\"https:\/\/graziamagazine.com\/mx\/wp-content\/uploads\/sites\/13\/2026\/04\/IMG_2590.jpeg 1020w, https:\/\/graziamagazine.com\/mx\/wp-content\/uploads\/sites\/13\/2026\/04\/IMG_2590-331x450.jpeg 331w, https:\/\/graziamagazine.com\/mx\/wp-content\/uploads\/sites\/13\/2026\/04\/IMG_2590-753x1024.jpeg 753w, https:\/\/graziamagazine.com\/mx\/wp-content\/uploads\/sites\/13\/2026\/04\/IMG_2590-768x1044.jpeg 768w, https:\/\/graziamagazine.com\/mx\/wp-content\/uploads\/sites\/13\/2026\/04\/IMG_2590-400x544.jpeg 400w, https:\/\/graziamagazine.com\/mx\/wp-content\/uploads\/sites\/13\/2026\/04\/IMG_2590-155x211.jpeg 155w\" sizes=\"(max-width: 1020px) 100vw, 1020px\" \/><\/div><\/figure><figure class=\"gallery-item\"><div class=\"gallery-icon landscape\"><img loading=\"lazy\" decoding=\"async\" width=\"1199\" height=\"1596\" src=\"https:\/\/graziamagazine.com\/mx\/wp-content\/uploads\/sites\/13\/2026\/04\/IMG_2589.jpeg\" class=\"lazy\" alt=\"Los tenis en tendencia para primavera\/verano\" srcset=\"https:\/\/graziamagazine.com\/mx\/wp-content\/uploads\/sites\/13\/2026\/04\/IMG_2589.jpeg 1199w, https:\/\/graziamagazine.com\/mx\/wp-content\/uploads\/sites\/13\/2026\/04\/IMG_2589-338x450.jpeg 338w, https:\/\/graziamagazine.com\/mx\/wp-content\/uploads\/sites\/13\/2026\/04\/IMG_2589-769x1024.jpeg 769w, https:\/\/graziamagazine.com\/mx\/wp-content\/uploads\/sites\/13\/2026\/04\/IMG_2589-768x1022.jpeg 768w, https:\/\/graziamagazine.com\/mx\/wp-content\/uploads\/sites\/13\/2026\/04\/IMG_2589-1154x1536.jpeg 1154w, https:\/\/graziamagazine.com\/mx\/wp-content\/uploads\/sites\/13\/2026\/04\/IMG_2589-400x532.jpeg 400w, https:\/\/graziamagazine.com\/mx\/wp-content\/uploads\/sites\/13\/2026\/04\/IMG_2589-155x206.jpeg 155w\" sizes=\"(max-width: 1199px) 100vw, 1199px\" \/><\/div><figcaption class=\"wp-caption-text gallery-caption\" id=\"gallery-2-169084\">Fotos: Pinterest<\/figcaption><\/figure><\/div><\/div>\n<p class=\"p1\"><span class=\"s1\">Todo lo que define la nost\u00e1lgica est\u00e9tica runner, se encuentra en este modelo de Adidas. Su dise\u00f1o limpio y cl\u00e1sico lo posicionan en ese b\u00e1sico que acompa\u00f1a a cualquier tipo de look, especialmente los m\u00e1s conceptuales.<\/span><\/p>\n<h4 class=\"p1\"><span class=\"s2\">The Hoff Bland<\/span><\/h4>\n<div class=\"content-gallery\"><div class=\"gallery-placeholder\"><div class=\"spinner\"><\/div><\/div><span class=\"gallery-pagination\"><\/span><div id=\"gallery-3\" class=\"gallery galleryid-169098 gallery-columns-2 gallery-size-\"><figure class=\"gallery-item\"><div class=\"gallery-icon landscape\"><img loading=\"lazy\" decoding=\"async\" width=\"1080\" height=\"1920\" src=\"https:\/\/graziamagazine.com\/mx\/wp-content\/uploads\/sites\/13\/2026\/04\/IMG_2602.jpeg\" class=\"lazy\" alt=\"\" srcset=\"https:\/\/graziamagazine.com\/mx\/wp-content\/uploads\/sites\/13\/2026\/04\/IMG_2602.jpeg 1080w, https:\/\/graziamagazine.com\/mx\/wp-content\/uploads\/sites\/13\/2026\/04\/IMG_2602-253x450.jpeg 253w, https:\/\/graziamagazine.com\/mx\/wp-content\/uploads\/sites\/13\/2026\/04\/IMG_2602-576x1024.jpeg 576w, https:\/\/graziamagazine.com\/mx\/wp-content\/uploads\/sites\/13\/2026\/04\/IMG_2602-768x1365.jpeg 768w, https:\/\/graziamagazine.com\/mx\/wp-content\/uploads\/sites\/13\/2026\/04\/IMG_2602-864x1536.jpeg 864w, https:\/\/graziamagazine.com\/mx\/wp-content\/uploads\/sites\/13\/2026\/04\/IMG_2602-400x711.jpeg 400w, https:\/\/graziamagazine.com\/mx\/wp-content\/uploads\/sites\/13\/2026\/04\/IMG_2602-121x215.jpeg 121w\" sizes=\"(max-width: 1080px) 100vw, 1080px\" \/><\/div><figcaption class=\"wp-caption-text gallery-caption\" id=\"gallery-3-169090\">Fotos: Pinterest<\/figcaption><\/figure><figure class=\"gallery-item\"><div class=\"gallery-icon landscape\"><img loading=\"lazy\" decoding=\"async\" width=\"1024\" height=\"1536\" src=\"https:\/\/graziamagazine.com\/mx\/wp-content\/uploads\/sites\/13\/2026\/04\/IMG_2601.jpeg\" class=\"lazy\" alt=\"Los tenis en tendencia para primavera\/verano\" srcset=\"https:\/\/graziamagazine.com\/mx\/wp-content\/uploads\/sites\/13\/2026\/04\/IMG_2601.jpeg 1024w, https:\/\/graziamagazine.com\/mx\/wp-content\/uploads\/sites\/13\/2026\/04\/IMG_2601-300x450.jpeg 300w, https:\/\/graziamagazine.com\/mx\/wp-content\/uploads\/sites\/13\/2026\/04\/IMG_2601-683x1024.jpeg 683w, https:\/\/graziamagazine.com\/mx\/wp-content\/uploads\/sites\/13\/2026\/04\/IMG_2601-768x1152.jpeg 768w, https:\/\/graziamagazine.com\/mx\/wp-content\/uploads\/sites\/13\/2026\/04\/IMG_2601-400x600.jpeg 400w, https:\/\/graziamagazine.com\/mx\/wp-content\/uploads\/sites\/13\/2026\/04\/IMG_2601-143x215.jpeg 143w\" sizes=\"(max-width: 1024px) 100vw, 1024px\" \/><\/div><\/figure><\/div><\/div>\n<p class=\"p1\"><span class=\"s1\">La firma espa\u00f1ola, fundada en 2017 en Elche, Alicante, se ha consolidado en los \u00faltimos a\u00f1os como una marca clave en el mundo contempor\u00e1neo. Cada uno de los modelos ha hecho posicionar a la marca como una de las favoritas, gracias a su estilo \u00fanico, creativo y que cada uno de ellos cuenta una historia. Es de esas marcas que no todo el mundo conoce a\u00fan, pero deber\u00edas tenerla en el radar. <\/span><\/p>\n<h4 class=\"p1\"><span class=\"s2\">Nike V2K<\/span><\/h4>\n<div class=\"content-gallery\"><div class=\"gallery-placeholder\"><div class=\"spinner\"><\/div><\/div><span class=\"gallery-pagination\"><\/span><div id=\"gallery-4\" class=\"gallery galleryid-169098 gallery-columns-2 gallery-size-\"><figure class=\"gallery-item\"><div class=\"gallery-icon landscape\"><img loading=\"lazy\" decoding=\"async\" width=\"1168\" height=\"1752\" src=\"https:\/\/graziamagazine.com\/mx\/wp-content\/uploads\/sites\/13\/2026\/04\/IMG_2595.jpeg\" class=\"lazy\" alt=\"\" srcset=\"https:\/\/graziamagazine.com\/mx\/wp-content\/uploads\/sites\/13\/2026\/04\/IMG_2595.jpeg 1168w, https:\/\/graziamagazine.com\/mx\/wp-content\/uploads\/sites\/13\/2026\/04\/IMG_2595-300x450.jpeg 300w, https:\/\/graziamagazine.com\/mx\/wp-content\/uploads\/sites\/13\/2026\/04\/IMG_2595-683x1024.jpeg 683w, https:\/\/graziamagazine.com\/mx\/wp-content\/uploads\/sites\/13\/2026\/04\/IMG_2595-768x1152.jpeg 768w, https:\/\/graziamagazine.com\/mx\/wp-content\/uploads\/sites\/13\/2026\/04\/IMG_2595-1024x1536.jpeg 1024w, https:\/\/graziamagazine.com\/mx\/wp-content\/uploads\/sites\/13\/2026\/04\/IMG_2595-400x600.jpeg 400w, https:\/\/graziamagazine.com\/mx\/wp-content\/uploads\/sites\/13\/2026\/04\/IMG_2595-143x215.jpeg 143w\" sizes=\"(max-width: 1168px) 100vw, 1168px\" \/><\/div><\/figure><figure class=\"gallery-item\"><div class=\"gallery-icon landscape\"><img loading=\"lazy\" decoding=\"async\" width=\"1170\" height=\"1236\" src=\"https:\/\/graziamagazine.com\/mx\/wp-content\/uploads\/sites\/13\/2026\/04\/IMG_2594.jpeg\" class=\"lazy\" alt=\"\" srcset=\"https:\/\/graziamagazine.com\/mx\/wp-content\/uploads\/sites\/13\/2026\/04\/IMG_2594.jpeg 1170w, https:\/\/graziamagazine.com\/mx\/wp-content\/uploads\/sites\/13\/2026\/04\/IMG_2594-426x450.jpeg 426w, https:\/\/graziamagazine.com\/mx\/wp-content\/uploads\/sites\/13\/2026\/04\/IMG_2594-969x1024.jpeg 969w, https:\/\/graziamagazine.com\/mx\/wp-content\/uploads\/sites\/13\/2026\/04\/IMG_2594-768x811.jpeg 768w, https:\/\/graziamagazine.com\/mx\/wp-content\/uploads\/sites\/13\/2026\/04\/IMG_2594-400x423.jpeg 400w, https:\/\/graziamagazine.com\/mx\/wp-content\/uploads\/sites\/13\/2026\/04\/IMG_2594-155x164.jpeg 155w\" sizes=\"(max-width: 1170px) 100vw, 1170px\" \/><\/div><figcaption class=\"wp-caption-text gallery-caption\" id=\"gallery-4-169089\">Fotos: Pinterest<\/figcaption><\/figure><\/div><\/div>\n<p class=\"p1\"><span class=\"s1\">Con su inconfundible silueta chunky y su inspiraci\u00f3n futurista, este modelo de Nike, ha formado gran parte de los looks en el mundo del streetsyle. No son unos tenis t\u00e9cnicos de running de alto rendimiento, pero es el calzado que te saca del apuro y funcionan con casi todo. Sin duda, es ese par de tenis statement que no deber\u00edas dudar tener en tu cl\u00f3set.<\/span><\/p>\n<h4>Nike Cortez<\/h4>\n<div class=\"content-gallery\"><div class=\"gallery-placeholder\"><div class=\"spinner\"><\/div><\/div><span class=\"gallery-pagination\"><\/span><div id=\"gallery-5\" class=\"gallery galleryid-169098 gallery-columns- gallery-size-\"><figure class=\"gallery-item\"><div class=\"gallery-icon landscape\"><img loading=\"lazy\" decoding=\"async\" width=\"1200\" height=\"1800\" src=\"https:\/\/graziamagazine.com\/mx\/wp-content\/uploads\/sites\/13\/2026\/04\/IMG_2598.jpeg\" class=\"lazy\" alt=\"\" srcset=\"https:\/\/graziamagazine.com\/mx\/wp-content\/uploads\/sites\/13\/2026\/04\/IMG_2598.jpeg 1200w, https:\/\/graziamagazine.com\/mx\/wp-content\/uploads\/sites\/13\/2026\/04\/IMG_2598-300x450.jpeg 300w, https:\/\/graziamagazine.com\/mx\/wp-content\/uploads\/sites\/13\/2026\/04\/IMG_2598-683x1024.jpeg 683w, https:\/\/graziamagazine.com\/mx\/wp-content\/uploads\/sites\/13\/2026\/04\/IMG_2598-768x1152.jpeg 768w, https:\/\/graziamagazine.com\/mx\/wp-content\/uploads\/sites\/13\/2026\/04\/IMG_2598-1024x1536.jpeg 1024w, https:\/\/graziamagazine.com\/mx\/wp-content\/uploads\/sites\/13\/2026\/04\/IMG_2598-400x600.jpeg 400w, https:\/\/graziamagazine.com\/mx\/wp-content\/uploads\/sites\/13\/2026\/04\/IMG_2598-143x215.jpeg 143w\" sizes=\"(max-width: 1200px) 100vw, 1200px\" \/><\/div><\/figure><figure class=\"gallery-item\"><div class=\"gallery-icon landscape\"><img loading=\"lazy\" decoding=\"async\" width=\"1080\" height=\"1620\" src=\"https:\/\/graziamagazine.com\/mx\/wp-content\/uploads\/sites\/13\/2026\/04\/IMG_2597.jpeg\" class=\"lazy\" alt=\"\" srcset=\"https:\/\/graziamagazine.com\/mx\/wp-content\/uploads\/sites\/13\/2026\/04\/IMG_2597.jpeg 1080w, https:\/\/graziamagazine.com\/mx\/wp-content\/uploads\/sites\/13\/2026\/04\/IMG_2597-300x450.jpeg 300w, https:\/\/graziamagazine.com\/mx\/wp-content\/uploads\/sites\/13\/2026\/04\/IMG_2597-683x1024.jpeg 683w, https:\/\/graziamagazine.com\/mx\/wp-content\/uploads\/sites\/13\/2026\/04\/IMG_2597-768x1152.jpeg 768w, https:\/\/graziamagazine.com\/mx\/wp-content\/uploads\/sites\/13\/2026\/04\/IMG_2597-1024x1536.jpeg 1024w, https:\/\/graziamagazine.com\/mx\/wp-content\/uploads\/sites\/13\/2026\/04\/IMG_2597-400x600.jpeg 400w, https:\/\/graziamagazine.com\/mx\/wp-content\/uploads\/sites\/13\/2026\/04\/IMG_2597-143x215.jpeg 143w\" sizes=\"(max-width: 1080px) 100vw, 1080px\" \/><\/div><\/figure><figure class=\"gallery-item\"><div class=\"gallery-icon landscape\"><img loading=\"lazy\" decoding=\"async\" width=\"971\" height=\"1200\" src=\"https:\/\/graziamagazine.com\/mx\/wp-content\/uploads\/sites\/13\/2026\/04\/IMG_2599.jpeg\" class=\"lazy\" alt=\"\" srcset=\"https:\/\/graziamagazine.com\/mx\/wp-content\/uploads\/sites\/13\/2026\/04\/IMG_2599.jpeg 971w, https:\/\/graziamagazine.com\/mx\/wp-content\/uploads\/sites\/13\/2026\/04\/IMG_2599-364x450.jpeg 364w, https:\/\/graziamagazine.com\/mx\/wp-content\/uploads\/sites\/13\/2026\/04\/IMG_2599-829x1024.jpeg 829w, https:\/\/graziamagazine.com\/mx\/wp-content\/uploads\/sites\/13\/2026\/04\/IMG_2599-768x949.jpeg 768w, https:\/\/graziamagazine.com\/mx\/wp-content\/uploads\/sites\/13\/2026\/04\/IMG_2599-400x494.jpeg 400w, https:\/\/graziamagazine.com\/mx\/wp-content\/uploads\/sites\/13\/2026\/04\/IMG_2599-155x192.jpeg 155w\" sizes=\"(max-width: 971px) 100vw, 971px\" \/><\/div><figcaption class=\"wp-caption-text gallery-caption\" id=\"gallery-5-169093\">Fotos: Pinterest<\/figcaption><\/figure><\/div><\/div>\n<p class=\"p1\"><span class=\"s1\">Los cl\u00e1sicos m\u00e1s ic\u00f3nicos que han pasado generaciones y que siempre ser\u00e1n relevantes. Est\u00e1 temporada, regresan m\u00e1s como un sello de estilo effortless pero conceptual. Es una pieza clave para construir looks, desde los m\u00e1s minimalistas, hasta los m\u00e1s sofisticados que nunca pasaran de moda gracias a su est\u00e9tica limpia e inconfundible. <\/span><\/p>\n<p class=\"p1\"><span class=\"s1\">Estos tenis, m\u00e1s all\u00e1 de seguir las tendencias, son de esos que veremos temporada tras temporada gracias a su versatilidad y a ese estilo cl\u00e1sico que simplemente nunca pasa de <a href=\"https:\/\/graziamagazine.com\/mx\/moda\/\"><span class=\"s3\">moda<\/span><\/a>. Son piezas que conectan cada una de las \u00e9pocas, y que hoy encuentran una nueva forma de contar su historia. Este 2026 se siente distinto en el mundo de la moda, hay una intenci\u00f3n m\u00e1s clara al momento de elegir cualquier cosa.<\/span><\/p>\n","protected":false},"author":42774,"featured_media":169082,"template":"","format":"standard","categories":[4],"acf":[],"yoast_head":"<!-- This site is optimized with the Yoast SEO Premium plugin v18.5 (Yoast SEO v20.4) - https:\/\/yoast.com\/wordpress\/plugins\/seo\/ -->\n<title>Los tenis en tendencia para primavera\/verano | Grazia M\u00e9xico y Latinoam\u00e9rica<\/title>\n<meta name=\"description\" content=\"Una selecci\u00f3n de tenis que combinan historia y versatilidad para convertirse en piezas clave dentro de los looks de primavera\/verano 2026.\" \/>\n<meta name=\"robots\" content=\"index, follow, max-snippet:-1, max-image-preview:large, max-video-preview:-1\" \/>\n<link rel=\"canonical\" href=\"https:\/\/graziamagazine.com\/mx\/articles\/tenis-tendencia-primavera-2026\/\" \/>\n<meta property=\"og:locale\" content=\"es_MX\" \/>\n<meta property=\"og:type\" content=\"article\" \/>\n<meta property=\"og:title\" content=\"Los tenis en tendencia para primavera\/verano\" \/>\n<meta property=\"og:description\" content=\"Una selecci\u00f3n de tenis que combinan historia y versatilidad para convertirse en piezas clave dentro de los looks de primavera\/verano 2026.\" \/>\n<meta property=\"og:url\" content=\"https:\/\/graziamagazine.com\/mx\/articles\/tenis-tendencia-primavera-2026\/\" \/>\n<meta property=\"og:site_name\" content=\"Grazia M\u00e9xico y Latinoam\u00e9rica\" \/>\n<meta property=\"article:modified_time\" content=\"2026-04-06T22:30:26+00:00\" \/>\n<meta property=\"og:image\" content=\"https:\/\/graziamagazine.com\/mx\/wp-content\/uploads\/sites\/13\/2026\/04\/IMG_2591-e1775513134402.jpeg\" \/>\n\t<meta property=\"og:image:width\" content=\"1200\" \/>\n\t<meta property=\"og:image:height\" content=\"824\" \/>\n\t<meta property=\"og:image:type\" content=\"image\/jpeg\" \/>\n<meta name=\"twitter:card\" content=\"summary_large_image\" \/>\n<meta name=\"twitter:label1\" content=\"Est. reading time\" \/>\n\t<meta name=\"twitter:data1\" content=\"3 minutos\" \/>\n<script type=\"application\/ld+json\" class=\"yoast-schema-graph\">{\"@context\":\"https:\/\/schema.org\",\"@graph\":[{\"@type\":\"WebPage\",\"@id\":\"https:\/\/graziamagazine.com\/mx\/articles\/tenis-tendencia-primavera-2026\/\",\"url\":\"https:\/\/graziamagazine.com\/mx\/articles\/tenis-tendencia-primavera-2026\/\",\"name\":\"Los tenis en tendencia para primavera\/verano | Grazia M\u00e9xico y Latinoam\u00e9rica\",\"isPartOf\":{\"@id\":\"https:\/\/graziamagazine.com\/mx\/#website\"},\"datePublished\":\"2026-04-06T21:00:24+00:00\",\"dateModified\":\"2026-04-06T22:30:26+00:00\",\"description\":\"Una selecci\u00f3n de tenis que combinan historia y versatilidad para convertirse en piezas clave dentro de los looks de primavera\/verano 2026.\",\"breadcrumb\":{\"@id\":\"https:\/\/graziamagazine.com\/mx\/articles\/tenis-tendencia-primavera-2026\/#breadcrumb\"},\"inLanguage\":\"es-MX\",\"potentialAction\":[{\"@type\":\"ReadAction\",\"target\":[\"https:\/\/graziamagazine.com\/mx\/articles\/tenis-tendencia-primavera-2026\/\"]}]},{\"@type\":\"BreadcrumbList\",\"@id\":\"https:\/\/graziamagazine.com\/mx\/articles\/tenis-tendencia-primavera-2026\/#breadcrumb\",\"itemListElement\":[{\"@type\":\"ListItem\",\"position\":1,\"name\":\"Home\",\"item\":\"https:\/\/graziamagazine.com\/mx\/\"},{\"@type\":\"ListItem\",\"position\":2,\"name\":\"Los tenis en tendencia para primavera\/verano\"}]},{\"@type\":\"WebSite\",\"@id\":\"https:\/\/graziamagazine.com\/mx\/#website\",\"url\":\"https:\/\/graziamagazine.com\/mx\/\",\"name\":\"Grazia M\u00e9xico y Latinoam\u00e9rica\",\"description\":\"Grazia es moda, belleza y noticias  de actualidad \",\"potentialAction\":[{\"@type\":\"SearchAction\",\"target\":{\"@type\":\"EntryPoint\",\"urlTemplate\":\"https:\/\/graziamagazine.com\/mx\/?s={search_term_string}\"},\"query-input\":\"required name=search_term_string\"}],\"inLanguage\":\"es-MX\"}]}<\/script>\n<!-- \/ Yoast SEO Premium plugin. -->","yoast_head_json":{"title":"Los tenis en tendencia para primavera\/verano | Grazia M\u00e9xico y Latinoam\u00e9rica","description":"Una selecci\u00f3n de tenis que combinan historia y versatilidad para convertirse en piezas clave dentro de los looks de primavera\/verano 2026.","robots":{"index":"index","follow":"follow","max-snippet":"max-snippet:-1","max-image-preview":"max-image-preview:large","max-video-preview":"max-video-preview:-1"},"canonical":"https:\/\/graziamagazine.com\/mx\/articles\/tenis-tendencia-primavera-2026\/","og_locale":"es_MX","og_type":"article","og_title":"Los tenis en tendencia para primavera\/verano","og_description":"Una selecci\u00f3n de tenis que combinan historia y versatilidad para convertirse en piezas clave dentro de los looks de primavera\/verano 2026.","og_url":"https:\/\/graziamagazine.com\/mx\/articles\/tenis-tendencia-primavera-2026\/","og_site_name":"Grazia M\u00e9xico y Latinoam\u00e9rica","article_modified_time":"2026-04-06T22:30:26+00:00","og_image":[{"width":1200,"height":824,"url":"https:\/\/graziamagazine.com\/mx\/wp-content\/uploads\/sites\/13\/2026\/04\/IMG_2591-e1775513134402.jpeg","type":"image\/jpeg"}],"twitter_card":"summary_large_image","twitter_misc":{"Est. reading time":"3 minutos"},"schema":{"@context":"https:\/\/schema.org","@graph":[{"@type":"WebPage","@id":"https:\/\/graziamagazine.com\/mx\/articles\/tenis-tendencia-primavera-2026\/","url":"https:\/\/graziamagazine.com\/mx\/articles\/tenis-tendencia-primavera-2026\/","name":"Los tenis en tendencia para primavera\/verano | Grazia M\u00e9xico y Latinoam\u00e9rica","isPartOf":{"@id":"https:\/\/graziamagazine.com\/mx\/#website"},"datePublished":"2026-04-06T21:00:24+00:00","dateModified":"2026-04-06T22:30:26+00:00","description":"Una selecci\u00f3n de tenis que combinan historia y versatilidad para convertirse en piezas clave dentro de los looks de primavera\/verano 2026.","breadcrumb":{"@id":"https:\/\/graziamagazine.com\/mx\/articles\/tenis-tendencia-primavera-2026\/#breadcrumb"},"inLanguage":"es-MX","potentialAction":[{"@type":"ReadAction","target":["https:\/\/graziamagazine.com\/mx\/articles\/tenis-tendencia-primavera-2026\/"]}]},{"@type":"BreadcrumbList","@id":"https:\/\/graziamagazine.com\/mx\/articles\/tenis-tendencia-primavera-2026\/#breadcrumb","itemListElement":[{"@type":"ListItem","position":1,"name":"Home","item":"https:\/\/graziamagazine.com\/mx\/"},{"@type":"ListItem","position":2,"name":"Los tenis en tendencia para primavera\/verano"}]},{"@type":"WebSite","@id":"https:\/\/graziamagazine.com\/mx\/#website","url":"https:\/\/graziamagazine.com\/mx\/","name":"Grazia M\u00e9xico y Latinoam\u00e9rica","description":"Grazia es moda, belleza y noticias  de actualidad ","potentialAction":[{"@type":"SearchAction","target":{"@type":"EntryPoint","urlTemplate":"https:\/\/graziamagazine.com\/mx\/?s={search_term_string}"},"query-input":"required name=search_term_string"}],"inLanguage":"es-MX"}]}},"jetpack_sharing_enabled":true,"distributor_meta":false,"distributor_terms":false,"distributor_media":false,"distributor_original_site_name":"Grazia M\u00e9xico y Latinoam\u00e9rica","distributor_original_site_url":"https:\/\/graziamagazine.com\/mx","push-errors":false,"_links":{"self":[{"href":"https:\/\/graziamagazine.com\/mx\/wp-json\/wp\/v2\/articles\/169098"}],"collection":[{"href":"https:\/\/graziamagazine.com\/mx\/wp-json\/wp\/v2\/articles"}],"about":[{"href":"https:\/\/graziamagazine.com\/mx\/wp-json\/wp\/v2\/types\/articles"}],"author":[{"embeddable":true,"href":"https:\/\/graziamagazine.com\/mx\/wp-json\/wp\/v2\/users\/42774"}],"wp:featuredmedia":[{"embeddable":true,"href":"https:\/\/graziamagazine.com\/mx\/wp-json\/wp\/v2\/media\/169082"}],"wp:attachment":[{"href":"https:\/\/graziamagazine.com\/mx\/wp-json\/wp\/v2\/media?parent=169098"}],"wp:term":[{"taxonomy":"category","embeddable":true,"href":"https:\/\/graziamagazine.com\/mx\/wp-json\/wp\/v2\/categories?post=169098"}],"curies":[{"name":"wp","href":"https:\/\/api.w.org\/{rel}","templated":true}]}}