{"id":169057,"date":"2026-04-06T13:02:48","date_gmt":"2026-04-06T18:02:48","guid":{"rendered":"https:\/\/graziamagazine.com\/mx\/?post_type=articles&#038;p=169057"},"modified":"2026-04-06T13:34:34","modified_gmt":"2026-04-06T18:34:34","slug":"ideas-de-looks-para-ir-a-un-festival","status":"publish","type":"articles","link":"https:\/\/graziamagazine.com\/mx\/articles\/ideas-de-looks-para-ir-a-un-festival\/","title":{"rendered":"Piezas infalibles para festivales de verano"},"content":{"rendered":"<p data-start=\"285\" data-end=\"574\">\u00bfLista para bailar durante horas sin sacrificar el estilo? Los festivales de verano son mucho m\u00e1s que m\u00fasica: se han convertido en aut\u00e9nticas pasarelas al aire libre donde cada look cuenta una historia. Pero lograr el equilibrio perfecto entre est\u00e9tica y funcionalidad requiere estrategia.<\/p>\n<p data-start=\"576\" data-end=\"877\">Atr\u00e1s quedaron los d\u00edas en los que bastaba con una corona de flores y un vestido bohemio.<\/p>\n<h3 data-start=\"879\" data-end=\"912\"><strong data-start=\"879\" data-end=\"910\">El bolso que lo cambia todo<\/strong><\/h3>\n<div class=\"content-gallery\"><div class=\"gallery-placeholder\"><div class=\"spinner\"><\/div><\/div><span class=\"gallery-pagination\"><\/span><div id=\"gallery-1\" class=\"gallery galleryid-169057 gallery-columns- gallery-size-\"><figure class=\"gallery-item\"><div class=\"gallery-icon landscape\"><img loading=\"lazy\" decoding=\"async\" width=\"735\" height=\"1103\" src=\"https:\/\/graziamagazine.com\/mx\/wp-content\/uploads\/sites\/13\/2026\/04\/3ad2678ed67bc9c6fbc6a84ad0f48677.jpg\" class=\"lazy\" alt=\"\" srcset=\"https:\/\/graziamagazine.com\/mx\/wp-content\/uploads\/sites\/13\/2026\/04\/3ad2678ed67bc9c6fbc6a84ad0f48677.jpg 735w, https:\/\/graziamagazine.com\/mx\/wp-content\/uploads\/sites\/13\/2026\/04\/3ad2678ed67bc9c6fbc6a84ad0f48677-300x450.jpg 300w, https:\/\/graziamagazine.com\/mx\/wp-content\/uploads\/sites\/13\/2026\/04\/3ad2678ed67bc9c6fbc6a84ad0f48677-682x1024.jpg 682w, https:\/\/graziamagazine.com\/mx\/wp-content\/uploads\/sites\/13\/2026\/04\/3ad2678ed67bc9c6fbc6a84ad0f48677-400x600.jpg 400w, https:\/\/graziamagazine.com\/mx\/wp-content\/uploads\/sites\/13\/2026\/04\/3ad2678ed67bc9c6fbc6a84ad0f48677-143x215.jpg 143w\" sizes=\"(max-width: 735px) 100vw, 735px\" \/><\/div><\/figure><figure class=\"gallery-item\"><div class=\"gallery-icon landscape\"><img loading=\"lazy\" decoding=\"async\" width=\"612\" height=\"918\" src=\"https:\/\/graziamagazine.com\/mx\/wp-content\/uploads\/sites\/13\/2026\/04\/c989e9bd25dfd2a2212a19ff5cc0c912.jpg\" class=\"lazy\" alt=\"\" srcset=\"https:\/\/graziamagazine.com\/mx\/wp-content\/uploads\/sites\/13\/2026\/04\/c989e9bd25dfd2a2212a19ff5cc0c912.jpg 612w, https:\/\/graziamagazine.com\/mx\/wp-content\/uploads\/sites\/13\/2026\/04\/c989e9bd25dfd2a2212a19ff5cc0c912-300x450.jpg 300w, https:\/\/graziamagazine.com\/mx\/wp-content\/uploads\/sites\/13\/2026\/04\/c989e9bd25dfd2a2212a19ff5cc0c912-400x600.jpg 400w, https:\/\/graziamagazine.com\/mx\/wp-content\/uploads\/sites\/13\/2026\/04\/c989e9bd25dfd2a2212a19ff5cc0c912-143x215.jpg 143w\" sizes=\"(max-width: 612px) 100vw, 612px\" \/><\/div><\/figure><figure class=\"gallery-item\"><div class=\"gallery-icon landscape\"><img loading=\"lazy\" decoding=\"async\" width=\"1199\" height=\"1474\" src=\"https:\/\/graziamagazine.com\/mx\/wp-content\/uploads\/sites\/13\/2026\/04\/3b3bb7fc53c3f5a9afd1a4ab22e89434.jpg\" class=\"lazy\" alt=\"\" srcset=\"https:\/\/graziamagazine.com\/mx\/wp-content\/uploads\/sites\/13\/2026\/04\/3b3bb7fc53c3f5a9afd1a4ab22e89434.jpg 1199w, https:\/\/graziamagazine.com\/mx\/wp-content\/uploads\/sites\/13\/2026\/04\/3b3bb7fc53c3f5a9afd1a4ab22e89434-366x450.jpg 366w, https:\/\/graziamagazine.com\/mx\/wp-content\/uploads\/sites\/13\/2026\/04\/3b3bb7fc53c3f5a9afd1a4ab22e89434-833x1024.jpg 833w, https:\/\/graziamagazine.com\/mx\/wp-content\/uploads\/sites\/13\/2026\/04\/3b3bb7fc53c3f5a9afd1a4ab22e89434-768x944.jpg 768w, https:\/\/graziamagazine.com\/mx\/wp-content\/uploads\/sites\/13\/2026\/04\/3b3bb7fc53c3f5a9afd1a4ab22e89434-400x492.jpg 400w, https:\/\/graziamagazine.com\/mx\/wp-content\/uploads\/sites\/13\/2026\/04\/3b3bb7fc53c3f5a9afd1a4ab22e89434-155x191.jpg 155w\" sizes=\"(max-width: 1199px) 100vw, 1199px\" \/><\/div><\/figure><\/div><\/div>\n<p data-start=\"914\" data-end=\"1218\">El primer imprescindible es, sin duda, el bolso. No solo es un accesorio, es tu aliado durante toda la jornada. Debe ser ligero, seguro y lo suficientemente compacto para moverte con libertad. Los dise\u00f1os cruzados o tipo ri\u00f1onera son ideales para mantener las manos libres y disfrutar sin preocupaciones.<\/p>\n<p data-start=\"1220\" data-end=\"1533\">En cuanto a estilo, los acabados metalizados, los flecos o las versiones acolchadas aportan un toque distintivo que eleva cualquier outfit. Firmas como <span class=\"hover:entity-accent entity-underline inline cursor-pointer align-baseline\"><span class=\"whitespace-normal\">Isabel Marant<\/span><\/span> han convertido este tipo de piezas en aut\u00e9nticos objetos de deseo, combinando est\u00e9tica y funcionalidad en perfecta armon\u00eda.<\/p>\n<h3 data-start=\"1535\" data-end=\"1574\"><strong data-start=\"1535\" data-end=\"1572\">Cinturones que definen la silueta<\/strong><\/h3>\n<div class=\"content-gallery\"><div class=\"gallery-placeholder\"><div class=\"spinner\"><\/div><\/div><span class=\"gallery-pagination\"><\/span><div id=\"gallery-2\" class=\"gallery galleryid-169057 gallery-columns- gallery-size-\"><figure class=\"gallery-item\"><div class=\"gallery-icon landscape\"><img loading=\"lazy\" decoding=\"async\" width=\"736\" height=\"1317\" src=\"https:\/\/graziamagazine.com\/mx\/wp-content\/uploads\/sites\/13\/2026\/04\/ccf9a9e95f823db96e348ad571cc0b41.jpg\" class=\"lazy\" alt=\"\" srcset=\"https:\/\/graziamagazine.com\/mx\/wp-content\/uploads\/sites\/13\/2026\/04\/ccf9a9e95f823db96e348ad571cc0b41.jpg 736w, https:\/\/graziamagazine.com\/mx\/wp-content\/uploads\/sites\/13\/2026\/04\/ccf9a9e95f823db96e348ad571cc0b41-251x450.jpg 251w, https:\/\/graziamagazine.com\/mx\/wp-content\/uploads\/sites\/13\/2026\/04\/ccf9a9e95f823db96e348ad571cc0b41-572x1024.jpg 572w, https:\/\/graziamagazine.com\/mx\/wp-content\/uploads\/sites\/13\/2026\/04\/ccf9a9e95f823db96e348ad571cc0b41-400x716.jpg 400w, https:\/\/graziamagazine.com\/mx\/wp-content\/uploads\/sites\/13\/2026\/04\/ccf9a9e95f823db96e348ad571cc0b41-120x215.jpg 120w\" sizes=\"(max-width: 736px) 100vw, 736px\" \/><\/div><\/figure><figure class=\"gallery-item\"><div class=\"gallery-icon landscape\"><img loading=\"lazy\" decoding=\"async\" width=\"750\" height=\"1125\" src=\"https:\/\/graziamagazine.com\/mx\/wp-content\/uploads\/sites\/13\/2026\/04\/00b337db74a1341cf78c3d60be34215a.jpg\" class=\"lazy\" alt=\"\" srcset=\"https:\/\/graziamagazine.com\/mx\/wp-content\/uploads\/sites\/13\/2026\/04\/00b337db74a1341cf78c3d60be34215a.jpg 750w, https:\/\/graziamagazine.com\/mx\/wp-content\/uploads\/sites\/13\/2026\/04\/00b337db74a1341cf78c3d60be34215a-300x450.jpg 300w, https:\/\/graziamagazine.com\/mx\/wp-content\/uploads\/sites\/13\/2026\/04\/00b337db74a1341cf78c3d60be34215a-683x1024.jpg 683w, https:\/\/graziamagazine.com\/mx\/wp-content\/uploads\/sites\/13\/2026\/04\/00b337db74a1341cf78c3d60be34215a-400x600.jpg 400w, https:\/\/graziamagazine.com\/mx\/wp-content\/uploads\/sites\/13\/2026\/04\/00b337db74a1341cf78c3d60be34215a-143x215.jpg 143w\" sizes=\"(max-width: 750px) 100vw, 750px\" \/><\/div><\/figure><figure class=\"gallery-item\"><div class=\"gallery-icon landscape\"><img loading=\"lazy\" decoding=\"async\" width=\"967\" height=\"1425\" src=\"https:\/\/graziamagazine.com\/mx\/wp-content\/uploads\/sites\/13\/2026\/04\/fe77743daddad18edec0d1a36ef407c6.jpg\" class=\"lazy\" alt=\"\" srcset=\"https:\/\/graziamagazine.com\/mx\/wp-content\/uploads\/sites\/13\/2026\/04\/fe77743daddad18edec0d1a36ef407c6.jpg 967w, https:\/\/graziamagazine.com\/mx\/wp-content\/uploads\/sites\/13\/2026\/04\/fe77743daddad18edec0d1a36ef407c6-305x450.jpg 305w, https:\/\/graziamagazine.com\/mx\/wp-content\/uploads\/sites\/13\/2026\/04\/fe77743daddad18edec0d1a36ef407c6-695x1024.jpg 695w, https:\/\/graziamagazine.com\/mx\/wp-content\/uploads\/sites\/13\/2026\/04\/fe77743daddad18edec0d1a36ef407c6-768x1132.jpg 768w, https:\/\/graziamagazine.com\/mx\/wp-content\/uploads\/sites\/13\/2026\/04\/fe77743daddad18edec0d1a36ef407c6-400x589.jpg 400w, https:\/\/graziamagazine.com\/mx\/wp-content\/uploads\/sites\/13\/2026\/04\/fe77743daddad18edec0d1a36ef407c6-146x215.jpg 146w\" sizes=\"(max-width: 967px) 100vw, 967px\" \/><\/div><\/figure><\/div><\/div>\n<p data-start=\"1576\" data-end=\"1812\">Un buen cintur\u00f3n puede transformar por completo un look. Este verano, los estilos coyote y maximalistas dominan la escena. Hebillas grandes, detalles met\u00e1licos o estructuras dobles a\u00f1aden car\u00e1cter y ayudan a estructurar prendas fluidas.<\/p>\n<p data-start=\"1814\" data-end=\"2024\">Adem\u00e1s, algunos dise\u00f1os incorporan peque\u00f1os bolsillos tipo utility, lo que los convierte en una opci\u00f3n tan pr\u00e1ctica como estilosa. Son ideales para complementar vestidos ligeros, shorts o conjuntos coordinados.<\/p>\n<h3 data-start=\"2026\" data-end=\"2060\"><strong data-start=\"2026\" data-end=\"2058\">Calzado que resiste el ritmo<\/strong><\/h3>\n<div class=\"content-gallery\"><div class=\"gallery-placeholder\"><div class=\"spinner\"><\/div><\/div><span class=\"gallery-pagination\"><\/span><div id=\"gallery-3\" class=\"gallery galleryid-169057 gallery-columns- gallery-size-\"><figure class=\"gallery-item\"><div class=\"gallery-icon landscape\"><img loading=\"lazy\" decoding=\"async\" width=\"1200\" height=\"1800\" src=\"https:\/\/graziamagazine.com\/mx\/wp-content\/uploads\/sites\/13\/2026\/04\/537961fd6b2688f8ce848368485222b6.jpg\" class=\"lazy\" alt=\"\" srcset=\"https:\/\/graziamagazine.com\/mx\/wp-content\/uploads\/sites\/13\/2026\/04\/537961fd6b2688f8ce848368485222b6.jpg 1200w, https:\/\/graziamagazine.com\/mx\/wp-content\/uploads\/sites\/13\/2026\/04\/537961fd6b2688f8ce848368485222b6-300x450.jpg 300w, https:\/\/graziamagazine.com\/mx\/wp-content\/uploads\/sites\/13\/2026\/04\/537961fd6b2688f8ce848368485222b6-683x1024.jpg 683w, https:\/\/graziamagazine.com\/mx\/wp-content\/uploads\/sites\/13\/2026\/04\/537961fd6b2688f8ce848368485222b6-768x1152.jpg 768w, https:\/\/graziamagazine.com\/mx\/wp-content\/uploads\/sites\/13\/2026\/04\/537961fd6b2688f8ce848368485222b6-1024x1536.jpg 1024w, https:\/\/graziamagazine.com\/mx\/wp-content\/uploads\/sites\/13\/2026\/04\/537961fd6b2688f8ce848368485222b6-400x600.jpg 400w, https:\/\/graziamagazine.com\/mx\/wp-content\/uploads\/sites\/13\/2026\/04\/537961fd6b2688f8ce848368485222b6-143x215.jpg 143w\" sizes=\"(max-width: 1200px) 100vw, 1200px\" \/><\/div><\/figure><figure class=\"gallery-item\"><div class=\"gallery-icon landscape\"><img loading=\"lazy\" decoding=\"async\" width=\"1200\" height=\"1799\" src=\"https:\/\/graziamagazine.com\/mx\/wp-content\/uploads\/sites\/13\/2026\/04\/0cb2c253be4dedeafed6ee6966007658.jpg\" class=\"lazy\" alt=\"\" srcset=\"https:\/\/graziamagazine.com\/mx\/wp-content\/uploads\/sites\/13\/2026\/04\/0cb2c253be4dedeafed6ee6966007658.jpg 1200w, https:\/\/graziamagazine.com\/mx\/wp-content\/uploads\/sites\/13\/2026\/04\/0cb2c253be4dedeafed6ee6966007658-300x450.jpg 300w, https:\/\/graziamagazine.com\/mx\/wp-content\/uploads\/sites\/13\/2026\/04\/0cb2c253be4dedeafed6ee6966007658-683x1024.jpg 683w, https:\/\/graziamagazine.com\/mx\/wp-content\/uploads\/sites\/13\/2026\/04\/0cb2c253be4dedeafed6ee6966007658-768x1151.jpg 768w, https:\/\/graziamagazine.com\/mx\/wp-content\/uploads\/sites\/13\/2026\/04\/0cb2c253be4dedeafed6ee6966007658-1025x1536.jpg 1025w, https:\/\/graziamagazine.com\/mx\/wp-content\/uploads\/sites\/13\/2026\/04\/0cb2c253be4dedeafed6ee6966007658-400x600.jpg 400w, https:\/\/graziamagazine.com\/mx\/wp-content\/uploads\/sites\/13\/2026\/04\/0cb2c253be4dedeafed6ee6966007658-143x215.jpg 143w\" sizes=\"(max-width: 1200px) 100vw, 1200px\" \/><\/div><\/figure><\/div><\/div>\n<p data-start=\"2062\" data-end=\"2223\">Elegir el calzado adecuado es fundamental. Los festivales implican largas caminatas, horas de pie y terrenos variables, por lo que la comodidad no es negociable.<\/p>\n<p data-start=\"2225\" data-end=\"2478\">Las botas de estilo western o militar siguen siendo una apuesta segura, especialmente para terrenos irregulares. Por otro lado, los tenis favoritos de cada persona aportan un aire relajado y vers\u00e1til que funciona con pr\u00e1cticamente cualquier combinaci\u00f3n.<\/p>\n<h3 data-start=\"2480\" data-end=\"2515\"><strong data-start=\"2480\" data-end=\"2513\">Accesorios que elevan el look<\/strong><\/h3>\n<div class=\"content-gallery\"><div class=\"gallery-placeholder\"><div class=\"spinner\"><\/div><\/div><span class=\"gallery-pagination\"><\/span><div id=\"gallery-4\" class=\"gallery galleryid-169057 gallery-columns- gallery-size-\"><figure class=\"gallery-item\"><div class=\"gallery-icon landscape\"><img loading=\"lazy\" decoding=\"async\" width=\"736\" height=\"919\" src=\"https:\/\/graziamagazine.com\/mx\/wp-content\/uploads\/sites\/13\/2026\/04\/99e5eaaa5a40c1732b4f05f2f2451920.jpg\" class=\"lazy\" alt=\"\" srcset=\"https:\/\/graziamagazine.com\/mx\/wp-content\/uploads\/sites\/13\/2026\/04\/99e5eaaa5a40c1732b4f05f2f2451920.jpg 736w, https:\/\/graziamagazine.com\/mx\/wp-content\/uploads\/sites\/13\/2026\/04\/99e5eaaa5a40c1732b4f05f2f2451920-360x450.jpg 360w, https:\/\/graziamagazine.com\/mx\/wp-content\/uploads\/sites\/13\/2026\/04\/99e5eaaa5a40c1732b4f05f2f2451920-400x499.jpg 400w, https:\/\/graziamagazine.com\/mx\/wp-content\/uploads\/sites\/13\/2026\/04\/99e5eaaa5a40c1732b4f05f2f2451920-155x194.jpg 155w\" sizes=\"(max-width: 736px) 100vw, 736px\" \/><\/div><\/figure><figure class=\"gallery-item\"><div class=\"gallery-icon landscape\"><img loading=\"lazy\" decoding=\"async\" width=\"736\" height=\"919\" src=\"https:\/\/graziamagazine.com\/mx\/wp-content\/uploads\/sites\/13\/2026\/04\/39076e0d26b7dff3b741c614177f8b42.jpg\" class=\"lazy\" alt=\"\" srcset=\"https:\/\/graziamagazine.com\/mx\/wp-content\/uploads\/sites\/13\/2026\/04\/39076e0d26b7dff3b741c614177f8b42.jpg 736w, https:\/\/graziamagazine.com\/mx\/wp-content\/uploads\/sites\/13\/2026\/04\/39076e0d26b7dff3b741c614177f8b42-360x450.jpg 360w, https:\/\/graziamagazine.com\/mx\/wp-content\/uploads\/sites\/13\/2026\/04\/39076e0d26b7dff3b741c614177f8b42-400x499.jpg 400w, https:\/\/graziamagazine.com\/mx\/wp-content\/uploads\/sites\/13\/2026\/04\/39076e0d26b7dff3b741c614177f8b42-155x194.jpg 155w\" sizes=\"(max-width: 736px) 100vw, 736px\" \/><\/div><\/figure><\/div><\/div>\n<p data-start=\"2517\" data-end=\"2699\">Los accesorios son el alma del estilismo festivalero. Gafas de sol con personalidad, pa\u00f1uelos, flores o incluso peque\u00f1as piezas met\u00e1licas para el cabello pueden marcar la diferencia.<\/p>\n<p data-start=\"2701\" data-end=\"2901\">Estos elementos permiten adaptar el look a diferentes est\u00e9ticas, desde el grunge rom\u00e1ntico hasta el Y2K o el western contempor\u00e1neo. La clave est\u00e1 en no sobrecargar y elegir piezas que realmente sumen.<\/p>\n<h3 data-start=\"2903\" data-end=\"2940\"><strong data-start=\"2903\" data-end=\"2938\">Protecci\u00f3n y estilo bajo el sol<\/strong><\/h3>\n<div class=\"content-gallery\"><div class=\"gallery-placeholder\"><div class=\"spinner\"><\/div><\/div><span class=\"gallery-pagination\"><\/span><div id=\"gallery-5\" class=\"gallery galleryid-169057 gallery-columns- gallery-size-\"><figure class=\"gallery-item\"><div class=\"gallery-icon landscape\"><img loading=\"lazy\" decoding=\"async\" width=\"637\" height=\"926\" src=\"https:\/\/graziamagazine.com\/mx\/wp-content\/uploads\/sites\/13\/2026\/04\/daf43ffdb0e1ed4293fead98f63fc1db-e1775499493727.jpg\" class=\"lazy\" alt=\"\" srcset=\"https:\/\/graziamagazine.com\/mx\/wp-content\/uploads\/sites\/13\/2026\/04\/daf43ffdb0e1ed4293fead98f63fc1db-e1775499493727.jpg 637w, https:\/\/graziamagazine.com\/mx\/wp-content\/uploads\/sites\/13\/2026\/04\/daf43ffdb0e1ed4293fead98f63fc1db-e1775499493727-310x450.jpg 310w, https:\/\/graziamagazine.com\/mx\/wp-content\/uploads\/sites\/13\/2026\/04\/daf43ffdb0e1ed4293fead98f63fc1db-e1775499493727-400x581.jpg 400w, https:\/\/graziamagazine.com\/mx\/wp-content\/uploads\/sites\/13\/2026\/04\/daf43ffdb0e1ed4293fead98f63fc1db-e1775499493727-148x215.jpg 148w\" sizes=\"(max-width: 637px) 100vw, 637px\" \/><\/div><\/figure><figure class=\"gallery-item\"><div class=\"gallery-icon landscape\"><img loading=\"lazy\" decoding=\"async\" width=\"736\" height=\"981\" src=\"https:\/\/graziamagazine.com\/mx\/wp-content\/uploads\/sites\/13\/2026\/04\/2de07859a8ed804d36a2c2b5da8da805.jpg\" class=\"lazy\" alt=\"\" srcset=\"https:\/\/graziamagazine.com\/mx\/wp-content\/uploads\/sites\/13\/2026\/04\/2de07859a8ed804d36a2c2b5da8da805.jpg 736w, https:\/\/graziamagazine.com\/mx\/wp-content\/uploads\/sites\/13\/2026\/04\/2de07859a8ed804d36a2c2b5da8da805-338x450.jpg 338w, https:\/\/graziamagazine.com\/mx\/wp-content\/uploads\/sites\/13\/2026\/04\/2de07859a8ed804d36a2c2b5da8da805-400x533.jpg 400w, https:\/\/graziamagazine.com\/mx\/wp-content\/uploads\/sites\/13\/2026\/04\/2de07859a8ed804d36a2c2b5da8da805-155x207.jpg 155w\" sizes=\"(max-width: 736px) 100vw, 736px\" \/><\/div><\/figure><\/div><\/div>\n<p data-start=\"2942\" data-end=\"3127\">Una gorra o sombrero no solo es una declaraci\u00f3n de estilo, tambi\u00e9n es una necesidad pr\u00e1ctica. Bajo el sol del verano, protegerse es esencial para disfrutar plenamente de la experiencia.<\/p>\n<p data-start=\"3129\" data-end=\"3256\">Las opciones van desde gorras deportivas hasta dise\u00f1os m\u00e1s sofisticados que complementan el conjunto sin restarle protagonismo.<\/p>\n<h3 data-start=\"3258\" data-end=\"3296\"><strong data-start=\"3258\" data-end=\"3294\">Capas inteligentes para la noche<\/strong><\/h3>\n<div class=\"content-gallery\"><div class=\"gallery-placeholder\"><div class=\"spinner\"><\/div><\/div><span class=\"gallery-pagination\"><\/span><div id=\"gallery-6\" class=\"gallery galleryid-169057 gallery-columns- gallery-size-\"><figure class=\"gallery-item\"><div class=\"gallery-icon landscape\"><img loading=\"lazy\" decoding=\"async\" width=\"736\" height=\"1266\" src=\"https:\/\/graziamagazine.com\/mx\/wp-content\/uploads\/sites\/13\/2026\/04\/404b857c283c4022bb655c7da5c72fe2.jpg\" class=\"lazy\" alt=\"\" srcset=\"https:\/\/graziamagazine.com\/mx\/wp-content\/uploads\/sites\/13\/2026\/04\/404b857c283c4022bb655c7da5c72fe2.jpg 736w, https:\/\/graziamagazine.com\/mx\/wp-content\/uploads\/sites\/13\/2026\/04\/404b857c283c4022bb655c7da5c72fe2-262x450.jpg 262w, https:\/\/graziamagazine.com\/mx\/wp-content\/uploads\/sites\/13\/2026\/04\/404b857c283c4022bb655c7da5c72fe2-595x1024.jpg 595w, https:\/\/graziamagazine.com\/mx\/wp-content\/uploads\/sites\/13\/2026\/04\/404b857c283c4022bb655c7da5c72fe2-400x688.jpg 400w, https:\/\/graziamagazine.com\/mx\/wp-content\/uploads\/sites\/13\/2026\/04\/404b857c283c4022bb655c7da5c72fe2-125x215.jpg 125w\" sizes=\"(max-width: 736px) 100vw, 736px\" \/><\/div><\/figure><figure class=\"gallery-item\"><div class=\"gallery-icon landscape\"><img loading=\"lazy\" decoding=\"async\" width=\"1024\" height=\"1280\" src=\"https:\/\/graziamagazine.com\/mx\/wp-content\/uploads\/sites\/13\/2026\/04\/62958ae2c4adb3d669b59f4b0d8715ed.jpg\" class=\"lazy\" alt=\"\" srcset=\"https:\/\/graziamagazine.com\/mx\/wp-content\/uploads\/sites\/13\/2026\/04\/62958ae2c4adb3d669b59f4b0d8715ed.jpg 1024w, https:\/\/graziamagazine.com\/mx\/wp-content\/uploads\/sites\/13\/2026\/04\/62958ae2c4adb3d669b59f4b0d8715ed-360x450.jpg 360w, https:\/\/graziamagazine.com\/mx\/wp-content\/uploads\/sites\/13\/2026\/04\/62958ae2c4adb3d669b59f4b0d8715ed-819x1024.jpg 819w, https:\/\/graziamagazine.com\/mx\/wp-content\/uploads\/sites\/13\/2026\/04\/62958ae2c4adb3d669b59f4b0d8715ed-768x960.jpg 768w, https:\/\/graziamagazine.com\/mx\/wp-content\/uploads\/sites\/13\/2026\/04\/62958ae2c4adb3d669b59f4b0d8715ed-400x500.jpg 400w, https:\/\/graziamagazine.com\/mx\/wp-content\/uploads\/sites\/13\/2026\/04\/62958ae2c4adb3d669b59f4b0d8715ed-155x194.jpg 155w\" sizes=\"(max-width: 1024px) 100vw, 1024px\" \/><\/div><\/figure><\/div><\/div>\n<p data-start=\"3298\" data-end=\"3435\">Aunque el d\u00eda sea caluroso, las noches en los festivales pueden sorprender. Por eso, incluir una capa ligera es una decisi\u00f3n estrat\u00e9gica.<\/p>\n<p data-start=\"3437\" data-end=\"3643\">Chaquetas oversize, camisas abiertas o sudaderas ligeras no solo aportan abrigo, sino que tambi\u00e9n a\u00f1aden dimensi\u00f3n al look. Este recurso permite transformar el outfit sin necesidad de cambiar completamente.<\/p>\n<p data-start=\"3675\" data-end=\"3947\">Las verdaderas insiders saben que el \u00e9xito de un look de festival no reside en seguir todas las tendencias, sino en encontrar el equilibrio entre estilo y funcionalidad. Elegir tejidos transpirables, piezas vers\u00e1tiles y accesorios con intenci\u00f3n es la f\u00f3rmula para acertar.<\/p>\n<p data-start=\"3949\" data-end=\"4148\">Cada festival tiene su propia energ\u00eda, y adaptar el look al entorno es parte del juego. No es lo mismo un evento en el desierto que uno en la ciudad, y esa diferencia debe reflejarse en el estilismo.<\/p>\n<p data-start=\"4150\" data-end=\"4354\">Al final, la moda en los festivales es una extensi\u00f3n de la personalidad. Se trata de expresarse, experimentar y, sobre todo, disfrutar sin l\u00edmites. Porque cuando el look acompa\u00f1a, la experiencia se eleva.<\/p>\n","protected":false},"author":28953,"featured_media":169070,"template":"","format":"standard","categories":[4],"acf":[],"yoast_head":"<!-- This site is optimized with the Yoast SEO Premium plugin v18.5 (Yoast SEO v20.4) - https:\/\/yoast.com\/wordpress\/plugins\/seo\/ -->\n<title>Piezas infalibles para festivales de verano<\/title>\n<meta name=\"description\" content=\"Gu\u00eda insider para crear outfits c\u00f3modos, funcionales y con estilo que resistan calor, m\u00fasica y largas jornadas\" \/>\n<meta name=\"robots\" content=\"index, follow, max-snippet:-1, max-image-preview:large, max-video-preview:-1\" \/>\n<link rel=\"canonical\" href=\"https:\/\/graziamagazine.com\/mx\/articles\/ideas-de-looks-para-ir-a-un-festival\/\" \/>\n<meta property=\"og:locale\" content=\"es_MX\" \/>\n<meta property=\"og:type\" content=\"article\" \/>\n<meta property=\"og:title\" content=\"Piezas infalibles para festivales de verano\" \/>\n<meta property=\"og:description\" content=\"Gu\u00eda insider para crear outfits c\u00f3modos, funcionales y con estilo que resistan calor, m\u00fasica y largas jornadas\" \/>\n<meta property=\"og:url\" content=\"https:\/\/graziamagazine.com\/mx\/articles\/ideas-de-looks-para-ir-a-un-festival\/\" \/>\n<meta property=\"og:site_name\" content=\"Grazia M\u00e9xico y Latinoam\u00e9rica\" \/>\n<meta property=\"article:modified_time\" content=\"2026-04-06T18:34:34+00:00\" \/>\n<meta property=\"og:image\" content=\"https:\/\/graziamagazine.com\/mx\/wp-content\/uploads\/sites\/13\/2026\/04\/e4106903672783848549e2de355aa4c4-e1775499230404.jpg\" \/>\n\t<meta property=\"og:image:width\" content=\"1107\" \/>\n\t<meta property=\"og:image:height\" content=\"730\" \/>\n\t<meta property=\"og:image:type\" content=\"image\/jpeg\" \/>\n<meta name=\"twitter:card\" content=\"summary_large_image\" \/>\n<meta name=\"twitter:label1\" content=\"Est. reading time\" \/>\n\t<meta name=\"twitter:data1\" content=\"3 minutos\" \/>\n<script type=\"application\/ld+json\" class=\"yoast-schema-graph\">{\"@context\":\"https:\/\/schema.org\",\"@graph\":[{\"@type\":\"WebPage\",\"@id\":\"https:\/\/graziamagazine.com\/mx\/articles\/ideas-de-looks-para-ir-a-un-festival\/\",\"url\":\"https:\/\/graziamagazine.com\/mx\/articles\/ideas-de-looks-para-ir-a-un-festival\/\",\"name\":\"Piezas infalibles para festivales de verano\",\"isPartOf\":{\"@id\":\"https:\/\/graziamagazine.com\/mx\/#website\"},\"datePublished\":\"2026-04-06T18:02:48+00:00\",\"dateModified\":\"2026-04-06T18:34:34+00:00\",\"description\":\"Gu\u00eda insider para crear outfits c\u00f3modos, funcionales y con estilo que resistan calor, m\u00fasica y largas jornadas\",\"breadcrumb\":{\"@id\":\"https:\/\/graziamagazine.com\/mx\/articles\/ideas-de-looks-para-ir-a-un-festival\/#breadcrumb\"},\"inLanguage\":\"es-MX\",\"potentialAction\":[{\"@type\":\"ReadAction\",\"target\":[\"https:\/\/graziamagazine.com\/mx\/articles\/ideas-de-looks-para-ir-a-un-festival\/\"]}]},{\"@type\":\"BreadcrumbList\",\"@id\":\"https:\/\/graziamagazine.com\/mx\/articles\/ideas-de-looks-para-ir-a-un-festival\/#breadcrumb\",\"itemListElement\":[{\"@type\":\"ListItem\",\"position\":1,\"name\":\"Home\",\"item\":\"https:\/\/graziamagazine.com\/mx\/\"},{\"@type\":\"ListItem\",\"position\":2,\"name\":\"Piezas infalibles para festivales de verano\"}]},{\"@type\":\"WebSite\",\"@id\":\"https:\/\/graziamagazine.com\/mx\/#website\",\"url\":\"https:\/\/graziamagazine.com\/mx\/\",\"name\":\"Grazia M\u00e9xico y Latinoam\u00e9rica\",\"description\":\"Grazia es moda, belleza y noticias  de actualidad \",\"potentialAction\":[{\"@type\":\"SearchAction\",\"target\":{\"@type\":\"EntryPoint\",\"urlTemplate\":\"https:\/\/graziamagazine.com\/mx\/?s={search_term_string}\"},\"query-input\":\"required name=search_term_string\"}],\"inLanguage\":\"es-MX\"}]}<\/script>\n<!-- \/ Yoast SEO Premium plugin. -->","yoast_head_json":{"title":"Piezas infalibles para festivales de verano","description":"Gu\u00eda insider para crear outfits c\u00f3modos, funcionales y con estilo que resistan calor, m\u00fasica y largas jornadas","robots":{"index":"index","follow":"follow","max-snippet":"max-snippet:-1","max-image-preview":"max-image-preview:large","max-video-preview":"max-video-preview:-1"},"canonical":"https:\/\/graziamagazine.com\/mx\/articles\/ideas-de-looks-para-ir-a-un-festival\/","og_locale":"es_MX","og_type":"article","og_title":"Piezas infalibles para festivales de verano","og_description":"Gu\u00eda insider para crear outfits c\u00f3modos, funcionales y con estilo que resistan calor, m\u00fasica y largas jornadas","og_url":"https:\/\/graziamagazine.com\/mx\/articles\/ideas-de-looks-para-ir-a-un-festival\/","og_site_name":"Grazia M\u00e9xico y Latinoam\u00e9rica","article_modified_time":"2026-04-06T18:34:34+00:00","og_image":[{"width":1107,"height":730,"url":"https:\/\/graziamagazine.com\/mx\/wp-content\/uploads\/sites\/13\/2026\/04\/e4106903672783848549e2de355aa4c4-e1775499230404.jpg","type":"image\/jpeg"}],"twitter_card":"summary_large_image","twitter_misc":{"Est. reading time":"3 minutos"},"schema":{"@context":"https:\/\/schema.org","@graph":[{"@type":"WebPage","@id":"https:\/\/graziamagazine.com\/mx\/articles\/ideas-de-looks-para-ir-a-un-festival\/","url":"https:\/\/graziamagazine.com\/mx\/articles\/ideas-de-looks-para-ir-a-un-festival\/","name":"Piezas infalibles para festivales de verano","isPartOf":{"@id":"https:\/\/graziamagazine.com\/mx\/#website"},"datePublished":"2026-04-06T18:02:48+00:00","dateModified":"2026-04-06T18:34:34+00:00","description":"Gu\u00eda insider para crear outfits c\u00f3modos, funcionales y con estilo que resistan calor, m\u00fasica y largas jornadas","breadcrumb":{"@id":"https:\/\/graziamagazine.com\/mx\/articles\/ideas-de-looks-para-ir-a-un-festival\/#breadcrumb"},"inLanguage":"es-MX","potentialAction":[{"@type":"ReadAction","target":["https:\/\/graziamagazine.com\/mx\/articles\/ideas-de-looks-para-ir-a-un-festival\/"]}]},{"@type":"BreadcrumbList","@id":"https:\/\/graziamagazine.com\/mx\/articles\/ideas-de-looks-para-ir-a-un-festival\/#breadcrumb","itemListElement":[{"@type":"ListItem","position":1,"name":"Home","item":"https:\/\/graziamagazine.com\/mx\/"},{"@type":"ListItem","position":2,"name":"Piezas infalibles para festivales de verano"}]},{"@type":"WebSite","@id":"https:\/\/graziamagazine.com\/mx\/#website","url":"https:\/\/graziamagazine.com\/mx\/","name":"Grazia M\u00e9xico y Latinoam\u00e9rica","description":"Grazia es moda, belleza y noticias  de actualidad ","potentialAction":[{"@type":"SearchAction","target":{"@type":"EntryPoint","urlTemplate":"https:\/\/graziamagazine.com\/mx\/?s={search_term_string}"},"query-input":"required name=search_term_string"}],"inLanguage":"es-MX"}]}},"jetpack_sharing_enabled":true,"distributor_meta":false,"distributor_terms":false,"distributor_media":false,"distributor_original_site_name":"Grazia M\u00e9xico y Latinoam\u00e9rica","distributor_original_site_url":"https:\/\/graziamagazine.com\/mx","push-errors":false,"_links":{"self":[{"href":"https:\/\/graziamagazine.com\/mx\/wp-json\/wp\/v2\/articles\/169057"}],"collection":[{"href":"https:\/\/graziamagazine.com\/mx\/wp-json\/wp\/v2\/articles"}],"about":[{"href":"https:\/\/graziamagazine.com\/mx\/wp-json\/wp\/v2\/types\/articles"}],"author":[{"embeddable":true,"href":"https:\/\/graziamagazine.com\/mx\/wp-json\/wp\/v2\/users\/28953"}],"wp:featuredmedia":[{"embeddable":true,"href":"https:\/\/graziamagazine.com\/mx\/wp-json\/wp\/v2\/media\/169070"}],"wp:attachment":[{"href":"https:\/\/graziamagazine.com\/mx\/wp-json\/wp\/v2\/media?parent=169057"}],"wp:term":[{"taxonomy":"category","embeddable":true,"href":"https:\/\/graziamagazine.com\/mx\/wp-json\/wp\/v2\/categories?post=169057"}],"curies":[{"name":"wp","href":"https:\/\/api.w.org\/{rel}","templated":true}]}}