{"id":169035,"date":"2026-04-06T12:37:06","date_gmt":"2026-04-06T17:37:06","guid":{"rendered":"https:\/\/graziamagazine.com\/mx\/?post_type=articles&#038;p=169035"},"modified":"2026-04-08T07:50:28","modified_gmt":"2026-04-08T12:50:28","slug":"como-llevar-el-bolso-de-ante-primavera-2026","status":"publish","type":"articles","link":"https:\/\/graziamagazine.com\/mx\/articles\/como-llevar-el-bolso-de-ante-primavera-2026\/","title":{"rendered":"Bolsos de ante, la tendencia primavera verano 2026 que debes llevar"},"content":{"rendered":"<p data-start=\"308\" data-end=\"531\">Hay <strong>accesorios<\/strong> que no solo completan un look, sino que lo transforman por completo. \u00bfTe ha pasado que un bolso cambia la intenci\u00f3n de todo tu outfit? Esta temporada, esa pieza clave tiene nombre y textura: el <strong>bolso de ante<\/strong>.<\/p>\n<p data-start=\"533\" data-end=\"875\">Lejos de ser un simple gui\u00f1o nost\u00e1lgico, el <strong>ante regresa en la primavera verano 2026<\/strong> con una narrativa renovada que equilibra herencia y modernidad. Si bien durante d\u00e9cadas fue asociado con la <strong>est\u00e9tica bohemia<\/strong> de los a\u00f1os setenta, hoy se redefine como un <strong>s\u00edmbolo de lujo relajado<\/strong> que dialoga con las <strong>tendencias<\/strong> actuales sin perder su esencia.<\/p>\n<p data-start=\"877\" data-end=\"1181\">La clave de su vigencia radica en su capacidad de adaptaci\u00f3n. El ante, con su <strong>acabado suave y aterciopelado<\/strong>, aporta profundidad visual a cualquier conjunto. En contraste con tejidos ligeros como el lino, el algod\u00f3n o incluso la seda, genera una dimensi\u00f3n t\u00e1ctil que eleva incluso los looks m\u00e1s sencillos.<\/p>\n<h3 data-start=\"1183\" data-end=\"1228\"><strong data-start=\"1183\" data-end=\"1226\">El regreso de un cl\u00e1sico reinterpretado<\/strong><\/h3>\n<figure id=\"attachment_169045\" aria-describedby=\"caption-attachment-169045\" style=\"width: 1080px\" class=\"wp-caption alignnone\"><img loading=\"lazy\" decoding=\"async\" class=\"wp-image-169045 size-full\" src=\"https:\/\/graziamagazine.com\/mx\/wp-content\/uploads\/sites\/13\/2026\/04\/106d7065f8d22c48f3fc67e32120982f.jpg\" alt=\"Bolsos de ante: tendencia primavera verano 2026\" width=\"1080\" height=\"1350\" srcset=\"https:\/\/graziamagazine.com\/mx\/wp-content\/uploads\/sites\/13\/2026\/04\/106d7065f8d22c48f3fc67e32120982f.jpg 1080w, https:\/\/graziamagazine.com\/mx\/wp-content\/uploads\/sites\/13\/2026\/04\/106d7065f8d22c48f3fc67e32120982f-360x450.jpg 360w, https:\/\/graziamagazine.com\/mx\/wp-content\/uploads\/sites\/13\/2026\/04\/106d7065f8d22c48f3fc67e32120982f-819x1024.jpg 819w, https:\/\/graziamagazine.com\/mx\/wp-content\/uploads\/sites\/13\/2026\/04\/106d7065f8d22c48f3fc67e32120982f-768x960.jpg 768w, https:\/\/graziamagazine.com\/mx\/wp-content\/uploads\/sites\/13\/2026\/04\/106d7065f8d22c48f3fc67e32120982f-400x500.jpg 400w, https:\/\/graziamagazine.com\/mx\/wp-content\/uploads\/sites\/13\/2026\/04\/106d7065f8d22c48f3fc67e32120982f-155x194.jpg 155w\" sizes=\"(max-width: 1080px) 100vw, 1080px\" \/><figcaption id=\"caption-attachment-169045\" class=\"wp-caption-text\">Bolsos de ante: tendencia primavera verano 2026<\/figcaption><\/figure>\n<p data-start=\"1230\" data-end=\"1528\">En las pasarelas de primavera verano 2026, el <strong>bolso de ante<\/strong> se presenta en m\u00faltiples versiones que rompen con su imagen tradicional. Ya no se limita a formas grandes o desestructuradas. Ahora lo vemos en siluetas definidas, l\u00edneas limpias y formatos que responden a un estilo m\u00e1s urbano y depurado, sin duda, es uno de los <a href=\"https:\/\/graziamagazine.com\/mx\/articles\/bolsos-para-primavera-verano-2026\/\">bolsos que estaremos usando esta primavera\/verano<\/a>.<\/p>\n<p data-start=\"1530\" data-end=\"1758\">Desde <strong>modelos tipo tote<\/strong> hasta versiones <strong>mini<\/strong>, el ante se adapta a diferentes momentos del d\u00eda. Su versatilidad permite llevarlo tanto en jornadas laborales como en salidas informales, consolid\u00e1ndose como un b\u00e1sico contempor\u00e1neo.<\/p>\n<h3 data-start=\"1760\" data-end=\"1795\"><strong data-start=\"1760\" data-end=\"1793\">Colores que redefinen el ante<\/strong><\/h3>\n<p data-start=\"1760\" data-end=\"1795\"><strong data-start=\"1760\" data-end=\"1793\"><img loading=\"lazy\" decoding=\"async\" class=\"alignnone wp-image-169044 size-full\" src=\"https:\/\/graziamagazine.com\/mx\/wp-content\/uploads\/sites\/13\/2026\/04\/3d0e54b27b9e436b76f68dbba8b84b26.jpg\" alt=\"\" width=\"960\" height=\"1440\" srcset=\"https:\/\/graziamagazine.com\/mx\/wp-content\/uploads\/sites\/13\/2026\/04\/3d0e54b27b9e436b76f68dbba8b84b26.jpg 960w, https:\/\/graziamagazine.com\/mx\/wp-content\/uploads\/sites\/13\/2026\/04\/3d0e54b27b9e436b76f68dbba8b84b26-300x450.jpg 300w, https:\/\/graziamagazine.com\/mx\/wp-content\/uploads\/sites\/13\/2026\/04\/3d0e54b27b9e436b76f68dbba8b84b26-683x1024.jpg 683w, https:\/\/graziamagazine.com\/mx\/wp-content\/uploads\/sites\/13\/2026\/04\/3d0e54b27b9e436b76f68dbba8b84b26-768x1152.jpg 768w, https:\/\/graziamagazine.com\/mx\/wp-content\/uploads\/sites\/13\/2026\/04\/3d0e54b27b9e436b76f68dbba8b84b26-400x600.jpg 400w, https:\/\/graziamagazine.com\/mx\/wp-content\/uploads\/sites\/13\/2026\/04\/3d0e54b27b9e436b76f68dbba8b84b26-143x215.jpg 143w\" sizes=\"(max-width: 960px) 100vw, 960px\" \/><\/strong>Aunque el <strong>marr\u00f3n<\/strong> sigue siendo el tono emblem\u00e1tico, esta temporada ampl\u00eda su paleta hacia nuevas posibilidades. Los <strong>tonos caramelo, chocolate y beige<\/strong> conviven con propuestas m\u00e1s audaces como el rojo intenso, el azul pastel o el verde suave.<\/p>\n<p data-start=\"2038\" data-end=\"2303\">Esta diversidad crom\u00e1tica permite integrar el <a href=\"https:\/\/graziamagazine.com\/mx\/articles\/bolsos-chamarras-y-zapatos-de-ante-lo-mas-trendy-en-esta-temporada\/\"><strong>bolso de ante<\/strong> en estilismos m\u00e1s arriesgados<\/a> o mantenerlo como un elemento neutro dentro de un look minimalista. El resultado es un equilibrio entre tradici\u00f3n y frescura que lo posiciona como un accesorio imprescindible.<\/p>\n<h3 data-start=\"2305\" data-end=\"2338\"><strong data-start=\"2305\" data-end=\"2336\">M\u00e1s all\u00e1 del estilo bohemio<\/strong><\/h3>\n<p data-start=\"2340\" data-end=\"2560\">Uno de los cambios m\u00e1s interesantes en esta tendencia es su desvinculaci\u00f3n del imaginario exclusivamente bohemio. Aunque conserva ese aire relajado, el bolso de ante ahora se integra en propuestas mucho m\u00e1s sofisticadas.<\/p>\n<p data-start=\"2562\" data-end=\"2808\">Combinado con sastrer\u00eda, prendas estructuradas o incluso looks monocrom\u00e1ticos, <strong>aporta calidez sin romper la armon\u00eda visual<\/strong>. Esta evoluci\u00f3n lo convierte en una <strong>pieza clave<\/strong> para quienes buscan <a href=\"https:\/\/graziamagazine.com\/mx\/articles\/reglas-de-estilo-para-mujer\/\">construir un estilo refinado sin caer en lo predecible<\/a>.<\/p>\n<h3 data-start=\"2810\" data-end=\"2843\"><strong data-start=\"2810\" data-end=\"2841\">El poder del detalle t\u00e1ctil<\/strong><\/h3>\n<p data-start=\"2810\" data-end=\"2843\"><strong data-start=\"2810\" data-end=\"2841\"><img loading=\"lazy\" decoding=\"async\" class=\"alignnone wp-image-169048 size-full\" src=\"https:\/\/graziamagazine.com\/mx\/wp-content\/uploads\/sites\/13\/2026\/04\/d35091a459455f26eb048c28dbcdc454.jpg\" alt=\"\" width=\"1200\" height=\"1600\" srcset=\"https:\/\/graziamagazine.com\/mx\/wp-content\/uploads\/sites\/13\/2026\/04\/d35091a459455f26eb048c28dbcdc454.jpg 1200w, https:\/\/graziamagazine.com\/mx\/wp-content\/uploads\/sites\/13\/2026\/04\/d35091a459455f26eb048c28dbcdc454-338x450.jpg 338w, https:\/\/graziamagazine.com\/mx\/wp-content\/uploads\/sites\/13\/2026\/04\/d35091a459455f26eb048c28dbcdc454-768x1024.jpg 768w, https:\/\/graziamagazine.com\/mx\/wp-content\/uploads\/sites\/13\/2026\/04\/d35091a459455f26eb048c28dbcdc454-1152x1536.jpg 1152w, https:\/\/graziamagazine.com\/mx\/wp-content\/uploads\/sites\/13\/2026\/04\/d35091a459455f26eb048c28dbcdc454-400x533.jpg 400w, https:\/\/graziamagazine.com\/mx\/wp-content\/uploads\/sites\/13\/2026\/04\/d35091a459455f26eb048c28dbcdc454-155x207.jpg 155w\" sizes=\"(max-width: 1200px) 100vw, 1200px\" \/><\/strong>En un momento donde la moda explora cada vez m\u00e1s la experiencia sensorial, el ante destaca por su <strong>textura \u00fanica<\/strong>. No solo se trata de c\u00f3mo luce, sino de c\u00f3mo se percibe. Esa cualidad casi emocional refuerza su atractivo y lo diferencia de otros materiales m\u00e1s r\u00edgidos o industriales.<\/p>\n<p data-start=\"3129\" data-end=\"3326\">Adem\u00e1s, su capacidad para envejecer con car\u00e1cter lo convierte en <strong>una inversi\u00f3n a largo plazo<\/strong>. Con el uso, el ante adquiere matices que enriquecen su apariencia, aportando autenticidad a cada pieza.<\/p>\n<p data-start=\"3623\" data-end=\"3829\">El <strong>bolso de ante<\/strong> es una declaraci\u00f3n de estilo que apuesta por la <strong>elegancia silenciosa<\/strong> y la versatilidad consciente. Un recordatorio de que, en moda, los detalles siempre marcan la diferencia.<\/p>\n<p data-start=\"3831\" data-end=\"3955\" data-is-last-node=\"\" data-is-only-node=\"\">\n","protected":false},"author":28953,"featured_media":169047,"template":"","format":"standard","categories":[4],"acf":[],"yoast_head":"<!-- This site is optimized with the Yoast SEO Premium plugin v18.5 (Yoast SEO v20.4) - https:\/\/yoast.com\/wordpress\/plugins\/seo\/ -->\n<title>Bolsos de ante, la tendencia primavera verano 2026<\/title>\n<meta name=\"description\" content=\"Del aire setentero a la sofisticaci\u00f3n urbana, el bolso de ante redefine los c\u00f3digos del accesorio clave contempor\u00e1neo\" \/>\n<meta name=\"robots\" content=\"index, follow, max-snippet:-1, max-image-preview:large, max-video-preview:-1\" \/>\n<link rel=\"canonical\" href=\"https:\/\/graziamagazine.com\/mx\/articles\/como-llevar-el-bolso-de-ante-primavera-2026\/\" \/>\n<meta property=\"og:locale\" content=\"es_MX\" \/>\n<meta property=\"og:type\" content=\"article\" \/>\n<meta property=\"og:title\" content=\"Bolsos de ante, la tendencia primavera verano 2026 que debes llevar\" \/>\n<meta property=\"og:description\" content=\"Del aire setentero a la sofisticaci\u00f3n urbana, el bolso de ante redefine los c\u00f3digos del accesorio clave contempor\u00e1neo\" \/>\n<meta property=\"og:url\" content=\"https:\/\/graziamagazine.com\/mx\/articles\/como-llevar-el-bolso-de-ante-primavera-2026\/\" \/>\n<meta property=\"og:site_name\" content=\"Grazia M\u00e9xico y Latinoam\u00e9rica\" \/>\n<meta property=\"article:modified_time\" content=\"2026-04-08T12:50:28+00:00\" \/>\n<meta property=\"og:image\" content=\"https:\/\/graziamagazine.com\/mx\/wp-content\/uploads\/sites\/13\/2026\/04\/c4e8dbf26cdf2ee27c0a90974d87eea2-e1775497359559.jpg\" \/>\n\t<meta property=\"og:image:width\" content=\"735\" \/>\n\t<meta property=\"og:image:height\" content=\"495\" \/>\n\t<meta property=\"og:image:type\" content=\"image\/jpeg\" \/>\n<meta name=\"twitter:card\" content=\"summary_large_image\" \/>\n<meta name=\"twitter:label1\" content=\"Est. reading time\" \/>\n\t<meta name=\"twitter:data1\" content=\"4 minutos\" \/>\n<script type=\"application\/ld+json\" class=\"yoast-schema-graph\">{\"@context\":\"https:\/\/schema.org\",\"@graph\":[{\"@type\":\"WebPage\",\"@id\":\"https:\/\/graziamagazine.com\/mx\/articles\/como-llevar-el-bolso-de-ante-primavera-2026\/\",\"url\":\"https:\/\/graziamagazine.com\/mx\/articles\/como-llevar-el-bolso-de-ante-primavera-2026\/\",\"name\":\"Bolsos de ante, la tendencia primavera verano 2026\",\"isPartOf\":{\"@id\":\"https:\/\/graziamagazine.com\/mx\/#website\"},\"datePublished\":\"2026-04-06T17:37:06+00:00\",\"dateModified\":\"2026-04-08T12:50:28+00:00\",\"description\":\"Del aire setentero a la sofisticaci\u00f3n urbana, el bolso de ante redefine los c\u00f3digos del accesorio clave contempor\u00e1neo\",\"breadcrumb\":{\"@id\":\"https:\/\/graziamagazine.com\/mx\/articles\/como-llevar-el-bolso-de-ante-primavera-2026\/#breadcrumb\"},\"inLanguage\":\"es-MX\",\"potentialAction\":[{\"@type\":\"ReadAction\",\"target\":[\"https:\/\/graziamagazine.com\/mx\/articles\/como-llevar-el-bolso-de-ante-primavera-2026\/\"]}]},{\"@type\":\"BreadcrumbList\",\"@id\":\"https:\/\/graziamagazine.com\/mx\/articles\/como-llevar-el-bolso-de-ante-primavera-2026\/#breadcrumb\",\"itemListElement\":[{\"@type\":\"ListItem\",\"position\":1,\"name\":\"Home\",\"item\":\"https:\/\/graziamagazine.com\/mx\/\"},{\"@type\":\"ListItem\",\"position\":2,\"name\":\"Bolsos de ante, la tendencia primavera verano 2026 que debes llevar\"}]},{\"@type\":\"WebSite\",\"@id\":\"https:\/\/graziamagazine.com\/mx\/#website\",\"url\":\"https:\/\/graziamagazine.com\/mx\/\",\"name\":\"Grazia M\u00e9xico y Latinoam\u00e9rica\",\"description\":\"Grazia es moda, belleza y noticias  de actualidad \",\"potentialAction\":[{\"@type\":\"SearchAction\",\"target\":{\"@type\":\"EntryPoint\",\"urlTemplate\":\"https:\/\/graziamagazine.com\/mx\/?s={search_term_string}\"},\"query-input\":\"required name=search_term_string\"}],\"inLanguage\":\"es-MX\"}]}<\/script>\n<!-- \/ Yoast SEO Premium plugin. -->","yoast_head_json":{"title":"Bolsos de ante, la tendencia primavera verano 2026","description":"Del aire setentero a la sofisticaci\u00f3n urbana, el bolso de ante redefine los c\u00f3digos del accesorio clave contempor\u00e1neo","robots":{"index":"index","follow":"follow","max-snippet":"max-snippet:-1","max-image-preview":"max-image-preview:large","max-video-preview":"max-video-preview:-1"},"canonical":"https:\/\/graziamagazine.com\/mx\/articles\/como-llevar-el-bolso-de-ante-primavera-2026\/","og_locale":"es_MX","og_type":"article","og_title":"Bolsos de ante, la tendencia primavera verano 2026 que debes llevar","og_description":"Del aire setentero a la sofisticaci\u00f3n urbana, el bolso de ante redefine los c\u00f3digos del accesorio clave contempor\u00e1neo","og_url":"https:\/\/graziamagazine.com\/mx\/articles\/como-llevar-el-bolso-de-ante-primavera-2026\/","og_site_name":"Grazia M\u00e9xico y Latinoam\u00e9rica","article_modified_time":"2026-04-08T12:50:28+00:00","og_image":[{"width":735,"height":495,"url":"https:\/\/graziamagazine.com\/mx\/wp-content\/uploads\/sites\/13\/2026\/04\/c4e8dbf26cdf2ee27c0a90974d87eea2-e1775497359559.jpg","type":"image\/jpeg"}],"twitter_card":"summary_large_image","twitter_misc":{"Est. reading time":"4 minutos"},"schema":{"@context":"https:\/\/schema.org","@graph":[{"@type":"WebPage","@id":"https:\/\/graziamagazine.com\/mx\/articles\/como-llevar-el-bolso-de-ante-primavera-2026\/","url":"https:\/\/graziamagazine.com\/mx\/articles\/como-llevar-el-bolso-de-ante-primavera-2026\/","name":"Bolsos de ante, la tendencia primavera verano 2026","isPartOf":{"@id":"https:\/\/graziamagazine.com\/mx\/#website"},"datePublished":"2026-04-06T17:37:06+00:00","dateModified":"2026-04-08T12:50:28+00:00","description":"Del aire setentero a la sofisticaci\u00f3n urbana, el bolso de ante redefine los c\u00f3digos del accesorio clave contempor\u00e1neo","breadcrumb":{"@id":"https:\/\/graziamagazine.com\/mx\/articles\/como-llevar-el-bolso-de-ante-primavera-2026\/#breadcrumb"},"inLanguage":"es-MX","potentialAction":[{"@type":"ReadAction","target":["https:\/\/graziamagazine.com\/mx\/articles\/como-llevar-el-bolso-de-ante-primavera-2026\/"]}]},{"@type":"BreadcrumbList","@id":"https:\/\/graziamagazine.com\/mx\/articles\/como-llevar-el-bolso-de-ante-primavera-2026\/#breadcrumb","itemListElement":[{"@type":"ListItem","position":1,"name":"Home","item":"https:\/\/graziamagazine.com\/mx\/"},{"@type":"ListItem","position":2,"name":"Bolsos de ante, la tendencia primavera verano 2026 que debes llevar"}]},{"@type":"WebSite","@id":"https:\/\/graziamagazine.com\/mx\/#website","url":"https:\/\/graziamagazine.com\/mx\/","name":"Grazia M\u00e9xico y Latinoam\u00e9rica","description":"Grazia es moda, belleza y noticias  de actualidad ","potentialAction":[{"@type":"SearchAction","target":{"@type":"EntryPoint","urlTemplate":"https:\/\/graziamagazine.com\/mx\/?s={search_term_string}"},"query-input":"required name=search_term_string"}],"inLanguage":"es-MX"}]}},"jetpack_sharing_enabled":true,"distributor_meta":false,"distributor_terms":false,"distributor_media":false,"distributor_original_site_name":"Grazia M\u00e9xico y Latinoam\u00e9rica","distributor_original_site_url":"https:\/\/graziamagazine.com\/mx","push-errors":false,"_links":{"self":[{"href":"https:\/\/graziamagazine.com\/mx\/wp-json\/wp\/v2\/articles\/169035"}],"collection":[{"href":"https:\/\/graziamagazine.com\/mx\/wp-json\/wp\/v2\/articles"}],"about":[{"href":"https:\/\/graziamagazine.com\/mx\/wp-json\/wp\/v2\/types\/articles"}],"author":[{"embeddable":true,"href":"https:\/\/graziamagazine.com\/mx\/wp-json\/wp\/v2\/users\/28953"}],"wp:featuredmedia":[{"embeddable":true,"href":"https:\/\/graziamagazine.com\/mx\/wp-json\/wp\/v2\/media\/169047"}],"wp:attachment":[{"href":"https:\/\/graziamagazine.com\/mx\/wp-json\/wp\/v2\/media?parent=169035"}],"wp:term":[{"taxonomy":"category","embeddable":true,"href":"https:\/\/graziamagazine.com\/mx\/wp-json\/wp\/v2\/categories?post=169035"}],"curies":[{"name":"wp","href":"https:\/\/api.w.org\/{rel}","templated":true}]}}