{"id":168697,"date":"2026-03-29T16:37:53","date_gmt":"2026-03-29T21:37:53","guid":{"rendered":"https:\/\/graziamagazine.com\/mx\/?post_type=articles&#038;p=168697"},"modified":"2026-03-29T20:51:36","modified_gmt":"2026-03-30T01:51:36","slug":"tratamientos-para-rejuvener-el-contorno-de-ojos","status":"publish","type":"articles","link":"https:\/\/graziamagazine.com\/mx\/articles\/tratamientos-para-rejuvener-el-contorno-de-ojos\/","title":{"rendered":"Tratamientos no quir\u00fargicos para rejuvenecer el contorno de ojos"},"content":{"rendered":"<p><span style=\"font-weight: 400\">El contorno de ojos es una de las zonas m\u00e1s delicadas del rostro y, al mismo tiempo, una de las primeras en reflejar el paso del tiempo. La piel en esta \u00e1rea es m\u00e1s delgada, tiene menor producci\u00f3n de grasa y est\u00e1 constantemente en movimiento, lo que favorece la aparici\u00f3n de arrugas, ojeras, bolsas y p\u00e9rdida de firmeza. En los \u00faltimos a\u00f1os, la medicina est\u00e9tica ha desarrollado m\u00faltiples alternativas no quir\u00fargicas que permiten mejorar la apariencia de esta zona sin tener que recurrir a procedimientos invasivos.\u00a0<\/span><\/p>\n<p><span style=\"font-weight: 400\">Estas opciones ofrecen resultados progresivos, naturales y con tiempos de recuperaci\u00f3n m\u00ednimos, y te contamos sobre ellas:<\/span><\/p>\n<h2><strong>Neuromodulaci\u00f3n<\/strong><\/h2>\n<p><span style=\"font-weight: 400\">Uno de los tratamientos m\u00e1s conocidos es la neuromodulaci\u00f3n, com\u00fanmente asociada al uso de toxina botul\u00ednica. Este procedimiento consiste en relajar de manera controlada los m\u00fasculos responsables de las arrugas de expresi\u00f3n, como las llamadas \u201cpatas de gallo\u201d. Al disminuir la contracci\u00f3n muscular, la piel se alisa y la mirada adquiere un aspecto m\u00e1s descansado. Se trata de una t\u00e9cnica r\u00e1pida, con resultados visibles en pocos d\u00edas y una duraci\u00f3n limitada, lo que permite ajustes peri\u00f3dicos seg\u00fan las necesidades de cada paciente.<\/span><\/p>\n<p><img loading=\"lazy\" decoding=\"async\" class=\"alignnone size-medium wp-image-168710\" src=\"https:\/\/graziamagazine.com\/mx\/wp-content\/uploads\/sites\/13\/2026\/03\/procedimiento-tratamiento-botox-toxina-botulinica-neuromodulacion-450x300.jpg\" alt=\"\" width=\"450\" height=\"300\" srcset=\"https:\/\/graziamagazine.com\/mx\/wp-content\/uploads\/sites\/13\/2026\/03\/procedimiento-tratamiento-botox-toxina-botulinica-neuromodulacion-450x300.jpg 450w, https:\/\/graziamagazine.com\/mx\/wp-content\/uploads\/sites\/13\/2026\/03\/procedimiento-tratamiento-botox-toxina-botulinica-neuromodulacion-768x512.jpg 768w, https:\/\/graziamagazine.com\/mx\/wp-content\/uploads\/sites\/13\/2026\/03\/procedimiento-tratamiento-botox-toxina-botulinica-neuromodulacion-400x267.jpg 400w, https:\/\/graziamagazine.com\/mx\/wp-content\/uploads\/sites\/13\/2026\/03\/procedimiento-tratamiento-botox-toxina-botulinica-neuromodulacion-155x103.jpg 155w, https:\/\/graziamagazine.com\/mx\/wp-content\/uploads\/sites\/13\/2026\/03\/procedimiento-tratamiento-botox-toxina-botulinica-neuromodulacion.jpg 1000w\" sizes=\"(max-width: 450px) 100vw, 450px\" \/><\/p>\n<h2><strong>Mesoterapia periocular<\/strong><\/h2>\n<p><span style=\"font-weight: 400\">Otra opci\u00f3n ampliamente utilizada es la mesoterapia periocular, un tratamiento que act\u00faa directamente sobre la calidad de la piel. A trav\u00e9s de microinyecciones, se introducen vitaminas, amino\u00e1cidos, minerales y \u00e1cido hialur\u00f3nico en la zona del contorno de ojos. Este c\u00f3ctel de activos estimula la producci\u00f3n de col\u00e1geno y elastina, dos componentes esenciales para mantener la firmeza y elasticidad de la piel. Como resultado, se observa una mejora en la hidrataci\u00f3n, la luminosidad y la textura, adem\u00e1s de una reducci\u00f3n de l\u00edneas finas y ojeras oscuras.\u00a0<\/span><\/p>\n<p><img loading=\"lazy\" decoding=\"async\" class=\"alignnone size-full wp-image-168709\" src=\"https:\/\/graziamagazine.com\/mx\/wp-content\/uploads\/sites\/13\/2026\/03\/Captura-de-Pantalla-2026-03-29-a-las-15.41.19.png\" alt=\"\" width=\"426\" height=\"276\" srcset=\"https:\/\/graziamagazine.com\/mx\/wp-content\/uploads\/sites\/13\/2026\/03\/Captura-de-Pantalla-2026-03-29-a-las-15.41.19.png 426w, https:\/\/graziamagazine.com\/mx\/wp-content\/uploads\/sites\/13\/2026\/03\/Captura-de-Pantalla-2026-03-29-a-las-15.41.19-400x259.png 400w, https:\/\/graziamagazine.com\/mx\/wp-content\/uploads\/sites\/13\/2026\/03\/Captura-de-Pantalla-2026-03-29-a-las-15.41.19-155x100.png 155w\" sizes=\"(max-width: 426px) 100vw, 426px\" \/><\/p>\n<h2><strong>\u00a0L\u00e1ser CO\u2082 fraccional<\/strong><\/h2>\n<p><span style=\"font-weight: 400\">El l\u00e1ser CO\u2082 fraccional es otra alternativa no quir\u00fargica que ha ganado popularidad ya que puede renovar la piel desde capas profundas. Este procedimiento act\u00faa mediante microimpactos controlados que estimulan la regeneraci\u00f3n celular y la producci\u00f3n de col\u00e1geno. Conforme la piel se recupera, se observa una mejora en la textura, una reducci\u00f3n de arrugas y una apariencia m\u00e1s uniforme. Aunque puede requerir de algunos d\u00edas de recuperaci\u00f3n, sus resultados suelen ser m\u00e1s duraderos en comparaci\u00f3n con otros tratamientos superficiales.<\/span><\/p>\n<p><img loading=\"lazy\" decoding=\"async\" class=\"alignnone size-medium wp-image-168708\" src=\"https:\/\/graziamagazine.com\/mx\/wp-content\/uploads\/sites\/13\/2026\/03\/Captura-de-Pantalla-2026-03-29-a-las-15.41.41-450x266.png\" alt=\"\" width=\"450\" height=\"266\" srcset=\"https:\/\/graziamagazine.com\/mx\/wp-content\/uploads\/sites\/13\/2026\/03\/Captura-de-Pantalla-2026-03-29-a-las-15.41.41-450x266.png 450w, https:\/\/graziamagazine.com\/mx\/wp-content\/uploads\/sites\/13\/2026\/03\/Captura-de-Pantalla-2026-03-29-a-las-15.41.41-400x236.png 400w, https:\/\/graziamagazine.com\/mx\/wp-content\/uploads\/sites\/13\/2026\/03\/Captura-de-Pantalla-2026-03-29-a-las-15.41.41-155x91.png 155w, https:\/\/graziamagazine.com\/mx\/wp-content\/uploads\/sites\/13\/2026\/03\/Captura-de-Pantalla-2026-03-29-a-las-15.41.41.png 483w\" sizes=\"(max-width: 450px) 100vw, 450px\" \/><\/p>\n<h2><strong>Rellenos con \u00e1cido hialur\u00f3nico<\/strong><\/h2>\n<p><span style=\"font-weight: 400\">Dentro de las opciones m\u00e1s nuevos se encuentran los rellenos con \u00e1cido hialur\u00f3nico, especialmente indicados para tratar ojeras hundidas o p\u00e9rdida de volumen en la zona inferior del ojo. Este tipo de tratamiento permite devolver soporte a la piel, suavizando el surco lagrimal y reduciendo la apariencia de cansancio. Adem\u00e1s, el \u00e1cido hialur\u00f3nico retiene agua, lo que contribuye a una apariencia m\u00e1s hidratada y fresca. Es importante destacar que este procedimiento debe ser realizado por especialistas, ya que se trata de una zona anat\u00f3micamente compleja.<\/span><\/p>\n<p><img loading=\"lazy\" decoding=\"async\" class=\"alignnone size-medium wp-image-168706\" src=\"https:\/\/graziamagazine.com\/mx\/wp-content\/uploads\/sites\/13\/2026\/03\/Captura-de-Pantalla-2026-03-29-a-las-15.42.38-450x264.png\" alt=\"\" width=\"450\" height=\"264\" srcset=\"https:\/\/graziamagazine.com\/mx\/wp-content\/uploads\/sites\/13\/2026\/03\/Captura-de-Pantalla-2026-03-29-a-las-15.42.38-450x264.png 450w, https:\/\/graziamagazine.com\/mx\/wp-content\/uploads\/sites\/13\/2026\/03\/Captura-de-Pantalla-2026-03-29-a-las-15.42.38-768x451.png 768w, https:\/\/graziamagazine.com\/mx\/wp-content\/uploads\/sites\/13\/2026\/03\/Captura-de-Pantalla-2026-03-29-a-las-15.42.38-400x235.png 400w, https:\/\/graziamagazine.com\/mx\/wp-content\/uploads\/sites\/13\/2026\/03\/Captura-de-Pantalla-2026-03-29-a-las-15.42.38-155x91.png 155w, https:\/\/graziamagazine.com\/mx\/wp-content\/uploads\/sites\/13\/2026\/03\/Captura-de-Pantalla-2026-03-29-a-las-15.42.38.png 1019w\" sizes=\"(max-width: 450px) 100vw, 450px\" \/><\/p>\n<h2><strong>Radiofrecuencia<\/strong><\/h2>\n<p><span style=\"font-weight: 400\">La radiofrecuencia y tecnolog\u00edas similares, como tratamientos t\u00e9rmicos no invasivos, tambi\u00e9n forman parte de las alternativas actuales. Estos procedimientos generan calor en las capas profundas de la piel, estimulando la producci\u00f3n de col\u00e1geno y favoreciendo el tensado cut\u00e1neo. Son especialmente \u00fatiles en casos de flacidez leve o p\u00e9rdida de firmeza en los p\u00e1rpados. Su principal ventaja es que no requieren tiempo de recuperaci\u00f3n, lo que permite retomar las actividades cotidianas de inmediato.<\/span><\/p>\n<p><img loading=\"lazy\" decoding=\"async\" class=\"alignnone size-medium wp-image-168707\" src=\"https:\/\/graziamagazine.com\/mx\/wp-content\/uploads\/sites\/13\/2026\/03\/Captura-de-Pantalla-2026-03-29-a-las-15.43.24-450x254.png\" alt=\"\" width=\"450\" height=\"254\" srcset=\"https:\/\/graziamagazine.com\/mx\/wp-content\/uploads\/sites\/13\/2026\/03\/Captura-de-Pantalla-2026-03-29-a-las-15.43.24-450x254.png 450w, https:\/\/graziamagazine.com\/mx\/wp-content\/uploads\/sites\/13\/2026\/03\/Captura-de-Pantalla-2026-03-29-a-las-15.43.24-400x225.png 400w, https:\/\/graziamagazine.com\/mx\/wp-content\/uploads\/sites\/13\/2026\/03\/Captura-de-Pantalla-2026-03-29-a-las-15.43.24-155x87.png 155w, https:\/\/graziamagazine.com\/mx\/wp-content\/uploads\/sites\/13\/2026\/03\/Captura-de-Pantalla-2026-03-29-a-las-15.43.24.png 488w\" sizes=\"(max-width: 450px) 100vw, 450px\" \/><\/p>\n<p><span style=\"font-weight: 400\">M\u00e1s all\u00e1 de cada tratamiento espec\u00edfico, es importante entender que el rejuvenecimiento del contorno de ojos no se refiere a una soluci\u00f3n \u00fanica. La elecci\u00f3n del procedimiento depende del problema predominante: pigmentaci\u00f3n, p\u00e9rdida de volumen, arrugas o flacidez. Por esta raz\u00f3n, muchos especialistas optan por combinar distintas t\u00e9cnicas para obtener resultados m\u00e1s visibles y completos.<\/span><\/p>\n","protected":false},"author":11628,"featured_media":168705,"template":"","format":"standard","categories":[3],"acf":[],"yoast_head":"<!-- This site is optimized with the Yoast SEO Premium plugin v18.5 (Yoast SEO v20.4) - https:\/\/yoast.com\/wordpress\/plugins\/seo\/ -->\n<title>Tratamientos no quir\u00fargicos para rejuvenecer el contorno de ojos<\/title>\n<meta name=\"description\" content=\"El contorno de ojos es una de las zonas m\u00e1s delicadas del rostro y, al mismo tiempo, una de las primeras en reflejar el paso del tiempo. La piel en esta\" \/>\n<meta name=\"robots\" content=\"index, follow, max-snippet:-1, max-image-preview:large, max-video-preview:-1\" \/>\n<link rel=\"canonical\" href=\"https:\/\/graziamagazine.com\/mx\/articles\/tratamientos-para-rejuvener-el-contorno-de-ojos\/\" \/>\n<meta property=\"og:locale\" content=\"es_MX\" \/>\n<meta property=\"og:type\" content=\"article\" \/>\n<meta property=\"og:title\" content=\"Tratamientos no quir\u00fargicos para rejuvenecer el contorno de ojos\" \/>\n<meta property=\"og:description\" content=\"El contorno de ojos es una de las zonas m\u00e1s delicadas del rostro y, al mismo tiempo, una de las primeras en reflejar el paso del tiempo. La piel en esta\" \/>\n<meta property=\"og:url\" content=\"https:\/\/graziamagazine.com\/mx\/articles\/tratamientos-para-rejuvener-el-contorno-de-ojos\/\" \/>\n<meta property=\"og:site_name\" content=\"Grazia M\u00e9xico y Latinoam\u00e9rica\" \/>\n<meta property=\"article:modified_time\" content=\"2026-03-30T01:51:36+00:00\" \/>\n<meta property=\"og:image\" content=\"https:\/\/graziamagazine.com\/mx\/wp-content\/uploads\/sites\/13\/2026\/03\/Captura-de-Pantalla-2026-03-29-a-las-15.42.58.png\" \/>\n\t<meta property=\"og:image:width\" content=\"751\" \/>\n\t<meta property=\"og:image:height\" content=\"529\" \/>\n\t<meta property=\"og:image:type\" content=\"image\/png\" \/>\n<meta name=\"twitter:card\" content=\"summary_large_image\" \/>\n<meta name=\"twitter:label1\" content=\"Est. reading time\" \/>\n\t<meta name=\"twitter:data1\" content=\"4 minutos\" \/>\n<script type=\"application\/ld+json\" class=\"yoast-schema-graph\">{\"@context\":\"https:\/\/schema.org\",\"@graph\":[{\"@type\":\"WebPage\",\"@id\":\"https:\/\/graziamagazine.com\/mx\/articles\/tratamientos-para-rejuvener-el-contorno-de-ojos\/\",\"url\":\"https:\/\/graziamagazine.com\/mx\/articles\/tratamientos-para-rejuvener-el-contorno-de-ojos\/\",\"name\":\"Tratamientos no quir\u00fargicos para rejuvenecer el contorno de ojos\",\"isPartOf\":{\"@id\":\"https:\/\/graziamagazine.com\/mx\/#website\"},\"datePublished\":\"2026-03-29T21:37:53+00:00\",\"dateModified\":\"2026-03-30T01:51:36+00:00\",\"description\":\"El contorno de ojos es una de las zonas m\u00e1s delicadas del rostro y, al mismo tiempo, una de las primeras en reflejar el paso del tiempo. La piel en esta\",\"breadcrumb\":{\"@id\":\"https:\/\/graziamagazine.com\/mx\/articles\/tratamientos-para-rejuvener-el-contorno-de-ojos\/#breadcrumb\"},\"inLanguage\":\"es-MX\",\"potentialAction\":[{\"@type\":\"ReadAction\",\"target\":[\"https:\/\/graziamagazine.com\/mx\/articles\/tratamientos-para-rejuvener-el-contorno-de-ojos\/\"]}]},{\"@type\":\"BreadcrumbList\",\"@id\":\"https:\/\/graziamagazine.com\/mx\/articles\/tratamientos-para-rejuvener-el-contorno-de-ojos\/#breadcrumb\",\"itemListElement\":[{\"@type\":\"ListItem\",\"position\":1,\"name\":\"Home\",\"item\":\"https:\/\/graziamagazine.com\/mx\/\"},{\"@type\":\"ListItem\",\"position\":2,\"name\":\"Tratamientos no quir\u00fargicos para rejuvenecer el contorno de ojos\"}]},{\"@type\":\"WebSite\",\"@id\":\"https:\/\/graziamagazine.com\/mx\/#website\",\"url\":\"https:\/\/graziamagazine.com\/mx\/\",\"name\":\"Grazia M\u00e9xico y Latinoam\u00e9rica\",\"description\":\"Grazia es moda, belleza y noticias  de actualidad \",\"potentialAction\":[{\"@type\":\"SearchAction\",\"target\":{\"@type\":\"EntryPoint\",\"urlTemplate\":\"https:\/\/graziamagazine.com\/mx\/?s={search_term_string}\"},\"query-input\":\"required name=search_term_string\"}],\"inLanguage\":\"es-MX\"}]}<\/script>\n<!-- \/ Yoast SEO Premium plugin. -->","yoast_head_json":{"title":"Tratamientos no quir\u00fargicos para rejuvenecer el contorno de ojos","description":"El contorno de ojos es una de las zonas m\u00e1s delicadas del rostro y, al mismo tiempo, una de las primeras en reflejar el paso del tiempo. La piel en esta","robots":{"index":"index","follow":"follow","max-snippet":"max-snippet:-1","max-image-preview":"max-image-preview:large","max-video-preview":"max-video-preview:-1"},"canonical":"https:\/\/graziamagazine.com\/mx\/articles\/tratamientos-para-rejuvener-el-contorno-de-ojos\/","og_locale":"es_MX","og_type":"article","og_title":"Tratamientos no quir\u00fargicos para rejuvenecer el contorno de ojos","og_description":"El contorno de ojos es una de las zonas m\u00e1s delicadas del rostro y, al mismo tiempo, una de las primeras en reflejar el paso del tiempo. La piel en esta","og_url":"https:\/\/graziamagazine.com\/mx\/articles\/tratamientos-para-rejuvener-el-contorno-de-ojos\/","og_site_name":"Grazia M\u00e9xico y Latinoam\u00e9rica","article_modified_time":"2026-03-30T01:51:36+00:00","og_image":[{"width":751,"height":529,"url":"https:\/\/graziamagazine.com\/mx\/wp-content\/uploads\/sites\/13\/2026\/03\/Captura-de-Pantalla-2026-03-29-a-las-15.42.58.png","type":"image\/png"}],"twitter_card":"summary_large_image","twitter_misc":{"Est. reading time":"4 minutos"},"schema":{"@context":"https:\/\/schema.org","@graph":[{"@type":"WebPage","@id":"https:\/\/graziamagazine.com\/mx\/articles\/tratamientos-para-rejuvener-el-contorno-de-ojos\/","url":"https:\/\/graziamagazine.com\/mx\/articles\/tratamientos-para-rejuvener-el-contorno-de-ojos\/","name":"Tratamientos no quir\u00fargicos para rejuvenecer el contorno de ojos","isPartOf":{"@id":"https:\/\/graziamagazine.com\/mx\/#website"},"datePublished":"2026-03-29T21:37:53+00:00","dateModified":"2026-03-30T01:51:36+00:00","description":"El contorno de ojos es una de las zonas m\u00e1s delicadas del rostro y, al mismo tiempo, una de las primeras en reflejar el paso del tiempo. La piel en esta","breadcrumb":{"@id":"https:\/\/graziamagazine.com\/mx\/articles\/tratamientos-para-rejuvener-el-contorno-de-ojos\/#breadcrumb"},"inLanguage":"es-MX","potentialAction":[{"@type":"ReadAction","target":["https:\/\/graziamagazine.com\/mx\/articles\/tratamientos-para-rejuvener-el-contorno-de-ojos\/"]}]},{"@type":"BreadcrumbList","@id":"https:\/\/graziamagazine.com\/mx\/articles\/tratamientos-para-rejuvener-el-contorno-de-ojos\/#breadcrumb","itemListElement":[{"@type":"ListItem","position":1,"name":"Home","item":"https:\/\/graziamagazine.com\/mx\/"},{"@type":"ListItem","position":2,"name":"Tratamientos no quir\u00fargicos para rejuvenecer el contorno de ojos"}]},{"@type":"WebSite","@id":"https:\/\/graziamagazine.com\/mx\/#website","url":"https:\/\/graziamagazine.com\/mx\/","name":"Grazia M\u00e9xico y Latinoam\u00e9rica","description":"Grazia es moda, belleza y noticias  de actualidad ","potentialAction":[{"@type":"SearchAction","target":{"@type":"EntryPoint","urlTemplate":"https:\/\/graziamagazine.com\/mx\/?s={search_term_string}"},"query-input":"required name=search_term_string"}],"inLanguage":"es-MX"}]}},"jetpack_sharing_enabled":true,"distributor_meta":false,"distributor_terms":false,"distributor_media":false,"distributor_original_site_name":"Grazia M\u00e9xico y Latinoam\u00e9rica","distributor_original_site_url":"https:\/\/graziamagazine.com\/mx","push-errors":false,"_links":{"self":[{"href":"https:\/\/graziamagazine.com\/mx\/wp-json\/wp\/v2\/articles\/168697"}],"collection":[{"href":"https:\/\/graziamagazine.com\/mx\/wp-json\/wp\/v2\/articles"}],"about":[{"href":"https:\/\/graziamagazine.com\/mx\/wp-json\/wp\/v2\/types\/articles"}],"author":[{"embeddable":true,"href":"https:\/\/graziamagazine.com\/mx\/wp-json\/wp\/v2\/users\/11628"}],"wp:featuredmedia":[{"embeddable":true,"href":"https:\/\/graziamagazine.com\/mx\/wp-json\/wp\/v2\/media\/168705"}],"wp:attachment":[{"href":"https:\/\/graziamagazine.com\/mx\/wp-json\/wp\/v2\/media?parent=168697"}],"wp:term":[{"taxonomy":"category","embeddable":true,"href":"https:\/\/graziamagazine.com\/mx\/wp-json\/wp\/v2\/categories?post=168697"}],"curies":[{"name":"wp","href":"https:\/\/api.w.org\/{rel}","templated":true}]}}