{"id":168320,"date":"2026-03-20T16:59:29","date_gmt":"2026-03-20T21:59:29","guid":{"rendered":"https:\/\/graziamagazine.com\/mx\/?post_type=articles&#038;p=168320"},"modified":"2026-03-20T17:04:48","modified_gmt":"2026-03-20T22:04:48","slug":"como-cuidar-la-piel-en-primavera","status":"publish","type":"articles","link":"https:\/\/graziamagazine.com\/mx\/articles\/como-cuidar-la-piel-en-primavera\/","title":{"rendered":"La rutina definitiva de skincare para primavera"},"content":{"rendered":"<p><span style=\"font-weight: 400\">La llegada de la primavera transforma el clima y el entorno, y tambi\u00e9n cambia de forma significativa el comportamiento de la piel. El aumento de la temperatura, la humedad y la exposici\u00f3n solar exige una adaptaci\u00f3n consciente de la rutina de cuidado facial, por lo que ajustar el skincare en esta transici\u00f3n estacional no es opcional, sino necesario para mantener la hidrataci\u00f3n, proteger la barrera cut\u00e1nea y evitar problemas como congesti\u00f3n o sensibilidad.<\/span><\/p>\n<p><span style=\"font-weight: 400\">Te compartimos una gu\u00eda completa, estructurada y funcional, para construir una rutina de skincare efectiva durante la primavera:<\/span><\/p>\n<p><img loading=\"lazy\" decoding=\"async\" class=\"alignnone size-medium wp-image-168328\" src=\"https:\/\/graziamagazine.com\/mx\/wp-content\/uploads\/sites\/13\/2026\/03\/aplicar-hielo-piel-metodos-utilizados-450x280.jpg\" alt=\"\" width=\"450\" height=\"280\" srcset=\"https:\/\/graziamagazine.com\/mx\/wp-content\/uploads\/sites\/13\/2026\/03\/aplicar-hielo-piel-metodos-utilizados-450x280.jpg 450w, https:\/\/graziamagazine.com\/mx\/wp-content\/uploads\/sites\/13\/2026\/03\/aplicar-hielo-piel-metodos-utilizados-768x478.jpg 768w, https:\/\/graziamagazine.com\/mx\/wp-content\/uploads\/sites\/13\/2026\/03\/aplicar-hielo-piel-metodos-utilizados-400x249.jpg 400w, https:\/\/graziamagazine.com\/mx\/wp-content\/uploads\/sites\/13\/2026\/03\/aplicar-hielo-piel-metodos-utilizados-155x96.jpg 155w, https:\/\/graziamagazine.com\/mx\/wp-content\/uploads\/sites\/13\/2026\/03\/aplicar-hielo-piel-metodos-utilizados.jpg 958w\" sizes=\"(max-width: 450px) 100vw, 450px\" \/><\/p>\n<h2><strong>Por qu\u00e9 debes cambiar tu rutina en primavera<\/strong><\/h2>\n<p><span style=\"font-weight: 400\">Durante el invierno, la piel tiende a perder humedad debido al fr\u00edo y la calefacci\u00f3n, por lo que se utilizan cremas m\u00e1s densas y menos exfoliaci\u00f3n. En primavera, ocurre lo contrario: el aumento de temperatura genera m\u00e1s producci\u00f3n de grasa y sudor, lo que requiere productos m\u00e1s ligeros y una limpieza m\u00e1s eficiente.<\/span><\/p>\n<p><span style=\"font-weight: 400\">Adem\u00e1s, los cambios en humedad y clima impactan directamente la funci\u00f3n de la barrera cut\u00e1nea, por lo que adaptar la rutina permite mantener el equilibrio y prevenir brotes o deshidrataci\u00f3n.<\/span><\/p>\n<ol>\n<li>\n<h2><strong> Limpieza suave pero efectiva<\/strong><\/h2>\n<\/li>\n<\/ol>\n<p><span style=\"font-weight: 400\">El primer paso de cualquier rutina debe ser un limpiador gentil que elimine impurezas sin alterar la barrera de la piel. En primavera, se recomienda optar por f\u00f3rmulas ligeras, espumosas o en gel, que ayuden a controlar el exceso de grasa sin resecar.<\/span><\/p>\n<p><span style=\"font-weight: 400\">El objetivo no es \u201climpiar m\u00e1s\u201d, sino limpiar mejor. Una piel equilibrada responde mejor a los productos posteriores y evita la acumulaci\u00f3n de residuos que pueden provocar inflamaci\u00f3n o textura irregular.<\/span><\/p>\n<p><img loading=\"lazy\" decoding=\"async\" class=\"alignnone size-medium wp-image-168321\" src=\"https:\/\/graziamagazine.com\/mx\/wp-content\/uploads\/sites\/13\/2026\/03\/doble-limpieza-facial-450x236.jpg\" alt=\"\" width=\"450\" height=\"236\" srcset=\"https:\/\/graziamagazine.com\/mx\/wp-content\/uploads\/sites\/13\/2026\/03\/doble-limpieza-facial-450x236.jpg 450w, https:\/\/graziamagazine.com\/mx\/wp-content\/uploads\/sites\/13\/2026\/03\/doble-limpieza-facial-1024x538.jpg 1024w, https:\/\/graziamagazine.com\/mx\/wp-content\/uploads\/sites\/13\/2026\/03\/doble-limpieza-facial-768x403.jpg 768w, https:\/\/graziamagazine.com\/mx\/wp-content\/uploads\/sites\/13\/2026\/03\/doble-limpieza-facial-1536x806.jpg 1536w, https:\/\/graziamagazine.com\/mx\/wp-content\/uploads\/sites\/13\/2026\/03\/doble-limpieza-facial-2048x1075.jpg 2048w, https:\/\/graziamagazine.com\/mx\/wp-content\/uploads\/sites\/13\/2026\/03\/doble-limpieza-facial-400x210.jpg 400w, https:\/\/graziamagazine.com\/mx\/wp-content\/uploads\/sites\/13\/2026\/03\/doble-limpieza-facial-155x81.jpg 155w\" sizes=\"(max-width: 450px) 100vw, 450px\" \/><\/p>\n<ol start=\"2\">\n<li>\n<h2><strong> Hidrataci\u00f3n ligera: menos peso, misma eficacia<\/strong><\/h2>\n<\/li>\n<\/ol>\n<p><span style=\"font-weight: 400\">Uno de los cambios m\u00e1s importantes en primavera es sustituir las cremas densas por hidratantes m\u00e1s ligeros. Los expertos recomiendan f\u00f3rmulas a base de agua o \u00e1cido hialur\u00f3nico que aporten hidrataci\u00f3n sin sensaci\u00f3n pesada.<\/span><\/p>\n<p><span style=\"font-weight: 400\">Esto permite mantener la piel hidratada sin saturarla, algo clave cuando aumenta la producci\u00f3n de sebo. La piel en primavera necesita equilibrio, no exceso de producto.<\/span><\/p>\n<p><img loading=\"lazy\" decoding=\"async\" class=\"alignnone size-medium wp-image-168322\" src=\"https:\/\/graziamagazine.com\/mx\/wp-content\/uploads\/sites\/13\/2026\/03\/hidratacion-facial-piel-grasa-450x300.jpg\" alt=\"\" width=\"450\" height=\"300\" srcset=\"https:\/\/graziamagazine.com\/mx\/wp-content\/uploads\/sites\/13\/2026\/03\/hidratacion-facial-piel-grasa-450x300.jpg 450w, https:\/\/graziamagazine.com\/mx\/wp-content\/uploads\/sites\/13\/2026\/03\/hidratacion-facial-piel-grasa-1024x683.jpg 1024w, https:\/\/graziamagazine.com\/mx\/wp-content\/uploads\/sites\/13\/2026\/03\/hidratacion-facial-piel-grasa-768x512.jpg 768w, https:\/\/graziamagazine.com\/mx\/wp-content\/uploads\/sites\/13\/2026\/03\/hidratacion-facial-piel-grasa-400x267.jpg 400w, https:\/\/graziamagazine.com\/mx\/wp-content\/uploads\/sites\/13\/2026\/03\/hidratacion-facial-piel-grasa-155x103.jpg 155w, https:\/\/graziamagazine.com\/mx\/wp-content\/uploads\/sites\/13\/2026\/03\/hidratacion-facial-piel-grasa.jpg 1500w\" sizes=\"(max-width: 450px) 100vw, 450px\" \/><\/p>\n<ol start=\"3\">\n<li>\n<h2><strong> Antioxidantes: defensa frente al entorno<\/strong><\/h2>\n<\/li>\n<\/ol>\n<p><span style=\"font-weight: 400\">El uso de antioxidantes se vuelve fundamental en esta temporada. Ingredientes como la vitamina C ayudan a proteger la piel del da\u00f1o ambiental, incluyendo la radiaci\u00f3n UV y la contaminaci\u00f3n. Adem\u00e1s, contribuyen a mantener un tono uniforme y a mejorar la luminosidad, lo que convierte este paso en uno de los m\u00e1s importantes dentro de la rutina de primavera.<\/span><\/p>\n<p><img loading=\"lazy\" decoding=\"async\" class=\"alignnone size-medium wp-image-168325\" src=\"https:\/\/graziamagazine.com\/mx\/wp-content\/uploads\/sites\/13\/2026\/03\/8484-4-450x265.jpg\" alt=\"\" width=\"450\" height=\"265\" srcset=\"https:\/\/graziamagazine.com\/mx\/wp-content\/uploads\/sites\/13\/2026\/03\/8484-4-450x265.jpg 450w, https:\/\/graziamagazine.com\/mx\/wp-content\/uploads\/sites\/13\/2026\/03\/8484-4-400x235.jpg 400w, https:\/\/graziamagazine.com\/mx\/wp-content\/uploads\/sites\/13\/2026\/03\/8484-4-155x91.jpg 155w, https:\/\/graziamagazine.com\/mx\/wp-content\/uploads\/sites\/13\/2026\/03\/8484-4.jpg 673w\" sizes=\"(max-width: 450px) 100vw, 450px\" \/><\/p>\n<ol start=\"4\">\n<li>\n<h2><strong> Exfoliaci\u00f3n constante y controlada<\/strong><\/h2>\n<\/li>\n<\/ol>\n<p><span style=\"font-weight: 400\">A diferencia del invierno, en primavera se recomienda aumentar la exfoliaci\u00f3n de forma controlada para evitar la congesti\u00f3n de poros. Esto no implica usar exfoliantes agresivos, sino incorporar \u00e1cidos suaves o exfoliantes qu\u00edmicos que ayuden a renovar la piel sin da\u00f1arla. La clave est\u00e1 en la regularidad y en elegir f\u00f3rmulas adecuadas al tipo de piel.<\/span><\/p>\n<p><img loading=\"lazy\" decoding=\"async\" class=\"alignnone size-medium wp-image-168323\" src=\"https:\/\/graziamagazine.com\/mx\/wp-content\/uploads\/sites\/13\/2026\/03\/mujer-exfoliacion-min-450x253.jpg\" alt=\"\" width=\"450\" height=\"253\" srcset=\"https:\/\/graziamagazine.com\/mx\/wp-content\/uploads\/sites\/13\/2026\/03\/mujer-exfoliacion-min-450x253.jpg 450w, https:\/\/graziamagazine.com\/mx\/wp-content\/uploads\/sites\/13\/2026\/03\/mujer-exfoliacion-min-768x432.jpg 768w, https:\/\/graziamagazine.com\/mx\/wp-content\/uploads\/sites\/13\/2026\/03\/mujer-exfoliacion-min-400x225.jpg 400w, https:\/\/graziamagazine.com\/mx\/wp-content\/uploads\/sites\/13\/2026\/03\/mujer-exfoliacion-min-155x87.jpg 155w, https:\/\/graziamagazine.com\/mx\/wp-content\/uploads\/sites\/13\/2026\/03\/mujer-exfoliacion-min.jpg 800w\" sizes=\"(max-width: 450px) 100vw, 450px\" \/><\/p>\n<ol start=\"5\">\n<li>\n<h2><strong> Protecci\u00f3n solar diaria<\/strong><\/h2>\n<\/li>\n<\/ol>\n<p><span style=\"font-weight: 400\">La protecci\u00f3n solar es el paso m\u00e1s importante en cualquier rutina, pero en primavera adquiere mayor relevancia debido al incremento de la exposici\u00f3n al sol. Se recomienda utilizar un protector solar de amplio espectro todos los d\u00edas, incluso si no hay exposici\u00f3n directa prolongada.<\/span><\/p>\n<p><span style=\"font-weight: 400\">Este paso previene el envejecimiento prematuro, la aparici\u00f3n de manchas y el da\u00f1o acumulativo en la piel.<\/span><\/p>\n<p><img loading=\"lazy\" decoding=\"async\" class=\"alignnone size-medium wp-image-168324\" src=\"https:\/\/graziamagazine.com\/mx\/wp-content\/uploads\/sites\/13\/2026\/03\/imagen-publinota-1-450x300.jpg\" alt=\"\" width=\"450\" height=\"300\" srcset=\"https:\/\/graziamagazine.com\/mx\/wp-content\/uploads\/sites\/13\/2026\/03\/imagen-publinota-1-450x300.jpg 450w, https:\/\/graziamagazine.com\/mx\/wp-content\/uploads\/sites\/13\/2026\/03\/imagen-publinota-1-400x267.jpg 400w, https:\/\/graziamagazine.com\/mx\/wp-content\/uploads\/sites\/13\/2026\/03\/imagen-publinota-1-155x103.jpg 155w, https:\/\/graziamagazine.com\/mx\/wp-content\/uploads\/sites\/13\/2026\/03\/imagen-publinota-1.jpg 600w\" sizes=\"(max-width: 450px) 100vw, 450px\" \/><\/p>\n<ol start=\"6\">\n<li>\n<h2><strong> Tratamientos complementarios<\/strong><\/h2>\n<\/li>\n<\/ol>\n<p><span style=\"font-weight: 400\">Para potenciar la rutina, tratamientos como mascarillas hidratantes, dispositivos LED o productos con ingredientes regenerativos pueden funcionar como complemento. Estos elementos no sustituyen una rutina constante, pero s\u00ed act\u00faan como refuerzo para mejorar la apariencia general de la piel.<\/span><\/p>\n<p><img loading=\"lazy\" decoding=\"async\" class=\"alignnone size-medium wp-image-168326\" src=\"https:\/\/graziamagazine.com\/mx\/wp-content\/uploads\/sites\/13\/2026\/03\/554985-450x299.jpg\" alt=\"\" width=\"450\" height=\"299\" srcset=\"https:\/\/graziamagazine.com\/mx\/wp-content\/uploads\/sites\/13\/2026\/03\/554985-450x299.jpg 450w, https:\/\/graziamagazine.com\/mx\/wp-content\/uploads\/sites\/13\/2026\/03\/554985-400x266.jpg 400w, https:\/\/graziamagazine.com\/mx\/wp-content\/uploads\/sites\/13\/2026\/03\/554985-155x103.jpg 155w, https:\/\/graziamagazine.com\/mx\/wp-content\/uploads\/sites\/13\/2026\/03\/554985.jpg 691w\" sizes=\"(max-width: 450px) 100vw, 450px\" \/><\/p>\n<ol start=\"7\">\n<li>\n<h2><strong> Simplificar<\/strong><\/h2>\n<\/li>\n<\/ol>\n<p><span style=\"font-weight: 400\">Un punto importante que destacan los especialistas es evitar la sobrecarga de productos. Cambiar de temporada no significa complicar la rutina, sino ajustarla. La piel en primavera responde mejor a f\u00f3rmulas ligeras, bien seleccionadas y aplicadas con constancia, en lugar de m\u00faltiples capas innecesarias.<\/span><\/p>\n<p><span style=\"font-weight: 400\">Uno de los errores m\u00e1s frecuentes es mantener los mismos productos del invierno, lo que puede provocar exceso de grasa o congesti\u00f3n. Otro error es introducir demasiados activos nuevos al mismo tiempo, generando sensibilidad.\u00a0<\/span><\/p>\n<p><span style=\"font-weight: 400\">Adem\u00e1s, la transici\u00f3n debe ser gradual, observando c\u00f3mo responde la piel en cada etapa, ya que el objetivo es tener una piel equilibrada, no perfecta. Una piel que se adapta al clima, que mantiene hidrataci\u00f3n sin exceso y que responde de manera estable a los cambios del entorno.<\/span><\/p>\n","protected":false},"author":11628,"featured_media":168327,"template":"","format":"standard","categories":[3],"acf":[],"yoast_head":"<!-- This site is optimized with the Yoast SEO Premium plugin v18.5 (Yoast SEO v20.4) - https:\/\/yoast.com\/wordpress\/plugins\/seo\/ -->\n<title>La rutina definitiva de skincare para primavera<\/title>\n<meta name=\"description\" content=\"La llegada de la primavera transforma el clima y el entorno, y tambi\u00e9n cambia de forma significativa el comportamiento de la piel. El aumento de la\" \/>\n<meta name=\"robots\" content=\"index, follow, max-snippet:-1, max-image-preview:large, max-video-preview:-1\" \/>\n<link rel=\"canonical\" href=\"https:\/\/graziamagazine.com\/mx\/articles\/como-cuidar-la-piel-en-primavera\/\" \/>\n<meta property=\"og:locale\" content=\"es_MX\" \/>\n<meta property=\"og:type\" content=\"article\" \/>\n<meta property=\"og:title\" content=\"La rutina definitiva de skincare para primavera\" \/>\n<meta property=\"og:description\" content=\"La llegada de la primavera transforma el clima y el entorno, y tambi\u00e9n cambia de forma significativa el comportamiento de la piel. El aumento de la\" \/>\n<meta property=\"og:url\" content=\"https:\/\/graziamagazine.com\/mx\/articles\/como-cuidar-la-piel-en-primavera\/\" \/>\n<meta property=\"og:site_name\" content=\"Grazia M\u00e9xico y Latinoam\u00e9rica\" \/>\n<meta property=\"article:modified_time\" content=\"2026-03-20T22:04:48+00:00\" \/>\n<meta property=\"og:image\" content=\"https:\/\/graziamagazine.com\/mx\/wp-content\/uploads\/sites\/13\/2026\/03\/8888-1.jpg\" \/>\n\t<meta property=\"og:image:width\" content=\"647\" \/>\n\t<meta property=\"og:image:height\" content=\"418\" \/>\n\t<meta property=\"og:image:type\" content=\"image\/jpeg\" \/>\n<meta name=\"twitter:card\" content=\"summary_large_image\" \/>\n<meta name=\"twitter:label1\" content=\"Est. reading time\" \/>\n\t<meta name=\"twitter:data1\" content=\"5 minutos\" \/>\n<script type=\"application\/ld+json\" class=\"yoast-schema-graph\">{\"@context\":\"https:\/\/schema.org\",\"@graph\":[{\"@type\":\"WebPage\",\"@id\":\"https:\/\/graziamagazine.com\/mx\/articles\/como-cuidar-la-piel-en-primavera\/\",\"url\":\"https:\/\/graziamagazine.com\/mx\/articles\/como-cuidar-la-piel-en-primavera\/\",\"name\":\"La rutina definitiva de skincare para primavera\",\"isPartOf\":{\"@id\":\"https:\/\/graziamagazine.com\/mx\/#website\"},\"datePublished\":\"2026-03-20T21:59:29+00:00\",\"dateModified\":\"2026-03-20T22:04:48+00:00\",\"description\":\"La llegada de la primavera transforma el clima y el entorno, y tambi\u00e9n cambia de forma significativa el comportamiento de la piel. El aumento de la\",\"breadcrumb\":{\"@id\":\"https:\/\/graziamagazine.com\/mx\/articles\/como-cuidar-la-piel-en-primavera\/#breadcrumb\"},\"inLanguage\":\"es-MX\",\"potentialAction\":[{\"@type\":\"ReadAction\",\"target\":[\"https:\/\/graziamagazine.com\/mx\/articles\/como-cuidar-la-piel-en-primavera\/\"]}]},{\"@type\":\"BreadcrumbList\",\"@id\":\"https:\/\/graziamagazine.com\/mx\/articles\/como-cuidar-la-piel-en-primavera\/#breadcrumb\",\"itemListElement\":[{\"@type\":\"ListItem\",\"position\":1,\"name\":\"Home\",\"item\":\"https:\/\/graziamagazine.com\/mx\/\"},{\"@type\":\"ListItem\",\"position\":2,\"name\":\"La rutina definitiva de skincare para primavera\"}]},{\"@type\":\"WebSite\",\"@id\":\"https:\/\/graziamagazine.com\/mx\/#website\",\"url\":\"https:\/\/graziamagazine.com\/mx\/\",\"name\":\"Grazia M\u00e9xico y Latinoam\u00e9rica\",\"description\":\"Grazia es moda, belleza y noticias  de actualidad \",\"potentialAction\":[{\"@type\":\"SearchAction\",\"target\":{\"@type\":\"EntryPoint\",\"urlTemplate\":\"https:\/\/graziamagazine.com\/mx\/?s={search_term_string}\"},\"query-input\":\"required name=search_term_string\"}],\"inLanguage\":\"es-MX\"}]}<\/script>\n<!-- \/ Yoast SEO Premium plugin. -->","yoast_head_json":{"title":"La rutina definitiva de skincare para primavera","description":"La llegada de la primavera transforma el clima y el entorno, y tambi\u00e9n cambia de forma significativa el comportamiento de la piel. El aumento de la","robots":{"index":"index","follow":"follow","max-snippet":"max-snippet:-1","max-image-preview":"max-image-preview:large","max-video-preview":"max-video-preview:-1"},"canonical":"https:\/\/graziamagazine.com\/mx\/articles\/como-cuidar-la-piel-en-primavera\/","og_locale":"es_MX","og_type":"article","og_title":"La rutina definitiva de skincare para primavera","og_description":"La llegada de la primavera transforma el clima y el entorno, y tambi\u00e9n cambia de forma significativa el comportamiento de la piel. El aumento de la","og_url":"https:\/\/graziamagazine.com\/mx\/articles\/como-cuidar-la-piel-en-primavera\/","og_site_name":"Grazia M\u00e9xico y Latinoam\u00e9rica","article_modified_time":"2026-03-20T22:04:48+00:00","og_image":[{"width":647,"height":418,"url":"https:\/\/graziamagazine.com\/mx\/wp-content\/uploads\/sites\/13\/2026\/03\/8888-1.jpg","type":"image\/jpeg"}],"twitter_card":"summary_large_image","twitter_misc":{"Est. reading time":"5 minutos"},"schema":{"@context":"https:\/\/schema.org","@graph":[{"@type":"WebPage","@id":"https:\/\/graziamagazine.com\/mx\/articles\/como-cuidar-la-piel-en-primavera\/","url":"https:\/\/graziamagazine.com\/mx\/articles\/como-cuidar-la-piel-en-primavera\/","name":"La rutina definitiva de skincare para primavera","isPartOf":{"@id":"https:\/\/graziamagazine.com\/mx\/#website"},"datePublished":"2026-03-20T21:59:29+00:00","dateModified":"2026-03-20T22:04:48+00:00","description":"La llegada de la primavera transforma el clima y el entorno, y tambi\u00e9n cambia de forma significativa el comportamiento de la piel. El aumento de la","breadcrumb":{"@id":"https:\/\/graziamagazine.com\/mx\/articles\/como-cuidar-la-piel-en-primavera\/#breadcrumb"},"inLanguage":"es-MX","potentialAction":[{"@type":"ReadAction","target":["https:\/\/graziamagazine.com\/mx\/articles\/como-cuidar-la-piel-en-primavera\/"]}]},{"@type":"BreadcrumbList","@id":"https:\/\/graziamagazine.com\/mx\/articles\/como-cuidar-la-piel-en-primavera\/#breadcrumb","itemListElement":[{"@type":"ListItem","position":1,"name":"Home","item":"https:\/\/graziamagazine.com\/mx\/"},{"@type":"ListItem","position":2,"name":"La rutina definitiva de skincare para primavera"}]},{"@type":"WebSite","@id":"https:\/\/graziamagazine.com\/mx\/#website","url":"https:\/\/graziamagazine.com\/mx\/","name":"Grazia M\u00e9xico y Latinoam\u00e9rica","description":"Grazia es moda, belleza y noticias  de actualidad ","potentialAction":[{"@type":"SearchAction","target":{"@type":"EntryPoint","urlTemplate":"https:\/\/graziamagazine.com\/mx\/?s={search_term_string}"},"query-input":"required name=search_term_string"}],"inLanguage":"es-MX"}]}},"jetpack_sharing_enabled":true,"distributor_meta":false,"distributor_terms":false,"distributor_media":false,"distributor_original_site_name":"Grazia M\u00e9xico y Latinoam\u00e9rica","distributor_original_site_url":"https:\/\/graziamagazine.com\/mx","push-errors":false,"_links":{"self":[{"href":"https:\/\/graziamagazine.com\/mx\/wp-json\/wp\/v2\/articles\/168320"}],"collection":[{"href":"https:\/\/graziamagazine.com\/mx\/wp-json\/wp\/v2\/articles"}],"about":[{"href":"https:\/\/graziamagazine.com\/mx\/wp-json\/wp\/v2\/types\/articles"}],"author":[{"embeddable":true,"href":"https:\/\/graziamagazine.com\/mx\/wp-json\/wp\/v2\/users\/11628"}],"wp:featuredmedia":[{"embeddable":true,"href":"https:\/\/graziamagazine.com\/mx\/wp-json\/wp\/v2\/media\/168327"}],"wp:attachment":[{"href":"https:\/\/graziamagazine.com\/mx\/wp-json\/wp\/v2\/media?parent=168320"}],"wp:term":[{"taxonomy":"category","embeddable":true,"href":"https:\/\/graziamagazine.com\/mx\/wp-json\/wp\/v2\/categories?post=168320"}],"curies":[{"name":"wp","href":"https:\/\/api.w.org\/{rel}","templated":true}]}}