{"id":16813,"date":"2017-02-17T12:23:01","date_gmt":"2017-02-17T18:23:01","guid":{"rendered":"https:\/\/graziamagazine.com\/mx\/?p=16813"},"modified":"2017-02-17T12:24:56","modified_gmt":"2017-02-17T18:24:56","slug":"producto-de-la-semana-toap-coat-chanel","status":"publish","type":"articles","link":"https:\/\/graziamagazine.com\/mx\/articles\/producto-de-la-semana-toap-coat-chanel\/","title":{"rendered":"PRODUCTO DE LA SEMANA: TOAP COAT CHANEL"},"content":{"rendered":"<p><strong>\u00bfHarta del romanticismo rosa? Revela tu lado oscuro transformando tu mani en una declaraci\u00f3n de estilo <em>noir.<\/em><\/strong><\/p>\n<p><!--more-->\u2013\u2013\u2013\u2013<\/p>\n<p>&nbsp;<\/p>\n<p style=\"text-align: right;\"><strong>Por Daniela Vega (@danielaveg)<\/strong><\/p>\n<p>&nbsp;<\/p>\n<p>Lucia Pica, Chanel Global Creative Makeup and Color Designer, propone reinterpretar la coloraci\u00f3n de las u\u00f1as de forma sencilla e inmediata con matices oscuros. <em>Le Top Coat Black M\u00e9tamorphosis<\/em> es un top coat negro \u2013con acabado brillante y semitransparente\u2013 que aportar una tempestuosa profundidad sobre el manicure.<\/p>\n<p>Si aplicas\u00a0sobre\u00a0el tono rosa, se convierten en un suave gris, sobre amarillo se vuelve <em>toupe<\/em>, el rojo lo transforma en <em>burgundy <\/em>\u00a0y el azul casi a morado. El secreto detr\u00e1s de este truco\u00a0est\u00e1 en la teor\u00eda del color, que dicta que un matiz blanco vuelve los tonos m\u00e1s brillantes, mientras que el negro los oscurece.<\/p>\n<p>&nbsp;<\/p>\n<p><img loading=\"lazy\" decoding=\"async\" class=\"alignnone size-full wp-image-16816\" src=\"https:\/\/graziamagazine.com\/mx\/wp-content\/uploads\/sites\/13\/2017\/02\/IMG_7519.jpg\" alt=\"img_7519\" width=\"1200\" height=\"627\" srcset=\"https:\/\/graziamagazine.com\/mx\/wp-content\/uploads\/sites\/13\/2017\/02\/IMG_7519.jpg 1200w, https:\/\/graziamagazine.com\/mx\/wp-content\/uploads\/sites\/13\/2017\/02\/IMG_7519.jpg?resize=450,235 450w, https:\/\/graziamagazine.com\/mx\/wp-content\/uploads\/sites\/13\/2017\/02\/IMG_7519.jpg?resize=768,401 768w, https:\/\/graziamagazine.com\/mx\/wp-content\/uploads\/sites\/13\/2017\/02\/IMG_7519.jpg?resize=1024,535 1024w, https:\/\/graziamagazine.com\/mx\/wp-content\/uploads\/sites\/13\/2017\/02\/IMG_7519.jpg?resize=155,81 155w\" sizes=\"(max-width: 1200px) 100vw, 1200px\" \/><\/p>\n<p>&nbsp;<\/p>\n<p><em>Le Top Coat Black M\u00e9tamorphosis, <\/em><strong>Chanel<\/strong>, $390, boutiques Chanel.<\/p>\n","protected":false},"author":11636,"featured_media":16814,"template":"","format":"standard","categories":[3,10],"acf":[],"yoast_head":"<!-- This site is optimized with the Yoast SEO Premium plugin v18.5 (Yoast SEO v20.4) - https:\/\/yoast.com\/wordpress\/plugins\/seo\/ -->\n<title>PRODUCTO DE LA SEMANA: TOAP COAT CHANEL | Grazia M\u00e9xico y Latinoam\u00e9rica<\/title>\n<meta name=\"description\" content=\"\u00bfHarta del romanticismo rosa? Revela tu lado oscuro transformando tu mani en una declaraci\u00f3n de estilo noir. \u2013\u2013\u2013\u2013 &nbsp; Por Daniela Vega\" \/>\n<meta name=\"robots\" content=\"index, follow, max-snippet:-1, max-image-preview:large, max-video-preview:-1\" \/>\n<link rel=\"canonical\" href=\"https:\/\/graziamagazine.com\/mx\/articles\/producto-de-la-semana-toap-coat-chanel\/\" \/>\n<meta property=\"og:locale\" content=\"es_MX\" \/>\n<meta property=\"og:type\" content=\"article\" \/>\n<meta property=\"og:title\" content=\"PRODUCTO DE LA SEMANA: TOAP COAT CHANEL\" \/>\n<meta property=\"og:description\" content=\"\u00bfHarta del romanticismo rosa? Revela tu lado oscuro transformando tu mani en una declaraci\u00f3n de estilo noir. \u2013\u2013\u2013\u2013 &nbsp; Por Daniela Vega\" \/>\n<meta property=\"og:url\" content=\"https:\/\/graziamagazine.com\/mx\/articles\/producto-de-la-semana-toap-coat-chanel\/\" \/>\n<meta property=\"og:site_name\" content=\"Grazia M\u00e9xico y Latinoam\u00e9rica\" \/>\n<meta property=\"article:modified_time\" content=\"2017-02-17T18:24:56+00:00\" \/>\n<meta property=\"og:image\" content=\"https:\/\/graziamagazine.com\/mx\/wp-content\/uploads\/sites\/13\/2017\/02\/IMG_7518.jpg?fit=970%2C600\" \/>\n\t<meta property=\"og:image:width\" content=\"970\" \/>\n\t<meta property=\"og:image:height\" content=\"600\" \/>\n\t<meta property=\"og:image:type\" content=\"image\/jpeg\" \/>\n<meta name=\"twitter:card\" content=\"summary_large_image\" \/>\n<meta name=\"twitter:label1\" content=\"Est. reading time\" \/>\n\t<meta name=\"twitter:data1\" content=\"1 minuto\" \/>\n<script type=\"application\/ld+json\" class=\"yoast-schema-graph\">{\"@context\":\"https:\/\/schema.org\",\"@graph\":[{\"@type\":\"WebPage\",\"@id\":\"https:\/\/graziamagazine.com\/mx\/articles\/producto-de-la-semana-toap-coat-chanel\/\",\"url\":\"https:\/\/graziamagazine.com\/mx\/articles\/producto-de-la-semana-toap-coat-chanel\/\",\"name\":\"PRODUCTO DE LA SEMANA: TOAP COAT CHANEL | Grazia M\u00e9xico y Latinoam\u00e9rica\",\"isPartOf\":{\"@id\":\"https:\/\/graziamagazine.com\/mx\/#website\"},\"datePublished\":\"2017-02-17T18:23:01+00:00\",\"dateModified\":\"2017-02-17T18:24:56+00:00\",\"description\":\"\u00bfHarta del romanticismo rosa? Revela tu lado oscuro transformando tu mani en una declaraci\u00f3n de estilo noir. \u2013\u2013\u2013\u2013 &nbsp; Por Daniela Vega\",\"breadcrumb\":{\"@id\":\"https:\/\/graziamagazine.com\/mx\/articles\/producto-de-la-semana-toap-coat-chanel\/#breadcrumb\"},\"inLanguage\":\"es-MX\",\"potentialAction\":[{\"@type\":\"ReadAction\",\"target\":[\"https:\/\/graziamagazine.com\/mx\/articles\/producto-de-la-semana-toap-coat-chanel\/\"]}]},{\"@type\":\"BreadcrumbList\",\"@id\":\"https:\/\/graziamagazine.com\/mx\/articles\/producto-de-la-semana-toap-coat-chanel\/#breadcrumb\",\"itemListElement\":[{\"@type\":\"ListItem\",\"position\":1,\"name\":\"Home\",\"item\":\"https:\/\/graziamagazine.com\/mx\/\"},{\"@type\":\"ListItem\",\"position\":2,\"name\":\"PRODUCTO DE LA SEMANA: TOAP COAT CHANEL\"}]},{\"@type\":\"WebSite\",\"@id\":\"https:\/\/graziamagazine.com\/mx\/#website\",\"url\":\"https:\/\/graziamagazine.com\/mx\/\",\"name\":\"Grazia M\u00e9xico y Latinoam\u00e9rica\",\"description\":\"Grazia es moda, belleza y noticias  de actualidad \",\"potentialAction\":[{\"@type\":\"SearchAction\",\"target\":{\"@type\":\"EntryPoint\",\"urlTemplate\":\"https:\/\/graziamagazine.com\/mx\/?s={search_term_string}\"},\"query-input\":\"required name=search_term_string\"}],\"inLanguage\":\"es-MX\"}]}<\/script>\n<!-- \/ Yoast SEO Premium plugin. -->","yoast_head_json":{"title":"PRODUCTO DE LA SEMANA: TOAP COAT CHANEL | Grazia M\u00e9xico y Latinoam\u00e9rica","description":"\u00bfHarta del romanticismo rosa? Revela tu lado oscuro transformando tu mani en una declaraci\u00f3n de estilo noir. \u2013\u2013\u2013\u2013 &nbsp; Por Daniela Vega","robots":{"index":"index","follow":"follow","max-snippet":"max-snippet:-1","max-image-preview":"max-image-preview:large","max-video-preview":"max-video-preview:-1"},"canonical":"https:\/\/graziamagazine.com\/mx\/articles\/producto-de-la-semana-toap-coat-chanel\/","og_locale":"es_MX","og_type":"article","og_title":"PRODUCTO DE LA SEMANA: TOAP COAT CHANEL","og_description":"\u00bfHarta del romanticismo rosa? Revela tu lado oscuro transformando tu mani en una declaraci\u00f3n de estilo noir. \u2013\u2013\u2013\u2013 &nbsp; Por Daniela Vega","og_url":"https:\/\/graziamagazine.com\/mx\/articles\/producto-de-la-semana-toap-coat-chanel\/","og_site_name":"Grazia M\u00e9xico y Latinoam\u00e9rica","article_modified_time":"2017-02-17T18:24:56+00:00","og_image":[{"width":970,"height":600,"url":"https:\/\/graziamagazine.com\/mx\/wp-content\/uploads\/sites\/13\/2017\/02\/IMG_7518.jpg?fit=970%2C600","type":"image\/jpeg"}],"twitter_card":"summary_large_image","twitter_misc":{"Est. reading time":"1 minuto"},"schema":{"@context":"https:\/\/schema.org","@graph":[{"@type":"WebPage","@id":"https:\/\/graziamagazine.com\/mx\/articles\/producto-de-la-semana-toap-coat-chanel\/","url":"https:\/\/graziamagazine.com\/mx\/articles\/producto-de-la-semana-toap-coat-chanel\/","name":"PRODUCTO DE LA SEMANA: TOAP COAT CHANEL | Grazia M\u00e9xico y Latinoam\u00e9rica","isPartOf":{"@id":"https:\/\/graziamagazine.com\/mx\/#website"},"datePublished":"2017-02-17T18:23:01+00:00","dateModified":"2017-02-17T18:24:56+00:00","description":"\u00bfHarta del romanticismo rosa? Revela tu lado oscuro transformando tu mani en una declaraci\u00f3n de estilo noir. \u2013\u2013\u2013\u2013 &nbsp; Por Daniela Vega","breadcrumb":{"@id":"https:\/\/graziamagazine.com\/mx\/articles\/producto-de-la-semana-toap-coat-chanel\/#breadcrumb"},"inLanguage":"es-MX","potentialAction":[{"@type":"ReadAction","target":["https:\/\/graziamagazine.com\/mx\/articles\/producto-de-la-semana-toap-coat-chanel\/"]}]},{"@type":"BreadcrumbList","@id":"https:\/\/graziamagazine.com\/mx\/articles\/producto-de-la-semana-toap-coat-chanel\/#breadcrumb","itemListElement":[{"@type":"ListItem","position":1,"name":"Home","item":"https:\/\/graziamagazine.com\/mx\/"},{"@type":"ListItem","position":2,"name":"PRODUCTO DE LA SEMANA: TOAP COAT CHANEL"}]},{"@type":"WebSite","@id":"https:\/\/graziamagazine.com\/mx\/#website","url":"https:\/\/graziamagazine.com\/mx\/","name":"Grazia M\u00e9xico y Latinoam\u00e9rica","description":"Grazia es moda, belleza y noticias  de actualidad ","potentialAction":[{"@type":"SearchAction","target":{"@type":"EntryPoint","urlTemplate":"https:\/\/graziamagazine.com\/mx\/?s={search_term_string}"},"query-input":"required name=search_term_string"}],"inLanguage":"es-MX"}]}},"jetpack_sharing_enabled":true,"distributor_meta":false,"distributor_terms":false,"distributor_media":false,"distributor_original_site_name":"Grazia M\u00e9xico y Latinoam\u00e9rica","distributor_original_site_url":"https:\/\/graziamagazine.com\/mx","push-errors":false,"_links":{"self":[{"href":"https:\/\/graziamagazine.com\/mx\/wp-json\/wp\/v2\/articles\/16813"}],"collection":[{"href":"https:\/\/graziamagazine.com\/mx\/wp-json\/wp\/v2\/articles"}],"about":[{"href":"https:\/\/graziamagazine.com\/mx\/wp-json\/wp\/v2\/types\/articles"}],"author":[{"embeddable":true,"href":"https:\/\/graziamagazine.com\/mx\/wp-json\/wp\/v2\/users\/11636"}],"wp:featuredmedia":[{"embeddable":true,"href":"https:\/\/graziamagazine.com\/mx\/wp-json\/wp\/v2\/media\/16814"}],"wp:attachment":[{"href":"https:\/\/graziamagazine.com\/mx\/wp-json\/wp\/v2\/media?parent=16813"}],"wp:term":[{"taxonomy":"category","embeddable":true,"href":"https:\/\/graziamagazine.com\/mx\/wp-json\/wp\/v2\/categories?post=16813"}],"curies":[{"name":"wp","href":"https:\/\/api.w.org\/{rel}","templated":true}]}}