{"id":168060,"date":"2026-03-17T11:28:18","date_gmt":"2026-03-17T16:28:18","guid":{"rendered":"https:\/\/graziamagazine.com\/mx\/?post_type=articles&#038;p=168060"},"modified":"2026-03-17T11:39:09","modified_gmt":"2026-03-17T16:39:09","slug":"faldas-volantes-para-primavera-verano-2026","status":"publish","type":"articles","link":"https:\/\/graziamagazine.com\/mx\/articles\/faldas-volantes-para-primavera-verano-2026\/","title":{"rendered":"Faldas de volantes dominan primavera verano 2026"},"content":{"rendered":"<p data-start=\"373\" data-end=\"717\">Hablar de faldas de volantes es hablar de historia, emoci\u00f3n y est\u00e9tica. Esta silueta, profundamente ligada a tradiciones culturales del sur, ha logrado trascender su origen para convertirse en una constante dentro del lenguaje de la moda. Su presencia evoca movimiento, celebraci\u00f3n y una feminidad expresiva que se reinventa con cada temporada.<\/p>\n<p data-start=\"719\" data-end=\"1126\">Uno de los momentos m\u00e1s memorables que consolidaron esta est\u00e9tica en la moda contempor\u00e1nea fue una colecci\u00f3n de alta costura de <a href=\"https:\/\/graziamagazine.com\/mx\/articles\/christian-dior-fall-2026-ready-to-wear\/\"><span class=\"hover:entity-accent entity-underline inline cursor-pointer align-baseline\"><span class=\"whitespace-normal\">Dior<\/span><\/span><\/a>, donde los volantes se transformaron en protagonistas absolutos. A trav\u00e9s de vol\u00famenes dram\u00e1ticos y una puesta en escena cargada de referencias culturales, estas piezas demostraron que el movimiento puede ser tan poderoso como la estructura.<\/p>\n<p><img loading=\"lazy\" decoding=\"async\" class=\"size-large wp-image-168069\" src=\"https:\/\/graziamagazine.com\/mx\/wp-content\/uploads\/sites\/13\/2026\/03\/GettyImages-2265649365-683x1024.jpg\" alt=\"\" width=\"683\" height=\"1024\" srcset=\"https:\/\/graziamagazine.com\/mx\/wp-content\/uploads\/sites\/13\/2026\/03\/GettyImages-2265649365-683x1024.jpg 683w, https:\/\/graziamagazine.com\/mx\/wp-content\/uploads\/sites\/13\/2026\/03\/GettyImages-2265649365-300x450.jpg 300w, https:\/\/graziamagazine.com\/mx\/wp-content\/uploads\/sites\/13\/2026\/03\/GettyImages-2265649365-768x1152.jpg 768w, https:\/\/graziamagazine.com\/mx\/wp-content\/uploads\/sites\/13\/2026\/03\/GettyImages-2265649365-1024x1536.jpg 1024w, https:\/\/graziamagazine.com\/mx\/wp-content\/uploads\/sites\/13\/2026\/03\/GettyImages-2265649365-1365x2048.jpg 1365w, https:\/\/graziamagazine.com\/mx\/wp-content\/uploads\/sites\/13\/2026\/03\/GettyImages-2265649365-400x600.jpg 400w, https:\/\/graziamagazine.com\/mx\/wp-content\/uploads\/sites\/13\/2026\/03\/GettyImages-2265649365-143x215.jpg 143w, https:\/\/graziamagazine.com\/mx\/wp-content\/uploads\/sites\/13\/2026\/03\/GettyImages-2265649365-scaled.jpg 1707w\" sizes=\"(max-width: 683px) 100vw, 683px\" \/><\/p>\n<p data-start=\"1128\" data-end=\"1603\">M\u00e1s all\u00e1 de su carga visual, los volantes representan una de las formas m\u00e1s efectivas de a\u00f1adir dinamismo a una prenda. Frente a las siluetas r\u00edgidas y l\u00edneas rectas que dominaron temporadas anteriores, esta tendencia introduce una narrativa m\u00e1s fluida, donde la ligereza y el movimiento toman el control. En ciudades como <span class=\"hover:entity-accent entity-underline inline cursor-pointer align-baseline\"><span class=\"whitespace-normal\">Sevilla<\/span><\/span>, donde esta est\u00e9tica forma parte del imaginario colectivo, los volantes adquieren un significado a\u00fan m\u00e1s profundo.<\/p>\n<p data-start=\"1605\" data-end=\"1878\">En la primavera verano 2026, las faldas de volantes regresan con fuerza y se posicionan como una de las piezas clave del armario. Su presencia constante confirma un giro hacia una moda m\u00e1s emocional, donde la expresi\u00f3n y la libertad est\u00e9tica se convierten en protagonistas.<\/p>\n<h2 data-section-id=\"19rbzbd\" data-start=\"1880\" data-end=\"1919\">El poder del volumen en movimiento<\/h2>\n<figure id=\"attachment_168066\" aria-describedby=\"caption-attachment-168066\" style=\"width: 683px\" class=\"wp-caption alignnone\"><img loading=\"lazy\" decoding=\"async\" class=\"size-large wp-image-168066\" src=\"https:\/\/graziamagazine.com\/mx\/wp-content\/uploads\/sites\/13\/2026\/03\/GettyImages-2264588855-683x1024.jpg\" alt=\"Faldas de volantes dominan primavera verano 2026\" width=\"683\" height=\"1024\" srcset=\"https:\/\/graziamagazine.com\/mx\/wp-content\/uploads\/sites\/13\/2026\/03\/GettyImages-2264588855-683x1024.jpg 683w, https:\/\/graziamagazine.com\/mx\/wp-content\/uploads\/sites\/13\/2026\/03\/GettyImages-2264588855-300x450.jpg 300w, https:\/\/graziamagazine.com\/mx\/wp-content\/uploads\/sites\/13\/2026\/03\/GettyImages-2264588855-768x1152.jpg 768w, https:\/\/graziamagazine.com\/mx\/wp-content\/uploads\/sites\/13\/2026\/03\/GettyImages-2264588855-1024x1536.jpg 1024w, https:\/\/graziamagazine.com\/mx\/wp-content\/uploads\/sites\/13\/2026\/03\/GettyImages-2264588855-1365x2048.jpg 1365w, https:\/\/graziamagazine.com\/mx\/wp-content\/uploads\/sites\/13\/2026\/03\/GettyImages-2264588855-400x600.jpg 400w, https:\/\/graziamagazine.com\/mx\/wp-content\/uploads\/sites\/13\/2026\/03\/GettyImages-2264588855-143x215.jpg 143w, https:\/\/graziamagazine.com\/mx\/wp-content\/uploads\/sites\/13\/2026\/03\/GettyImages-2264588855-scaled.jpg 1706w\" sizes=\"(max-width: 683px) 100vw, 683px\" \/><figcaption id=\"caption-attachment-168066\" class=\"wp-caption-text\">Faldas de volantes dominan primavera verano 2026<\/figcaption><\/figure>\n<p data-start=\"1921\" data-end=\"2147\">Uno de los grandes atractivos de las faldas de volantes es su capacidad de transformar cualquier look. El volumen que generan no solo aporta dimensi\u00f3n, tambi\u00e9n crea una sensaci\u00f3n de movimiento continuo que da vida a la prenda.<\/p>\n<p data-start=\"2149\" data-end=\"2376\">Este efecto convierte a las faldas de volantes en piezas protagonistas. Ya sea en versiones largas con m\u00faltiples capas o en dise\u00f1os m\u00e1s sutiles, el resultado siempre transmite una est\u00e9tica que equilibra romanticismo y car\u00e1cter.<\/p>\n<h2 data-section-id=\"ingnhh\" data-start=\"2378\" data-end=\"2428\">C\u00f3mo llevar faldas de volantes esta temporada<\/h2>\n<figure id=\"attachment_168063\" aria-describedby=\"caption-attachment-168063\" style=\"width: 683px\" class=\"wp-caption alignnone\"><img loading=\"lazy\" decoding=\"async\" class=\"size-large wp-image-168063\" src=\"https:\/\/graziamagazine.com\/mx\/wp-content\/uploads\/sites\/13\/2026\/03\/GettyImages-1692153689-683x1024.jpg\" alt=\"Faldas de volantes dominan primavera verano 2026\" width=\"683\" height=\"1024\" srcset=\"https:\/\/graziamagazine.com\/mx\/wp-content\/uploads\/sites\/13\/2026\/03\/GettyImages-1692153689-683x1024.jpg 683w, https:\/\/graziamagazine.com\/mx\/wp-content\/uploads\/sites\/13\/2026\/03\/GettyImages-1692153689-300x450.jpg 300w, https:\/\/graziamagazine.com\/mx\/wp-content\/uploads\/sites\/13\/2026\/03\/GettyImages-1692153689-768x1151.jpg 768w, https:\/\/graziamagazine.com\/mx\/wp-content\/uploads\/sites\/13\/2026\/03\/GettyImages-1692153689-1024x1536.jpg 1024w, https:\/\/graziamagazine.com\/mx\/wp-content\/uploads\/sites\/13\/2026\/03\/GettyImages-1692153689-400x600.jpg 400w, https:\/\/graziamagazine.com\/mx\/wp-content\/uploads\/sites\/13\/2026\/03\/GettyImages-1692153689-143x215.jpg 143w\" sizes=\"(max-width: 683px) 100vw, 683px\" \/><figcaption id=\"caption-attachment-168063\" class=\"wp-caption-text\">Faldas de volantes dominan primavera verano 2026<\/figcaption><\/figure>\n<p data-start=\"2430\" data-end=\"2646\">La versatilidad de esta tendencia permite adaptarla f\u00e1cilmente a distintos estilos. Para el d\u00eda a d\u00eda, una falda de volantes combinada con una camiseta b\u00e1sica y calzado plano crea un look relajado pero con intenci\u00f3n.<\/p>\n<p data-start=\"2648\" data-end=\"2859\">Para ocasiones m\u00e1s formales, estas faldas pueden integrarse con prendas superiores m\u00e1s estructuradas. Este contraste estil\u00edstico permite equilibrar el volumen y aporta una imagen sofisticada sin perder frescura.<\/p>\n<p data-start=\"2861\" data-end=\"3016\">Tambi\u00e9n son una opci\u00f3n ideal para eventos de primavera, donde el movimiento natural de la prenda a\u00f1ade un aire festivo y elegante sin necesidad de excesos.<\/p>\n<h2 data-section-id=\"neo6h4\" data-start=\"3018\" data-end=\"3048\">Un cl\u00e1sico que evoluciona<\/h2>\n<p><img loading=\"lazy\" decoding=\"async\" class=\"size-large wp-image-168068\" src=\"https:\/\/graziamagazine.com\/mx\/wp-content\/uploads\/sites\/13\/2026\/03\/GettyImages-2264590293-683x1024.jpg\" alt=\"\" width=\"683\" height=\"1024\" srcset=\"https:\/\/graziamagazine.com\/mx\/wp-content\/uploads\/sites\/13\/2026\/03\/GettyImages-2264590293-683x1024.jpg 683w, https:\/\/graziamagazine.com\/mx\/wp-content\/uploads\/sites\/13\/2026\/03\/GettyImages-2264590293-300x450.jpg 300w, https:\/\/graziamagazine.com\/mx\/wp-content\/uploads\/sites\/13\/2026\/03\/GettyImages-2264590293-768x1152.jpg 768w, https:\/\/graziamagazine.com\/mx\/wp-content\/uploads\/sites\/13\/2026\/03\/GettyImages-2264590293-1024x1536.jpg 1024w, https:\/\/graziamagazine.com\/mx\/wp-content\/uploads\/sites\/13\/2026\/03\/GettyImages-2264590293-1365x2048.jpg 1365w, https:\/\/graziamagazine.com\/mx\/wp-content\/uploads\/sites\/13\/2026\/03\/GettyImages-2264590293-400x600.jpg 400w, https:\/\/graziamagazine.com\/mx\/wp-content\/uploads\/sites\/13\/2026\/03\/GettyImages-2264590293-143x215.jpg 143w, https:\/\/graziamagazine.com\/mx\/wp-content\/uploads\/sites\/13\/2026\/03\/GettyImages-2264590293-scaled.jpg 1706w\" sizes=\"(max-width: 683px) 100vw, 683px\" \/><\/p>\n<p data-start=\"3050\" data-end=\"3254\">La permanencia de los volantes en la moda demuestra su capacidad de adaptaci\u00f3n. Aunque su est\u00e9tica tiene ra\u00edces profundas, su reinterpretaci\u00f3n constante los mantiene relevantes dentro del panorama actual.<\/p>\n<p data-start=\"3256\" data-end=\"3477\">En la primavera verano 2026, las faldas de volantes no solo regresan, se consolidan como una declaraci\u00f3n de estilo. Representan una moda que apuesta por el movimiento, la expresi\u00f3n y la conexi\u00f3n emocional con las prendas.<\/p>\n<p data-start=\"3661\" data-end=\"3793\" data-is-last-node=\"\" data-is-only-node=\"\"><em><strong>*IMAGEN: Getty Images<\/strong><\/em><\/p>\n","protected":false},"author":28953,"featured_media":168067,"template":"","format":"standard","categories":[4],"acf":[],"yoast_head":"<!-- This site is optimized with the Yoast SEO Premium plugin v18.5 (Yoast SEO v20.4) - https:\/\/yoast.com\/wordpress\/plugins\/seo\/ -->\n<title>Faldas de volantes dominan primavera verano 2026<\/title>\n<meta name=\"description\" content=\"El volumen y movimiento de los volantes regresan con fuerza como s\u00edmbolo de feminidad y estilo esta temporada\" \/>\n<meta name=\"robots\" content=\"index, follow, max-snippet:-1, max-image-preview:large, max-video-preview:-1\" \/>\n<link rel=\"canonical\" href=\"https:\/\/graziamagazine.com\/mx\/articles\/faldas-volantes-para-primavera-verano-2026\/\" \/>\n<meta property=\"og:locale\" content=\"es_MX\" \/>\n<meta property=\"og:type\" content=\"article\" \/>\n<meta property=\"og:title\" content=\"Faldas de volantes dominan primavera verano 2026\" \/>\n<meta property=\"og:description\" content=\"El volumen y movimiento de los volantes regresan con fuerza como s\u00edmbolo de feminidad y estilo esta temporada\" \/>\n<meta property=\"og:url\" content=\"https:\/\/graziamagazine.com\/mx\/articles\/faldas-volantes-para-primavera-verano-2026\/\" \/>\n<meta property=\"og:site_name\" content=\"Grazia M\u00e9xico y Latinoam\u00e9rica\" \/>\n<meta property=\"article:modified_time\" content=\"2026-03-17T16:39:09+00:00\" \/>\n<meta property=\"og:image\" content=\"https:\/\/graziamagazine.com\/mx\/wp-content\/uploads\/sites\/13\/2026\/03\/GettyImages-2264588893-scaled.jpg\" \/>\n\t<meta property=\"og:image:width\" content=\"2560\" \/>\n\t<meta property=\"og:image:height\" content=\"1706\" \/>\n\t<meta property=\"og:image:type\" content=\"image\/jpeg\" \/>\n<meta name=\"twitter:card\" content=\"summary_large_image\" \/>\n<meta name=\"twitter:label1\" content=\"Est. reading time\" \/>\n\t<meta name=\"twitter:data1\" content=\"4 minutos\" \/>\n<script type=\"application\/ld+json\" class=\"yoast-schema-graph\">{\"@context\":\"https:\/\/schema.org\",\"@graph\":[{\"@type\":\"WebPage\",\"@id\":\"https:\/\/graziamagazine.com\/mx\/articles\/faldas-volantes-para-primavera-verano-2026\/\",\"url\":\"https:\/\/graziamagazine.com\/mx\/articles\/faldas-volantes-para-primavera-verano-2026\/\",\"name\":\"Faldas de volantes dominan primavera verano 2026\",\"isPartOf\":{\"@id\":\"https:\/\/graziamagazine.com\/mx\/#website\"},\"datePublished\":\"2026-03-17T16:28:18+00:00\",\"dateModified\":\"2026-03-17T16:39:09+00:00\",\"description\":\"El volumen y movimiento de los volantes regresan con fuerza como s\u00edmbolo de feminidad y estilo esta temporada\",\"breadcrumb\":{\"@id\":\"https:\/\/graziamagazine.com\/mx\/articles\/faldas-volantes-para-primavera-verano-2026\/#breadcrumb\"},\"inLanguage\":\"es-MX\",\"potentialAction\":[{\"@type\":\"ReadAction\",\"target\":[\"https:\/\/graziamagazine.com\/mx\/articles\/faldas-volantes-para-primavera-verano-2026\/\"]}]},{\"@type\":\"BreadcrumbList\",\"@id\":\"https:\/\/graziamagazine.com\/mx\/articles\/faldas-volantes-para-primavera-verano-2026\/#breadcrumb\",\"itemListElement\":[{\"@type\":\"ListItem\",\"position\":1,\"name\":\"Home\",\"item\":\"https:\/\/graziamagazine.com\/mx\/\"},{\"@type\":\"ListItem\",\"position\":2,\"name\":\"Faldas de volantes dominan primavera verano 2026\"}]},{\"@type\":\"WebSite\",\"@id\":\"https:\/\/graziamagazine.com\/mx\/#website\",\"url\":\"https:\/\/graziamagazine.com\/mx\/\",\"name\":\"Grazia M\u00e9xico y Latinoam\u00e9rica\",\"description\":\"Grazia es moda, belleza y noticias  de actualidad \",\"potentialAction\":[{\"@type\":\"SearchAction\",\"target\":{\"@type\":\"EntryPoint\",\"urlTemplate\":\"https:\/\/graziamagazine.com\/mx\/?s={search_term_string}\"},\"query-input\":\"required name=search_term_string\"}],\"inLanguage\":\"es-MX\"}]}<\/script>\n<!-- \/ Yoast SEO Premium plugin. -->","yoast_head_json":{"title":"Faldas de volantes dominan primavera verano 2026","description":"El volumen y movimiento de los volantes regresan con fuerza como s\u00edmbolo de feminidad y estilo esta temporada","robots":{"index":"index","follow":"follow","max-snippet":"max-snippet:-1","max-image-preview":"max-image-preview:large","max-video-preview":"max-video-preview:-1"},"canonical":"https:\/\/graziamagazine.com\/mx\/articles\/faldas-volantes-para-primavera-verano-2026\/","og_locale":"es_MX","og_type":"article","og_title":"Faldas de volantes dominan primavera verano 2026","og_description":"El volumen y movimiento de los volantes regresan con fuerza como s\u00edmbolo de feminidad y estilo esta temporada","og_url":"https:\/\/graziamagazine.com\/mx\/articles\/faldas-volantes-para-primavera-verano-2026\/","og_site_name":"Grazia M\u00e9xico y Latinoam\u00e9rica","article_modified_time":"2026-03-17T16:39:09+00:00","og_image":[{"width":2560,"height":1706,"url":"https:\/\/graziamagazine.com\/mx\/wp-content\/uploads\/sites\/13\/2026\/03\/GettyImages-2264588893-scaled.jpg","type":"image\/jpeg"}],"twitter_card":"summary_large_image","twitter_misc":{"Est. reading time":"4 minutos"},"schema":{"@context":"https:\/\/schema.org","@graph":[{"@type":"WebPage","@id":"https:\/\/graziamagazine.com\/mx\/articles\/faldas-volantes-para-primavera-verano-2026\/","url":"https:\/\/graziamagazine.com\/mx\/articles\/faldas-volantes-para-primavera-verano-2026\/","name":"Faldas de volantes dominan primavera verano 2026","isPartOf":{"@id":"https:\/\/graziamagazine.com\/mx\/#website"},"datePublished":"2026-03-17T16:28:18+00:00","dateModified":"2026-03-17T16:39:09+00:00","description":"El volumen y movimiento de los volantes regresan con fuerza como s\u00edmbolo de feminidad y estilo esta temporada","breadcrumb":{"@id":"https:\/\/graziamagazine.com\/mx\/articles\/faldas-volantes-para-primavera-verano-2026\/#breadcrumb"},"inLanguage":"es-MX","potentialAction":[{"@type":"ReadAction","target":["https:\/\/graziamagazine.com\/mx\/articles\/faldas-volantes-para-primavera-verano-2026\/"]}]},{"@type":"BreadcrumbList","@id":"https:\/\/graziamagazine.com\/mx\/articles\/faldas-volantes-para-primavera-verano-2026\/#breadcrumb","itemListElement":[{"@type":"ListItem","position":1,"name":"Home","item":"https:\/\/graziamagazine.com\/mx\/"},{"@type":"ListItem","position":2,"name":"Faldas de volantes dominan primavera verano 2026"}]},{"@type":"WebSite","@id":"https:\/\/graziamagazine.com\/mx\/#website","url":"https:\/\/graziamagazine.com\/mx\/","name":"Grazia M\u00e9xico y Latinoam\u00e9rica","description":"Grazia es moda, belleza y noticias  de actualidad ","potentialAction":[{"@type":"SearchAction","target":{"@type":"EntryPoint","urlTemplate":"https:\/\/graziamagazine.com\/mx\/?s={search_term_string}"},"query-input":"required name=search_term_string"}],"inLanguage":"es-MX"}]}},"jetpack_sharing_enabled":true,"distributor_meta":false,"distributor_terms":false,"distributor_media":false,"distributor_original_site_name":"Grazia M\u00e9xico y Latinoam\u00e9rica","distributor_original_site_url":"https:\/\/graziamagazine.com\/mx","push-errors":false,"_links":{"self":[{"href":"https:\/\/graziamagazine.com\/mx\/wp-json\/wp\/v2\/articles\/168060"}],"collection":[{"href":"https:\/\/graziamagazine.com\/mx\/wp-json\/wp\/v2\/articles"}],"about":[{"href":"https:\/\/graziamagazine.com\/mx\/wp-json\/wp\/v2\/types\/articles"}],"author":[{"embeddable":true,"href":"https:\/\/graziamagazine.com\/mx\/wp-json\/wp\/v2\/users\/28953"}],"wp:featuredmedia":[{"embeddable":true,"href":"https:\/\/graziamagazine.com\/mx\/wp-json\/wp\/v2\/media\/168067"}],"wp:attachment":[{"href":"https:\/\/graziamagazine.com\/mx\/wp-json\/wp\/v2\/media?parent=168060"}],"wp:term":[{"taxonomy":"category","embeddable":true,"href":"https:\/\/graziamagazine.com\/mx\/wp-json\/wp\/v2\/categories?post=168060"}],"curies":[{"name":"wp","href":"https:\/\/api.w.org\/{rel}","templated":true}]}}