{"id":167939,"date":"2026-03-16T08:33:27","date_gmt":"2026-03-16T13:33:27","guid":{"rendered":"https:\/\/graziamagazine.com\/mx\/?post_type=articles&#038;p=167939"},"modified":"2026-03-16T10:52:42","modified_gmt":"2026-03-16T15:52:42","slug":"los-looks-del-after-party-de-los-premios-oscar-2026","status":"publish","type":"articles","link":"https:\/\/graziamagazine.com\/mx\/articles\/los-looks-del-after-party-de-los-premios-oscar-2026\/","title":{"rendered":"Los looks del after party de los Premios Oscar 2026"},"content":{"rendered":"<p>La alfombra roja de los Premios Oscar no es la \u00fanica que se espera con atenci\u00f3n cada vez que llega la noche m\u00e1s brillante de Hollywwod. Las fiestas que se celebran despu\u00e9s de la gala, son incluso mucho m\u00e1s esperadas<\/p>\n<p>Repasamos los mejores looks del after party de los Oscar 2026<\/p>\n<h3>Anya Taylor-Joy, de John Galliano Vintage para Dior<\/h3>\n<p><img decoding=\"async\" src=\"https:\/\/media.vogue.es\/photos\/69b7d484da880d9fbd504b91\/master\/w_1024%2Cc_limit\/GettyImages-2266777351.jpg\" alt=\"fiesta vanity fair 2026 oscar anya taylor joy\" \/><\/p>\n<h3>Dua Lipa, de schiaparelli<\/h3>\n<p><img decoding=\"async\" src=\"https:\/\/media.vogue.es\/photos\/69b7d1cc6f624be61141aa4b\/master\/w_1024%2Cc_limit\/GettyImages-2266767491.jpg\" alt=\"fiesta vanity fair 2026 oscar dua lipa y callum turner\" \/><\/p>\n<h3>Kylie Jenner, de Mcqueen y Timoth\u00e9e Chalamet<\/h3>\n<p><img decoding=\"async\" src=\"https:\/\/media.vogue.es\/photos\/69b7bb517fbee4550a4106c7\/master\/w_1024%2Cc_limit\/GettyImages-2266356027.jpg\" alt=\"Kylie jenner y timothee chalamet en la fiesta vanity fair 2026 oscar\" \/><\/p>\n<h3>Hailey Bieber, de custom Armani<\/h3>\n<p><img decoding=\"async\" src=\"https:\/\/media.vogue.es\/photos\/69b78f0c7f7252e11b24711c\/master\/w_1024%2Cc_limit\/2266743998\" alt=\"Fiesta Vanity Fair 2026 oscar hailey bieber\" \/><\/p>\n<h3>kendall jenner, de chanel<\/h3>\n<p><img decoding=\"async\" src=\"https:\/\/media.vogue.es\/photos\/69b78f0c7f7252e11b24711a\/master\/w_1024%2Cc_limit\/2266743995\" alt=\"Fiesta Vanity Fair 2026 oscar Kendall jenner\" \/><\/p>\n<h3>Demi Moore, de Balenciaga<\/h3>\n<p><img decoding=\"async\" src=\"https:\/\/media.vogue.es\/photos\/69b7d48ac7e47744b630cb3d\/master\/w_1024%2Cc_limit\/GettyImages-2266355776.jpg\" alt=\"fiesta vanity fair 2026 oscar demi moore\" \/><\/p>\n<h3>Kate Hudson, de Gucci<\/h3>\n<p><img decoding=\"async\" src=\"https:\/\/media.vogue.es\/photos\/69b7d47e271005c8ec377bdf\/master\/w_1024%2Cc_limit\/GettyImages-2266783720.jpg\" alt=\"fiesta vanity fair 2026 oscar kate hudson\" \/><\/p>\n<h3>Bella Hadid, de Prada<\/h3>\n<p><img decoding=\"async\" src=\"https:\/\/media.vogue.es\/photos\/69b7d1cba75e3c75776df0c8\/master\/w_1024%2Cc_limit\/GettyImages-2266763213.jpg\" alt=\"fiesta vanity fair 2026 oscar bella hadid\" \/><\/p>\n<h3>Suki Waterhouse, de Tamara Ralph y Robert Pattinson, de Dior<\/h3>\n<div class=\"GalleryVotingSlideWrapper-dgpUtm blZZIQ\" data-event-boundary=\"click\" data-event-click=\"{&quot;pattern&quot;:&quot;GalleryVotingSlide&quot;}\" data-in-view=\"{&quot;pattern&quot;:&quot;GalleryVotingSlide&quot;}\" data-include-experiments=\"true\">\n<div class=\"VotingWrapper-hyFpPt hCYbww\" data-testid=\"voting\"><\/div>\n<\/div>\n<p><img decoding=\"async\" src=\"https:\/\/media.vogue.es\/photos\/69b78f0c7f7252e11b247124\/master\/w_1024%2Cc_limit\/2266744105\" alt=\"Fiesta Vanity Fair 2026 oscar suki waterhouse y robert pattinson\" \/><\/p>\n<h3>Elle y Dakota Fanning<\/h3>\n<p>Elle con un vestido de\u00a0Givenchy y Dakota, con una creaci\u00f3n de Zuhair Murad.<\/p>\n<p><img decoding=\"async\" src=\"https:\/\/media.vogue.es\/photos\/69b79bcf6c2e67fddffdf15b\/master\/w_1024%2Cc_limit\/2266746556\" alt=\"elle y dakota fanning en la fiesta vanity fair 2026\" \/><\/p>\n<h3>Nicole KIdman, de chanel<\/h3>\n<p><img decoding=\"async\" src=\"https:\/\/media.vogue.es\/photos\/69b78f0c7f7252e11b247119\/master\/w_1024%2Cc_limit\/2266743094\" alt=\"Fiesta Vanity Fair 2026 oscar Nicole kidman\" \/><\/p>\n<h3>Sara Pidgeon, de Calvin Klein<\/h3>\n<p><img decoding=\"async\" src=\"https:\/\/media.vogue.es\/photos\/69b78f0c7f7252e11b247120\/master\/w_1024%2Cc_limit\/2266336284\" alt=\"Fiesta Vanity Fair 2026 oscar Sarah Pidgeon\" \/><\/p>\n<h3>Jessie Buckley<\/h3>\n<p><img decoding=\"async\" src=\"https:\/\/media.vogue.es\/photos\/69b7d47705233fad1269c832\/master\/w_1024%2Cc_limit\/GettyImages-2266768292.jpg\" alt=\"fiesta vanity fair 2026 oscar jessie buckley\" \/><\/p>\n<h3>Olivia Rodrigo, de saint laurent<\/h3>\n<p>Y zapatos Jimmy Choo.<\/p>\n<p><img decoding=\"async\" src=\"https:\/\/media.vogue.es\/photos\/69b78f0c7f7252e11b24711e\/master\/w_1024%2Cc_limit\/2266735156\" alt=\"La afterparty de los Oscar 2026 Olivia Rodrigo\" \/><\/p>\n<h3>ejae, jonathan anderson para dior<\/h3>\n<p><img decoding=\"async\" src=\"https:\/\/www.hola.com\/horizon\/original_aspect_ratio\/aae7e77dfab1-gettyimages-2266762618.jpg\" alt=\"Ejae\" \/><\/p>\n<h3>kim kardashian, de gucci<\/h3>\n<p><img decoding=\"async\" src=\"https:\/\/media.vogue.es\/photos\/69b78f0c7f7252e11b24711d\/master\/w_1024%2Cc_limit\/2266740259\" alt=\"Fiesta Vanity Fair 2026 oscar kim kardashian\" \/><\/p>\n<h3>Karol G, de Ashi Studio Couture<\/h3>\n<p><img decoding=\"async\" src=\"https:\/\/www.hola.com\/horizon\/portrait\/1bb0f7220464-gettyimages-2266744215.jpg\" alt=\"Karol G\" \/><\/p>\n<h3>Mia Goth, de Dior<\/h3>\n<p><img decoding=\"async\" src=\"https:\/\/media.vogue.es\/photos\/69b7d482c7e47744b630cb34\/master\/w_1024%2Cc_limit\/GettyImages-2266362252.jpg\" alt=\"fiesta vanity fair 2026 oscar mia goth\" \/><\/p>\n<h3>Simone Ashley, de Tamara Ralph<\/h3>\n<p><img decoding=\"async\" src=\"https:\/\/media.vogue.es\/photos\/69b7d483e0038d60d3a32c5a\/master\/w_1024%2Cc_limit\/GettyImages-2266765629.jpg\" alt=\"fiesta vanity fair 2026 oscar simone ashley\" \/><\/p>\n<h3>Lila Moss, de FENDI<\/h3>\n<p><img decoding=\"async\" src=\"https:\/\/media.vogue.es\/photos\/69b7d47e7fbee4550a4108a7\/master\/w_1024%2Cc_limit\/GettyImages-2266782632.jpg\" alt=\"fiesta vanity fair 2026 oscar lila moss\" \/><\/p>\n<h3>Teyana Taylor, de chanel<\/h3>\n<p><img decoding=\"async\" src=\"https:\/\/media.vogue.es\/photos\/69b7d1cc0856b5799ac6d5da\/master\/w_1024%2Cc_limit\/GettyImages-2266768589.jpg\" alt=\"fiesta vanity fair 2026 oscar teyana taylor\" \/><\/p>\n<h3>Alana Haim, de Louis Vuitton<\/h3>\n<p><img decoding=\"async\" src=\"https:\/\/media.vogue.es\/photos\/69b7d477a75e3c75776df0e3\/master\/w_1024%2Cc_limit\/GettyImages-2266356227.jpg\" alt=\"fiesta vanity fair 2026 oscar\" \/><\/p>\n<h3>Danielle Haim, de louis vuitton<\/h3>\n<p><img decoding=\"async\" src=\"https:\/\/media.vogue.es\/photos\/69b7d4776f624be61141aa80\/master\/w_1024%2Cc_limit\/GettyImages-2266355786.jpg\" alt=\"fiesta vanity fair 2026 oscar\" \/><\/p>\n<h3>Paul Mescal y Gracie Abrams<\/h3>\n<p><img decoding=\"async\" src=\"https:\/\/media.vogue.es\/photos\/69b7d1cc0856b5799ac6d5d9\/master\/w_1024%2Cc_limit\/GettyImages-2266763454.jpg\" alt=\"fiesta vanity fair 2026 oscar paul mescal y gracie abrams\" \/><\/p>\n<h3>Iris Law, de FENDI<\/h3>\n<p><img decoding=\"async\" src=\"https:\/\/media.vogue.es\/photos\/69b7d8287fbee4550a4108e3\/master\/w_1024%2Cc_limit\/GettyImages-2266768784.jpg\" alt=\"fiesta vanity fair 2026 oscar iris law\" \/><\/p>\n<h3>Kaia Gerber, de Givenchy<\/h3>\n<p><img decoding=\"async\" src=\"https:\/\/media.vogue.es\/photos\/69b78f0c7f7252e11b24711b\/master\/w_1024%2Cc_limit\/2266743136\" alt=\"Fiesta Vanity Fair 2026 oscar Kaia Gerber\" \/><\/p>\n<h3>Jessica Alba, de tamara ralph<\/h3>\n<p><img decoding=\"async\" src=\"https:\/\/media.vogue.es\/photos\/69b78f0c7f7252e11b247146\/master\/w_1024%2Cc_limit\/GettyImages-2266726450.jpg\" alt=\"Fiesta Vanity Fair 2026 oscar jessica alba\" \/><\/p>\n<h3>Cara Delevingne, de harris reed<\/h3>\n<p><img decoding=\"async\" src=\"https:\/\/media.vogue.es\/photos\/69b78f0c7f7252e11b247123\/master\/w_1024%2Cc_limit\/2266336149\" alt=\"Fiesta Vanity Fair 2026 oscar cara delevingne\" \/><\/p>\n<h3>Meg Ryan<\/h3>\n<p><img decoding=\"async\" src=\"https:\/\/media.vogue.es\/photos\/69b78f0c7f7252e11b24713b\/master\/w_1024%2Cc_limit\/2266740785\" alt=\"Fiesta Vanity Fair 2026 oscar meg ryan\" \/><\/p>\n<h3>Amber Valletta<\/h3>\n<p><img decoding=\"async\" src=\"https:\/\/media.vogue.es\/photos\/69b7d47d7fbee4550a4108a6\/master\/w_1024%2Cc_limit\/GettyImages-2266779234.jpg\" alt=\"fiesta vanity fair 2026 oscar amber valletta\" \/><\/p>\n<h3>Donatella Versace<\/h3>\n<p><img decoding=\"async\" src=\"https:\/\/media.vogue.es\/photos\/69b7d478da880d9fbd504b7f\/master\/w_1024%2Cc_limit\/GettyImages-2266770661.jpg\" alt=\"fiesta vanity fair 2026 oscar donatella versace\" \/><\/p>\n<h3>Priyanka Chopra y Nick Jonas<\/h3>\n<h3>Vittoria Ceretti, de ala\u00efa<\/h3>\n<p><img decoding=\"async\" src=\"https:\/\/media.vogue.es\/photos\/69b7d4847fbee4550a4108b7\/master\/w_1024%2Cc_limit\/GettyImages-2266362604.jpg\" alt=\"fiesta vanity fair 2026 oscar vittoria ceretti\" \/><\/p>\n<h3>Rose Byrne (de Dior) y Bobby Carnevale<\/h3>\n<p><img decoding=\"async\" src=\"https:\/\/media.vogue.es\/photos\/69b7d486da880d9fbd504b9a\/master\/w_1024%2Cc_limit\/GettyImages-2266782281.jpg\" alt=\"fiesta vanity fair 2026 oscar rose byrne\" \/><\/p>\n<h3>Zoe Salda\u00f1a<\/h3>\n<p><img decoding=\"async\" src=\"https:\/\/media.vogue.es\/photos\/69b78f0c7f7252e11b24712f\/master\/w_1024%2Cc_limit\/2266741346\" alt=\"Fiesta Vanity Fair 2026 oscar zoe salda\u00f1a\" \/><\/p>\n<h3>Emily Ratajkowsi<\/h3>\n<p><img decoding=\"async\" src=\"https:\/\/media.vogue.es\/photos\/69b78f0c7f7252e11b24712d\/master\/w_1024%2Cc_limit\/2266735781\" alt=\"Fiesta Vanity Fair 2026 oscar emily ratajkoswski\" \/><\/p>\n<h3>Alessandra Ambrosio, de Sophie Couture<\/h3>\n<p><img decoding=\"async\" src=\"https:\/\/www.hola.com\/horizon\/portrait\/48d9ba0a594e-gettyimages-2266341812.jpg\" alt=\"Alessandra Ambrosio\" \/><\/p>\n<h3>Karlie Kloss, de Gucci<\/h3>\n<p><img decoding=\"async\" src=\"https:\/\/estaticos-cdn.prensaiberica.es\/clip\/04117695-0ba7-47ce-b387-2c8ac4b77280_woman-libre-1200_default_0_x640y640.jpg\" alt=\"Karlie Kloss en el afterparty de los Premios Oscar 2026\" \/><\/p>\n<h3>Naomi watts, de balenciaga<\/h3>\n<p><img decoding=\"async\" src=\"https:\/\/estaticos-cdn.prensaiberica.es\/clip\/c8bd51fd-0bdd-4841-abec-6af1711e7a3c_woman-libre-1200_default_0_x640y640.jpg\" alt=\"Naomi Watts en el afterparty de los Premios Oscar 2026\" \/><\/p>\n<h3>Rita Ora<\/h3>\n<p><img decoding=\"async\" src=\"https:\/\/estaticos-cdn.prensaiberica.es\/clip\/10a54569-4843-40ce-b2f2-bde467f98854_woman-libre-1200_default_0_x640y640.jpg\" alt=\"Rita Ora en el afterparty de los Premios Oscar 2026\" \/><\/p>\n<p><em>*Im\u00e1genes: Getty Images<\/em><\/p>\n","protected":false},"author":11653,"featured_media":167940,"template":"","format":"standard","categories":[2],"acf":[],"yoast_head":"<!-- This site is optimized with the Yoast SEO Premium plugin v18.5 (Yoast SEO v20.4) - https:\/\/yoast.com\/wordpress\/plugins\/seo\/ -->\n<title>Los looks del after party de los Premios Oscar 2026<\/title>\n<meta name=\"description\" content=\"La alfombra roja de los Premios Oscar no es la \u00fanica que se espera con atenci\u00f3n cada vez que llega la noche m\u00e1s brillante de Hollywwod. Las fiestas que se\" \/>\n<meta name=\"robots\" content=\"index, follow, max-snippet:-1, max-image-preview:large, max-video-preview:-1\" \/>\n<link rel=\"canonical\" href=\"https:\/\/graziamagazine.com\/mx\/articles\/los-looks-del-after-party-de-los-premios-oscar-2026\/\" \/>\n<meta property=\"og:locale\" content=\"es_MX\" \/>\n<meta property=\"og:type\" content=\"article\" \/>\n<meta property=\"og:title\" content=\"Los looks del after party de los Premios Oscar 2026\" \/>\n<meta property=\"og:description\" content=\"La alfombra roja de los Premios Oscar no es la \u00fanica que se espera con atenci\u00f3n cada vez que llega la noche m\u00e1s brillante de Hollywwod. Las fiestas que se\" \/>\n<meta property=\"og:url\" content=\"https:\/\/graziamagazine.com\/mx\/articles\/los-looks-del-after-party-de-los-premios-oscar-2026\/\" \/>\n<meta property=\"og:site_name\" content=\"Grazia M\u00e9xico y Latinoam\u00e9rica\" \/>\n<meta property=\"article:modified_time\" content=\"2026-03-16T15:52:42+00:00\" \/>\n<meta property=\"og:image\" content=\"https:\/\/graziamagazine.com\/mx\/wp-content\/uploads\/sites\/13\/2026\/03\/69b7c00f178e2.jpeg\" \/>\n\t<meta property=\"og:image:width\" content=\"1200\" \/>\n\t<meta property=\"og:image:height\" content=\"675\" \/>\n\t<meta property=\"og:image:type\" content=\"image\/jpeg\" \/>\n<meta name=\"twitter:card\" content=\"summary_large_image\" \/>\n<meta name=\"twitter:label1\" content=\"Est. reading time\" \/>\n\t<meta name=\"twitter:data1\" content=\"9 minutos\" \/>\n<script type=\"application\/ld+json\" class=\"yoast-schema-graph\">{\"@context\":\"https:\/\/schema.org\",\"@graph\":[{\"@type\":\"WebPage\",\"@id\":\"https:\/\/graziamagazine.com\/mx\/articles\/los-looks-del-after-party-de-los-premios-oscar-2026\/\",\"url\":\"https:\/\/graziamagazine.com\/mx\/articles\/los-looks-del-after-party-de-los-premios-oscar-2026\/\",\"name\":\"Los looks del after party de los Premios Oscar 2026\",\"isPartOf\":{\"@id\":\"https:\/\/graziamagazine.com\/mx\/#website\"},\"datePublished\":\"2026-03-16T13:33:27+00:00\",\"dateModified\":\"2026-03-16T15:52:42+00:00\",\"description\":\"La alfombra roja de los Premios Oscar no es la \u00fanica que se espera con atenci\u00f3n cada vez que llega la noche m\u00e1s brillante de Hollywwod. Las fiestas que se\",\"breadcrumb\":{\"@id\":\"https:\/\/graziamagazine.com\/mx\/articles\/los-looks-del-after-party-de-los-premios-oscar-2026\/#breadcrumb\"},\"inLanguage\":\"es-MX\",\"potentialAction\":[{\"@type\":\"ReadAction\",\"target\":[\"https:\/\/graziamagazine.com\/mx\/articles\/los-looks-del-after-party-de-los-premios-oscar-2026\/\"]}]},{\"@type\":\"BreadcrumbList\",\"@id\":\"https:\/\/graziamagazine.com\/mx\/articles\/los-looks-del-after-party-de-los-premios-oscar-2026\/#breadcrumb\",\"itemListElement\":[{\"@type\":\"ListItem\",\"position\":1,\"name\":\"Home\",\"item\":\"https:\/\/graziamagazine.com\/mx\/\"},{\"@type\":\"ListItem\",\"position\":2,\"name\":\"Los looks del after party de los Premios Oscar 2026\"}]},{\"@type\":\"WebSite\",\"@id\":\"https:\/\/graziamagazine.com\/mx\/#website\",\"url\":\"https:\/\/graziamagazine.com\/mx\/\",\"name\":\"Grazia M\u00e9xico y Latinoam\u00e9rica\",\"description\":\"Grazia es moda, belleza y noticias  de actualidad \",\"potentialAction\":[{\"@type\":\"SearchAction\",\"target\":{\"@type\":\"EntryPoint\",\"urlTemplate\":\"https:\/\/graziamagazine.com\/mx\/?s={search_term_string}\"},\"query-input\":\"required name=search_term_string\"}],\"inLanguage\":\"es-MX\"}]}<\/script>\n<!-- \/ Yoast SEO Premium plugin. -->","yoast_head_json":{"title":"Los looks del after party de los Premios Oscar 2026","description":"La alfombra roja de los Premios Oscar no es la \u00fanica que se espera con atenci\u00f3n cada vez que llega la noche m\u00e1s brillante de Hollywwod. Las fiestas que se","robots":{"index":"index","follow":"follow","max-snippet":"max-snippet:-1","max-image-preview":"max-image-preview:large","max-video-preview":"max-video-preview:-1"},"canonical":"https:\/\/graziamagazine.com\/mx\/articles\/los-looks-del-after-party-de-los-premios-oscar-2026\/","og_locale":"es_MX","og_type":"article","og_title":"Los looks del after party de los Premios Oscar 2026","og_description":"La alfombra roja de los Premios Oscar no es la \u00fanica que se espera con atenci\u00f3n cada vez que llega la noche m\u00e1s brillante de Hollywwod. Las fiestas que se","og_url":"https:\/\/graziamagazine.com\/mx\/articles\/los-looks-del-after-party-de-los-premios-oscar-2026\/","og_site_name":"Grazia M\u00e9xico y Latinoam\u00e9rica","article_modified_time":"2026-03-16T15:52:42+00:00","og_image":[{"width":1200,"height":675,"url":"https:\/\/graziamagazine.com\/mx\/wp-content\/uploads\/sites\/13\/2026\/03\/69b7c00f178e2.jpeg","type":"image\/jpeg"}],"twitter_card":"summary_large_image","twitter_misc":{"Est. reading time":"9 minutos"},"schema":{"@context":"https:\/\/schema.org","@graph":[{"@type":"WebPage","@id":"https:\/\/graziamagazine.com\/mx\/articles\/los-looks-del-after-party-de-los-premios-oscar-2026\/","url":"https:\/\/graziamagazine.com\/mx\/articles\/los-looks-del-after-party-de-los-premios-oscar-2026\/","name":"Los looks del after party de los Premios Oscar 2026","isPartOf":{"@id":"https:\/\/graziamagazine.com\/mx\/#website"},"datePublished":"2026-03-16T13:33:27+00:00","dateModified":"2026-03-16T15:52:42+00:00","description":"La alfombra roja de los Premios Oscar no es la \u00fanica que se espera con atenci\u00f3n cada vez que llega la noche m\u00e1s brillante de Hollywwod. Las fiestas que se","breadcrumb":{"@id":"https:\/\/graziamagazine.com\/mx\/articles\/los-looks-del-after-party-de-los-premios-oscar-2026\/#breadcrumb"},"inLanguage":"es-MX","potentialAction":[{"@type":"ReadAction","target":["https:\/\/graziamagazine.com\/mx\/articles\/los-looks-del-after-party-de-los-premios-oscar-2026\/"]}]},{"@type":"BreadcrumbList","@id":"https:\/\/graziamagazine.com\/mx\/articles\/los-looks-del-after-party-de-los-premios-oscar-2026\/#breadcrumb","itemListElement":[{"@type":"ListItem","position":1,"name":"Home","item":"https:\/\/graziamagazine.com\/mx\/"},{"@type":"ListItem","position":2,"name":"Los looks del after party de los Premios Oscar 2026"}]},{"@type":"WebSite","@id":"https:\/\/graziamagazine.com\/mx\/#website","url":"https:\/\/graziamagazine.com\/mx\/","name":"Grazia M\u00e9xico y Latinoam\u00e9rica","description":"Grazia es moda, belleza y noticias  de actualidad ","potentialAction":[{"@type":"SearchAction","target":{"@type":"EntryPoint","urlTemplate":"https:\/\/graziamagazine.com\/mx\/?s={search_term_string}"},"query-input":"required name=search_term_string"}],"inLanguage":"es-MX"}]}},"jetpack_sharing_enabled":true,"distributor_meta":false,"distributor_terms":false,"distributor_media":false,"distributor_original_site_name":"Grazia M\u00e9xico y Latinoam\u00e9rica","distributor_original_site_url":"https:\/\/graziamagazine.com\/mx","push-errors":false,"_links":{"self":[{"href":"https:\/\/graziamagazine.com\/mx\/wp-json\/wp\/v2\/articles\/167939"}],"collection":[{"href":"https:\/\/graziamagazine.com\/mx\/wp-json\/wp\/v2\/articles"}],"about":[{"href":"https:\/\/graziamagazine.com\/mx\/wp-json\/wp\/v2\/types\/articles"}],"author":[{"embeddable":true,"href":"https:\/\/graziamagazine.com\/mx\/wp-json\/wp\/v2\/users\/11653"}],"wp:featuredmedia":[{"embeddable":true,"href":"https:\/\/graziamagazine.com\/mx\/wp-json\/wp\/v2\/media\/167940"}],"wp:attachment":[{"href":"https:\/\/graziamagazine.com\/mx\/wp-json\/wp\/v2\/media?parent=167939"}],"wp:term":[{"taxonomy":"category","embeddable":true,"href":"https:\/\/graziamagazine.com\/mx\/wp-json\/wp\/v2\/categories?post=167939"}],"curies":[{"name":"wp","href":"https:\/\/api.w.org\/{rel}","templated":true}]}}