{"id":167696,"date":"2026-03-12T09:00:52","date_gmt":"2026-03-12T14:00:52","guid":{"rendered":"https:\/\/graziamagazine.com\/mx\/?post_type=articles&#038;p=167696"},"modified":"2026-03-12T09:30:51","modified_gmt":"2026-03-12T14:30:51","slug":"asi-fue-la-coleccion-de-alexander-mcqueen-fall-winter-2026-2027","status":"publish","type":"articles","link":"https:\/\/graziamagazine.com\/mx\/articles\/asi-fue-la-coleccion-de-alexander-mcqueen-fall-winter-2026-2027\/","title":{"rendered":"As\u00ed fue la colecci\u00f3n de Alexander McQueen Fall\/Winter 2026-2027"},"content":{"rendered":"<p>En los \u00faltimos d\u00edas de Paris Fashion Week, la casa brit\u00e1nica Alexander McQueen present\u00f3 una propuesta infinita del legado de la <a href=\"https:\/\/www.alexandermcqueen.com\/zh-gb\/cp\/autumn-winter-2026-show#fashion-show\" target=\"_blank\">Maison<\/a> con con toques contempor\u00e1neos para su colecci\u00f3n Fall\/Winter 2026-2027. Bajo la direcci\u00f3n creativa de Se\u00e1n McGirr, el desfile muestra como inspiraci\u00f3n la herencia hist\u00f3rica del reconocido dise\u00f1ador Alexander McQueen.<\/p>\n<p>El centro de la colecci\u00f3n, fue la tensi\u00f3n que existe entre lo que mostramos al mundo y lo que realmente cargamos y vivimos en el interior. Esta inspiraci\u00f3n no solo estuvo reflejada en la est\u00e9tica de los looks, sino tambi\u00e9n en la narrativa para la temporada oto\u00f1o\/invierno de la Maison.<\/p>\n<h3>El romance y la obscuridad para Alexander McQueen<\/h3>\n<div class=\"content-gallery\"><div class=\"gallery-placeholder\"><div class=\"spinner\"><\/div><\/div><span class=\"gallery-pagination\"><\/span><div id=\"gallery-1\" class=\"gallery galleryid-167696 gallery-columns-4 gallery-size-medium\"><figure class=\"gallery-item\"><div class=\"gallery-icon landscape\"><img loading=\"lazy\" decoding=\"async\" width=\"2048\" height=\"2560\" src=\"https:\/\/graziamagazine.com\/mx\/wp-content\/uploads\/sites\/13\/2026\/03\/IMG_1803-scaled.jpeg\" class=\"lazy\" alt=\"\" srcset=\"https:\/\/graziamagazine.com\/mx\/wp-content\/uploads\/sites\/13\/2026\/03\/IMG_1803-scaled.jpeg 2048w, https:\/\/graziamagazine.com\/mx\/wp-content\/uploads\/sites\/13\/2026\/03\/IMG_1803-360x450.jpeg 360w, https:\/\/graziamagazine.com\/mx\/wp-content\/uploads\/sites\/13\/2026\/03\/IMG_1803-819x1024.jpeg 819w, https:\/\/graziamagazine.com\/mx\/wp-content\/uploads\/sites\/13\/2026\/03\/IMG_1803-768x960.jpeg 768w, https:\/\/graziamagazine.com\/mx\/wp-content\/uploads\/sites\/13\/2026\/03\/IMG_1803-1229x1536.jpeg 1229w, https:\/\/graziamagazine.com\/mx\/wp-content\/uploads\/sites\/13\/2026\/03\/IMG_1803-1638x2048.jpeg 1638w, https:\/\/graziamagazine.com\/mx\/wp-content\/uploads\/sites\/13\/2026\/03\/IMG_1803-400x500.jpeg 400w, https:\/\/graziamagazine.com\/mx\/wp-content\/uploads\/sites\/13\/2026\/03\/IMG_1803-155x194.jpeg 155w\" sizes=\"(max-width: 2048px) 100vw, 2048px\" \/><\/div><\/figure><figure class=\"gallery-item\"><div class=\"gallery-icon landscape\"><img loading=\"lazy\" decoding=\"async\" width=\"2048\" height=\"2560\" src=\"https:\/\/graziamagazine.com\/mx\/wp-content\/uploads\/sites\/13\/2026\/03\/IMG_1798-scaled.jpeg\" class=\"lazy\" alt=\"\" srcset=\"https:\/\/graziamagazine.com\/mx\/wp-content\/uploads\/sites\/13\/2026\/03\/IMG_1798-scaled.jpeg 2048w, https:\/\/graziamagazine.com\/mx\/wp-content\/uploads\/sites\/13\/2026\/03\/IMG_1798-360x450.jpeg 360w, https:\/\/graziamagazine.com\/mx\/wp-content\/uploads\/sites\/13\/2026\/03\/IMG_1798-819x1024.jpeg 819w, https:\/\/graziamagazine.com\/mx\/wp-content\/uploads\/sites\/13\/2026\/03\/IMG_1798-768x960.jpeg 768w, https:\/\/graziamagazine.com\/mx\/wp-content\/uploads\/sites\/13\/2026\/03\/IMG_1798-1229x1536.jpeg 1229w, https:\/\/graziamagazine.com\/mx\/wp-content\/uploads\/sites\/13\/2026\/03\/IMG_1798-1638x2048.jpeg 1638w, https:\/\/graziamagazine.com\/mx\/wp-content\/uploads\/sites\/13\/2026\/03\/IMG_1798-400x500.jpeg 400w, https:\/\/graziamagazine.com\/mx\/wp-content\/uploads\/sites\/13\/2026\/03\/IMG_1798-155x194.jpeg 155w\" sizes=\"(max-width: 2048px) 100vw, 2048px\" \/><\/div><\/figure><figure class=\"gallery-item\"><div class=\"gallery-icon landscape\"><img loading=\"lazy\" decoding=\"async\" width=\"2048\" height=\"2560\" src=\"https:\/\/graziamagazine.com\/mx\/wp-content\/uploads\/sites\/13\/2026\/03\/IMG_1797-scaled.jpeg\" class=\"lazy\" alt=\"\" srcset=\"https:\/\/graziamagazine.com\/mx\/wp-content\/uploads\/sites\/13\/2026\/03\/IMG_1797-scaled.jpeg 2048w, https:\/\/graziamagazine.com\/mx\/wp-content\/uploads\/sites\/13\/2026\/03\/IMG_1797-360x450.jpeg 360w, https:\/\/graziamagazine.com\/mx\/wp-content\/uploads\/sites\/13\/2026\/03\/IMG_1797-819x1024.jpeg 819w, https:\/\/graziamagazine.com\/mx\/wp-content\/uploads\/sites\/13\/2026\/03\/IMG_1797-768x960.jpeg 768w, https:\/\/graziamagazine.com\/mx\/wp-content\/uploads\/sites\/13\/2026\/03\/IMG_1797-1229x1536.jpeg 1229w, https:\/\/graziamagazine.com\/mx\/wp-content\/uploads\/sites\/13\/2026\/03\/IMG_1797-1638x2048.jpeg 1638w, https:\/\/graziamagazine.com\/mx\/wp-content\/uploads\/sites\/13\/2026\/03\/IMG_1797-400x500.jpeg 400w, https:\/\/graziamagazine.com\/mx\/wp-content\/uploads\/sites\/13\/2026\/03\/IMG_1797-155x194.jpeg 155w\" sizes=\"(max-width: 2048px) 100vw, 2048px\" \/><\/div><\/figure><figure class=\"gallery-item\"><div class=\"gallery-icon landscape\"><img loading=\"lazy\" decoding=\"async\" width=\"2048\" height=\"2560\" src=\"https:\/\/graziamagazine.com\/mx\/wp-content\/uploads\/sites\/13\/2026\/03\/IMG_1802-scaled.jpeg\" class=\"lazy\" alt=\"As\u00ed fue la colecci\u00f3n de Alexander McQueen Fall\/Winter 2026-2027\" srcset=\"https:\/\/graziamagazine.com\/mx\/wp-content\/uploads\/sites\/13\/2026\/03\/IMG_1802-scaled.jpeg 2048w, https:\/\/graziamagazine.com\/mx\/wp-content\/uploads\/sites\/13\/2026\/03\/IMG_1802-360x450.jpeg 360w, https:\/\/graziamagazine.com\/mx\/wp-content\/uploads\/sites\/13\/2026\/03\/IMG_1802-819x1024.jpeg 819w, https:\/\/graziamagazine.com\/mx\/wp-content\/uploads\/sites\/13\/2026\/03\/IMG_1802-768x960.jpeg 768w, https:\/\/graziamagazine.com\/mx\/wp-content\/uploads\/sites\/13\/2026\/03\/IMG_1802-1229x1536.jpeg 1229w, https:\/\/graziamagazine.com\/mx\/wp-content\/uploads\/sites\/13\/2026\/03\/IMG_1802-1638x2048.jpeg 1638w, https:\/\/graziamagazine.com\/mx\/wp-content\/uploads\/sites\/13\/2026\/03\/IMG_1802-400x500.jpeg 400w, https:\/\/graziamagazine.com\/mx\/wp-content\/uploads\/sites\/13\/2026\/03\/IMG_1802-155x194.jpeg 155w\" sizes=\"(max-width: 2048px) 100vw, 2048px\" \/><\/div><\/figure><\/div><\/div>\n<p>Esta temporada, el romanticismo estuvo de vuelta, en colecciones de varias firmas reconocidas durante estas semanas de la moda.<\/p>\n<p>Alguien que siempre ha tenido este c\u00f3digo definido, es McQUeen, ya que por varios a\u00f1os este ha sido un c\u00f3digo central de narrativa y lo est\u00e9tico. Y para esta temporada, la firma reinterpreta esos c\u00f3digos hacia una versi\u00f3n m\u00e1s contempor\u00e1nea y actualizada.<\/p>\n<h3>McQueen Fall\/Winter 2026-2027<\/h3>\n<p>Entre los looks m\u00e1s destacados, se encuentra un vestido blanco con gorro, intervenido con bordados de flores y pedrer\u00eda, era corto por el frente y una cola larga detr\u00e1s. Tambi\u00e9n protagonizaron vestidos de encaje blanco, algunos con botados de plumas, siluetas estructuradas y varias piezas de corseter\u00eda.<\/p>\n<p>No solo en Milan Fashion Week, tambi\u00e9n en Paris protagoniz\u00f3 la sastrer\u00eda. Una sastrer\u00eda reintentada, no siluetas y cortes cl\u00e1sicos que estamos acostumbrados a ver, esta temporada protagoniz\u00f3 una nueva versi\u00f3n de la sastrer\u00eda m\u00e1s contempor\u00e1nea y algo distintiva. McQueen los lleva a trav\u00e9s de siluetas definidas y estructuradas, especialmente en los hombros, y tambi\u00e9n en muchos materiales.<\/p>\n<div class=\"content-gallery\"><div class=\"gallery-placeholder\"><div class=\"spinner\"><\/div><\/div><span class=\"gallery-pagination\"><\/span><div id=\"gallery-2\" class=\"gallery galleryid-167696 gallery-columns-4 gallery-size-medium\"><figure class=\"gallery-item\"><div class=\"gallery-icon landscape\"><img loading=\"lazy\" decoding=\"async\" width=\"1875\" height=\"2500\" src=\"https:\/\/graziamagazine.com\/mx\/wp-content\/uploads\/sites\/13\/2026\/03\/IMG_1810.jpeg\" class=\"lazy\" alt=\"As\u00ed fue la colecci\u00f3n de Alexander McQueen Fall\/Winter 2026-2027\" srcset=\"https:\/\/graziamagazine.com\/mx\/wp-content\/uploads\/sites\/13\/2026\/03\/IMG_1810.jpeg 1875w, https:\/\/graziamagazine.com\/mx\/wp-content\/uploads\/sites\/13\/2026\/03\/IMG_1810-338x450.jpeg 338w, https:\/\/graziamagazine.com\/mx\/wp-content\/uploads\/sites\/13\/2026\/03\/IMG_1810-768x1024.jpeg 768w, https:\/\/graziamagazine.com\/mx\/wp-content\/uploads\/sites\/13\/2026\/03\/IMG_1810-1152x1536.jpeg 1152w, https:\/\/graziamagazine.com\/mx\/wp-content\/uploads\/sites\/13\/2026\/03\/IMG_1810-1536x2048.jpeg 1536w, https:\/\/graziamagazine.com\/mx\/wp-content\/uploads\/sites\/13\/2026\/03\/IMG_1810-400x533.jpeg 400w, https:\/\/graziamagazine.com\/mx\/wp-content\/uploads\/sites\/13\/2026\/03\/IMG_1810-155x207.jpeg 155w\" sizes=\"(max-width: 1875px) 100vw, 1875px\" \/><\/div><\/figure><figure class=\"gallery-item\"><div class=\"gallery-icon landscape\"><img loading=\"lazy\" decoding=\"async\" width=\"2048\" height=\"2560\" src=\"https:\/\/graziamagazine.com\/mx\/wp-content\/uploads\/sites\/13\/2026\/03\/IMG_1799-scaled.jpeg\" class=\"lazy\" alt=\"\" srcset=\"https:\/\/graziamagazine.com\/mx\/wp-content\/uploads\/sites\/13\/2026\/03\/IMG_1799-scaled.jpeg 2048w, https:\/\/graziamagazine.com\/mx\/wp-content\/uploads\/sites\/13\/2026\/03\/IMG_1799-360x450.jpeg 360w, https:\/\/graziamagazine.com\/mx\/wp-content\/uploads\/sites\/13\/2026\/03\/IMG_1799-819x1024.jpeg 819w, https:\/\/graziamagazine.com\/mx\/wp-content\/uploads\/sites\/13\/2026\/03\/IMG_1799-768x960.jpeg 768w, https:\/\/graziamagazine.com\/mx\/wp-content\/uploads\/sites\/13\/2026\/03\/IMG_1799-1229x1536.jpeg 1229w, https:\/\/graziamagazine.com\/mx\/wp-content\/uploads\/sites\/13\/2026\/03\/IMG_1799-1638x2048.jpeg 1638w, https:\/\/graziamagazine.com\/mx\/wp-content\/uploads\/sites\/13\/2026\/03\/IMG_1799-400x500.jpeg 400w, https:\/\/graziamagazine.com\/mx\/wp-content\/uploads\/sites\/13\/2026\/03\/IMG_1799-155x194.jpeg 155w\" sizes=\"(max-width: 2048px) 100vw, 2048px\" \/><\/div><\/figure><figure class=\"gallery-item\"><div class=\"gallery-icon landscape\"><img loading=\"lazy\" decoding=\"async\" width=\"1875\" height=\"2500\" src=\"https:\/\/graziamagazine.com\/mx\/wp-content\/uploads\/sites\/13\/2026\/03\/IMG_1807.jpeg\" class=\"lazy\" alt=\"\" srcset=\"https:\/\/graziamagazine.com\/mx\/wp-content\/uploads\/sites\/13\/2026\/03\/IMG_1807.jpeg 1875w, https:\/\/graziamagazine.com\/mx\/wp-content\/uploads\/sites\/13\/2026\/03\/IMG_1807-338x450.jpeg 338w, https:\/\/graziamagazine.com\/mx\/wp-content\/uploads\/sites\/13\/2026\/03\/IMG_1807-768x1024.jpeg 768w, https:\/\/graziamagazine.com\/mx\/wp-content\/uploads\/sites\/13\/2026\/03\/IMG_1807-1152x1536.jpeg 1152w, https:\/\/graziamagazine.com\/mx\/wp-content\/uploads\/sites\/13\/2026\/03\/IMG_1807-1536x2048.jpeg 1536w, https:\/\/graziamagazine.com\/mx\/wp-content\/uploads\/sites\/13\/2026\/03\/IMG_1807-400x533.jpeg 400w, https:\/\/graziamagazine.com\/mx\/wp-content\/uploads\/sites\/13\/2026\/03\/IMG_1807-155x207.jpeg 155w\" sizes=\"(max-width: 1875px) 100vw, 1875px\" \/><\/div><\/figure><figure class=\"gallery-item\"><div class=\"gallery-icon landscape\"><img loading=\"lazy\" decoding=\"async\" width=\"1060\" height=\"1413\" src=\"https:\/\/graziamagazine.com\/mx\/wp-content\/uploads\/sites\/13\/2026\/03\/IMG_1649.jpeg\" class=\"lazy\" alt=\"As\u00ed fue la colecci\u00f3n de Alexander McQueen Fall\/Winter 2026-2027\" srcset=\"https:\/\/graziamagazine.com\/mx\/wp-content\/uploads\/sites\/13\/2026\/03\/IMG_1649.jpeg 1060w, https:\/\/graziamagazine.com\/mx\/wp-content\/uploads\/sites\/13\/2026\/03\/IMG_1649-338x450.jpeg 338w, https:\/\/graziamagazine.com\/mx\/wp-content\/uploads\/sites\/13\/2026\/03\/IMG_1649-768x1024.jpeg 768w, https:\/\/graziamagazine.com\/mx\/wp-content\/uploads\/sites\/13\/2026\/03\/IMG_1649-400x533.jpeg 400w, https:\/\/graziamagazine.com\/mx\/wp-content\/uploads\/sites\/13\/2026\/03\/IMG_1649-155x207.jpeg 155w\" sizes=\"(max-width: 1060px) 100vw, 1060px\" \/><\/div><\/figure><figure class=\"gallery-item\"><div class=\"gallery-icon landscape\"><img loading=\"lazy\" decoding=\"async\" width=\"666\" height=\"1000\" src=\"https:\/\/graziamagazine.com\/mx\/wp-content\/uploads\/sites\/13\/2026\/03\/IMG_1787.jpeg\" class=\"lazy\" alt=\"As\u00ed fue la colecci\u00f3n de Alexander McQueen Fall\/Winter 2026-2027\" srcset=\"https:\/\/graziamagazine.com\/mx\/wp-content\/uploads\/sites\/13\/2026\/03\/IMG_1787.jpeg 666w, https:\/\/graziamagazine.com\/mx\/wp-content\/uploads\/sites\/13\/2026\/03\/IMG_1787-300x450.jpeg 300w, https:\/\/graziamagazine.com\/mx\/wp-content\/uploads\/sites\/13\/2026\/03\/IMG_1787-400x601.jpeg 400w, https:\/\/graziamagazine.com\/mx\/wp-content\/uploads\/sites\/13\/2026\/03\/IMG_1787-143x215.jpeg 143w\" sizes=\"(max-width: 666px) 100vw, 666px\" \/><\/div><\/figure><\/div><\/div>\n<p>Otra estrella de la colecci\u00f3n fueron los cuellos g\u00f3ticos y mangas que acompa\u00f1aban a los looks de sastrer\u00eda.<\/p>\n<p>La paleta de color posicion\u00f3 al negro como color dominante de la colecci\u00f3n, acompa\u00f1ado de acentos claros como el blanco. Tambi\u00e9n se sumaron, rojo profundo, burgundy y gris. En cuanto a los materiales, el encaje floral y las transparencias siguieron la l\u00ednea del romanticismo de McQueen. El cuero apareci\u00f3 en chaquetas, pantalones y abrigos, contrastando con jacquards, tules y bordados artesanales especialmente flores.<\/p>\n<p>La colecci\u00f3n reafirma la esencia de Alexander McQueen. Una colecci\u00f3n que mezcla fuerza y esp\u00edritu. Especialmente, en esta el romanticismo oscuro de la firma, se reinterpreta con una mirada contempor\u00e1nea para su legado, record\u00e1ndonos que la <a href=\"https:\/\/graziamagazine.com\/mx\/moda\/\">moda<\/a> tambi\u00e9n tiene una narrativa actual.<\/p>\n","protected":false},"author":42774,"featured_media":167697,"template":"","format":"standard","categories":[4],"acf":[],"yoast_head":"<!-- This site is optimized with the Yoast SEO Premium plugin v18.5 (Yoast SEO v20.4) - https:\/\/yoast.com\/wordpress\/plugins\/seo\/ -->\n<title>As\u00ed fue la colecci\u00f3n de Alexander McQueen Fall\/Winter 2026-2027 | Grazia M\u00e9xico y Latinoam\u00e9rica<\/title>\n<meta name=\"description\" content=\"La colecci\u00f3n Fall\/Winter 2026\u20132027 de Alexander McQueen en Paris Fashion Week reinterpreta el romanticismo oscuro de la casa.\" \/>\n<meta name=\"robots\" content=\"index, follow, max-snippet:-1, max-image-preview:large, max-video-preview:-1\" \/>\n<link rel=\"canonical\" href=\"https:\/\/graziamagazine.com\/mx\/articles\/asi-fue-la-coleccion-de-alexander-mcqueen-fall-winter-2026-2027\/\" \/>\n<meta property=\"og:locale\" content=\"es_MX\" \/>\n<meta property=\"og:type\" content=\"article\" \/>\n<meta property=\"og:title\" content=\"As\u00ed fue la colecci\u00f3n de Alexander McQueen Fall\/Winter 2026-2027\" \/>\n<meta property=\"og:description\" content=\"La colecci\u00f3n Fall\/Winter 2026\u20132027 de Alexander McQueen en Paris Fashion Week reinterpreta el romanticismo oscuro de la casa.\" \/>\n<meta property=\"og:url\" content=\"https:\/\/graziamagazine.com\/mx\/articles\/asi-fue-la-coleccion-de-alexander-mcqueen-fall-winter-2026-2027\/\" \/>\n<meta property=\"og:site_name\" content=\"Grazia M\u00e9xico y Latinoam\u00e9rica\" \/>\n<meta property=\"article:modified_time\" content=\"2026-03-12T14:30:51+00:00\" \/>\n<meta property=\"og:image\" content=\"https:\/\/graziamagazine.com\/mx\/wp-content\/uploads\/sites\/13\/2026\/03\/IMG_1813.jpeg\" \/>\n\t<meta property=\"og:image:width\" content=\"1009\" \/>\n\t<meta property=\"og:image:height\" content=\"676\" \/>\n\t<meta property=\"og:image:type\" content=\"image\/jpeg\" \/>\n<meta name=\"twitter:card\" content=\"summary_large_image\" \/>\n<meta name=\"twitter:label1\" content=\"Est. reading time\" \/>\n\t<meta name=\"twitter:data1\" content=\"2 minutos\" \/>\n<script type=\"application\/ld+json\" class=\"yoast-schema-graph\">{\"@context\":\"https:\/\/schema.org\",\"@graph\":[{\"@type\":\"WebPage\",\"@id\":\"https:\/\/graziamagazine.com\/mx\/articles\/asi-fue-la-coleccion-de-alexander-mcqueen-fall-winter-2026-2027\/\",\"url\":\"https:\/\/graziamagazine.com\/mx\/articles\/asi-fue-la-coleccion-de-alexander-mcqueen-fall-winter-2026-2027\/\",\"name\":\"As\u00ed fue la colecci\u00f3n de Alexander McQueen Fall\/Winter 2026-2027 | Grazia M\u00e9xico y Latinoam\u00e9rica\",\"isPartOf\":{\"@id\":\"https:\/\/graziamagazine.com\/mx\/#website\"},\"datePublished\":\"2026-03-12T14:00:52+00:00\",\"dateModified\":\"2026-03-12T14:30:51+00:00\",\"description\":\"La colecci\u00f3n Fall\/Winter 2026\u20132027 de Alexander McQueen en Paris Fashion Week reinterpreta el romanticismo oscuro de la casa.\",\"breadcrumb\":{\"@id\":\"https:\/\/graziamagazine.com\/mx\/articles\/asi-fue-la-coleccion-de-alexander-mcqueen-fall-winter-2026-2027\/#breadcrumb\"},\"inLanguage\":\"es-MX\",\"potentialAction\":[{\"@type\":\"ReadAction\",\"target\":[\"https:\/\/graziamagazine.com\/mx\/articles\/asi-fue-la-coleccion-de-alexander-mcqueen-fall-winter-2026-2027\/\"]}]},{\"@type\":\"BreadcrumbList\",\"@id\":\"https:\/\/graziamagazine.com\/mx\/articles\/asi-fue-la-coleccion-de-alexander-mcqueen-fall-winter-2026-2027\/#breadcrumb\",\"itemListElement\":[{\"@type\":\"ListItem\",\"position\":1,\"name\":\"Home\",\"item\":\"https:\/\/graziamagazine.com\/mx\/\"},{\"@type\":\"ListItem\",\"position\":2,\"name\":\"As\u00ed fue la colecci\u00f3n de Alexander McQueen Fall\/Winter 2026-2027\"}]},{\"@type\":\"WebSite\",\"@id\":\"https:\/\/graziamagazine.com\/mx\/#website\",\"url\":\"https:\/\/graziamagazine.com\/mx\/\",\"name\":\"Grazia M\u00e9xico y Latinoam\u00e9rica\",\"description\":\"Grazia es moda, belleza y noticias  de actualidad \",\"potentialAction\":[{\"@type\":\"SearchAction\",\"target\":{\"@type\":\"EntryPoint\",\"urlTemplate\":\"https:\/\/graziamagazine.com\/mx\/?s={search_term_string}\"},\"query-input\":\"required name=search_term_string\"}],\"inLanguage\":\"es-MX\"}]}<\/script>\n<!-- \/ Yoast SEO Premium plugin. -->","yoast_head_json":{"title":"As\u00ed fue la colecci\u00f3n de Alexander McQueen Fall\/Winter 2026-2027 | Grazia M\u00e9xico y Latinoam\u00e9rica","description":"La colecci\u00f3n Fall\/Winter 2026\u20132027 de Alexander McQueen en Paris Fashion Week reinterpreta el romanticismo oscuro de la casa.","robots":{"index":"index","follow":"follow","max-snippet":"max-snippet:-1","max-image-preview":"max-image-preview:large","max-video-preview":"max-video-preview:-1"},"canonical":"https:\/\/graziamagazine.com\/mx\/articles\/asi-fue-la-coleccion-de-alexander-mcqueen-fall-winter-2026-2027\/","og_locale":"es_MX","og_type":"article","og_title":"As\u00ed fue la colecci\u00f3n de Alexander McQueen Fall\/Winter 2026-2027","og_description":"La colecci\u00f3n Fall\/Winter 2026\u20132027 de Alexander McQueen en Paris Fashion Week reinterpreta el romanticismo oscuro de la casa.","og_url":"https:\/\/graziamagazine.com\/mx\/articles\/asi-fue-la-coleccion-de-alexander-mcqueen-fall-winter-2026-2027\/","og_site_name":"Grazia M\u00e9xico y Latinoam\u00e9rica","article_modified_time":"2026-03-12T14:30:51+00:00","og_image":[{"width":1009,"height":676,"url":"https:\/\/graziamagazine.com\/mx\/wp-content\/uploads\/sites\/13\/2026\/03\/IMG_1813.jpeg","type":"image\/jpeg"}],"twitter_card":"summary_large_image","twitter_misc":{"Est. reading time":"2 minutos"},"schema":{"@context":"https:\/\/schema.org","@graph":[{"@type":"WebPage","@id":"https:\/\/graziamagazine.com\/mx\/articles\/asi-fue-la-coleccion-de-alexander-mcqueen-fall-winter-2026-2027\/","url":"https:\/\/graziamagazine.com\/mx\/articles\/asi-fue-la-coleccion-de-alexander-mcqueen-fall-winter-2026-2027\/","name":"As\u00ed fue la colecci\u00f3n de Alexander McQueen Fall\/Winter 2026-2027 | Grazia M\u00e9xico y Latinoam\u00e9rica","isPartOf":{"@id":"https:\/\/graziamagazine.com\/mx\/#website"},"datePublished":"2026-03-12T14:00:52+00:00","dateModified":"2026-03-12T14:30:51+00:00","description":"La colecci\u00f3n Fall\/Winter 2026\u20132027 de Alexander McQueen en Paris Fashion Week reinterpreta el romanticismo oscuro de la casa.","breadcrumb":{"@id":"https:\/\/graziamagazine.com\/mx\/articles\/asi-fue-la-coleccion-de-alexander-mcqueen-fall-winter-2026-2027\/#breadcrumb"},"inLanguage":"es-MX","potentialAction":[{"@type":"ReadAction","target":["https:\/\/graziamagazine.com\/mx\/articles\/asi-fue-la-coleccion-de-alexander-mcqueen-fall-winter-2026-2027\/"]}]},{"@type":"BreadcrumbList","@id":"https:\/\/graziamagazine.com\/mx\/articles\/asi-fue-la-coleccion-de-alexander-mcqueen-fall-winter-2026-2027\/#breadcrumb","itemListElement":[{"@type":"ListItem","position":1,"name":"Home","item":"https:\/\/graziamagazine.com\/mx\/"},{"@type":"ListItem","position":2,"name":"As\u00ed fue la colecci\u00f3n de Alexander McQueen Fall\/Winter 2026-2027"}]},{"@type":"WebSite","@id":"https:\/\/graziamagazine.com\/mx\/#website","url":"https:\/\/graziamagazine.com\/mx\/","name":"Grazia M\u00e9xico y Latinoam\u00e9rica","description":"Grazia es moda, belleza y noticias  de actualidad ","potentialAction":[{"@type":"SearchAction","target":{"@type":"EntryPoint","urlTemplate":"https:\/\/graziamagazine.com\/mx\/?s={search_term_string}"},"query-input":"required name=search_term_string"}],"inLanguage":"es-MX"}]}},"jetpack_sharing_enabled":true,"distributor_meta":false,"distributor_terms":false,"distributor_media":false,"distributor_original_site_name":"Grazia M\u00e9xico y Latinoam\u00e9rica","distributor_original_site_url":"https:\/\/graziamagazine.com\/mx","push-errors":false,"_links":{"self":[{"href":"https:\/\/graziamagazine.com\/mx\/wp-json\/wp\/v2\/articles\/167696"}],"collection":[{"href":"https:\/\/graziamagazine.com\/mx\/wp-json\/wp\/v2\/articles"}],"about":[{"href":"https:\/\/graziamagazine.com\/mx\/wp-json\/wp\/v2\/types\/articles"}],"author":[{"embeddable":true,"href":"https:\/\/graziamagazine.com\/mx\/wp-json\/wp\/v2\/users\/42774"}],"wp:featuredmedia":[{"embeddable":true,"href":"https:\/\/graziamagazine.com\/mx\/wp-json\/wp\/v2\/media\/167697"}],"wp:attachment":[{"href":"https:\/\/graziamagazine.com\/mx\/wp-json\/wp\/v2\/media?parent=167696"}],"wp:term":[{"taxonomy":"category","embeddable":true,"href":"https:\/\/graziamagazine.com\/mx\/wp-json\/wp\/v2\/categories?post=167696"}],"curies":[{"name":"wp","href":"https:\/\/api.w.org\/{rel}","templated":true}]}}