{"id":167377,"date":"2026-03-06T08:46:13","date_gmt":"2026-03-06T13:46:13","guid":{"rendered":"https:\/\/graziamagazine.com\/mx\/?post_type=articles&#038;p=167377"},"modified":"2026-03-06T08:49:24","modified_gmt":"2026-03-06T13:49:24","slug":"la-vision-futurista-de-rick-owens-fall-2026","status":"publish","type":"articles","link":"https:\/\/graziamagazine.com\/mx\/articles\/la-vision-futurista-de-rick-owens-fall-2026\/","title":{"rendered":"La visi\u00f3n futurista de Rick Owens Fall 2026"},"content":{"rendered":"<p data-path-to-node=\"2\">La reciente pasarela de <b data-path-to-node=\"2\" data-index-in-node=\"24\">Rick Owens<\/b> para la temporada Fall 2026 Ready-to-Wear se presenta como una respuesta est\u00e9tica ante un mundo en constante crisis. El dise\u00f1ador, conocido por su capacidad de anticipar el pulso social, propone una narrativa donde la moda no es solo adorno, sino una herramienta de car\u00e1cter frente a la adversidad.<\/p>\n<p data-path-to-node=\"2\">Inspirado por la ic\u00f3nica Marlene Dietrich y su transici\u00f3n de provocadora a figura de fortaleza, Owens construye un universo de glamour feroz. Las piezas evocan tribus de planetas distantes o guerreros de realidades alternativas, utilizando una paleta de colores terrosos y texturas que parecen emerger directamente del suelo para proteger al individuo.<\/p>\n<h2 data-path-to-node=\"3\">El refugio textil en formas org\u00e1nicas<\/h2>\n<div class=\"content-gallery\"><div class=\"gallery-placeholder\"><div class=\"spinner\"><\/div><\/div><span class=\"gallery-pagination\"><\/span><div id=\"gallery-1\" class=\"gallery galleryid-167377 gallery-columns- gallery-size-\"><figure class=\"gallery-item\"><div class=\"gallery-icon landscape\"><img loading=\"lazy\" decoding=\"async\" width=\"762\" height=\"1136\" src=\"https:\/\/graziamagazine.com\/mx\/wp-content\/uploads\/sites\/13\/2026\/03\/Captura-de-Pantalla-2026-03-06-a-las-7.36.32.png\" class=\"lazy\" alt=\"\" srcset=\"https:\/\/graziamagazine.com\/mx\/wp-content\/uploads\/sites\/13\/2026\/03\/Captura-de-Pantalla-2026-03-06-a-las-7.36.32.png 762w, https:\/\/graziamagazine.com\/mx\/wp-content\/uploads\/sites\/13\/2026\/03\/Captura-de-Pantalla-2026-03-06-a-las-7.36.32-302x450.png 302w, https:\/\/graziamagazine.com\/mx\/wp-content\/uploads\/sites\/13\/2026\/03\/Captura-de-Pantalla-2026-03-06-a-las-7.36.32-687x1024.png 687w, https:\/\/graziamagazine.com\/mx\/wp-content\/uploads\/sites\/13\/2026\/03\/Captura-de-Pantalla-2026-03-06-a-las-7.36.32-400x596.png 400w, https:\/\/graziamagazine.com\/mx\/wp-content\/uploads\/sites\/13\/2026\/03\/Captura-de-Pantalla-2026-03-06-a-las-7.36.32-144x215.png 144w\" sizes=\"(max-width: 762px) 100vw, 762px\" \/><\/div><\/figure><figure class=\"gallery-item\"><div class=\"gallery-icon landscape\"><img loading=\"lazy\" decoding=\"async\" width=\"762\" height=\"1136\" src=\"https:\/\/graziamagazine.com\/mx\/wp-content\/uploads\/sites\/13\/2026\/03\/Captura-de-Pantalla-2026-03-06-a-las-7.36.37.png\" class=\"lazy\" alt=\"\" srcset=\"https:\/\/graziamagazine.com\/mx\/wp-content\/uploads\/sites\/13\/2026\/03\/Captura-de-Pantalla-2026-03-06-a-las-7.36.37.png 762w, https:\/\/graziamagazine.com\/mx\/wp-content\/uploads\/sites\/13\/2026\/03\/Captura-de-Pantalla-2026-03-06-a-las-7.36.37-302x450.png 302w, https:\/\/graziamagazine.com\/mx\/wp-content\/uploads\/sites\/13\/2026\/03\/Captura-de-Pantalla-2026-03-06-a-las-7.36.37-687x1024.png 687w, https:\/\/graziamagazine.com\/mx\/wp-content\/uploads\/sites\/13\/2026\/03\/Captura-de-Pantalla-2026-03-06-a-las-7.36.37-400x596.png 400w, https:\/\/graziamagazine.com\/mx\/wp-content\/uploads\/sites\/13\/2026\/03\/Captura-de-Pantalla-2026-03-06-a-las-7.36.37-144x215.png 144w\" sizes=\"(max-width: 762px) 100vw, 762px\" \/><\/div><\/figure><figure class=\"gallery-item\"><div class=\"gallery-icon landscape\"><img loading=\"lazy\" decoding=\"async\" width=\"762\" height=\"1136\" src=\"https:\/\/graziamagazine.com\/mx\/wp-content\/uploads\/sites\/13\/2026\/03\/Captura-de-Pantalla-2026-03-06-a-las-7.36.47.png\" class=\"lazy\" alt=\"\" srcset=\"https:\/\/graziamagazine.com\/mx\/wp-content\/uploads\/sites\/13\/2026\/03\/Captura-de-Pantalla-2026-03-06-a-las-7.36.47.png 762w, https:\/\/graziamagazine.com\/mx\/wp-content\/uploads\/sites\/13\/2026\/03\/Captura-de-Pantalla-2026-03-06-a-las-7.36.47-302x450.png 302w, https:\/\/graziamagazine.com\/mx\/wp-content\/uploads\/sites\/13\/2026\/03\/Captura-de-Pantalla-2026-03-06-a-las-7.36.47-687x1024.png 687w, https:\/\/graziamagazine.com\/mx\/wp-content\/uploads\/sites\/13\/2026\/03\/Captura-de-Pantalla-2026-03-06-a-las-7.36.47-400x596.png 400w, https:\/\/graziamagazine.com\/mx\/wp-content\/uploads\/sites\/13\/2026\/03\/Captura-de-Pantalla-2026-03-06-a-las-7.36.47-144x215.png 144w\" sizes=\"(max-width: 762px) 100vw, 762px\" \/><\/div><\/figure><figure class=\"gallery-item\"><div class=\"gallery-icon landscape\"><img loading=\"lazy\" decoding=\"async\" width=\"762\" height=\"1136\" src=\"https:\/\/graziamagazine.com\/mx\/wp-content\/uploads\/sites\/13\/2026\/03\/Captura-de-Pantalla-2026-03-06-a-las-7.36.52.png\" class=\"lazy\" alt=\"\" srcset=\"https:\/\/graziamagazine.com\/mx\/wp-content\/uploads\/sites\/13\/2026\/03\/Captura-de-Pantalla-2026-03-06-a-las-7.36.52.png 762w, https:\/\/graziamagazine.com\/mx\/wp-content\/uploads\/sites\/13\/2026\/03\/Captura-de-Pantalla-2026-03-06-a-las-7.36.52-302x450.png 302w, https:\/\/graziamagazine.com\/mx\/wp-content\/uploads\/sites\/13\/2026\/03\/Captura-de-Pantalla-2026-03-06-a-las-7.36.52-687x1024.png 687w, https:\/\/graziamagazine.com\/mx\/wp-content\/uploads\/sites\/13\/2026\/03\/Captura-de-Pantalla-2026-03-06-a-las-7.36.52-400x596.png 400w, https:\/\/graziamagazine.com\/mx\/wp-content\/uploads\/sites\/13\/2026\/03\/Captura-de-Pantalla-2026-03-06-a-las-7.36.52-144x215.png 144w\" sizes=\"(max-width: 762px) 100vw, 762px\" \/><\/div><\/figure><figure class=\"gallery-item\"><div class=\"gallery-icon landscape\"><img loading=\"lazy\" decoding=\"async\" width=\"762\" height=\"1136\" src=\"https:\/\/graziamagazine.com\/mx\/wp-content\/uploads\/sites\/13\/2026\/03\/Captura-de-Pantalla-2026-03-06-a-las-7.36.57.png\" class=\"lazy\" alt=\"\" srcset=\"https:\/\/graziamagazine.com\/mx\/wp-content\/uploads\/sites\/13\/2026\/03\/Captura-de-Pantalla-2026-03-06-a-las-7.36.57.png 762w, https:\/\/graziamagazine.com\/mx\/wp-content\/uploads\/sites\/13\/2026\/03\/Captura-de-Pantalla-2026-03-06-a-las-7.36.57-302x450.png 302w, https:\/\/graziamagazine.com\/mx\/wp-content\/uploads\/sites\/13\/2026\/03\/Captura-de-Pantalla-2026-03-06-a-las-7.36.57-687x1024.png 687w, https:\/\/graziamagazine.com\/mx\/wp-content\/uploads\/sites\/13\/2026\/03\/Captura-de-Pantalla-2026-03-06-a-las-7.36.57-400x596.png 400w, https:\/\/graziamagazine.com\/mx\/wp-content\/uploads\/sites\/13\/2026\/03\/Captura-de-Pantalla-2026-03-06-a-las-7.36.57-144x215.png 144w\" sizes=\"(max-width: 762px) 100vw, 762px\" \/><\/div><\/figure><\/div><\/div>\n<p data-path-to-node=\"4\">El primer enfoque de la colecci\u00f3n se centra en prendas que swaddle o envuelven el torso de manera protectora. En lugar de l\u00edneas rectas y r\u00edgidas, <b data-path-to-node=\"4\" data-index-in-node=\"147\">Rick Owens<\/b> apuesta por vol\u00famenes que parecen esculpidos a mano, creando un capullo de tela que resguarda a quien lo viste.<\/p>\n<p data-path-to-node=\"4\">Estos looks desaf\u00edan la sastrer\u00eda tradicional, priorizando la sensaci\u00f3n de resguardo sin perder la sofisticaci\u00f3n oscura que define a la casa. La elecci\u00f3n de materiales pesados y acabados desgastados refuerza la idea de una elegancia que ha sobrevivido a los elementos.<\/p>\n<h2 data-path-to-node=\"5\">Guerreras modernas con est\u00e9tica de terraformaci\u00f3n<\/h2>\n<div class=\"content-gallery\"><div class=\"gallery-placeholder\"><div class=\"spinner\"><\/div><\/div><span class=\"gallery-pagination\"><\/span><div id=\"gallery-2\" class=\"gallery galleryid-167377 gallery-columns- gallery-size-\"><figure class=\"gallery-item\"><div class=\"gallery-icon landscape\"><img loading=\"lazy\" decoding=\"async\" width=\"762\" height=\"1136\" src=\"https:\/\/graziamagazine.com\/mx\/wp-content\/uploads\/sites\/13\/2026\/03\/Captura-de-Pantalla-2026-03-06-a-las-7.37.01.png\" class=\"lazy\" alt=\"\" srcset=\"https:\/\/graziamagazine.com\/mx\/wp-content\/uploads\/sites\/13\/2026\/03\/Captura-de-Pantalla-2026-03-06-a-las-7.37.01.png 762w, https:\/\/graziamagazine.com\/mx\/wp-content\/uploads\/sites\/13\/2026\/03\/Captura-de-Pantalla-2026-03-06-a-las-7.37.01-302x450.png 302w, https:\/\/graziamagazine.com\/mx\/wp-content\/uploads\/sites\/13\/2026\/03\/Captura-de-Pantalla-2026-03-06-a-las-7.37.01-687x1024.png 687w, https:\/\/graziamagazine.com\/mx\/wp-content\/uploads\/sites\/13\/2026\/03\/Captura-de-Pantalla-2026-03-06-a-las-7.37.01-400x596.png 400w, https:\/\/graziamagazine.com\/mx\/wp-content\/uploads\/sites\/13\/2026\/03\/Captura-de-Pantalla-2026-03-06-a-las-7.37.01-144x215.png 144w\" sizes=\"(max-width: 762px) 100vw, 762px\" \/><\/div><\/figure><figure class=\"gallery-item\"><div class=\"gallery-icon landscape\"><img loading=\"lazy\" decoding=\"async\" width=\"762\" height=\"1136\" src=\"https:\/\/graziamagazine.com\/mx\/wp-content\/uploads\/sites\/13\/2026\/03\/Captura-de-Pantalla-2026-03-06-a-las-7.37.06.png\" class=\"lazy\" alt=\"\" srcset=\"https:\/\/graziamagazine.com\/mx\/wp-content\/uploads\/sites\/13\/2026\/03\/Captura-de-Pantalla-2026-03-06-a-las-7.37.06.png 762w, https:\/\/graziamagazine.com\/mx\/wp-content\/uploads\/sites\/13\/2026\/03\/Captura-de-Pantalla-2026-03-06-a-las-7.37.06-302x450.png 302w, https:\/\/graziamagazine.com\/mx\/wp-content\/uploads\/sites\/13\/2026\/03\/Captura-de-Pantalla-2026-03-06-a-las-7.37.06-687x1024.png 687w, https:\/\/graziamagazine.com\/mx\/wp-content\/uploads\/sites\/13\/2026\/03\/Captura-de-Pantalla-2026-03-06-a-las-7.37.06-400x596.png 400w, https:\/\/graziamagazine.com\/mx\/wp-content\/uploads\/sites\/13\/2026\/03\/Captura-de-Pantalla-2026-03-06-a-las-7.37.06-144x215.png 144w\" sizes=\"(max-width: 762px) 100vw, 762px\" \/><\/div><\/figure><figure class=\"gallery-item\"><div class=\"gallery-icon landscape\"><img loading=\"lazy\" decoding=\"async\" width=\"762\" height=\"1136\" src=\"https:\/\/graziamagazine.com\/mx\/wp-content\/uploads\/sites\/13\/2026\/03\/Captura-de-Pantalla-2026-03-06-a-las-7.37.19.png\" class=\"lazy\" alt=\"\" srcset=\"https:\/\/graziamagazine.com\/mx\/wp-content\/uploads\/sites\/13\/2026\/03\/Captura-de-Pantalla-2026-03-06-a-las-7.37.19.png 762w, https:\/\/graziamagazine.com\/mx\/wp-content\/uploads\/sites\/13\/2026\/03\/Captura-de-Pantalla-2026-03-06-a-las-7.37.19-302x450.png 302w, https:\/\/graziamagazine.com\/mx\/wp-content\/uploads\/sites\/13\/2026\/03\/Captura-de-Pantalla-2026-03-06-a-las-7.37.19-687x1024.png 687w, https:\/\/graziamagazine.com\/mx\/wp-content\/uploads\/sites\/13\/2026\/03\/Captura-de-Pantalla-2026-03-06-a-las-7.37.19-400x596.png 400w, https:\/\/graziamagazine.com\/mx\/wp-content\/uploads\/sites\/13\/2026\/03\/Captura-de-Pantalla-2026-03-06-a-las-7.37.19-144x215.png 144w\" sizes=\"(max-width: 762px) 100vw, 762px\" \/><\/div><\/figure><figure class=\"gallery-item\"><div class=\"gallery-icon landscape\"><img loading=\"lazy\" decoding=\"async\" width=\"762\" height=\"1136\" src=\"https:\/\/graziamagazine.com\/mx\/wp-content\/uploads\/sites\/13\/2026\/03\/Captura-de-Pantalla-2026-03-06-a-las-7.37.25.png\" class=\"lazy\" alt=\"\" srcset=\"https:\/\/graziamagazine.com\/mx\/wp-content\/uploads\/sites\/13\/2026\/03\/Captura-de-Pantalla-2026-03-06-a-las-7.37.25.png 762w, https:\/\/graziamagazine.com\/mx\/wp-content\/uploads\/sites\/13\/2026\/03\/Captura-de-Pantalla-2026-03-06-a-las-7.37.25-302x450.png 302w, https:\/\/graziamagazine.com\/mx\/wp-content\/uploads\/sites\/13\/2026\/03\/Captura-de-Pantalla-2026-03-06-a-las-7.37.25-687x1024.png 687w, https:\/\/graziamagazine.com\/mx\/wp-content\/uploads\/sites\/13\/2026\/03\/Captura-de-Pantalla-2026-03-06-a-las-7.37.25-400x596.png 400w, https:\/\/graziamagazine.com\/mx\/wp-content\/uploads\/sites\/13\/2026\/03\/Captura-de-Pantalla-2026-03-06-a-las-7.37.25-144x215.png 144w\" sizes=\"(max-width: 762px) 100vw, 762px\" \/><\/div><\/figure><figure class=\"gallery-item\"><div class=\"gallery-icon landscape\"><img loading=\"lazy\" decoding=\"async\" width=\"762\" height=\"1136\" src=\"https:\/\/graziamagazine.com\/mx\/wp-content\/uploads\/sites\/13\/2026\/03\/Captura-de-Pantalla-2026-03-06-a-las-7.37.30.png\" class=\"lazy\" alt=\"\" srcset=\"https:\/\/graziamagazine.com\/mx\/wp-content\/uploads\/sites\/13\/2026\/03\/Captura-de-Pantalla-2026-03-06-a-las-7.37.30.png 762w, https:\/\/graziamagazine.com\/mx\/wp-content\/uploads\/sites\/13\/2026\/03\/Captura-de-Pantalla-2026-03-06-a-las-7.37.30-302x450.png 302w, https:\/\/graziamagazine.com\/mx\/wp-content\/uploads\/sites\/13\/2026\/03\/Captura-de-Pantalla-2026-03-06-a-las-7.37.30-687x1024.png 687w, https:\/\/graziamagazine.com\/mx\/wp-content\/uploads\/sites\/13\/2026\/03\/Captura-de-Pantalla-2026-03-06-a-las-7.37.30-400x596.png 400w, https:\/\/graziamagazine.com\/mx\/wp-content\/uploads\/sites\/13\/2026\/03\/Captura-de-Pantalla-2026-03-06-a-las-7.37.30-144x215.png 144w\" sizes=\"(max-width: 762px) 100vw, 762px\" \/><\/div><\/figure><\/div><\/div>\n<p data-path-to-node=\"6\">Owens introduce una serie de conjuntos que sugieren una funcionalidad extrema llevada al l\u00edmite del arte. Las modelos desfilaron con una presencia imponente, luciendo shorts estructurados que reemplazan a las faldas cortas convencionales.<\/p>\n<p data-path-to-node=\"6\">La coherencia tem\u00e1tica se mantiene a trav\u00e9s de tonos fango y dunas, logrando que cada silueta parezca integrada en un paisaje des\u00e9rtico o futurista. Es una declaraci\u00f3n de intenciones sobre c\u00f3mo la vestimenta puede reflejar una identidad inquebrantable en tiempos de incertidumbre global.<\/p>\n<h2 data-path-to-node=\"7\">Calzado t\u00e1ctico de alturas monumentales<\/h2>\n<div class=\"content-gallery\"><div class=\"gallery-placeholder\"><div class=\"spinner\"><\/div><\/div><span class=\"gallery-pagination\"><\/span><div id=\"gallery-3\" class=\"gallery galleryid-167377 gallery-columns- gallery-size-\"><figure class=\"gallery-item\"><div class=\"gallery-icon landscape\"><img loading=\"lazy\" decoding=\"async\" width=\"762\" height=\"1136\" src=\"https:\/\/graziamagazine.com\/mx\/wp-content\/uploads\/sites\/13\/2026\/03\/Captura-de-Pantalla-2026-03-06-a-las-7.37.36.png\" class=\"lazy\" alt=\"\" srcset=\"https:\/\/graziamagazine.com\/mx\/wp-content\/uploads\/sites\/13\/2026\/03\/Captura-de-Pantalla-2026-03-06-a-las-7.37.36.png 762w, https:\/\/graziamagazine.com\/mx\/wp-content\/uploads\/sites\/13\/2026\/03\/Captura-de-Pantalla-2026-03-06-a-las-7.37.36-302x450.png 302w, https:\/\/graziamagazine.com\/mx\/wp-content\/uploads\/sites\/13\/2026\/03\/Captura-de-Pantalla-2026-03-06-a-las-7.37.36-687x1024.png 687w, https:\/\/graziamagazine.com\/mx\/wp-content\/uploads\/sites\/13\/2026\/03\/Captura-de-Pantalla-2026-03-06-a-las-7.37.36-400x596.png 400w, https:\/\/graziamagazine.com\/mx\/wp-content\/uploads\/sites\/13\/2026\/03\/Captura-de-Pantalla-2026-03-06-a-las-7.37.36-144x215.png 144w\" sizes=\"(max-width: 762px) 100vw, 762px\" \/><\/div><\/figure><figure class=\"gallery-item\"><div class=\"gallery-icon landscape\"><img loading=\"lazy\" decoding=\"async\" width=\"762\" height=\"1136\" src=\"https:\/\/graziamagazine.com\/mx\/wp-content\/uploads\/sites\/13\/2026\/03\/Captura-de-Pantalla-2026-03-06-a-las-7.37.41.png\" class=\"lazy\" alt=\"\" srcset=\"https:\/\/graziamagazine.com\/mx\/wp-content\/uploads\/sites\/13\/2026\/03\/Captura-de-Pantalla-2026-03-06-a-las-7.37.41.png 762w, https:\/\/graziamagazine.com\/mx\/wp-content\/uploads\/sites\/13\/2026\/03\/Captura-de-Pantalla-2026-03-06-a-las-7.37.41-302x450.png 302w, https:\/\/graziamagazine.com\/mx\/wp-content\/uploads\/sites\/13\/2026\/03\/Captura-de-Pantalla-2026-03-06-a-las-7.37.41-687x1024.png 687w, https:\/\/graziamagazine.com\/mx\/wp-content\/uploads\/sites\/13\/2026\/03\/Captura-de-Pantalla-2026-03-06-a-las-7.37.41-400x596.png 400w, https:\/\/graziamagazine.com\/mx\/wp-content\/uploads\/sites\/13\/2026\/03\/Captura-de-Pantalla-2026-03-06-a-las-7.37.41-144x215.png 144w\" sizes=\"(max-width: 762px) 100vw, 762px\" \/><\/div><\/figure><figure class=\"gallery-item\"><div class=\"gallery-icon landscape\"><img loading=\"lazy\" decoding=\"async\" width=\"762\" height=\"1136\" src=\"https:\/\/graziamagazine.com\/mx\/wp-content\/uploads\/sites\/13\/2026\/03\/Captura-de-Pantalla-2026-03-06-a-las-7.37.46.png\" class=\"lazy\" alt=\"\" srcset=\"https:\/\/graziamagazine.com\/mx\/wp-content\/uploads\/sites\/13\/2026\/03\/Captura-de-Pantalla-2026-03-06-a-las-7.37.46.png 762w, https:\/\/graziamagazine.com\/mx\/wp-content\/uploads\/sites\/13\/2026\/03\/Captura-de-Pantalla-2026-03-06-a-las-7.37.46-302x450.png 302w, https:\/\/graziamagazine.com\/mx\/wp-content\/uploads\/sites\/13\/2026\/03\/Captura-de-Pantalla-2026-03-06-a-las-7.37.46-687x1024.png 687w, https:\/\/graziamagazine.com\/mx\/wp-content\/uploads\/sites\/13\/2026\/03\/Captura-de-Pantalla-2026-03-06-a-las-7.37.46-400x596.png 400w, https:\/\/graziamagazine.com\/mx\/wp-content\/uploads\/sites\/13\/2026\/03\/Captura-de-Pantalla-2026-03-06-a-las-7.37.46-144x215.png 144w\" sizes=\"(max-width: 762px) 100vw, 762px\" \/><\/div><\/figure><\/div><\/div>\n<p data-path-to-node=\"8\">El calzado es, sin duda, uno de los pilares m\u00e1s impactantes de esta entrega. Las botas extravagantes, repletas de broches y bolsillos funcionales, coquetean con la est\u00e9tica t\u00e1ctica militar pero se elevan sobre tacones imponentes.<\/p>\n<p data-path-to-node=\"8\">Este contraste entre lo utilitario y lo fetichista es la firma inconfundible de <b data-path-to-node=\"8\" data-index-in-node=\"310\">Rick Owens<\/b>. Estas piezas no solo completan el look, sino que act\u00faan como pedestales que otorgan una estatura heroica a sus musas, fusionando la practicidad necesaria para la supervivencia con el drama de la alta moda.<\/p>\n<h2 data-path-to-node=\"9\">La sofisticaci\u00f3n del desastre y resistencia<\/h2>\n<div class=\"content-gallery\"><div class=\"gallery-placeholder\"><div class=\"spinner\"><\/div><\/div><span class=\"gallery-pagination\"><\/span><div id=\"gallery-4\" class=\"gallery galleryid-167377 gallery-columns- gallery-size-\"><figure class=\"gallery-item\"><div class=\"gallery-icon landscape\"><img loading=\"lazy\" decoding=\"async\" width=\"762\" height=\"1136\" src=\"https:\/\/graziamagazine.com\/mx\/wp-content\/uploads\/sites\/13\/2026\/03\/Captura-de-Pantalla-2026-03-06-a-las-7.38.03.png\" class=\"lazy\" alt=\"\" srcset=\"https:\/\/graziamagazine.com\/mx\/wp-content\/uploads\/sites\/13\/2026\/03\/Captura-de-Pantalla-2026-03-06-a-las-7.38.03.png 762w, https:\/\/graziamagazine.com\/mx\/wp-content\/uploads\/sites\/13\/2026\/03\/Captura-de-Pantalla-2026-03-06-a-las-7.38.03-302x450.png 302w, https:\/\/graziamagazine.com\/mx\/wp-content\/uploads\/sites\/13\/2026\/03\/Captura-de-Pantalla-2026-03-06-a-las-7.38.03-687x1024.png 687w, https:\/\/graziamagazine.com\/mx\/wp-content\/uploads\/sites\/13\/2026\/03\/Captura-de-Pantalla-2026-03-06-a-las-7.38.03-400x596.png 400w, https:\/\/graziamagazine.com\/mx\/wp-content\/uploads\/sites\/13\/2026\/03\/Captura-de-Pantalla-2026-03-06-a-las-7.38.03-144x215.png 144w\" sizes=\"(max-width: 762px) 100vw, 762px\" \/><\/div><\/figure><figure class=\"gallery-item\"><div class=\"gallery-icon landscape\"><img loading=\"lazy\" decoding=\"async\" width=\"762\" height=\"1136\" src=\"https:\/\/graziamagazine.com\/mx\/wp-content\/uploads\/sites\/13\/2026\/03\/Captura-de-Pantalla-2026-03-06-a-las-7.37.51.png\" class=\"lazy\" alt=\"\" srcset=\"https:\/\/graziamagazine.com\/mx\/wp-content\/uploads\/sites\/13\/2026\/03\/Captura-de-Pantalla-2026-03-06-a-las-7.37.51.png 762w, https:\/\/graziamagazine.com\/mx\/wp-content\/uploads\/sites\/13\/2026\/03\/Captura-de-Pantalla-2026-03-06-a-las-7.37.51-302x450.png 302w, https:\/\/graziamagazine.com\/mx\/wp-content\/uploads\/sites\/13\/2026\/03\/Captura-de-Pantalla-2026-03-06-a-las-7.37.51-687x1024.png 687w, https:\/\/graziamagazine.com\/mx\/wp-content\/uploads\/sites\/13\/2026\/03\/Captura-de-Pantalla-2026-03-06-a-las-7.37.51-400x596.png 400w, https:\/\/graziamagazine.com\/mx\/wp-content\/uploads\/sites\/13\/2026\/03\/Captura-de-Pantalla-2026-03-06-a-las-7.37.51-144x215.png 144w\" sizes=\"(max-width: 762px) 100vw, 762px\" \/><\/div><\/figure><\/div><\/div>\n<p data-path-to-node=\"10\">Para cerrar la propuesta, el dise\u00f1ador reafirma que la moda debe estar a la altura de las circunstancias hist\u00f3ricas. La colecci\u00f3n Fall 2026 Ready-to-Wear no busca la alegr\u00eda ef\u00edmera, sino la fuerza permanente. Al canalizar el esp\u00edritu de Dietrich, Owens logra que el lujo se sienta relevante y necesario, convirtiendo la pasarela en un refugio de creatividad indomable frente a cualquier amenaza externa.<\/p>\n<p data-path-to-node=\"10\"><em><strong>*IMAGEN: Google Images<\/strong><\/em><\/p>\n","protected":false},"author":28953,"featured_media":167392,"template":"","format":"standard","categories":[4],"acf":[],"yoast_head":"<!-- This site is optimized with the Yoast SEO Premium plugin v18.5 (Yoast SEO v20.4) - https:\/\/yoast.com\/wordpress\/plugins\/seo\/ -->\n<title>La visi\u00f3n futurista de Rick Owens Fall 2026<\/title>\n<meta name=\"description\" content=\"Esta colecci\u00f3n invernal explora la resistencia humana mediante siluetas envolventes que transforman el cuerpo en una armadura de elegancia postapocal\u00edptica.\" \/>\n<meta name=\"robots\" content=\"index, follow, max-snippet:-1, max-image-preview:large, max-video-preview:-1\" \/>\n<link rel=\"canonical\" href=\"https:\/\/graziamagazine.com\/mx\/articles\/la-vision-futurista-de-rick-owens-fall-2026\/\" \/>\n<meta property=\"og:locale\" content=\"es_MX\" \/>\n<meta property=\"og:type\" content=\"article\" \/>\n<meta property=\"og:title\" content=\"La visi\u00f3n futurista de Rick Owens Fall 2026\" \/>\n<meta property=\"og:description\" content=\"Esta colecci\u00f3n invernal explora la resistencia humana mediante siluetas envolventes que transforman el cuerpo en una armadura de elegancia postapocal\u00edptica.\" \/>\n<meta property=\"og:url\" content=\"https:\/\/graziamagazine.com\/mx\/articles\/la-vision-futurista-de-rick-owens-fall-2026\/\" \/>\n<meta property=\"og:site_name\" content=\"Grazia M\u00e9xico y Latinoam\u00e9rica\" \/>\n<meta property=\"article:modified_time\" content=\"2026-03-06T13:49:24+00:00\" \/>\n<meta property=\"og:image\" content=\"https:\/\/graziamagazine.com\/mx\/wp-content\/uploads\/sites\/13\/2026\/03\/Captura-de-Pantalla-2026-03-06-a-las-7.37.57-e1772804888206.png\" \/>\n\t<meta property=\"og:image:width\" content=\"759\" \/>\n\t<meta property=\"og:image:height\" content=\"535\" \/>\n\t<meta property=\"og:image:type\" content=\"image\/png\" \/>\n<meta name=\"twitter:card\" content=\"summary_large_image\" \/>\n<meta name=\"twitter:label1\" content=\"Est. reading time\" \/>\n\t<meta name=\"twitter:data1\" content=\"3 minutos\" \/>\n<script type=\"application\/ld+json\" class=\"yoast-schema-graph\">{\"@context\":\"https:\/\/schema.org\",\"@graph\":[{\"@type\":\"WebPage\",\"@id\":\"https:\/\/graziamagazine.com\/mx\/articles\/la-vision-futurista-de-rick-owens-fall-2026\/\",\"url\":\"https:\/\/graziamagazine.com\/mx\/articles\/la-vision-futurista-de-rick-owens-fall-2026\/\",\"name\":\"La visi\u00f3n futurista de Rick Owens Fall 2026\",\"isPartOf\":{\"@id\":\"https:\/\/graziamagazine.com\/mx\/#website\"},\"datePublished\":\"2026-03-06T13:46:13+00:00\",\"dateModified\":\"2026-03-06T13:49:24+00:00\",\"description\":\"Esta colecci\u00f3n invernal explora la resistencia humana mediante siluetas envolventes que transforman el cuerpo en una armadura de elegancia postapocal\u00edptica.\",\"breadcrumb\":{\"@id\":\"https:\/\/graziamagazine.com\/mx\/articles\/la-vision-futurista-de-rick-owens-fall-2026\/#breadcrumb\"},\"inLanguage\":\"es-MX\",\"potentialAction\":[{\"@type\":\"ReadAction\",\"target\":[\"https:\/\/graziamagazine.com\/mx\/articles\/la-vision-futurista-de-rick-owens-fall-2026\/\"]}]},{\"@type\":\"BreadcrumbList\",\"@id\":\"https:\/\/graziamagazine.com\/mx\/articles\/la-vision-futurista-de-rick-owens-fall-2026\/#breadcrumb\",\"itemListElement\":[{\"@type\":\"ListItem\",\"position\":1,\"name\":\"Home\",\"item\":\"https:\/\/graziamagazine.com\/mx\/\"},{\"@type\":\"ListItem\",\"position\":2,\"name\":\"La visi\u00f3n futurista de Rick Owens Fall 2026\"}]},{\"@type\":\"WebSite\",\"@id\":\"https:\/\/graziamagazine.com\/mx\/#website\",\"url\":\"https:\/\/graziamagazine.com\/mx\/\",\"name\":\"Grazia M\u00e9xico y Latinoam\u00e9rica\",\"description\":\"Grazia es moda, belleza y noticias  de actualidad \",\"potentialAction\":[{\"@type\":\"SearchAction\",\"target\":{\"@type\":\"EntryPoint\",\"urlTemplate\":\"https:\/\/graziamagazine.com\/mx\/?s={search_term_string}\"},\"query-input\":\"required name=search_term_string\"}],\"inLanguage\":\"es-MX\"}]}<\/script>\n<!-- \/ Yoast SEO Premium plugin. -->","yoast_head_json":{"title":"La visi\u00f3n futurista de Rick Owens Fall 2026","description":"Esta colecci\u00f3n invernal explora la resistencia humana mediante siluetas envolventes que transforman el cuerpo en una armadura de elegancia postapocal\u00edptica.","robots":{"index":"index","follow":"follow","max-snippet":"max-snippet:-1","max-image-preview":"max-image-preview:large","max-video-preview":"max-video-preview:-1"},"canonical":"https:\/\/graziamagazine.com\/mx\/articles\/la-vision-futurista-de-rick-owens-fall-2026\/","og_locale":"es_MX","og_type":"article","og_title":"La visi\u00f3n futurista de Rick Owens Fall 2026","og_description":"Esta colecci\u00f3n invernal explora la resistencia humana mediante siluetas envolventes que transforman el cuerpo en una armadura de elegancia postapocal\u00edptica.","og_url":"https:\/\/graziamagazine.com\/mx\/articles\/la-vision-futurista-de-rick-owens-fall-2026\/","og_site_name":"Grazia M\u00e9xico y Latinoam\u00e9rica","article_modified_time":"2026-03-06T13:49:24+00:00","og_image":[{"width":759,"height":535,"url":"https:\/\/graziamagazine.com\/mx\/wp-content\/uploads\/sites\/13\/2026\/03\/Captura-de-Pantalla-2026-03-06-a-las-7.37.57-e1772804888206.png","type":"image\/png"}],"twitter_card":"summary_large_image","twitter_misc":{"Est. reading time":"3 minutos"},"schema":{"@context":"https:\/\/schema.org","@graph":[{"@type":"WebPage","@id":"https:\/\/graziamagazine.com\/mx\/articles\/la-vision-futurista-de-rick-owens-fall-2026\/","url":"https:\/\/graziamagazine.com\/mx\/articles\/la-vision-futurista-de-rick-owens-fall-2026\/","name":"La visi\u00f3n futurista de Rick Owens Fall 2026","isPartOf":{"@id":"https:\/\/graziamagazine.com\/mx\/#website"},"datePublished":"2026-03-06T13:46:13+00:00","dateModified":"2026-03-06T13:49:24+00:00","description":"Esta colecci\u00f3n invernal explora la resistencia humana mediante siluetas envolventes que transforman el cuerpo en una armadura de elegancia postapocal\u00edptica.","breadcrumb":{"@id":"https:\/\/graziamagazine.com\/mx\/articles\/la-vision-futurista-de-rick-owens-fall-2026\/#breadcrumb"},"inLanguage":"es-MX","potentialAction":[{"@type":"ReadAction","target":["https:\/\/graziamagazine.com\/mx\/articles\/la-vision-futurista-de-rick-owens-fall-2026\/"]}]},{"@type":"BreadcrumbList","@id":"https:\/\/graziamagazine.com\/mx\/articles\/la-vision-futurista-de-rick-owens-fall-2026\/#breadcrumb","itemListElement":[{"@type":"ListItem","position":1,"name":"Home","item":"https:\/\/graziamagazine.com\/mx\/"},{"@type":"ListItem","position":2,"name":"La visi\u00f3n futurista de Rick Owens Fall 2026"}]},{"@type":"WebSite","@id":"https:\/\/graziamagazine.com\/mx\/#website","url":"https:\/\/graziamagazine.com\/mx\/","name":"Grazia M\u00e9xico y Latinoam\u00e9rica","description":"Grazia es moda, belleza y noticias  de actualidad ","potentialAction":[{"@type":"SearchAction","target":{"@type":"EntryPoint","urlTemplate":"https:\/\/graziamagazine.com\/mx\/?s={search_term_string}"},"query-input":"required name=search_term_string"}],"inLanguage":"es-MX"}]}},"jetpack_sharing_enabled":true,"distributor_meta":false,"distributor_terms":false,"distributor_media":false,"distributor_original_site_name":"Grazia M\u00e9xico y Latinoam\u00e9rica","distributor_original_site_url":"https:\/\/graziamagazine.com\/mx","push-errors":false,"_links":{"self":[{"href":"https:\/\/graziamagazine.com\/mx\/wp-json\/wp\/v2\/articles\/167377"}],"collection":[{"href":"https:\/\/graziamagazine.com\/mx\/wp-json\/wp\/v2\/articles"}],"about":[{"href":"https:\/\/graziamagazine.com\/mx\/wp-json\/wp\/v2\/types\/articles"}],"author":[{"embeddable":true,"href":"https:\/\/graziamagazine.com\/mx\/wp-json\/wp\/v2\/users\/28953"}],"wp:featuredmedia":[{"embeddable":true,"href":"https:\/\/graziamagazine.com\/mx\/wp-json\/wp\/v2\/media\/167392"}],"wp:attachment":[{"href":"https:\/\/graziamagazine.com\/mx\/wp-json\/wp\/v2\/media?parent=167377"}],"wp:term":[{"taxonomy":"category","embeddable":true,"href":"https:\/\/graziamagazine.com\/mx\/wp-json\/wp\/v2\/categories?post=167377"}],"curies":[{"name":"wp","href":"https:\/\/api.w.org\/{rel}","templated":true}]}}